{"id":88933,"date":"2025-07-31T17:30:19","date_gmt":"2025-07-31T21:30:19","guid":{"rendered":"https:\/\/www.ludwig-van.com\/montreal\/?p=88933"},"modified":"2025-08-01T14:00:02","modified_gmt":"2025-08-01T18:00:02","slug":"nouvelle-alerte-au-trombone-vole","status":"publish","type":"post","link":"https:\/\/www.ludwig-van.com\/montreal\/2025\/07\/31\/nouvelle-alerte-au-trombone-vole\/","title":{"rendered":"NOUVELLE | Alerte au trombone vol\u00e9"},"content":{"rendered":"<figure id=\"attachment_88934\" aria-describedby=\"caption-attachment-88934\" style=\"width: 1200px\" class=\"wp-caption aligncenter\"><img decoding=\"async\" loading=\"lazy\" class=\"size-full wp-image-88934\" src=\"https:\/\/www.ludwig-van.com\/montreal\/wp-content\/uploads\/sites\/3\/2025\/07\/Copie-de-NOUVELLE50.jpg\" alt=\"Le trombone basse de trevor Dix a \u00e9t\u00e9 vol\u00e9 hier soir apr\u00e8s le concert de l'OM. (Photo : courtoisie)\" width=\"1200\" height=\"628\" srcset=\"https:\/\/www.ludwig-van.com\/montreal\/wp-content\/uploads\/sites\/3\/2025\/07\/Copie-de-NOUVELLE50.jpg 1200w, https:\/\/www.ludwig-van.com\/montreal\/wp-content\/uploads\/sites\/3\/2025\/07\/Copie-de-NOUVELLE50-300x157.jpg 300w, https:\/\/www.ludwig-van.com\/montreal\/wp-content\/uploads\/sites\/3\/2025\/07\/Copie-de-NOUVELLE50-1024x536.jpg 1024w, https:\/\/www.ludwig-van.com\/montreal\/wp-content\/uploads\/sites\/3\/2025\/07\/Copie-de-NOUVELLE50-768x402.jpg 768w\" sizes=\"(max-width: 1200px) 100vw, 1200px\" \/><figcaption id=\"caption-attachment-88934\" class=\"wp-caption-text\">Le trombone basse de trevor Dix a \u00e9t\u00e9 vol\u00e9 hier soir apr\u00e8s le concert de l&rsquo;OM. (Photo : courtoisie)<\/figcaption><\/figure>\n<p>L&rsquo;instrument est un <span class=\"x193iq5w xeuugli x13faqbe x1vvkbs x1xmvt09 x1lliihq x1s928wv xhkezso x1gmr53x x1cpjm7i x1fgarty x1943h6x xudqn12 x3x7a5m x6prxxf xvq8zen xo1l8bm xzsf02u x1yc453h\" dir=\"auto\">Bach 50AG et porte le num\u00e9ro de s\u00e9rie 17961. Il \u00e9tait dans un sac de transport Marcus Bona noir avec passepoil rouge.<\/span><\/p>\n<p>L&rsquo;instrument a \u00e9t\u00e9 vol\u00e9 directement des coulisses temporaires install\u00e9es pour le concert d&rsquo;hier soir.<\/p>\n<p>Toute la vie professionnelle de <strong>Trevor Dix<\/strong>, interpr\u00e8te et professeur \u00e0 la Schulich School of music de l&rsquo;universit\u00e9 McGill, est bas\u00e9e sur sa capacit\u00e9 \u00e0 remplir ses fonctions d&rsquo;interpr\u00e8te sur le meilleur instrument \u00e0 sa disposition. Il se voit pr\u00e9sentement forc\u00e9 de ressortir son ancien instrument, celui qui lui a quand m\u00eame permis de gagner l&rsquo;audition \u00e0 l&rsquo;Orchestre M\u00e9tropolitain en 2001, mais qu&rsquo;il avait remplac\u00e9 par un meilleur mod\u00e8le il y a maintenant une vingtaine d&rsquo;ann\u00e9es.<\/p>\n<p>En plus de ses postes officiels, Dix est appel\u00e9 \u00e0 jouer avec les orchestres symphoniques de Montr\u00e9al, de Qu\u00e9bec, de Winnipeg et avec l&rsquo;Orchestre du Centre national des arts. Il a \u00e9galement d\u00e9velopp\u00e9 une sp\u00e9cialit\u00e9 parall\u00e8le au sacqueboute, le menant \u00e0 jouer avec plusieurs ensembles de musique ancienne, dont le Studio de musique ancienne de Montr\u00e9al, les Voix Baroque, au Festival Montr\u00e9al Baroque et avec les Pacific Music Works de Seattle.<\/p>\n<p>Dix a publi\u00e9 un appel public sur Facebook, exortant les membres de la communaut\u00e9 musicale et au-del\u00e0 \u00e0 garder l&rsquo;\u0153il ouvert. Toute personne souhaitant contacter Trevor Dix pour faire part d&rsquo;une piste peut le faire en lui \u00e9crivant \u00e0 <a href=\"mailto:trevordixie@yahoo.com\">trevordixie@yahoo.com<\/a>.<\/p>\n<figure id=\"attachment_88935\" aria-describedby=\"caption-attachment-88935\" style=\"width: 1200px\" class=\"wp-caption aligncenter\"><img decoding=\"async\" loading=\"lazy\" class=\"size-full wp-image-88935\" src=\"https:\/\/www.ludwig-van.com\/montreal\/wp-content\/uploads\/sites\/3\/2025\/07\/trevor-Dix.jpg\" alt=\"\" width=\"1200\" height=\"2598\" srcset=\"https:\/\/www.ludwig-van.com\/montreal\/wp-content\/uploads\/sites\/3\/2025\/07\/trevor-Dix.jpg 1200w, https:\/\/www.ludwig-van.com\/montreal\/wp-content\/uploads\/sites\/3\/2025\/07\/trevor-Dix-139x300.jpg 139w, https:\/\/www.ludwig-van.com\/montreal\/wp-content\/uploads\/sites\/3\/2025\/07\/trevor-Dix-473x1024.jpg 473w, https:\/\/www.ludwig-van.com\/montreal\/wp-content\/uploads\/sites\/3\/2025\/07\/trevor-Dix-768x1663.jpg 768w, https:\/\/www.ludwig-van.com\/montreal\/wp-content\/uploads\/sites\/3\/2025\/07\/trevor-Dix-709x1536.jpg 709w, https:\/\/www.ludwig-van.com\/montreal\/wp-content\/uploads\/sites\/3\/2025\/07\/trevor-Dix-946x2048.jpg 946w\" sizes=\"(max-width: 1200px) 100vw, 1200px\" \/><figcaption id=\"caption-attachment-88935\" class=\"wp-caption-text\">(Photo : courtoisie)<\/figcaption><\/figure>\n<h2><em>Inscrivez-vous \u00e0 notre infolettre! La musique classique et l\u2019op\u00e9ra en 5 minutes, chaque jour<\/em> <a href=\"https:\/\/ludwig-van.us9.list-manage.com\/subscribe?u=4f785cb3f9058f2393ccad035&amp;id=b9b160c032\" target=\"_blank\" rel=\"noopener noreferrer\">ICI.<\/a><\/h2>\n","protected":false},"excerpt":{"rendered":"<p>La belle soir\u00e9e d&rsquo;hier au mont Royal s&rsquo;est conclue par une surprise brise-c\u0153ur pour Trevor Dix, tromboniste de l&rsquo;Orchestre M\u00e9tropolitain : il a en effet constat\u00e9 avec effroi que son instrument avait \u00e9t\u00e9 vol\u00e9.<\/p>\n","protected":false},"author":55,"featured_media":88934,"comment_status":"open","ping_status":"open","sticky":false,"template":"","format":"standard","meta":{"om_disable_all_campaigns":false,"jetpack_post_was_ever_published":false},"categories":[42299],"tags":[42300,2521,42343],"yst_prominent_words":[13607,8684,7202,16240,9224,14439,21406,9813,7694,6616,9811,10652,8757,14774,14844,41333,21252],"acf":[],"jetpack_featured_media_url":"https:\/\/www.ludwig-van.com\/montreal\/wp-content\/uploads\/sites\/3\/2025\/07\/Copie-de-NOUVELLE50.jpg","jetpack_sharing_enabled":true,"jetpack_shortlink":"https:\/\/wp.me\/p9bdYt-n8p","amp_enabled":true,"_links":{"self":[{"href":"https:\/\/www.ludwig-van.com\/montreal\/wp-json\/wp\/v2\/posts\/88933"}],"collection":[{"href":"https:\/\/www.ludwig-van.com\/montreal\/wp-json\/wp\/v2\/posts"}],"about":[{"href":"https:\/\/www.ludwig-van.com\/montreal\/wp-json\/wp\/v2\/types\/post"}],"author":[{"embeddable":true,"href":"https:\/\/www.ludwig-van.com\/montreal\/wp-json\/wp\/v2\/users\/55"}],"replies":[{"embeddable":true,"href":"https:\/\/www.ludwig-van.com\/montreal\/wp-json\/wp\/v2\/comments?post=88933"}],"version-history":[{"count":10,"href":"https:\/\/www.ludwig-van.com\/montreal\/wp-json\/wp\/v2\/posts\/88933\/revisions"}],"predecessor-version":[{"id":88947,"href":"https:\/\/www.ludwig-van.com\/montreal\/wp-json\/wp\/v2\/posts\/88933\/revisions\/88947"}],"wp:featuredmedia":[{"embeddable":true,"href":"https:\/\/www.ludwig-van.com\/montreal\/wp-json\/wp\/v2\/media\/88934"}],"wp:attachment":[{"href":"https:\/\/www.ludwig-van.com\/montreal\/wp-json\/wp\/v2\/media?parent=88933"}],"wp:term":[{"taxonomy":"category","embeddable":true,"href":"https:\/\/www.ludwig-van.com\/montreal\/wp-json\/wp\/v2\/categories?post=88933"},{"taxonomy":"post_tag","embeddable":true,"href":"https:\/\/www.ludwig-van.com\/montreal\/wp-json\/wp\/v2\/tags?post=88933"},{"taxonomy":"yst_prominent_words","embeddable":true,"href":"https:\/\/www.ludwig-van.com\/montreal\/wp-json\/wp\/v2\/yst_prominent_words?post=88933"}],"curies":[{"name":"wp","href":"https:\/\/api.w.org\/{rel}","templated":true}]}}