{"id":88899,"date":"2025-07-29T16:52:24","date_gmt":"2025-07-29T20:52:24","guid":{"rendered":"https:\/\/www.ludwig-van.com\/montreal\/?p=88899"},"modified":"2025-07-31T14:00:03","modified_gmt":"2025-07-31T18:00:03","slug":"nouvelle-losl-annonce-la-programmation-de-sa-40e-saison","status":"publish","type":"post","link":"https:\/\/www.ludwig-van.com\/montreal\/2025\/07\/29\/nouvelle-losl-annonce-la-programmation-de-sa-40e-saison\/","title":{"rendered":"NOUVELLE | L&rsquo;OSL annonce la programmation de sa 40e saison"},"content":{"rendered":"<figure id=\"attachment_88900\" aria-describedby=\"caption-attachment-88900\" style=\"width: 1200px\" class=\"wp-caption aligncenter\"><img decoding=\"async\" loading=\"lazy\" class=\"size-full wp-image-88900\" src=\"https:\/\/www.ludwig-van.com\/montreal\/wp-content\/uploads\/sites\/3\/2025\/07\/Copie-de-NOUVELLE49.jpg\" alt=\"Adam Johnson et l'OSL (Photo : Gabriel Fournier)\" width=\"1200\" height=\"628\" srcset=\"https:\/\/www.ludwig-van.com\/montreal\/wp-content\/uploads\/sites\/3\/2025\/07\/Copie-de-NOUVELLE49.jpg 1200w, https:\/\/www.ludwig-van.com\/montreal\/wp-content\/uploads\/sites\/3\/2025\/07\/Copie-de-NOUVELLE49-300x157.jpg 300w, https:\/\/www.ludwig-van.com\/montreal\/wp-content\/uploads\/sites\/3\/2025\/07\/Copie-de-NOUVELLE49-1024x536.jpg 1024w, https:\/\/www.ludwig-van.com\/montreal\/wp-content\/uploads\/sites\/3\/2025\/07\/Copie-de-NOUVELLE49-768x402.jpg 768w\" sizes=\"(max-width: 1200px) 100vw, 1200px\" \/><figcaption id=\"caption-attachment-88900\" class=\"wp-caption-text\">Adam Johnson et l&rsquo;OSL (Photo : Gabriel Fournier)<\/figcaption><\/figure>\n<p>L&rsquo;<strong>Orchestre symphonique de Laval<\/strong> a d\u00e9voil\u00e9 aujourd&rsquo;hui la programmation de sa saison 2025-2026. Cette saison, la premi\u00e8re sous la baguette du nouveau directeur artistique<strong> Adam Johnson<\/strong>, marque le quaranti\u00e8me anniversaire de l&rsquo;orchestre. C\u00e9l\u00e9brations et retrouvailles seront naturellement au programme!<\/p>\n<p>L&rsquo;orchestre maintient ses deux s\u00e9ries : celle des Grands concerts offrira cinq rendez-vous \u00e0 la salle Andr\u00e9-Mathieu, tandis que la s\u00e9rie intime Les Chambristes se poursuit \u00e0 l&rsquo;\u00e9glise Saint-Maurice-de-Duvernay.<\/p>\n<h3>Les Grands Concerts<\/h3>\n<p>Le concert d&rsquo;ouverture s&rsquo;inspire de la programmation de la premi\u00e8re ann\u00e9e de concerts de l&rsquo;OSL en 1985-1986 en reprenant l&rsquo;Ouverture de <em>Guillaume Tell<\/em> de Rossini et la <em>Symphonie inachev\u00e9e<\/em> de Schubert. C&rsquo;est cependant une jeune soliste bien de notre temps, la pianiste <strong>Chlo\u00e9 Dumoulin<\/strong>, qui fera r\u00e9sonner le <em>Deuxi\u00e8me concerto pour piano<\/em> de Rachmaninov. Des \u0153uvres contemporaines de <strong>Maxime Goulet<\/strong> et de <strong>Camille P\u00e9pin<\/strong> confirmeront cette ouverture vers l&rsquo;avenir.<\/p>\n<p>Au mois de d\u00e9cembre, l&rsquo;OSL rendra hommage \u00e0 son premier directeur artistique, Gilbert Patenaude, qui a laiss\u00e9 un h\u00e9ritage musical marquant. Des membres de la <strong>famille Patenaude<\/strong> et des artistes invit\u00e9\u00b7e\u00b7s viendront interpr\u00e9ter des arrangements du fertile musicien.<\/p>\n<p>En f\u00e9vrier, le<strong> Ch\u0153ur de Laval<\/strong> se joindra \u00e0 son tour aux c\u00e9l\u00e9brations. Intitul\u00e9 <em>Ch\u0153ur : comme un air d&rsquo;op\u00e9ra<\/em>, le programme du concert laisse miroiter l&rsquo;attrait des grands ch\u0153urs du r\u00e9pertoire lyrique, auxquels se greffera la suite orchestrale<em> Peer Gynt<\/em> de Grieg.<\/p>\n<p>Lors du prochain concert, le violoncelliste Dominique Beaus\u00e9jour-Ostiguy interpr\u00e9tera le c\u00e9l\u00e8bre Concerto pour violoncelle d&rsquo;Elgar. L&rsquo;Ouverture no 1 de Louise Farrenc aura entam\u00e9 la soir\u00e9e, qui se poursuivra apr\u00e8s la pause avec la Neuvi\u00e8me symphonie de Chostakovitch, une \u0153uvre relativement courte dont la l\u00e9g\u00e8ret\u00e9 et l&rsquo;ironie ont pris tout le monde par surprise lors de sa cr\u00e9ation.<\/p>\n<p>Pour le dernier Grand concert de la saison, l&rsquo;OSL sera dirig\u00e9 par Jean-Fran\u00e7ois Rivest, qui en a \u00e9t\u00e9 directeur artistique pendant 10 ans de 1995 \u00e0 2005. Ensemble, l&rsquo;orchestre et le chef reprendront la Symphonie no 41 de Mozart, dont l&rsquo;enregistrement qu&rsquo;ils ont produit ensemble a \u00e9t\u00e9 couronn\u00e9 d&rsquo;un F\u00e9lix en 2000, ainsi que la Symphonie no 4 de Brahms.<\/p>\n<h3>Les Chambristes<\/h3>\n<p>Les causes de c\u00e9l\u00e9brer se multiplient lors du premier concert de la s\u00e9rie Les Chambristes : la <strong>Soci\u00e9t\u00e9 litt\u00e9raire de Laval<\/strong> c\u00e9l\u00e8bre elle aussi ses 40 ans, tandis que la violoniste <strong>Johanne Morin<\/strong>, membre de l&rsquo;OSL depuis 1986, c\u00e9l\u00e8bre 40 ans de carri\u00e8re. C&rsquo;est bien s\u00fbr \u00e0 elle qu&rsquo;a \u00e9t\u00e9 confi\u00e9 ce concert : elle y proposera un programme de quatuor \u00e0 cordes inspir\u00e9 du cin\u00e9ma.<\/p>\n<p>Pour le deuxi\u00e8me concert, la violoniste Flavie Gagnon a choisi de faire contraster les sonorit\u00e9s du cor fran\u00e7ais avec celles des cordes en concoctant un programme mettant de l&rsquo;avant deux quintettes pour cordes et cor, celui de Mozart et un de Georg Hendrik Witte.<\/p>\n<p>Finalement, un t\u00eate-\u00e0-t\u00eate entre la fl\u00fbte de Jean-Philippe Tanguay et la harpe de Val\u00e9rie Milot viendra conclure cette s\u00e9rie.<\/p>\n<p>Les deux s\u00e9ries sont disponibles en abonnement, disponibles d\u00e8s aujourd&rsquo;hui <a href=\"https:\/\/co-motion.ca\/abonnements\/orchestre-symphonique-de-laval\/\" target=\"_blank\" rel=\"noopener\">\u00e0 ce lien-ci<\/a> ou en composant le 450-667-2040.<\/p>\n<h3>60e anniversaire de la ville de Laval<\/h3>\n<p>Avant m\u00eame le d\u00e9but de sa saison officielle, l&rsquo;OSL participe \u00e0 un autre anniversaire important, celui de la ville qui l&rsquo;h\u00e9berge : le 6 ao\u00fbt prochain, \u00e0 la Place Bell, a lieu un grand concert gratuit en deux temps. La premi\u00e8re partie fera entendre des \u0153uvres symphoniques de ton festif, tandis que la deuxi\u00e8me partie sera assur\u00e9e par Guylaine Tanguay et le Ch\u0153ur des Jeunes de Laval. La formule a suscit\u00e9 l&rsquo;engouement puisque tous les laissez-passer ont \u00e9t\u00e9 distribu\u00e9s.<\/p>\n<h2><em>Inscrivez-vous \u00e0 notre infolettre! La musique classique et l\u2019op\u00e9ra en 5 minutes, chaque jour<\/em> <a href=\"https:\/\/ludwig-van.us9.list-manage.com\/subscribe?u=4f785cb3f9058f2393ccad035&amp;id=b9b160c032\" target=\"_blank\" rel=\"noopener noreferrer\">ICI.<\/a><\/h2>\n","protected":false},"excerpt":{"rendered":"<p>L&rsquo;Orchestre symphonique de Laval a d\u00e9voil\u00e9 aujourd&rsquo;hui la programmation de sa saison 2025-2026. Cette saison, la premi\u00e8re sous la baguette du nouveau directeur artistique Adam Johnson, marque le quaranti\u00e8me anniversaire de l&rsquo;orchestre. C\u00e9l\u00e9brations et retrouvailles seront naturellement au programme!<\/p>\n","protected":false},"author":55,"featured_media":88900,"comment_status":"open","ping_status":"open","sticky":false,"template":"","format":"standard","meta":{"om_disable_all_campaigns":false,"jetpack_post_was_ever_published":false},"categories":[42299,10992],"tags":[42300,13571,42121],"yst_prominent_words":[20038,10439,10426,9840,16086,7202,8858,9856,9851,17334,9813,21722,10711,10058,8313,10546,11030,10109,11819],"acf":[],"jetpack_featured_media_url":"https:\/\/www.ludwig-van.com\/montreal\/wp-content\/uploads\/sites\/3\/2025\/07\/Copie-de-NOUVELLE49.jpg","jetpack_sharing_enabled":true,"jetpack_shortlink":"https:\/\/wp.me\/p9bdYt-n7R","amp_enabled":true,"_links":{"self":[{"href":"https:\/\/www.ludwig-van.com\/montreal\/wp-json\/wp\/v2\/posts\/88899"}],"collection":[{"href":"https:\/\/www.ludwig-van.com\/montreal\/wp-json\/wp\/v2\/posts"}],"about":[{"href":"https:\/\/www.ludwig-van.com\/montreal\/wp-json\/wp\/v2\/types\/post"}],"author":[{"embeddable":true,"href":"https:\/\/www.ludwig-van.com\/montreal\/wp-json\/wp\/v2\/users\/55"}],"replies":[{"embeddable":true,"href":"https:\/\/www.ludwig-van.com\/montreal\/wp-json\/wp\/v2\/comments?post=88899"}],"version-history":[{"count":21,"href":"https:\/\/www.ludwig-van.com\/montreal\/wp-json\/wp\/v2\/posts\/88899\/revisions"}],"predecessor-version":[{"id":88925,"href":"https:\/\/www.ludwig-van.com\/montreal\/wp-json\/wp\/v2\/posts\/88899\/revisions\/88925"}],"wp:featuredmedia":[{"embeddable":true,"href":"https:\/\/www.ludwig-van.com\/montreal\/wp-json\/wp\/v2\/media\/88900"}],"wp:attachment":[{"href":"https:\/\/www.ludwig-van.com\/montreal\/wp-json\/wp\/v2\/media?parent=88899"}],"wp:term":[{"taxonomy":"category","embeddable":true,"href":"https:\/\/www.ludwig-van.com\/montreal\/wp-json\/wp\/v2\/categories?post=88899"},{"taxonomy":"post_tag","embeddable":true,"href":"https:\/\/www.ludwig-van.com\/montreal\/wp-json\/wp\/v2\/tags?post=88899"},{"taxonomy":"yst_prominent_words","embeddable":true,"href":"https:\/\/www.ludwig-van.com\/montreal\/wp-json\/wp\/v2\/yst_prominent_words?post=88899"}],"curies":[{"name":"wp","href":"https:\/\/api.w.org\/{rel}","templated":true}]}}