{"id":88892,"date":"2025-07-29T14:44:13","date_gmt":"2025-07-29T18:44:13","guid":{"rendered":"https:\/\/www.ludwig-van.com\/montreal\/?p=88892"},"modified":"2025-07-29T14:47:35","modified_gmt":"2025-07-29T18:47:35","slug":"nouvelle-lorchestre-metropolitain-collaborateur-passe","status":"publish","type":"post","link":"https:\/\/www.ludwig-van.com\/montreal\/2025\/07\/29\/nouvelle-lorchestre-metropolitain-collaborateur-passe\/","title":{"rendered":"NOUVELLE | L&rsquo;Orchestre M\u00e9tropolitain renoue avec un collaborateur du pass\u00e9"},"content":{"rendered":"<figure id=\"attachment_88895\" aria-describedby=\"caption-attachment-88895\" style=\"width: 1200px\" class=\"wp-caption aligncenter\"><img decoding=\"async\" loading=\"lazy\" class=\"size-full wp-image-88895\" src=\"https:\/\/www.ludwig-van.com\/montreal\/wp-content\/uploads\/sites\/3\/2025\/07\/Copie-de-NOUVELLE48.jpg\" alt=\"L'Orchestre M\u00e9tropolitain c\u00e9l\u00e8bre cette ann\u00e9e la dixi\u00e8me \u00e9dition de son grand concert estival en plein air, maintenant install\u00e9 au pied du mont Royal. (Photo : Sylvain L\u00e9gar\u00e9)\" width=\"1200\" height=\"628\" srcset=\"https:\/\/www.ludwig-van.com\/montreal\/wp-content\/uploads\/sites\/3\/2025\/07\/Copie-de-NOUVELLE48.jpg 1200w, https:\/\/www.ludwig-van.com\/montreal\/wp-content\/uploads\/sites\/3\/2025\/07\/Copie-de-NOUVELLE48-300x157.jpg 300w, https:\/\/www.ludwig-van.com\/montreal\/wp-content\/uploads\/sites\/3\/2025\/07\/Copie-de-NOUVELLE48-1024x536.jpg 1024w, https:\/\/www.ludwig-van.com\/montreal\/wp-content\/uploads\/sites\/3\/2025\/07\/Copie-de-NOUVELLE48-768x402.jpg 768w\" sizes=\"(max-width: 1200px) 100vw, 1200px\" \/><figcaption id=\"caption-attachment-88895\" class=\"wp-caption-text\">L&rsquo;Orchestre M\u00e9tropolitain c\u00e9l\u00e8bre cette ann\u00e9e la dixi\u00e8me \u00e9dition de son grand concert estival en plein air, maintenant install\u00e9 au pied du mont Royal. (Photo : Sylvain L\u00e9gar\u00e9)<\/figcaption><\/figure>\n<p>Des dizaines de milliers de Montr\u00e9alais\u00b7es se pr\u00e9parent \u00e0 converger au pied du mont Royal demain soir pour entendre l&rsquo;<strong>Orchestre M\u00e9tropolitain<\/strong> et son c\u00e9l\u00e8bre chef <strong>Yannick N\u00e9zet-S\u00e9guin<\/strong>. L&rsquo;OM a l&rsquo;habitude de contribuer \u00e0 l&rsquo;effervescence ambiante en r\u00e9servant quelques annonces surprises de derni\u00e8re minute, et cette dixi\u00e8me \u00e9dition ne fait pas exception : on apprend aujourd&rsquo;hui l&rsquo;identit\u00e9 d&rsquo;un invit\u00e9 surprise de taille dont la pr\u00e9sence \u00e9voquera les origines de cet \u00e9v\u00e9nement devenu annuel.<\/p>\n<p>C&rsquo;est en effet nul autre que <strong>Pierre Lapointe<\/strong> qui se joindra \u00e0 l&rsquo;orchestre en fin de programme. Le chansonnier interpr\u00e9tera trois de ses chansons dans des arrangements d&rsquo;<strong>Antoine Gratton<\/strong>. C&rsquo;est le succ\u00e8s du concert de <strong>Pierre Lapointe<\/strong> et de l&rsquo;<strong>OM<\/strong> aux Francofolies de Montr\u00e9al en 2007 qui a sem\u00e9 aupr\u00e8s de l&rsquo;orchestre l&rsquo;id\u00e9e d&rsquo;un grand concert symphonique ext\u00e9rieur annuel offert au public montr\u00e9alais.<\/p>\n<p>Dix \u00e9ditions plus tard, l&rsquo;\u00e9v\u00e9nement attire des foules imposantes avoisinant les 50 000 personnes. L&rsquo;orchestre leur concocte des programmes combinant grands succ\u00e8s de la musique symphonique et d\u00e9couvertes de voix n\u00e9glig\u00e9es par l&rsquo;histoire. Dans cet esprit, le programme de demain s&rsquo;ouvre sur une \u0153uvre de la compositrice fran\u00e7aise Augusta Holm\u00e8s (1847-1903), <em>La nuit et l&rsquo;amour<\/em>, suivie de la p\u00e9tillante et ensoleill\u00e9e <em>Symphonie italienne<\/em> de Felix Mendelssohn. Le r\u00e9pertoire qu\u00e9b\u00e9cois sera repr\u00e9sent\u00e9 par <em>Dansons le carcaillou<\/em> d&rsquo;Hector Gratton (1900-1970), avant de passer \u00e0 des extraits du <em>Sacre du printemps<\/em> de Stravinsky et d&rsquo;accueillir Pierre Lapointe pour la prestation finale.<\/p>\n<p>L&rsquo;animation de cette \u00e9dition festive a \u00e9t\u00e9 confi\u00e9e \u00e0 <strong>Mariana Mazza<\/strong>, grande passionn\u00e9e d&rsquo;art de culture.<\/p>\n<p>En pr\u00e9lude au concert, d\u00e8s 19 h, des musicien\u00b7ne\u00b7s membres de l&rsquo;OM depuis la premi\u00e8re heure et la directrice g\u00e9n\u00e9rale rendront hommage \u00e0 Pierre P\u00e9ladeau, de son vivant grand bienfaiteur de l&rsquo;OM et ancien pr\u00e9sident de son conseil d&rsquo;administration qui aurait eu 100 ans cette ann\u00e9e.<\/p>\n<div class=\"avatar_spinner_animation ng-tns-c2302330081-89 ng-star-inserted\">\n<h2><em>Inscrivez-vous \u00e0 notre infolettre! La musique classique et l\u2019op\u00e9ra en 5 minutes, chaque jour<\/em> <a href=\"https:\/\/ludwig-van.us9.list-manage.com\/subscribe?u=4f785cb3f9058f2393ccad035&amp;id=b9b160c032\" target=\"_blank\" rel=\"noopener noreferrer\">ICI.<\/a><\/h2>\n<\/div>\n","protected":false},"excerpt":{"rendered":"<p>Des dizaines de milliers de Montr\u00e9alais\u00b7es se pr\u00e9parent \u00e0 converger au pied du mont Royal demain soir pour entendre l&rsquo;Orchestre M\u00e9tropolitain et son c\u00e9l\u00e8bre chef Yannick N\u00e9zet-S\u00e9guin. L&rsquo;OM a l&rsquo;habitude de contribuer \u00e0 l&rsquo;effervescence ambiante en r\u00e9servant quelques annonces surprises de derni\u00e8re minute, et cette dixi\u00e8me \u00e9dition ne fait pas exception : on apprend aujourd&rsquo;hui l&rsquo;identit\u00e9 d&rsquo;un invit\u00e9 surprise de taille dont la pr\u00e9sence \u00e9voquera les origines de cet \u00e9v\u00e9nement devenu annuel.<\/p>\n","protected":false},"author":55,"featured_media":88895,"comment_status":"open","ping_status":"open","sticky":false,"template":"","format":"standard","meta":{"om_disable_all_campaigns":false,"jetpack_post_was_ever_published":false},"categories":[42299,10992],"tags":[42300,2521],"yst_prominent_words":[20549,9842,16086,7202,12318,15459,11708,9813,22116,9837,23601,33135,33070,33134,33147,10132,22115,8313,8283],"acf":[],"jetpack_featured_media_url":"https:\/\/www.ludwig-van.com\/montreal\/wp-content\/uploads\/sites\/3\/2025\/07\/Copie-de-NOUVELLE48.jpg","jetpack_sharing_enabled":true,"jetpack_shortlink":"https:\/\/wp.me\/p9bdYt-n7K","amp_enabled":true,"_links":{"self":[{"href":"https:\/\/www.ludwig-van.com\/montreal\/wp-json\/wp\/v2\/posts\/88892"}],"collection":[{"href":"https:\/\/www.ludwig-van.com\/montreal\/wp-json\/wp\/v2\/posts"}],"about":[{"href":"https:\/\/www.ludwig-van.com\/montreal\/wp-json\/wp\/v2\/types\/post"}],"author":[{"embeddable":true,"href":"https:\/\/www.ludwig-van.com\/montreal\/wp-json\/wp\/v2\/users\/55"}],"replies":[{"embeddable":true,"href":"https:\/\/www.ludwig-van.com\/montreal\/wp-json\/wp\/v2\/comments?post=88892"}],"version-history":[{"count":3,"href":"https:\/\/www.ludwig-van.com\/montreal\/wp-json\/wp\/v2\/posts\/88892\/revisions"}],"predecessor-version":[{"id":88898,"href":"https:\/\/www.ludwig-van.com\/montreal\/wp-json\/wp\/v2\/posts\/88892\/revisions\/88898"}],"wp:featuredmedia":[{"embeddable":true,"href":"https:\/\/www.ludwig-van.com\/montreal\/wp-json\/wp\/v2\/media\/88895"}],"wp:attachment":[{"href":"https:\/\/www.ludwig-van.com\/montreal\/wp-json\/wp\/v2\/media?parent=88892"}],"wp:term":[{"taxonomy":"category","embeddable":true,"href":"https:\/\/www.ludwig-van.com\/montreal\/wp-json\/wp\/v2\/categories?post=88892"},{"taxonomy":"post_tag","embeddable":true,"href":"https:\/\/www.ludwig-van.com\/montreal\/wp-json\/wp\/v2\/tags?post=88892"},{"taxonomy":"yst_prominent_words","embeddable":true,"href":"https:\/\/www.ludwig-van.com\/montreal\/wp-json\/wp\/v2\/yst_prominent_words?post=88892"}],"curies":[{"name":"wp","href":"https:\/\/api.w.org\/{rel}","templated":true}]}}