{"id":88880,"date":"2025-07-28T16:19:33","date_gmt":"2025-07-28T20:19:33","guid":{"rendered":"https:\/\/www.ludwig-van.com\/montreal\/?p=88880"},"modified":"2025-07-29T14:00:02","modified_gmt":"2025-07-29T18:00:02","slug":"choix-de-la-redaction-sauter-pieds-joints-dans-le-mois-daout-au-rythme-de-la-musique","status":"publish","type":"post","link":"https:\/\/www.ludwig-van.com\/montreal\/2025\/07\/28\/choix-de-la-redaction-sauter-pieds-joints-dans-le-mois-daout-au-rythme-de-la-musique\/","title":{"rendered":"CHOIX DE LA R\u00c9DACTION | Sauter \u00e0 pieds joints dans le mois d&rsquo;ao\u00fbt &#8211; au rythme de la musique"},"content":{"rendered":"<figure id=\"attachment_88883\" aria-describedby=\"caption-attachment-88883\" style=\"width: 1200px\" class=\"wp-caption aligncenter\"><img decoding=\"async\" loading=\"lazy\" class=\"size-full wp-image-88883\" src=\"https:\/\/www.ludwig-van.com\/montreal\/wp-content\/uploads\/sites\/3\/2025\/07\/Copie-de-CONCERTS25.jpg\" alt=\"St\u00e9phanie d'Oustrac (Photo : Jean-Baptiste Millot); Marc-Andr\u00e9 Hamelin (Photo : Cannetty Clarke); l'Orchestre M\u00e9tropolitain (Photo : Sylvain L\u00e9gar\u00e9)\" width=\"1200\" height=\"628\" srcset=\"https:\/\/www.ludwig-van.com\/montreal\/wp-content\/uploads\/sites\/3\/2025\/07\/Copie-de-CONCERTS25.jpg 1200w, https:\/\/www.ludwig-van.com\/montreal\/wp-content\/uploads\/sites\/3\/2025\/07\/Copie-de-CONCERTS25-300x157.jpg 300w, https:\/\/www.ludwig-van.com\/montreal\/wp-content\/uploads\/sites\/3\/2025\/07\/Copie-de-CONCERTS25-1024x536.jpg 1024w, https:\/\/www.ludwig-van.com\/montreal\/wp-content\/uploads\/sites\/3\/2025\/07\/Copie-de-CONCERTS25-768x402.jpg 768w\" sizes=\"(max-width: 1200px) 100vw, 1200px\" \/><figcaption id=\"caption-attachment-88883\" class=\"wp-caption-text\">St\u00e9phanie d&rsquo;Oustrac (Photo : Jean-Baptiste Millot); Marc-Andr\u00e9 Hamelin (Photo : Cannetty Clarke); l&rsquo;Orchestre M\u00e9tropolitain (Photo : Sylvain L\u00e9gar\u00e9)<\/figcaption><\/figure>\n<p>Certains festivals se concluent cette semaine, mais heureusement, d\u2019autres, d\u00e9but\u00e9s tout r\u00e9cemment, poursuivent sur leur lanc\u00e9e. Nous vous invitons donc \u00e0 dire \u00ab\u00e0 l\u2019an prochain\u00bb au Festival de Lanaudi\u00e8re et \u00e0 MusOrgue lors de leurs derni\u00e8res repr\u00e9sentations de l\u2019\u00e9dition 2025. Le Festival d\u2019op\u00e9ra de Qu\u00e9bec, le Domaine Forget, le Centre musical Cammac et Orford Musique, quant \u00e0 eux, seront heureux de vous recevoir pour la suite de leur programmation de l\u2019\u00e9t\u00e9.<\/p>\n<h3><\/h3>\n<figure id=\"attachment_88881\" aria-describedby=\"caption-attachment-88881\" style=\"width: 1200px\" class=\"wp-caption aligncenter\"><img decoding=\"async\" loading=\"lazy\" class=\"size-full wp-image-88881\" src=\"https:\/\/www.ludwig-van.com\/montreal\/wp-content\/uploads\/sites\/3\/2025\/07\/Stephanie-dOustrac\u00a9Jean-Baptiste-Millot-scaled-1.jpg\" alt=\"St\u00e9phanie d'Oustrac sera Carmen au Festival d'Op\u00e9ra de Qu\u00e9bec. (Photo : Jean-Baptiste Millot)\" width=\"1200\" height=\"798\" srcset=\"https:\/\/www.ludwig-van.com\/montreal\/wp-content\/uploads\/sites\/3\/2025\/07\/Stephanie-dOustrac\u00a9Jean-Baptiste-Millot-scaled-1.jpg 1200w, https:\/\/www.ludwig-van.com\/montreal\/wp-content\/uploads\/sites\/3\/2025\/07\/Stephanie-dOustrac\u00a9Jean-Baptiste-Millot-scaled-1-300x200.jpg 300w, https:\/\/www.ludwig-van.com\/montreal\/wp-content\/uploads\/sites\/3\/2025\/07\/Stephanie-dOustrac\u00a9Jean-Baptiste-Millot-scaled-1-1024x681.jpg 1024w, https:\/\/www.ludwig-van.com\/montreal\/wp-content\/uploads\/sites\/3\/2025\/07\/Stephanie-dOustrac\u00a9Jean-Baptiste-Millot-scaled-1-768x511.jpg 768w\" sizes=\"(max-width: 1200px) 100vw, 1200px\" \/><figcaption id=\"caption-attachment-88881\" class=\"wp-caption-text\">St\u00e9phanie d&rsquo;Oustrac sera Carmen au Festival d&rsquo;Op\u00e9ra de Qu\u00e9bec. (Photo : Jean-Baptiste Millot)<\/figcaption><\/figure>\n<h3>Festival d\u2019op\u00e9ra de Qu\u00e9bec &#8211; <i>Carmen<\/i><\/h3>\n<p>Le Festival d\u2019op\u00e9ra de Qu\u00e9bec se poursuit cette semaine avec deux \u0153uvres pr\u00e9sent\u00e9es plus d\u2019une fois. La premi\u00e8re est la plus populaire du r\u00e9pertoire op\u00e9ratique encore \u00e0 ce jour, malgr\u00e9 qu\u2019elle ait \u00e9t\u00e9 cr\u00e9\u00e9e il y a 150 ans cette ann\u00e9e. Il s\u2019agit bien s\u00fbr de <i>Carmen<\/i> de Bizet. <b>St\u00e9phanie d\u2019Oustrac<\/b> incarnera le r\u00f4le-titre, alors qu\u2019elle sera accompagn\u00e9e par l\u2019<b>Orchestre symphonique de Qu\u00e9bec<\/b> et le <b>Ch\u0153ur de l\u2019Op\u00e9ra de Qu\u00e9bec<\/b> sous la direction musicale de <b>Jacques Lacombe<\/b>, dans la version originale avec textes parl\u00e9es. \u00c0 noter qu\u2019en plus des \u0153uvres pr\u00e9sent\u00e9es en salle, le Festival offre \u00e9galement une programmation ext\u00e9rieure gratuite. Nous vous invitons \u00e0 consulter leur <a href=\"https:\/\/operadequebec.com\/festival-2025-activites-exterieures-gratuites\/\">site<\/a> pour tous les d\u00e9tails.<\/p>\n<p>LES 30 JUILLET ET 1 AO\u00dbT, 19 H 30, ET LE 3 AO\u00dbT, 14 H, GRAND TH\u00c9\u00c2TRE DE QU\u00c9BEC\u00a0 <a href=\"https:\/\/operadequebec.com\/carmen-festival-2025\/\" target=\"_blank\" rel=\"noopener\">D\u00c9TAILS ET BILLETS<\/a><\/p>\n<p>&nbsp;<\/p>\n<figure id=\"attachment_71871\" aria-describedby=\"caption-attachment-71871\" style=\"width: 1200px\" class=\"wp-caption aligncenter\"><img decoding=\"async\" loading=\"lazy\" class=\"size-full wp-image-71871\" src=\"https:\/\/www.ludwig-van.com\/montreal\/wp-content\/uploads\/sites\/3\/2022\/08\/Orchestre-Metropolitain-@SylvainLegare-153.jpg\" alt=\"Concert de l'Orchestre M\u00e9tropolitain au pied du Mont-Royal (Photo : Sylvain L\u00e9gar\u00e9)\" width=\"1200\" height=\"800\" \/><figcaption id=\"caption-attachment-71871\" class=\"wp-caption-text\">Concert de l&rsquo;Orchestre M\u00e9tropolitain au pied du Mont-Royal (Photo : Sylvain L\u00e9gar\u00e9)<\/figcaption><\/figure>\n<h3>Orchestre M\u00e9tropolitain &#8211; Concert au pied du mont Royal<\/h3>\n<p>\u00c0 chaque ann\u00e9e, le concert gratuit offert par l&rsquo;<strong>Orchestre M\u00e9tropolitain<\/strong> install\u00e9 au pied du mont Royal attire des dizaines de milliers de personnes : vaut mieux arriver t\u00f4t pour assister \u00e0 cette grande soir\u00e9e \u00e0 l&rsquo;atmosph\u00e8re festive et enjou\u00e9e! Cette ann\u00e9e,<strong> Yannick N\u00e9zet-S\u00e9guin<\/strong> dirigira son orchestre dans la <em>Symphonie italienne<\/em> de Mendelssohn, des extraits du<em> Sacre du printemps<\/em> de Stravinsky, <em>La nuit et l&rsquo;amour<\/em> d&rsquo;Augusta Holm\u00e8s et <em>Dansons le carcaillou<\/em> d&rsquo;Hector Gratton. La soir\u00e9e sera anim\u00e9e par nulle autre que <strong>Mariana<\/strong> <strong>Mazza<\/strong>, et comme d&rsquo;habitude, l&rsquo;OM r\u00e9serve quelques surprises \u00e0 son public!<\/p>\n<p>LE 3O JUILLET, 19 H 30, AU PIED DU MONT ROYAL\u00a0 <a href=\"https:\/\/orchestremetropolitain.com\/fr\/om-mont-royal-2025\/\" target=\"_blank\" rel=\"noopener\">D\u00c9TAILS<\/a><\/p>\n<h3><\/h3>\n<figure id=\"attachment_84179\" aria-describedby=\"caption-attachment-84179\" style=\"width: 1024px\" class=\"wp-caption aligncenter\"><img decoding=\"async\" loading=\"lazy\" class=\"size-full wp-image-84179\" src=\"https:\/\/www.ludwig-van.com\/montreal\/wp-content\/uploads\/sites\/3\/2024\/10\/Rachel-Fenlon-\u00a9-Clara-Evens-12-1-1024x683-1.jpg\" alt=\"\" width=\"1024\" height=\"683\" srcset=\"https:\/\/www.ludwig-van.com\/montreal\/wp-content\/uploads\/sites\/3\/2024\/10\/Rachel-Fenlon-\u00a9-Clara-Evens-12-1-1024x683-1.jpg 1024w, https:\/\/www.ludwig-van.com\/montreal\/wp-content\/uploads\/sites\/3\/2024\/10\/Rachel-Fenlon-\u00a9-Clara-Evens-12-1-1024x683-1-300x200.jpg 300w, https:\/\/www.ludwig-van.com\/montreal\/wp-content\/uploads\/sites\/3\/2024\/10\/Rachel-Fenlon-\u00a9-Clara-Evens-12-1-1024x683-1-768x512.jpg 768w\" sizes=\"(max-width: 1024px) 100vw, 1024px\" \/><figcaption id=\"caption-attachment-84179\" class=\"wp-caption-text\">Rachel Fenlon. (Photo : Clara Evens)<\/figcaption><\/figure>\n<h3>Festival d\u2019op\u00e9ra de Qu\u00e9bec &#8211; <i>Pierrot entre 3 lunes<\/i><\/h3>\n<p>La deuxi\u00e8me \u0153uvre pr\u00e9sent\u00e9e au Festival d\u2019op\u00e9ra de Qu\u00e9bec cette semaine est un spectacle d\u2019op\u00e9ra et de danse contemporaine. Inspir\u00e9e de <i>Pierrot Lunaire<\/i> d\u2019Arnold Sch\u00f6nberg, cette nouvelle cr\u00e9ation ajoute \u00e0 l\u2019\u0153uvre originale int\u00e9grale des compositions de <b>Rachel Fenlon<\/b>. Pour ces ajouts, l\u2019artiste a choisi des po\u00e8mes dans <i>Pierrot lunaire : Rondels bergamasques<\/i> d\u2019Albert Giraud que Sch\u00f6nberg avait d\u00e9laiss\u00e9s. Ce sont <b>Mireille Lebel<\/b> et <b>Rachel Fenlon<\/b> qui se partagent le r\u00f4le de Pierrot, alors que le danseur <b>Will Jessup<\/b> ex\u00e9cutera la chor\u00e9graphie de <b>Idan Cohen<\/b>, \u00e9galement le metteur en sc\u00e8ne de cette production unique.<\/p>\n<p>LES 31 JUILLET ET 2 AO\u00dbT, 19 H 30, TH\u00c9\u00c2TRE P\u00c9RISCOPE\u00a0 <a href=\"https:\/\/operadequebec.com\/pierrot-entre-3-lunes-festival-2025\/\" target=\"_blank\" rel=\"noopener\">D\u00c9TAILS ET BILLETS<\/a><\/p>\n<p>&nbsp;<\/p>\n<figure id=\"attachment_77451\" aria-describedby=\"caption-attachment-77451\" style=\"width: 1200px\" class=\"wp-caption aligncenter\"><img decoding=\"async\" loading=\"lazy\" class=\"size-full wp-image-77451\" src=\"https:\/\/www.ludwig-van.com\/montreal\/wp-content\/uploads\/sites\/3\/2023\/08\/Quatuor-Dover_2.jpg\" alt=\"Le Quatuor Dover (Photo : courtoisie)\" width=\"1200\" height=\"900\" \/><figcaption id=\"caption-attachment-77451\" class=\"wp-caption-text\">Le Quatuor Dover (Photo : courtoisie)<\/figcaption><\/figure>\n<h3>Festival de Lanaudi\u00e8re &#8211; Marc-Andr\u00e9 Hamelin et le Quatuor Dover : <i>Fougue et raffinement<\/i><\/h3>\n<p>Vous avez possiblement d\u00e9j\u00e0 entendu <b>Marc-Andr\u00e9 Hamelin<\/b> en r\u00e9cital, mais beaucoup parmi vous n\u2019ont probablement jamais eu la chance de le voir dans un concert de musique de chambre, puisque ses apparitions chez nous dans ce genre se font plus rares. Le Festival de Lanaudi\u00e8re vous invite donc \u00e0 rem\u00e9dier \u00e0 la situation ce jeudi alors que le c\u00e9l\u00e8bre pianiste et le <b>Quatuor Dover<\/b> se r\u00e9unissent lors de cet \u00e9v\u00e9nement exceptionnel. Au programme, <i>Sonate en la mineur<\/i> de Medtner, <i>Quatuor \u00e0 cordes no 1<\/i> de Tcha\u00efkovsky et <i>Quintette pour piano et cordes en fa majeur<\/i> de Franck.<\/p>\n<p>LE 31 JUILLET, 20 H, \u00c9GLISE DE MASCOUCHE\u00a0 <a href=\"https:\/\/lanaudiere.org\/fr\/programmation\/marc-andre-hamelin-et-le-quatuor-dover-fougue-et-raffinement\/\" target=\"_blank\" rel=\"noopener\">D\u00c9TAILS ET BILLETS<\/a><\/p>\n<p>&nbsp;<\/p>\n<figure id=\"attachment_59919\" aria-describedby=\"caption-attachment-59919\" style=\"width: 1024px\" class=\"wp-caption aligncenter\"><img decoding=\"async\" loading=\"lazy\" class=\"size-full wp-image-59919\" src=\"https:\/\/www.ludwig-van.com\/montreal\/wp-content\/uploads\/sites\/3\/2018\/05\/Karen-Young-et-Marianne-Trudel-2018-photo-Michel-Pinault.jpg\" alt=\"Karen Young et Marianne Trudel\" width=\"1024\" height=\"683\" srcset=\"https:\/\/www.ludwig-van.com\/montreal\/wp-content\/uploads\/sites\/3\/2018\/05\/Karen-Young-et-Marianne-Trudel-2018-photo-Michel-Pinault.jpg 1024w, https:\/\/www.ludwig-van.com\/montreal\/wp-content\/uploads\/sites\/3\/2018\/05\/Karen-Young-et-Marianne-Trudel-2018-photo-Michel-Pinault-300x200.jpg 300w, https:\/\/www.ludwig-van.com\/montreal\/wp-content\/uploads\/sites\/3\/2018\/05\/Karen-Young-et-Marianne-Trudel-2018-photo-Michel-Pinault-768x512.jpg 768w\" sizes=\"(max-width: 1024px) 100vw, 1024px\" \/><figcaption id=\"caption-attachment-59919\" class=\"wp-caption-text\">Karen Young et Marianne Trudel (Photo : Michel Pinault)<\/figcaption><\/figure>\n<h3>Orford Musique &#8211; <em>Portraits : Chansons de Joni Mitchell<\/em><\/h3>\n<p>La chanteuse <b>Karen Young<\/b> et la pianiste <b>Marianne Trudel<\/b> vous invite \u00e0 ce concert en toute intimit\u00e9 o\u00f9 les chansons de <b>Joni Mitchell<\/b> seront revisit\u00e9es de fa\u00e7on touchante. Une belle soir\u00e9e toute en \u00e9motions qui soulignera les 50 ans de carri\u00e8re de Karen Young.<\/p>\n<p>LE 1 AO\u00dbT, 19 H 30, SALLE GILLES-LEFEBVRE\u00a0 <a href=\"https:\/\/www.orford.mu\/concerts-et-evenements\/portraits-chansons-de-joni-mitchell\/\" target=\"_blank\" rel=\"noopener\">D\u00c9TAILS ET BILLETS<\/a><\/p>\n<p>&nbsp;<\/p>\n<figure id=\"attachment_73925\" aria-describedby=\"caption-attachment-73925\" style=\"width: 942px\" class=\"wp-caption aligncenter\"><img decoding=\"async\" loading=\"lazy\" class=\"size-full wp-image-73925\" src=\"https:\/\/www.ludwig-van.com\/montreal\/wp-content\/uploads\/sites\/3\/2022\/11\/Kent-Nagano1.jpg\" alt=\"Kent Nagano revient diriger l'OSM dans un programme r\u00e9unissant Beethoven et Stravinsky. (Photo : courtoisie)\" width=\"942\" height=\"534\" \/><figcaption id=\"caption-attachment-73925\" class=\"wp-caption-text\">Kent Nagano (Photo : courtoisie)<\/figcaption><\/figure>\n<h3>Festival de Lanaudi\u00e8re &#8211; <em>Le grand retour de Kent Nagano avec l\u2019OSM<\/em><\/h3>\n<p><b>Kent Nagano<\/b> aura d\u00e9finitivement laiss\u00e9 sa marque en tant que directeur musical de l\u2019<b>Orchestre symphonique de Montr\u00e9al<\/b> pendant plus de quinze ans. Il revient comme chef \u00e9m\u00e9rite de l\u2019Orchestre pour deux concerts au Festival de Lanaudi\u00e8re, vendredi et samedi, avec deux programmations diff\u00e9rentes. Lors de cette premi\u00e8re repr\u00e9sentation, il revisite deux \u0153uvres phares de son r\u00e9pertoire, <i>Symphonie no 3 en fa majeur<\/i> de Brahms et <i>Rhapsodie pour clarinette et orchestre<\/i> de Debussy, mettant en vedette <b>Todd Cope<\/b>, clarinette-solo de l\u2019OSM. Pour compl\u00e9ter ce programme, <i>Passacaille en r\u00e9 mineur<\/i> de Webern.<\/p>\n<p>LE 1 AO\u00dbT, 20 H, AMPHITH\u00c9\u00c2TRE FERNAND-LINDSAY <a href=\"https:\/\/lanaudiere.org\/fr\/programmation\/le-grand-retour-de-kent-nagano-avec-losm\/\" target=\"_blank\" rel=\"noopener\">D\u00c9TAILS ET BILLETS<\/a><\/p>\n<p>&nbsp;<\/p>\n<p><img decoding=\"async\" loading=\"lazy\" class=\"aligncenter size-full wp-image-88882\" src=\"https:\/\/www.ludwig-van.com\/montreal\/wp-content\/uploads\/sites\/3\/2025\/07\/FASS_affiche-2025.png\" alt=\"\" width=\"1200\" height=\"567\" srcset=\"https:\/\/www.ludwig-van.com\/montreal\/wp-content\/uploads\/sites\/3\/2025\/07\/FASS_affiche-2025.png 1200w, https:\/\/www.ludwig-van.com\/montreal\/wp-content\/uploads\/sites\/3\/2025\/07\/FASS_affiche-2025-300x142.png 300w, https:\/\/www.ludwig-van.com\/montreal\/wp-content\/uploads\/sites\/3\/2025\/07\/FASS_affiche-2025-1024x484.png 1024w, https:\/\/www.ludwig-van.com\/montreal\/wp-content\/uploads\/sites\/3\/2025\/07\/FASS_affiche-2025-768x363.png 768w\" sizes=\"(max-width: 1200px) 100vw, 1200px\" \/><\/p>\n<h3>Festival des arts de St-Sauveur &#8211; Travis Knights en concert<\/h3>\n<p><b>Travis Knights<\/b> est un danseur de claquettes d\u2019origine montr\u00e9alaise qui a fait ses d\u00e9buts professionnels en 2000. Depuis, il accumule les collaborations \u00e9clectiques \u00e0 travers le monde. Il vous invite lors de cette soir\u00e9e \u00e0 mettre vos pr\u00e9jug\u00e9s de c\u00f4t\u00e9 et \u00e0 d\u00e9couvrir la richesse du<i> tap dance<\/i> et de l\u2019improvisation jazz alors qu\u2019il s\u2019ex\u00e9cutera entour\u00e9 de son <i>band<\/i>. Une performance qui ne manquera certainement pas de rythme!<\/p>\n<p>LE 1 AO\u00dbT, 20 H, GRAND CHAPITEAU\u00a0 <a href=\"https:\/\/festivaldesarts.tuxedobillet.com\/main\/Travis%20Knights%20en%20concert\" target=\"_blank\" rel=\"noopener\">D\u00c9TAILS ET BILLETS<\/a><\/p>\n<p>&nbsp;<\/p>\n<figure id=\"attachment_58631\" aria-describedby=\"caption-attachment-58631\" style=\"width: 1024px\" class=\"wp-caption aligncenter\"><img decoding=\"async\" loading=\"lazy\" class=\"size-full wp-image-58631\" src=\"https:\/\/www.ludwig-van.com\/montreal\/wp-content\/uploads\/sites\/3\/2019\/02\/Veronika-Eberle-Kent-Nagano-cr-Antoine-Saito-web.jpg\" alt=\"Veronika Eberle et l'OSM \u00e0 la Maison symphonique. (Photo : Antoine Saito)\" width=\"1024\" height=\"682\" srcset=\"https:\/\/www.ludwig-van.com\/montreal\/wp-content\/uploads\/sites\/3\/2019\/02\/Veronika-Eberle-Kent-Nagano-cr-Antoine-Saito-web.jpg 1024w, https:\/\/www.ludwig-van.com\/montreal\/wp-content\/uploads\/sites\/3\/2019\/02\/Veronika-Eberle-Kent-Nagano-cr-Antoine-Saito-web-300x200.jpg 300w, https:\/\/www.ludwig-van.com\/montreal\/wp-content\/uploads\/sites\/3\/2019\/02\/Veronika-Eberle-Kent-Nagano-cr-Antoine-Saito-web-768x512.jpg 768w\" sizes=\"(max-width: 1024px) 100vw, 1024px\" \/><figcaption id=\"caption-attachment-58631\" class=\"wp-caption-text\">Veronika Eberle et l&rsquo;OSM \u00e0 la Maison symphonique. (Photo : Antoine Saito)<\/figcaption><\/figure>\n<h3>Festival de Lanaudi\u00e8re &#8211; Kent Nagano avec l\u2019OSM 2<\/h3>\n<p>Cette deuxi\u00e8me repr\u00e9sentation de l\u2019<b>Orchestre symphonique de Montr\u00e9al <\/b>dirig\u00e9 par <b>Kent Nagano<\/b> vous am\u00e8nera cette fois dans la p\u00e9riode musicale classique avec la <i>Sinfonia concertante<\/i> de Mozart, ainsi que dans la p\u00e9riode romantique avec la <i>Neuvi\u00e8me <\/i>de Schubert, dite \u00abLa Grande\u00bb. Ce sont la violoniste <b>Veronika Eberle<\/b> et l\u2019altiste <b>Timothy Ridout<\/b> qui interpr\u00e9teront la premi\u00e8re \u0153uvre en tant que solistes. Le programme comprend \u00e9galement le dernier mouvement de <i>Concert rom\u00e2nesc<\/i> de Ligeti.<\/p>\n<p>LE 2 AO\u00dbT, 16 H, AMPHITH\u00c9\u00c2TRE FERNAND-LINDSAY <a href=\"https:\/\/lanaudiere.org\/fr\/programmation\/le-grand-retour-de-kent-nagano-avec-osm-2\/\" target=\"_blank\" rel=\"noopener\">D\u00c9TAILS ET BILLETS<\/a><\/p>\n<p>&nbsp;<\/p>\n<figure id=\"attachment_76191\" aria-describedby=\"caption-attachment-76191\" style=\"width: 1200px\" class=\"wp-caption aligncenter\"><img decoding=\"async\" loading=\"lazy\" class=\"size-full wp-image-76191\" src=\"https:\/\/www.ludwig-van.com\/montreal\/wp-content\/uploads\/sites\/3\/2017\/09\/Marc-Andre-Hamelin_Canetty-Clark.png\" alt=\"Marc-Andr\u00e9 Hamelin (Photo : Canetty Clark)\" width=\"1200\" height=\"799\" \/><figcaption id=\"caption-attachment-76191\" class=\"wp-caption-text\">Marc-Andr\u00e9 Hamelin (Photo : Canetty Clark)<\/figcaption><\/figure>\n<h3>Orford Musique &#8211; L\u2019Hammerklavier par Hamelin<\/h3>\n<p>En plus de l\u2019\u00e9couter dans Lanaudi\u00e8re dans un rare concert de musique de chambre, vous aurez \u00e9galement la chance d\u2019entendre <b>Marc-Andr\u00e9 Hamelin <\/b>cette semaine en r\u00e9cital \u00e0 Orford. Lors de ce concert, ce \u00abvirtuose au talent presque surhumain\u00bb (The New York Times) vous subjuguera avec sa technique, mais \u00e9galement par sa sensibilit\u00e9 musicale, alors qu\u2019il interpr\u00e9tera les <i>Fantasiest\u00fccke<\/i>, op. 12 de Schumann, la <i>Sonate no 6<\/i> de Weinberg, ainsi que la sonate <i>Hammerklavier<\/i> de Beethoven, reconnue pour sa complexit\u00e9 vertigineuse.<\/p>\n<p>LE 2 AO\u00dbT, 16 H, SALLE GILLES-LEFEBVRE\u00a0 <a href=\"https:\/\/www.orford.mu\/concerts-et-evenements\/lhammerklavier-par-hamelin\/\" target=\"_blank\" rel=\"noopener\">D\u00c9TAILS ET BILLETS<\/a><\/p>\n<p>&nbsp;<\/p>\n<figure id=\"attachment_71077\" aria-describedby=\"caption-attachment-71077\" style=\"width: 1200px\" class=\"wp-caption aligncenter\"><img decoding=\"async\" loading=\"lazy\" class=\"size-full wp-image-71077\" src=\"https:\/\/www.ludwig-van.com\/montreal\/wp-content\/uploads\/sites\/3\/2022\/05\/Domaine-Forget-1200-courtoisie.jpg\" alt=\"Le Domaine Forget. (Photo: courtoisie)\" width=\"1200\" height=\"674\" \/><figcaption id=\"caption-attachment-71077\" class=\"wp-caption-text\">Le Domaine Forget. (Photo : courtoisie)<\/figcaption><\/figure>\n<h3>Domaine Forget &#8211; <i>Au soir du monde<\/i><\/h3>\n<p>Cette soir\u00e9e de musique de chambre r\u00e9unit les violonistes <strong>Erika Raum\u00a0<\/strong>et <strong>Annick Roussin<\/strong>, les altistes <strong>Lynne Ramsey\u00a0<\/strong>et\u00a0<strong>Marina Thibeault<\/strong>, les violoncellistes <strong>Blaise D\u00e9jardin\u00a0<\/strong>et\u00a0<strong>Elizabeth Dolin <\/strong>ainsi que les pianistes <strong>Dantonio Pisano\u00a0<\/strong>et <strong>Illia Ovcharenko<\/strong>, tous\u00b7tes des artistes de renom qui interpr\u00e9teront deux \u0153uvres pour cordes et piano : <i>Quatuor avec piano no 1<\/i> de Mel Bonis et <i>Quatuor avec piano en do mineur<\/i> de Strauss. La premi\u00e8re, toute en douceur, vous emportera dans une atmosph\u00e8re intime et chaleureuse, alors que la deuxi\u00e8me pi\u00e8ce contrastera avec son c\u00f4t\u00e9 sombre et puissant, m\u00ealant tension et passion.<\/p>\n<p>LE 2 AO\u00dbT, 16 H, DOMAINE FORGET\u00a0 <a href=\"https:\/\/www.domaineforget.com\/programmation\/festival\/au-soir-du-monde\/?from=1162&amp;from_p=%3futm_term%3ddomaine%2520forget%26utm_campaign%3d%26utm_source%3dadwords%26utm_medium%3dppc%26hsa_acc%3d3611774568%26hsa_cam%3d22524976972%26hsa_grp%3d182695048481%26hsa_ad%3d750608554758%26hsa_src%3dg%26hsa_tgt%3dkwd-2009204567439%26hsa_kw%3ddomaine%2520forget%26hsa_mt%3db%26hsa_net%3dadwords%26hsa_ver%3d3%26gad_source%3d1%26gad_campaignid%3d22524976972%26gbraid%3d0AAAAADAW7D3_IrOb7fP1SwKvGH28EK-m0%26gclid%3dCj0KCQjw-ZHEBhCxARIsAGGN96LE89bTuAizznMIQCyRr332Bkj8vrIe1Y7rRGzFsT9a-Nm4Z2GV_HsaAgqUEALw_wcB\" target=\"_blank\" rel=\"noopener\">D\u00c9TAILS ET BILLETS<\/a><\/p>\n<p>&nbsp;<\/p>\n<figure id=\"attachment_81146\" aria-describedby=\"caption-attachment-81146\" style=\"width: 1200px\" class=\"wp-caption aligncenter\"><img decoding=\"async\" loading=\"lazy\" class=\"size-full wp-image-81146\" src=\"https:\/\/www.ludwig-van.com\/montreal\/wp-content\/uploads\/sites\/3\/2024\/04\/SMAM_Photo-Katya-Konioukhova.jpg\" alt=\"Le Studio de musique ancienne de Montr\u00e9al (Photo : Katya Konioukhova)\" width=\"1200\" height=\"591\" srcset=\"https:\/\/www.ludwig-van.com\/montreal\/wp-content\/uploads\/sites\/3\/2024\/04\/SMAM_Photo-Katya-Konioukhova.jpg 1200w, https:\/\/www.ludwig-van.com\/montreal\/wp-content\/uploads\/sites\/3\/2024\/04\/SMAM_Photo-Katya-Konioukhova-300x148.jpg 300w, https:\/\/www.ludwig-van.com\/montreal\/wp-content\/uploads\/sites\/3\/2024\/04\/SMAM_Photo-Katya-Konioukhova-1024x504.jpg 1024w, https:\/\/www.ludwig-van.com\/montreal\/wp-content\/uploads\/sites\/3\/2024\/04\/SMAM_Photo-Katya-Konioukhova-768x378.jpg 768w\" sizes=\"(max-width: 1200px) 100vw, 1200px\" \/><figcaption id=\"caption-attachment-81146\" class=\"wp-caption-text\">Le Studio de musique ancienne de Montr\u00e9al (Photo : Katya Konioukhova)<\/figcaption><\/figure>\n<h3>SMAM &#8211; Comme en Italie!<\/h3>\n<p>Le <b>Studio de musique ancienne de Montr\u00e9al<\/b> vous invite \u00e0 d\u00e9guster gratuitement une cr\u00e8me glac\u00e9e artisanale de la maison Les Givr\u00e9s tout en \u00e9coutant des madrigaux de la Renaissance italienne en plein air. Les musicien\u00b7ne\u00b7s d\u00e9ambuleront \u00e0 travers le public, transformant les ruelles du Plateau-Mont-Royal en v\u00e9ritable sc\u00e8ne vivante. Ce samedi, ce sera dans la ruelle verte Esplaneuve, entre de l\u2019avenue de l\u2019Esplanade et la rue St-Urbain, au sud de la rue Villeneuve, que l\u2019ensemble rejoindra les spectateurs pour cette promenade musicale et gourmande. Aucune r\u00e9servation requise, annul\u00e9 en cas de pluie abondante.<\/p>\n<p>LE 2 AO\u00dbT, 18 H, RUELLE L\u2019ESPLANEUVE &#8211; PLATEAU-MONT-ROYAL\u00a0 <a href=\"https:\/\/smamontreal.com\/comme-en-italie\/\" target=\"_blank\" rel=\"noopener\">D\u00c9TAILS<\/a><\/p>\n<p>&nbsp;<\/p>\n<figure id=\"attachment_60201\" aria-describedby=\"caption-attachment-60201\" style=\"width: 1024px\" class=\"wp-caption aligncenter\"><img decoding=\"async\" loading=\"lazy\" class=\"size-full wp-image-60201\" src=\"https:\/\/www.ludwig-van.com\/montreal\/wp-content\/uploads\/sites\/3\/2018\/05\/CAMMAC-Pavillon-principal.jpg\" alt=\"CAMMAC Pavillion principal\" width=\"1024\" height=\"680\" srcset=\"https:\/\/www.ludwig-van.com\/montreal\/wp-content\/uploads\/sites\/3\/2018\/05\/CAMMAC-Pavillon-principal.jpg 1024w, https:\/\/www.ludwig-van.com\/montreal\/wp-content\/uploads\/sites\/3\/2018\/05\/CAMMAC-Pavillon-principal-300x199.jpg 300w, https:\/\/www.ludwig-van.com\/montreal\/wp-content\/uploads\/sites\/3\/2018\/05\/CAMMAC-Pavillon-principal-768x510.jpg 768w\" sizes=\"(max-width: 1024px) 100vw, 1024px\" \/><figcaption id=\"caption-attachment-60201\" class=\"wp-caption-text\">Centre musical CAMMAC (Photo : courtoisie)<\/figcaption><\/figure>\n<h3>Cammac &#8211; Trio jazz Kate Wyatt : <i>Reflets d\u2019Oscar<\/i><\/h3>\n<p>Dans le cadre de sa s\u00e9rie Dimanche en musique, Cammac vous invite \u00e0 vous rendre \u00e0 son Centre musical de Huntington au bord du lac MacDonald pour \u00e9couter le <b>Trio Kate Wyatt<\/b> qui soulignera le 100e anniversaire d\u2019Oscar Peterson en pr\u00e9sentant trois de ses \u0153uvres r\u00e9invent\u00e9es. Le Trio interpr\u00e9tera \u00e9galement des compositions originales tir\u00e9es de leur prochain album <i>Murmurations<\/i>. Planifiez de rester suite au concert pour le brunch offert dans la salle \u00e0 manger ou sur la terrasse, pour ensuite profiter du site, au bord du lac ou dans les sentiers.<\/p>\n<p>LE 3 AO\u00dbT, 11 H, CENTRE MUSICAL CAMMAC &#8211; HUNTINGTON\u00a0 <a href=\"https:\/\/cammac.ca\/concerts\/\" target=\"_blank\" rel=\"noopener\">D\u00c9TAILS ET BILLETS<\/a><\/p>\n<p>&nbsp;<\/p>\n<figure id=\"attachment_82631\" aria-describedby=\"caption-attachment-82631\" style=\"width: 1200px\" class=\"wp-caption aligncenter\"><img decoding=\"async\" loading=\"lazy\" class=\"size-full wp-image-82631\" src=\"https:\/\/www.ludwig-van.com\/montreal\/wp-content\/uploads\/sites\/3\/2024\/07\/Saint-James-United_choeur_1200.jpg\" alt=\"Le buffet d'orgue de l'\u00e9glise Saint-James United (Photo : courtoisie)\" width=\"1200\" height=\"677\" srcset=\"https:\/\/www.ludwig-van.com\/montreal\/wp-content\/uploads\/sites\/3\/2024\/07\/Saint-James-United_choeur_1200.jpg 1200w, https:\/\/www.ludwig-van.com\/montreal\/wp-content\/uploads\/sites\/3\/2024\/07\/Saint-James-United_choeur_1200-300x169.jpg 300w, https:\/\/www.ludwig-van.com\/montreal\/wp-content\/uploads\/sites\/3\/2024\/07\/Saint-James-United_choeur_1200-1024x578.jpg 1024w, https:\/\/www.ludwig-van.com\/montreal\/wp-content\/uploads\/sites\/3\/2024\/07\/Saint-James-United_choeur_1200-768x433.jpg 768w\" sizes=\"(max-width: 1200px) 100vw, 1200px\" \/><figcaption id=\"caption-attachment-82631\" class=\"wp-caption-text\">Le buffet d&rsquo;orgue de l&rsquo;\u00e9glise Saint-James United (Photo : courtoisie)<\/figcaption><\/figure>\n<h3>MusOrgue &#8211; Ald\u00e9o Jean<\/h3>\n<p>MusOrgue pr\u00e9sente son dernier concert des dimanches cette semaine o\u00f9 vous aurez l\u2019occasion d\u2019y entendre <b>Ald\u00e9o Jean<\/b>. Cet Acadien d\u2019origine \u00e9tabli dans le quartier Mercier-Hochelaga-Maisonneuve a une formation multidisciplinaire du Conservatoire de Montr\u00e9al comme chanteur, chef de ch\u0153ur, pianiste et organiste, et m\u00e8ne de front une carri\u00e8re dans presque toutes ces disciplines. C\u2019est bien entendu comme organiste qu\u2019il s\u2019ex\u00e9cutera lors de cette repr\u00e9sentation de cl\u00f4ture de MusOrgue.<\/p>\n<p>LE 3 AO\u00dbT, 13 H, \u00c9GLISE UNIE ST. JAMES\u00a0 GRATUIT<\/p>\n<p>&nbsp;<\/p>\n<figure id=\"attachment_82627\" aria-describedby=\"caption-attachment-82627\" style=\"width: 999px\" class=\"wp-caption aligncenter\"><img decoding=\"async\" loading=\"lazy\" class=\"size-full wp-image-82627\" src=\"https:\/\/www.ludwig-van.com\/montreal\/wp-content\/uploads\/sites\/3\/2024\/07\/YNS-concert-dans-un-parc-Orchestre-Metropolitain_Francois-Goupil.jpg\" alt=\"Yannick N\u00e9zet-S\u00e9guin \u00e0 la t\u00eate de l'Orchestre M\u00e9tropolitain lors d'un concert ext\u00e9rieur. (Photo : Fran\u00e7ois Goupil)\" width=\"999\" height=\"546\" srcset=\"https:\/\/www.ludwig-van.com\/montreal\/wp-content\/uploads\/sites\/3\/2024\/07\/YNS-concert-dans-un-parc-Orchestre-Metropolitain_Francois-Goupil.jpg 999w, https:\/\/www.ludwig-van.com\/montreal\/wp-content\/uploads\/sites\/3\/2024\/07\/YNS-concert-dans-un-parc-Orchestre-Metropolitain_Francois-Goupil-300x164.jpg 300w, https:\/\/www.ludwig-van.com\/montreal\/wp-content\/uploads\/sites\/3\/2024\/07\/YNS-concert-dans-un-parc-Orchestre-Metropolitain_Francois-Goupil-768x420.jpg 768w\" sizes=\"(max-width: 999px) 100vw, 999px\" \/><figcaption id=\"caption-attachment-82627\" class=\"wp-caption-text\">Yannick N\u00e9zet-S\u00e9guin \u00e0 la t\u00eate de l&rsquo;Orchestre M\u00e9tropolitain lors d&rsquo;un concert ext\u00e9rieur. (Photo : Fran\u00e7ois Goupil)<\/figcaption><\/figure>\n<h3>Festival de Lanaudi\u00e8re &#8211; OM : <i>Tristan et Isolde : apoth\u00e9ose finale<\/i><\/h3>\n<p>Le Festival de Lanaudi\u00e8re tire d\u00e9j\u00e0 sa r\u00e9v\u00e9rence! Comme ultime concert final, l\u2019<b>Orchestre M\u00e9tropolitain<\/b>, dirig\u00e9 par <b>Yannick N\u00e9zet-S\u00e9guin<\/b>, le <b>Ch\u0153ur M\u00e9tropolitain<\/b>, dirig\u00e9 par <b>L\u00e9a Moisan-Perrier<\/b>, ainsi que huit solistes pr\u00e9sentent ce que plusieurs consid\u00e8rent comme \u00e9tant \u00abl\u2019op\u00e9ra des op\u00e9ras\u00bb, <i>Tristan et Isolde<\/i> de Wagner. Cette apoth\u00e9ose restera-t-elle autant grav\u00e9e dans vos m\u00e9moires que celle de l\u2019an pass\u00e9 avec <i>Aida<\/i>? On s\u2019en reparlera apr\u00e8s la performance!<\/p>\n<p>LE 3 AO\u00dbT, 16 H, AMPHITH\u00c9\u00c2TRE FERNAND-LINDSAY <a href=\"https:\/\/lanaudiere.org\/fr\/programmation\/tristan-et-isolde-apotheose-finale\/\" target=\"_blank\" rel=\"noopener\">D\u00c9TAILS ET BILLETS<\/a><\/p>\n<div class=\"avatar_spinner_animation ng-tns-c2302330081-89 ng-star-inserted\">\n<h2><em>Inscrivez-vous \u00e0 notre infolettre! La musique classique et l\u2019op\u00e9ra en 5 minutes, chaque jour<\/em> <a href=\"https:\/\/ludwig-van.us9.list-manage.com\/subscribe?u=4f785cb3f9058f2393ccad035&amp;id=b9b160c032\" target=\"_blank\" rel=\"noopener noreferrer\">ICI.<\/a><\/h2>\n<\/div>\n","protected":false},"excerpt":{"rendered":"<p>Certains festivals se concluent cette semaine, mais heureusement, d\u2019autres, d\u00e9but\u00e9s tout r\u00e9cemment, poursuivent sur leur lanc\u00e9e. Nous vous invitons donc \u00e0 dire \u00ab\u00e0 l\u2019an prochain\u00bb au Festival de Lanaudi\u00e8re et \u00e0 MusOrgue lors de leurs derni\u00e8res repr\u00e9sentations de l\u2019\u00e9dition 2025. Le Festival d\u2019op\u00e9ra de Qu\u00e9bec, le Domaine Forget, le Centre musical Cammac et Orford Musique, quant \u00e0 eux, seront heureux de vous recevoir pour la suite de leur programmation de l\u2019\u00e9t\u00e9.<\/p>\n","protected":false},"author":1,"featured_media":88883,"comment_status":"open","ping_status":"open","sticky":false,"template":"","format":"standard","meta":{"om_disable_all_campaigns":false,"jetpack_post_was_ever_published":false},"categories":[42299,10994],"tags":[42300,42341,21250,15897,38968,2521,24269],"yst_prominent_words":[9863,25084,13392,13955,26052,11891,15883,23936,33147],"acf":[],"jetpack_featured_media_url":"https:\/\/www.ludwig-van.com\/montreal\/wp-content\/uploads\/sites\/3\/2025\/07\/Copie-de-CONCERTS25.jpg","jetpack_sharing_enabled":true,"jetpack_shortlink":"https:\/\/wp.me\/p9bdYt-n7y","amp_enabled":true,"_links":{"self":[{"href":"https:\/\/www.ludwig-van.com\/montreal\/wp-json\/wp\/v2\/posts\/88880"}],"collection":[{"href":"https:\/\/www.ludwig-van.com\/montreal\/wp-json\/wp\/v2\/posts"}],"about":[{"href":"https:\/\/www.ludwig-van.com\/montreal\/wp-json\/wp\/v2\/types\/post"}],"author":[{"embeddable":true,"href":"https:\/\/www.ludwig-van.com\/montreal\/wp-json\/wp\/v2\/users\/1"}],"replies":[{"embeddable":true,"href":"https:\/\/www.ludwig-van.com\/montreal\/wp-json\/wp\/v2\/comments?post=88880"}],"version-history":[{"count":9,"href":"https:\/\/www.ludwig-van.com\/montreal\/wp-json\/wp\/v2\/posts\/88880\/revisions"}],"predecessor-version":[{"id":88894,"href":"https:\/\/www.ludwig-van.com\/montreal\/wp-json\/wp\/v2\/posts\/88880\/revisions\/88894"}],"wp:featuredmedia":[{"embeddable":true,"href":"https:\/\/www.ludwig-van.com\/montreal\/wp-json\/wp\/v2\/media\/88883"}],"wp:attachment":[{"href":"https:\/\/www.ludwig-van.com\/montreal\/wp-json\/wp\/v2\/media?parent=88880"}],"wp:term":[{"taxonomy":"category","embeddable":true,"href":"https:\/\/www.ludwig-van.com\/montreal\/wp-json\/wp\/v2\/categories?post=88880"},{"taxonomy":"post_tag","embeddable":true,"href":"https:\/\/www.ludwig-van.com\/montreal\/wp-json\/wp\/v2\/tags?post=88880"},{"taxonomy":"yst_prominent_words","embeddable":true,"href":"https:\/\/www.ludwig-van.com\/montreal\/wp-json\/wp\/v2\/yst_prominent_words?post=88880"}],"curies":[{"name":"wp","href":"https:\/\/api.w.org\/{rel}","templated":true}]}}