{"id":88752,"date":"2025-07-14T15:10:42","date_gmt":"2025-07-14T19:10:42","guid":{"rendered":"https:\/\/www.ludwig-van.com\/montreal\/?p=88752"},"modified":"2025-07-18T14:00:03","modified_gmt":"2025-07-18T18:00:03","slug":"choix-de-la-redaction-laisser-les-cones-oranges-derriere-soi","status":"publish","type":"post","link":"https:\/\/www.ludwig-van.com\/montreal\/2025\/07\/14\/choix-de-la-redaction-laisser-les-cones-oranges-derriere-soi\/","title":{"rendered":"CHOIX DE LA R\u00c9DACTION | Musiques pour laisser les c\u00f4nes oranges derri\u00e8re soi"},"content":{"rendered":"<p>D\u00e9j\u00e0 la mi-juillet! Une derni\u00e8re semaine avant les fameuses vacances de la construction! Mais l\u2019\u00e9t\u00e9 est encore loin d\u2019\u00eatre termin\u00e9 et les festivals de toutes sortes battent leur plein. Vous avez donc plusieurs occasions d\u2019assister \u00e0 des concerts autant dans les environs de Montr\u00e9al que dans d\u2019autres r\u00e9gions telles que l\u2019Estrie, Charlevoix et Qu\u00e9bec. D\u2019ailleurs, pourquoi ne pas \u00e9tirer votre s\u00e9jour dans l\u2019une ou l\u2019autre de ces r\u00e9gions et ainsi encourager les artisans, restaurateurs et commer\u00e7ants locaux? Vous reviendrez en ville d\u00e9tendu\u00b7e et pr\u00eat\u00b7e \u00e0 affronter les c\u00f4nes oranges de Montr\u00e9al!<\/p>\n<p>&nbsp;<\/p>\n<figure id=\"attachment_65168\" aria-describedby=\"caption-attachment-65168\" style=\"width: 1024px\" class=\"wp-caption aligncenter\"><img decoding=\"async\" loading=\"lazy\" class=\"size-full wp-image-65168\" src=\"https:\/\/www.ludwig-van.com\/montreal\/wp-content\/uploads\/sites\/3\/2018\/10\/MarianneLambert20190506-Photo-Julie-Artacho.jpg\" alt=\"\" width=\"1024\" height=\"683\" srcset=\"https:\/\/www.ludwig-van.com\/montreal\/wp-content\/uploads\/sites\/3\/2018\/10\/MarianneLambert20190506-Photo-Julie-Artacho.jpg 1024w, https:\/\/www.ludwig-van.com\/montreal\/wp-content\/uploads\/sites\/3\/2018\/10\/MarianneLambert20190506-Photo-Julie-Artacho-300x200.jpg 300w, https:\/\/www.ludwig-van.com\/montreal\/wp-content\/uploads\/sites\/3\/2018\/10\/MarianneLambert20190506-Photo-Julie-Artacho-768x512.jpg 768w\" sizes=\"(max-width: 1024px) 100vw, 1024px\" \/><figcaption id=\"caption-attachment-65168\" class=\"wp-caption-text\">Marianne Lambert (Photo : Julie Artacho)<\/figcaption><\/figure>\n<h3><em>Paris sous les \u00e9toiles<\/em><\/h3>\n<p>Ce mardi \u00e0 19 h, la soprano <strong>Marianne Lambert<\/strong>, le pianiste <strong>Julien LeBlanc<\/strong> et la violoniste <strong>Am\u00e9lie Lamontagne<\/strong> offrent un programme r\u00e9unissant chansons et m\u00e9lodies fran\u00e7aises, saupoudr\u00e9es d&rsquo;anecdotes sur les compositeurs au programme : Poulenc, Brel, Vigneault, Vian, etc. Pr\u00e9sent\u00e9 dans le cadre de Pleins feux sur Laurier Ouest.<\/p>\n<p>LE 15 JUILLET, 19 H, PLACE KATE-MCGARRIGLE\u00a0 <a href=\"https:\/\/laurierouest.com\/pleins-feux-sur-laurier-o\/\" target=\"_blank\" rel=\"noopener\">D\u00c9TAILS<\/a><\/p>\n<p>&nbsp;<\/p>\n<figure id=\"attachment_66160\" aria-describedby=\"caption-attachment-66160\" style=\"width: 650px\" class=\"wp-caption aligncenter\"><img decoding=\"async\" loading=\"lazy\" class=\"size-full wp-image-66160\" src=\"https:\/\/www.ludwig-van.com\/montreal\/wp-content\/uploads\/sites\/3\/2021\/03\/Astor_Piazzolla-domaine-public.jpg\" alt=\"\" width=\"650\" height=\"831\" srcset=\"https:\/\/www.ludwig-van.com\/montreal\/wp-content\/uploads\/sites\/3\/2021\/03\/Astor_Piazzolla-domaine-public.jpg 650w, https:\/\/www.ludwig-van.com\/montreal\/wp-content\/uploads\/sites\/3\/2021\/03\/Astor_Piazzolla-domaine-public-235x300.jpg 235w\" sizes=\"(max-width: 650px) 100vw, 650px\" \/><figcaption id=\"caption-attachment-66160\" class=\"wp-caption-text\">Astor Piazzolla. (Photo : domaine public)<\/figcaption><\/figure>\n<h3>Festival de musique de Lachine &#8211; <i>Noche de Tango<\/i><\/h3>\n<p>Rejoignez le duo compos\u00e9 de <b>Dominique Beaus\u00e9jour-Ostiguy<\/b>, violoncelle, et <b>Christ Habib<\/b>, guitare, pour une soir\u00e9e hommage \u00e0 Astor Piazzolla et son nuevo tango. En plus d&rsquo;\u0153uvres du ma\u00eetre lui-m\u00eame, vous pourrez y entendre des pi\u00e8ces de compositeurs ayant berc\u00e9 sa jeunesse, ainsi qu\u2019une composition de Dominique Beaus\u00e9jour-Ostiguy, <i>Hommage \u00e0 Piazzolla<\/i> mettant en valeur les deux instrumentistes. L\u2019entr\u00e9e est gratuite, mais un billet est requis.<\/p>\n<p>LE 15 JUILLET, 19 H 30, \u00c9GLISE UNIE SUMMERLEA \u00a0 <a href=\"https:\/\/concertslachine.ca\/event\/noche-de-tango\/?event_date=2025-07-15&amp;_gl=1*nan0u*_up*MQ..*_gs*MQ..&amp;gclid=Cj0KCQjwss3DBhC3ARIsALdgYxMEbpd8HCiXJcAP0ZwVysIS19cimrC9FrC3Z90vsVWF6WFwNmIRswwaAphpEALw_wcB&amp;gbraid=0AAAAABhrosknAX94O3syzEu9VNmYsfv0b\" target=\"_blank\" rel=\"noopener\">D\u00c9TAILS ET BILLETS<\/a><\/p>\n<p>&nbsp;<\/p>\n<figure id=\"attachment_88755\" aria-describedby=\"caption-attachment-88755\" style=\"width: 1500px\" class=\"wp-caption aligncenter\"><img decoding=\"async\" loading=\"lazy\" class=\"size-full wp-image-88755\" src=\"https:\/\/www.ludwig-van.com\/montreal\/wp-content\/uploads\/sites\/3\/2025\/07\/Trio-de-guitare-de-Montreal_Pierre-Larue.jpeg\" alt=\"Trio de guitare de Montr\u00e9al (Photo : Pierre Larue)\" width=\"1500\" height=\"997\" srcset=\"https:\/\/www.ludwig-van.com\/montreal\/wp-content\/uploads\/sites\/3\/2025\/07\/Trio-de-guitare-de-Montreal_Pierre-Larue.jpeg 1500w, https:\/\/www.ludwig-van.com\/montreal\/wp-content\/uploads\/sites\/3\/2025\/07\/Trio-de-guitare-de-Montreal_Pierre-Larue-300x199.jpeg 300w, https:\/\/www.ludwig-van.com\/montreal\/wp-content\/uploads\/sites\/3\/2025\/07\/Trio-de-guitare-de-Montreal_Pierre-Larue-1024x681.jpeg 1024w, https:\/\/www.ludwig-van.com\/montreal\/wp-content\/uploads\/sites\/3\/2025\/07\/Trio-de-guitare-de-Montreal_Pierre-Larue-768x510.jpeg 768w\" sizes=\"(max-width: 1500px) 100vw, 1500px\" \/><figcaption id=\"caption-attachment-88755\" class=\"wp-caption-text\">Trio de guitare de Montr\u00e9al (Photo : Pierre Larue)<\/figcaption><\/figure>\n<h3>Festival de musique de Lachine &#8211; <i>Horizons<\/i><\/h3>\n<p>Ce concert marque le retour du <b>Trio de guitare Montr\u00e9al<\/b>, aussi connu sous l\u2019acronyme <strong>MG3<\/strong> pour Montreal Guitar Trio. Fond\u00e9 en 1998 par <b>S\u00e9bastien Deshaies<\/b>, <b>Glenn L\u00e9vesque<\/b> et <b>Marc Morin<\/b>, cet ensemble est reconnu pour sa pr\u00e9sence sur sc\u00e8ne avec des prestations dynamiques o\u00f9 humour, \u00e9nergie et virtuosit\u00e9 se c\u00f4toient et s&rsquo;entrem\u00ealent.<\/p>\n<p>LE 16 JUILLET, 19 H 30, SALLE JEANNINE-SERRES \u00a0 <a href=\"https:\/\/concertslachine.ca\/event\/horizons\/?event_date=2025-07-16&amp;_gl=1*1bkdcqx*_up*MQ..&amp;gclid=Cj0KCQjwss3DBhC3ARIsALdgYxMEbpd8HCiXJcAP0ZwVysIS19cimrC9FrC3Z90vsVWF6WFwNmIRswwaAphpEALw_wcB&amp;gbraid=0AAAAABhrosknAX94O3syzEu9VNmYsfv0b\" target=\"_blank\" rel=\"noopener\">D\u00c9TAILS ET BILLETS<\/a><\/p>\n<h3><\/h3>\n<figure id=\"attachment_76846\" aria-describedby=\"caption-attachment-76846\" style=\"width: 1120px\" class=\"wp-caption aligncenter\"><img decoding=\"async\" loading=\"lazy\" class=\"size-full wp-image-76846\" src=\"https:\/\/www.ludwig-van.com\/montreal\/wp-content\/uploads\/sites\/3\/2023\/07\/EnsembleMirabilia.jpeg\" alt=\"Ensemble Mirabilia (Photo : courtoisie)\" width=\"1120\" height=\"630\" \/><figcaption id=\"caption-attachment-76846\" class=\"wp-caption-text\">Ensemble Mirabilia (Photo : courtoisie)<\/figcaption><\/figure>\n<h3>Musique de chambre \u00e0 Ste-P\u00e9tronille &#8211; Ensemble Mirabilia<\/h3>\n<p>L\u2019<b>Ensemble Mirabilia<\/b> s\u2019est donn\u00e9 comme mission de faire rayonner la musique baroque interpr\u00e9t\u00e9e sur instruments d\u2019\u00e9poque, tout en se permettant quelques entorses en offrant \u00e9galement des pi\u00e8ces d\u2019autres p\u00e9riodes historiques, plus anciennes ou plus contemporaines. C\u2019est ainsi que vous pourrez entendre la soprano <b>Myriam Leblanc<\/b>, le fl\u00fbtiste <b>Gr\u00e9goire Jeay<\/b> sur un traverso, ainsi que <b>M\u00e9lisande McNabney<\/b> au clavecin jouer des \u0153uvres de compositeurs\u00b7trices divers, du XVIe au XXe si\u00e8cle.<\/p>\n<p>LE 17 JUILLET, 19 H 30, \u00c9GLISE DE STE-P\u00c9TRONILLE &#8211; \u00ceLE D\u2019ORL\u00c9ANS\u00a0 <a href=\"https:\/\/www.musiquedechambre.ca\/index.php\/17-juillet-5.html\" target=\"_blank\" rel=\"noopener\">D\u00c9TAILS ET BILLETS<\/a><\/p>\n<p>&nbsp;<\/p>\n<p>&nbsp;<\/p>\n<figure id=\"attachment_79878\" aria-describedby=\"caption-attachment-79878\" style=\"width: 1200px\" class=\"wp-caption aligncenter\"><img decoding=\"async\" loading=\"lazy\" class=\"size-full wp-image-79878\" src=\"https:\/\/www.ludwig-van.com\/montreal\/wp-content\/uploads\/sites\/3\/2024\/02\/MilatzcreditphotoSteveGerrard_cropped_resized.jpg\" alt=\"La pianiste Meagan Milatz, D\u00e9couverte de l'ann\u00e9e des 27e Prix Opus (Photo : Steve Gerrard)\" width=\"1200\" height=\"803\" srcset=\"https:\/\/www.ludwig-van.com\/montreal\/wp-content\/uploads\/sites\/3\/2024\/02\/MilatzcreditphotoSteveGerrard_cropped_resized.jpg 1200w, https:\/\/www.ludwig-van.com\/montreal\/wp-content\/uploads\/sites\/3\/2024\/02\/MilatzcreditphotoSteveGerrard_cropped_resized-300x201.jpg 300w, https:\/\/www.ludwig-van.com\/montreal\/wp-content\/uploads\/sites\/3\/2024\/02\/MilatzcreditphotoSteveGerrard_cropped_resized-1024x685.jpg 1024w, https:\/\/www.ludwig-van.com\/montreal\/wp-content\/uploads\/sites\/3\/2024\/02\/MilatzcreditphotoSteveGerrard_cropped_resized-768x514.jpg 768w\" sizes=\"(max-width: 1200px) 100vw, 1200px\" \/><figcaption id=\"caption-attachment-79878\" class=\"wp-caption-text\">La pianiste Meagan Milatz, D\u00e9couverte de l&rsquo;ann\u00e9e des 27e Prix Opus (Photo : Steve Gerrard)<\/figcaption><\/figure>\n<h3>Festival de musique de Lachine &#8211; <i>L\u2019Esprit de Chostakovitch (1906 &#8211; 1975)<\/i><\/h3>\n<p>Cinq interpr\u00e8tes \u00e9toiles du Canada se regroupent lors de ce concert hommage \u00e0 Chostakovitch : <b>Meagan Milatz<\/b>, piano, <b>Luri Lee<\/b>, violon, <b>Hezekiah Leung<\/b> et <b>Victor Fournelle-Blain<\/b>, alto, ainsi que <b>Cameron Crozman<\/b>, violoncelle. Ils interpr\u00e9teront du c\u00e9l\u00e8bre compositeur <i>Cinq pi\u00e8ces pour deux violons et piano<\/i>, <i>Trio pour piano no 2 en mi mineur<\/i> et <i>Quintette pour piano en sol mineur<\/i>.<\/p>\n<p>LE 17 JUILLET, 19 H 30, SALLE JEANNINE-SERRES \u00a0 <a href=\"https:\/\/concertslachine.ca\/event\/lesprit-de-chostakovitch\/?event_date=2025-07-17&amp;_gl=1*6pszd7*_up*MQ..&amp;gclid=Cj0KCQjwss3DBhC3ARIsALdgYxMEbpd8HCiXJcAP0ZwVysIS19cimrC9FrC3Z90vsVWF6WFwNmIRswwaAphpEALw_wcB&amp;gbraid=0AAAAABhrosknAX94O3syzEu9VNmYsfv0b\" target=\"_blank\" rel=\"noopener\">D\u00c9TAILS ET BILLETS<\/a><\/p>\n<p>&nbsp;<\/p>\n<h3><\/h3>\n<figure id=\"attachment_60557\" aria-describedby=\"caption-attachment-60557\" style=\"width: 1200px\" class=\"wp-caption aligncenter\"><img decoding=\"async\" loading=\"lazy\" class=\"size-full wp-image-60557\" src=\"https:\/\/www.ludwig-van.com\/montreal\/wp-content\/uploads\/sites\/3\/2019\/07\/ICAV-2019-cr-Pierre-\u00c9tienne-Bergeron-WEB-1.jpg\" alt=\"ICAV 2019\" width=\"1200\" height=\"800\" srcset=\"https:\/\/www.ludwig-van.com\/montreal\/wp-content\/uploads\/sites\/3\/2019\/07\/ICAV-2019-cr-Pierre-\u00c9tienne-Bergeron-WEB-1.jpg 1200w, https:\/\/www.ludwig-van.com\/montreal\/wp-content\/uploads\/sites\/3\/2019\/07\/ICAV-2019-cr-Pierre-\u00c9tienne-Bergeron-WEB-1-300x200.jpg 300w, https:\/\/www.ludwig-van.com\/montreal\/wp-content\/uploads\/sites\/3\/2019\/07\/ICAV-2019-cr-Pierre-\u00c9tienne-Bergeron-WEB-1-768x512.jpg 768w, https:\/\/www.ludwig-van.com\/montreal\/wp-content\/uploads\/sites\/3\/2019\/07\/ICAV-2019-cr-Pierre-\u00c9tienne-Bergeron-WEB-1-1024x683.jpg 1024w\" sizes=\"(max-width: 1200px) 100vw, 1200px\" \/><figcaption id=\"caption-attachment-60557\" class=\"wp-caption-text\">Le Festival de l&rsquo;Institut canadien d&rsquo;art vocal (Photo : Pierre-\u00c9tienne Bergeron)<\/figcaption><\/figure>\n<h3>Festival d\u2019art vocal ICAV &#8211; Classe de ma\u00eetre avec Renaud Doucet<\/h3>\n<p>L\u2019<b>Institut Canadien d\u2019art vocal<\/b> (ICAV) poursuit son Festival d\u2019art vocal en offrant une classe de ma\u00eetre ouverte au public. Assistez \u00e0 cette formation de deux heures avec le r\u00e9put\u00e9 metteur en sc\u00e8ne <b>Renaud Doucet<\/b> gratuitement (r\u00e9servation obligatoire) et d\u00e9couvrez les dessous de cette facette de l\u2019art vocal.<\/p>\n<p>LE 18 JUILLET, 19 H 30, SALLE CLAUDE-CHAMPAGNE\u00a0 <a href=\"https:\/\/artist.center\/organizations\/icav\/performances\/95\/tickets\" target=\"_blank\" rel=\"noopener\">D\u00c9TAILS ET BILLETS<\/a><\/p>\n<p>&nbsp;<\/p>\n<p>&nbsp;<\/p>\n<figure id=\"attachment_53617\" aria-describedby=\"caption-attachment-53617\" style=\"width: 1024px\" class=\"wp-caption aligncenter\"><img decoding=\"async\" loading=\"lazy\" class=\"size-full wp-image-53617\" src=\"https:\/\/www.ludwig-van.com\/montreal\/wp-content\/uploads\/sites\/3\/2018\/04\/Sixtrum-web.jpg\" alt=\"L'Ensemble \u00e0 percussion Sixtrum. (Photo: courtoisie)\" width=\"1024\" height=\"379\" srcset=\"https:\/\/www.ludwig-van.com\/montreal\/wp-content\/uploads\/sites\/3\/2018\/04\/Sixtrum-web.jpg 1024w, https:\/\/www.ludwig-van.com\/montreal\/wp-content\/uploads\/sites\/3\/2018\/04\/Sixtrum-web-300x111.jpg 300w, https:\/\/www.ludwig-van.com\/montreal\/wp-content\/uploads\/sites\/3\/2018\/04\/Sixtrum-web-768x284.jpg 768w\" sizes=\"(max-width: 1024px) 100vw, 1024px\" \/><figcaption id=\"caption-attachment-53617\" class=\"wp-caption-text\">L&rsquo;Ensemble \u00e0 percussion Sixtrum. (Photo : courtoisie)<\/figcaption><\/figure>\n<h3>Festival Orford Musique &#8211; <i>Sixtrum : \u00c9couter\/Voir<\/i><\/h3>\n<p>L\u2019ensemble <b>Sixtrum<\/b> <b>percussion<\/b> allie les percussions et les nouvelles technologies afin d\u2019offrir au public des concerts innovants qui stimulent autant l\u2019ou\u00efe que la vue. Chaque compositions du programme permettra aux spectateurs\u00b7trices d\u2019explorer de fa\u00e7on singuli\u00e8re le monde sonore et visuel des percussions modernes.<\/p>\n<p>LE 18 JUILLET, 19 H 30, SALLE GILLES-LEFEBVRE\u00a0 <a href=\"https:\/\/www.orford.mu\/concerts-et-evenements\/sixtrum-ecouter-voir\/\" target=\"_blank\" rel=\"noopener\">D\u00c9TAILS ET BILLETS<\/a><\/p>\n<p>&nbsp;<\/p>\n<p>&nbsp;<\/p>\n<figure id=\"attachment_58862\" aria-describedby=\"caption-attachment-58862\" style=\"width: 1024px\" class=\"wp-caption aligncenter\"><img decoding=\"async\" loading=\"lazy\" class=\"size-full wp-image-58862\" src=\"https:\/\/www.ludwig-van.com\/montreal\/wp-content\/uploads\/sites\/3\/2019\/01\/CMQ-Photos-1944x75-w2Akamus.jpg\" alt=\"Acad\u00e9mie de musique ancienne de Berlin\" width=\"1024\" height=\"395\" srcset=\"https:\/\/www.ludwig-van.com\/montreal\/wp-content\/uploads\/sites\/3\/2019\/01\/CMQ-Photos-1944x75-w2Akamus.jpg 1024w, https:\/\/www.ludwig-van.com\/montreal\/wp-content\/uploads\/sites\/3\/2019\/01\/CMQ-Photos-1944x75-w2Akamus-300x116.jpg 300w, https:\/\/www.ludwig-van.com\/montreal\/wp-content\/uploads\/sites\/3\/2019\/01\/CMQ-Photos-1944x75-w2Akamus-768x296.jpg 768w\" sizes=\"(max-width: 1024px) 100vw, 1024px\" \/><figcaption id=\"caption-attachment-58862\" class=\"wp-caption-text\">Akamus (Photo : Uwe Arens)<\/figcaption><\/figure>\n<h3>Festival de Lanaudi\u00e8re &#8211; Constellation Akamus + Mendelssohn<\/h3>\n<p>Le Festival de Lanaudi\u00e8re re\u00e7oit l\u2019<b>Akademie f\u00fcr Alte Musik Berlin<\/b>, ou Akamus, pour deux soir\u00e9es d\u2019oratorio de Mendelssohn. Lors de la premi\u00e8re pr\u00e9sentation, le 18 juillet, Akamus ainsi que les jeunes chanteurs\u00b7euses de la <b>Audi Jugenchorakademie<\/b> et les solistes <b>Marie-Sophie Pollak<\/b>, soprano, <b>Ulrike Malotta<\/b>, alto, <b>Werner G\u00fcra<\/b>, t\u00e9nor, et <b>Kre\u0161imir Stra\u017eanac<\/b>, baryton, pr\u00e9senteront l\u2019oratorio int\u00e9gral <i>Paulus<\/i>, op.36. Le 19 juillet, les m\u00eames interpr\u00e8tes s\u2019attaqueront cette fois \u00e0 l\u2019oratorio int\u00e9gral <i>Elias<\/i>, op.36. Deux soir\u00e9es incontournables sous la direction de <b>Martin Stiedler<\/b>.<\/p>\n<p>LE 18 JUILLET, 20 H, AMPHITH\u00c9\u00c2TRE FERNAND-LINDSAY\u00a0<a href=\"https:\/\/lanaudiere.org\/fr\/programmation\/constellation-akamus-mendelssohn-i-saint-paul\/\" target=\"_blank\" rel=\"noopener\"> D\u00c9TAILS ET BILLETS<\/a><\/p>\n<p>LE 19 JUILLET, 19 H, AMPHITH\u00c9\u00c2TRE FERNAND-LINDSAY\u00a0 <a href=\"https:\/\/lanaudiere.org\/fr\/programmation\/constellation-akamus-mendelssohn-ii-le-prophete-elie\/\" target=\"_blank\" rel=\"noopener\">D\u00c9TAILS ET BILLETS<\/a><\/p>\n<p>&nbsp;<\/p>\n<figure id=\"attachment_88757\" aria-describedby=\"caption-attachment-88757\" style=\"width: 1200px\" class=\"wp-caption aligncenter\"><img decoding=\"async\" loading=\"lazy\" class=\"size-full wp-image-88757\" src=\"https:\/\/www.ludwig-van.com\/montreal\/wp-content\/uploads\/sites\/3\/2025\/07\/LesLoups_site-web-du-Festival-de-Lanaudiere.jpg\" alt=\"Octuor de trombones LesLoups (Photo : site web du Festival de Lanaudi\u00e8re)\" width=\"1200\" height=\"675\" srcset=\"https:\/\/www.ludwig-van.com\/montreal\/wp-content\/uploads\/sites\/3\/2025\/07\/LesLoups_site-web-du-Festival-de-Lanaudiere.jpg 1200w, https:\/\/www.ludwig-van.com\/montreal\/wp-content\/uploads\/sites\/3\/2025\/07\/LesLoups_site-web-du-Festival-de-Lanaudiere-300x169.jpg 300w, https:\/\/www.ludwig-van.com\/montreal\/wp-content\/uploads\/sites\/3\/2025\/07\/LesLoups_site-web-du-Festival-de-Lanaudiere-1024x576.jpg 1024w, https:\/\/www.ludwig-van.com\/montreal\/wp-content\/uploads\/sites\/3\/2025\/07\/LesLoups_site-web-du-Festival-de-Lanaudiere-768x432.jpg 768w\" sizes=\"(max-width: 1200px) 100vw, 1200px\" \/><figcaption id=\"caption-attachment-88757\" class=\"wp-caption-text\">Octuor de trombones LesLoups (Photo : site web du Festival de Lanaudi\u00e8re)<\/figcaption><\/figure>\n<h3>Festival de Lanaudi\u00e8re &#8211; <i>Symphonie de cuivres<\/i><\/h3>\n<p>L\u2019octuor de trombones <b>LesLoups<\/b> pr\u00e9sentera ce samedi un concert mettant en valeur toute la polyvalence et la puissance du trombone. Leur r\u00e9pertoire vari\u00e9 allant de Bach aux musiques de films r\u00e9cents saura plaire \u00e0 un public de tous les \u00e2ges.<\/p>\n<p>LE 19 JUILLET, 14 H 30, CARREFOUR CULTUREL DE NOTRE-DAME-DES-PRAIRIES\u00a0 <a href=\"https:\/\/lanaudiere.org\/fr\/programmation\/symphonie-de-cuivres\/\" target=\"_blank\" rel=\"noopener\">D\u00c9TAILS ET BILLETS<\/a><\/p>\n<p>&nbsp;<\/p>\n<figure id=\"attachment_80309\" aria-describedby=\"caption-attachment-80309\" style=\"width: 1200px\" class=\"wp-caption aligncenter\"><img decoding=\"async\" loading=\"lazy\" class=\"size-full wp-image-80309\" src=\"https:\/\/www.ludwig-van.com\/montreal\/wp-content\/uploads\/sites\/3\/2024\/03\/Stock-photo-violoncelle_Meline-Waxx_1200.jpg\" alt=\"Un violoncelle couch\u00e9 sur le c\u00f4t\u00e9 avec un archet d\u00e9pos\u00e9 dessus. (Photo : M\u00e9line Waxx)\" width=\"1200\" height=\"800\" srcset=\"https:\/\/www.ludwig-van.com\/montreal\/wp-content\/uploads\/sites\/3\/2024\/03\/Stock-photo-violoncelle_Meline-Waxx_1200.jpg 1200w, https:\/\/www.ludwig-van.com\/montreal\/wp-content\/uploads\/sites\/3\/2024\/03\/Stock-photo-violoncelle_Meline-Waxx_1200-300x200.jpg 300w, https:\/\/www.ludwig-van.com\/montreal\/wp-content\/uploads\/sites\/3\/2024\/03\/Stock-photo-violoncelle_Meline-Waxx_1200-1024x683.jpg 1024w, https:\/\/www.ludwig-van.com\/montreal\/wp-content\/uploads\/sites\/3\/2024\/03\/Stock-photo-violoncelle_Meline-Waxx_1200-768x512.jpg 768w\" sizes=\"(max-width: 1200px) 100vw, 1200px\" \/><figcaption id=\"caption-attachment-80309\" class=\"wp-caption-text\">(Photo : M\u00e9line Waxx)<\/figcaption><\/figure>\n<h3>Festival Orford Musique &#8211; <i>Entre les cordes<\/i><\/h3>\n<p>Les cordistes <b>Callum Smart<\/b>, violon, <b>Cynthia Blanchon<\/b>, alto, et <b>Yegor Dyachkov<\/b>, violoncelle, donneront vie \u00e0 une programmation o\u00f9 Mozart et Beethoven seront \u00e0 l\u2019honneur. Tant\u00f4t lumineuse, tant\u00f4t passionn\u00e9e, leur musique vous fera vivre une palette d\u2019\u00e9motions, alors que vous serez berc\u00e9 par l\u2019interpr\u00e9tation nuanc\u00e9e et la complicit\u00e9 des interpr\u00e8tes.<\/p>\n<p>LE 19 JUILLET, 16 H, SALLE GILLES-LEFEBVRE\u00a0 <a href=\"https:\/\/www.orford.mu\/concerts-et-evenements\/entre-les-cordes\/\" target=\"_blank\" rel=\"noopener\">D\u00c9TAILS ET BILLETS<\/a><\/p>\n<p>&nbsp;<\/p>\n<h3><\/h3>\n<figure id=\"attachment_82188\" aria-describedby=\"caption-attachment-82188\" style=\"width: 1200px\" class=\"wp-caption aligncenter\"><img decoding=\"async\" loading=\"lazy\" class=\"size-full wp-image-82188\" src=\"https:\/\/www.ludwig-van.com\/montreal\/wp-content\/uploads\/sites\/3\/2024\/06\/Kerson-Leong_Marco-Borggreve_cropped_1200.jpg\" alt=\"Kerson Leong (Photo : Marco Borggreve)\" width=\"1200\" height=\"700\" srcset=\"https:\/\/www.ludwig-van.com\/montreal\/wp-content\/uploads\/sites\/3\/2024\/06\/Kerson-Leong_Marco-Borggreve_cropped_1200.jpg 1200w, https:\/\/www.ludwig-van.com\/montreal\/wp-content\/uploads\/sites\/3\/2024\/06\/Kerson-Leong_Marco-Borggreve_cropped_1200-300x175.jpg 300w, https:\/\/www.ludwig-van.com\/montreal\/wp-content\/uploads\/sites\/3\/2024\/06\/Kerson-Leong_Marco-Borggreve_cropped_1200-1024x597.jpg 1024w, https:\/\/www.ludwig-van.com\/montreal\/wp-content\/uploads\/sites\/3\/2024\/06\/Kerson-Leong_Marco-Borggreve_cropped_1200-768x448.jpg 768w\" sizes=\"(max-width: 1200px) 100vw, 1200px\" \/><figcaption id=\"caption-attachment-82188\" class=\"wp-caption-text\">Kerson Leong (Photo : Marco Borggreve)<\/figcaption><\/figure>\n<h3>Festival international du Domaine Forget &#8211; <i>Brahms et Les Violons du Roy<\/i><\/h3>\n<p><b>Kerson Leong<\/b>, violoniste, se joindra aux <b>Violons du Roy<\/b> sous la direction de <b>Kensho Watanabe<\/b> afin d\u2019interpr\u00e9ter <i>Romance en fa majeur<\/i> de Beethoven en premi\u00e8re partie de ce concert dont la pi\u00e8ce ma\u00eetresse en deuxi\u00e8me partie sera <i>S\u00e9r\u00e9nade no 1 en r\u00e9 majeur<\/i> de Brahms. En plus de ces deux \u0153uvres, de jeunes chef\u00b7fe\u00b7s stagiaires d\u00e9montreront leur comp\u00e9tence dans trois ouvertures, l\u2019une de Mozart, l\u2019une de Beethoven et l\u2019une de Fanny Mendelssohn.<\/p>\n<p>LE 19 JUILLET, 19 H 30, DOMAINE FORGET\u00a0 <a href=\"https:\/\/www.domaineforget.com\/programmation\/festival\/les-violons-du-roy-19-juillet\/?from=1162&amp;from_p=%3fs%3d4931\" target=\"_blank\" rel=\"noopener\">D\u00c9TAILS ET BILLETS<\/a><\/p>\n<h3><\/h3>\n<figure id=\"attachment_82631\" aria-describedby=\"caption-attachment-82631\" style=\"width: 1200px\" class=\"wp-caption aligncenter\"><img decoding=\"async\" loading=\"lazy\" class=\"size-full wp-image-82631\" src=\"https:\/\/www.ludwig-van.com\/montreal\/wp-content\/uploads\/sites\/3\/2024\/07\/Saint-James-United_choeur_1200.jpg\" alt=\"Le buffet d'orgue de l'\u00e9glise Saint-James United (Photo : courtoisie)\" width=\"1200\" height=\"677\" srcset=\"https:\/\/www.ludwig-van.com\/montreal\/wp-content\/uploads\/sites\/3\/2024\/07\/Saint-James-United_choeur_1200.jpg 1200w, https:\/\/www.ludwig-van.com\/montreal\/wp-content\/uploads\/sites\/3\/2024\/07\/Saint-James-United_choeur_1200-300x169.jpg 300w, https:\/\/www.ludwig-van.com\/montreal\/wp-content\/uploads\/sites\/3\/2024\/07\/Saint-James-United_choeur_1200-1024x578.jpg 1024w, https:\/\/www.ludwig-van.com\/montreal\/wp-content\/uploads\/sites\/3\/2024\/07\/Saint-James-United_choeur_1200-768x433.jpg 768w\" sizes=\"(max-width: 1200px) 100vw, 1200px\" \/><figcaption id=\"caption-attachment-82631\" class=\"wp-caption-text\">Le buffet d&rsquo;orgue de l&rsquo;\u00e9glise Saint-James United (Photo : courtoisie)<\/figcaption><\/figure>\n<h3>MusOrgue &#8211; Olivier Larue<\/h3>\n<p>Le compositeur de musique nouvelle et organiste <b>Olivier Larue<\/b> est l\u2019invit\u00e9 de cette semaine au Festival MusOrgue. Les concerts estivaux de MusOrgue visent \u00e0 faire rayonner la musique canadienne. Chaque repr\u00e9sentation a donc une programmation compos\u00e9e \u00e0 50% de contenu canadien, mais \u00e9galement 50% de contenu f\u00e9minin. De plus, au moins l\u2019une des pi\u00e8ces pr\u00e9sent\u00e9es est une cr\u00e9ation d\u2019un compositeur\u00b7trice encore en vie. Les concerts sont tous gratuits et ouverts \u00e0 tous les publics.<\/p>\n<p>LE 20 JUILLET, 13 H, \u00c9GLISE UNIE ST. JAMES<\/p>\n<h3><\/h3>\n<figure id=\"attachment_49236\" aria-describedby=\"caption-attachment-49236\" style=\"width: 1024px\" class=\"wp-caption aligncenter\"><img decoding=\"async\" loading=\"lazy\" class=\"size-full wp-image-49236\" src=\"https:\/\/www.ludwig-van.com\/montreal\/wp-content\/uploads\/sites\/3\/2017\/10\/Cre\u0301ditphoto_Ve\u0301ronique_St-Amand_Julien-Proulx-Portrait-OSD-2017-HR-23.jpg\" alt=\"Julien Proulx\" width=\"1024\" height=\"341\" srcset=\"https:\/\/www.ludwig-van.com\/montreal\/wp-content\/uploads\/sites\/3\/2017\/10\/Cre\u0301ditphoto_Ve\u0301ronique_St-Amand_Julien-Proulx-Portrait-OSD-2017-HR-23.jpg 1024w, https:\/\/www.ludwig-van.com\/montreal\/wp-content\/uploads\/sites\/3\/2017\/10\/Cre\u0301ditphoto_Ve\u0301ronique_St-Amand_Julien-Proulx-Portrait-OSD-2017-HR-23-300x100.jpg 300w, https:\/\/www.ludwig-van.com\/montreal\/wp-content\/uploads\/sites\/3\/2017\/10\/Cre\u0301ditphoto_Ve\u0301ronique_St-Amand_Julien-Proulx-Portrait-OSD-2017-HR-23-768x256.jpg 768w\" sizes=\"(max-width: 1024px) 100vw, 1024px\" \/><figcaption id=\"caption-attachment-49236\" class=\"wp-caption-text\">Julien Proulx. (Cr\u00e9dit : V\u00e9ronique St-Amand.)<\/figcaption><\/figure>\n<h3>Orchestre de la Francophonie &#8211; Concours de direction d\u2019orchestre &#8211; Julien Proulx<\/h3>\n<p><b>Julien Proulx<\/b> est le dernier des finalistes du Concours de direction d\u2019orchestre de l\u2019Orchestre de la Francophonie \u00e0 \u00eatre pr\u00e9sent\u00e9. Nomm\u00e9 directeur artistique de l\u2019ann\u00e9e lors des Prix Opus 2020-2021, Julien Proulx est le chef d\u2019orchestre attitr\u00e9 de l\u2019Orchestre symphonique de Drummondville depuis 2014. Le programme de la soir\u00e9e comprend des \u0153uvres de Ravel, Spohr, H\u00e9tu et Prokofiev.<\/p>\n<p>LE 20 JUILLET, 14 H 30, SALLE PIERRE-MERCURE\u00a0 <a href=\"https:\/\/centrepierrepeladeau.tuxedobillet.com\/main\/concours-julien-proulx\" target=\"_blank\" rel=\"noopener\">D\u00c9TAILS ET BILLETS<\/a><\/p>\n<p>&nbsp;<\/p>\n<figure id=\"attachment_86874\" aria-describedby=\"caption-attachment-86874\" style=\"width: 1200px\" class=\"wp-caption aligncenter\"><img decoding=\"async\" loading=\"lazy\" class=\"size-full wp-image-86874\" src=\"https:\/\/www.ludwig-van.com\/montreal\/wp-content\/uploads\/sites\/3\/2025\/03\/EnsembleArtChoral-TamPhotography-35.jpg\" alt=\"Ensemble ArtChoral (Photo : Tam Photography)\" width=\"1200\" height=\"798\" srcset=\"https:\/\/www.ludwig-van.com\/montreal\/wp-content\/uploads\/sites\/3\/2025\/03\/EnsembleArtChoral-TamPhotography-35.jpg 1200w, https:\/\/www.ludwig-van.com\/montreal\/wp-content\/uploads\/sites\/3\/2025\/03\/EnsembleArtChoral-TamPhotography-35-300x200.jpg 300w, https:\/\/www.ludwig-van.com\/montreal\/wp-content\/uploads\/sites\/3\/2025\/03\/EnsembleArtChoral-TamPhotography-35-1024x681.jpg 1024w, https:\/\/www.ludwig-van.com\/montreal\/wp-content\/uploads\/sites\/3\/2025\/03\/EnsembleArtChoral-TamPhotography-35-768x511.jpg 768w\" sizes=\"(max-width: 1200px) 100vw, 1200px\" \/><figcaption id=\"caption-attachment-86874\" class=\"wp-caption-text\">Ensemble ArtChoral (Photo : Tam Photography)<\/figcaption><\/figure>\n<h3>Festival de musique de Lachine &#8211; <i>Voix divines<\/i><\/h3>\n<p>La semaine se conclut avec une prestation de l\u2019<b>Ensemble ArtChorale<\/b> au Festival de musique de Lachine. Ce ch\u0153ur professionnel se consacre \u00e0 l\u2019interpr\u00e9tation de musique chorale au Qu\u00e9bec, au Canada et \u00e0 l\u2019international depuis plus de 40 ans. Il sera accompagn\u00e9\u00a0des pianistes <b>Guillaume St-Cyr <\/b>et <b>\u00c9tienne G\u00e9nier<\/b>, dans trois \u0153uvres de Brahms : les <em>Liebesliederwalzer<\/em> (<i>Valses de chansons d\u2019amour), <\/i>op. 52 et 65 et la <i>Danse hongroise no 1<\/i> pour piano quatre mains<i>.<\/i><\/p>\n<p>LE 20 JUILLET, 19 H 30, \u00c9GLISE ANNUNZIATA \u00a0 <a href=\"https:\/\/concertslachine.ca\/event\/voix-divines\/?event_date=2025-07-20&amp;_gl=1*1154ueh*_up*MQ..&amp;gclid=Cj0KCQjwss3DBhC3ARIsALdgYxMEbpd8HCiXJcAP0ZwVysIS19cimrC9FrC3Z90vsVWF6WFwNmIRswwaAphpEALw_wcB&amp;gbraid=0AAAAABhrosknAX94O3syzEu9VNmYsfv0b\" target=\"_blank\" rel=\"noopener\">D\u00c9TAILS ET BILLETS<\/a><\/p>\n<h2><em>Inscrivez-vous \u00e0 notre infolettre! La musique classique et l\u2019op\u00e9ra en 5 minutes, chaque jour<\/em> <a href=\"https:\/\/ludwig-van.us9.list-manage.com\/subscribe?u=4f785cb3f9058f2393ccad035&amp;id=b9b160c032\" target=\"_blank\" rel=\"noopener noreferrer\">ICI.<\/a><\/h2>\n","protected":false},"excerpt":{"rendered":"<p>D\u00e9j\u00e0 la mi-juillet! Une derni\u00e8re semaine avant les fameuses vacances de la construction! Mais l\u2019\u00e9t\u00e9 est encore loin d\u2019\u00eatre termin\u00e9 et les festivals de toutes sortes battent leur plein. Vous avez donc plusieurs occasions d\u2019assister \u00e0 des concerts autant dans les environs de Montr\u00e9al que dans d\u2019autres r\u00e9gions telles que l\u2019Estrie, Charlevoix et Qu\u00e9bec. D\u2019ailleurs, pourquoi ne pas \u00e9tirer votre s\u00e9jour dans l\u2019une ou l\u2019autre de ces r\u00e9gions et ainsi encourager les artisans, restaurateurs et commer\u00e7ants locaux? Vous reviendrez en ville d\u00e9tendu et pr\u00eat \u00e0 affronter les c\u00f4nes oranges de Montr\u00e9al!<\/p>\n","protected":false},"author":1,"featured_media":88758,"comment_status":"open","ping_status":"open","sticky":false,"template":"","format":"standard","meta":{"om_disable_all_campaigns":false,"jetpack_post_was_ever_published":false},"categories":[42299,10994],"tags":[42300,11882],"yst_prominent_words":[9878,9863,15006,13120,26052,21187,9877,13123,24231,23790,23792],"acf":[],"jetpack_featured_media_url":"https:\/\/www.ludwig-van.com\/montreal\/wp-content\/uploads\/sites\/3\/2025\/07\/Copie-de-CONCERTS23.jpg","jetpack_sharing_enabled":true,"jetpack_shortlink":"https:\/\/wp.me\/p9bdYt-n5u","amp_enabled":true,"_links":{"self":[{"href":"https:\/\/www.ludwig-van.com\/montreal\/wp-json\/wp\/v2\/posts\/88752"}],"collection":[{"href":"https:\/\/www.ludwig-van.com\/montreal\/wp-json\/wp\/v2\/posts"}],"about":[{"href":"https:\/\/www.ludwig-van.com\/montreal\/wp-json\/wp\/v2\/types\/post"}],"author":[{"embeddable":true,"href":"https:\/\/www.ludwig-van.com\/montreal\/wp-json\/wp\/v2\/users\/1"}],"replies":[{"embeddable":true,"href":"https:\/\/www.ludwig-van.com\/montreal\/wp-json\/wp\/v2\/comments?post=88752"}],"version-history":[{"count":37,"href":"https:\/\/www.ludwig-van.com\/montreal\/wp-json\/wp\/v2\/posts\/88752\/revisions"}],"predecessor-version":[{"id":88803,"href":"https:\/\/www.ludwig-van.com\/montreal\/wp-json\/wp\/v2\/posts\/88752\/revisions\/88803"}],"wp:featuredmedia":[{"embeddable":true,"href":"https:\/\/www.ludwig-van.com\/montreal\/wp-json\/wp\/v2\/media\/88758"}],"wp:attachment":[{"href":"https:\/\/www.ludwig-van.com\/montreal\/wp-json\/wp\/v2\/media?parent=88752"}],"wp:term":[{"taxonomy":"category","embeddable":true,"href":"https:\/\/www.ludwig-van.com\/montreal\/wp-json\/wp\/v2\/categories?post=88752"},{"taxonomy":"post_tag","embeddable":true,"href":"https:\/\/www.ludwig-van.com\/montreal\/wp-json\/wp\/v2\/tags?post=88752"},{"taxonomy":"yst_prominent_words","embeddable":true,"href":"https:\/\/www.ludwig-van.com\/montreal\/wp-json\/wp\/v2\/yst_prominent_words?post=88752"}],"curies":[{"name":"wp","href":"https:\/\/api.w.org\/{rel}","templated":true}]}}