{"id":87886,"date":"2025-07-24T18:34:55","date_gmt":"2025-07-24T22:34:55","guid":{"rendered":"https:\/\/www.ludwig-van.com\/montreal\/?p=87886"},"modified":"2025-07-29T17:11:44","modified_gmt":"2025-07-29T21:11:44","slug":"entrevue-tommy-dupuis-ambassadeur-extraordinaire-de-la-guitare-classique","status":"publish","type":"post","link":"https:\/\/www.ludwig-van.com\/montreal\/2025\/07\/24\/entrevue-tommy-dupuis-ambassadeur-extraordinaire-de-la-guitare-classique\/","title":{"rendered":"ENTREVUE | Tommy Dupuis, ambassadeur extraordinaire de la guitare classique"},"content":{"rendered":"<div class=\"avatar-container ng-tns-c2302330081-89 ng-trigger ng-trigger-scaleDown\">\n<div><\/div>\n<div>\n<figure id=\"attachment_88840\" aria-describedby=\"caption-attachment-88840\" style=\"width: 1200px\" class=\"wp-caption aligncenter\"><img decoding=\"async\" loading=\"lazy\" class=\"size-full wp-image-88840\" src=\"https:\/\/www.ludwig-van.com\/montreal\/wp-content\/uploads\/sites\/3\/2025\/07\/Copie-de-ENTREVUE10.jpg\" alt=\"Tommy Dupuis (Photo : courtoisie des Jeunesses musicales Canada)\" width=\"1200\" height=\"628\" srcset=\"https:\/\/www.ludwig-van.com\/montreal\/wp-content\/uploads\/sites\/3\/2025\/07\/Copie-de-ENTREVUE10.jpg 1200w, https:\/\/www.ludwig-van.com\/montreal\/wp-content\/uploads\/sites\/3\/2025\/07\/Copie-de-ENTREVUE10-300x157.jpg 300w, https:\/\/www.ludwig-van.com\/montreal\/wp-content\/uploads\/sites\/3\/2025\/07\/Copie-de-ENTREVUE10-1024x536.jpg 1024w, https:\/\/www.ludwig-van.com\/montreal\/wp-content\/uploads\/sites\/3\/2025\/07\/Copie-de-ENTREVUE10-768x402.jpg 768w\" sizes=\"(max-width: 1200px) 100vw, 1200px\" \/><figcaption id=\"caption-attachment-88840\" class=\"wp-caption-text\">Tommy Dupuis (Photo : courtoisie JMC)<\/figcaption><\/figure>\n<\/div>\n<div class=\"avatar-container ng-tns-c2302330081-89 ng-trigger ng-trigger-scaleDown\">Ce vendredi 25 juillet, deux occasions sont propos\u00e9es au public de d\u00e9couvrir gratuitement le guitariste <strong>Tommy Dupuis,<\/strong> nomm\u00e9 <strong>R\u00e9v\u00e9lation Radio-Canada Classique 2025<\/strong>. Le sympathique musicien, \u00e9tudiant au Conservatoire Peabody de Baltimore, pr\u00e9sentera son programme \u00ab\u00a0La guitare aux mille sonorit\u00e9s : de Bach \u00e0 aujourd&rsquo;hui\u00a0\u00bb \u00e0 16 h 30 au Parc Morgan ainsi qu&rsquo;\u00e0 19 h au Carr\u00e9 Notre-Dame-des-Victoires.<\/div>\n<\/div>\n<div class=\"avatar-container ng-tns-c2302330081-89 ng-trigger ng-trigger-scaleDown\">\n<div>\n<h3 data-sourcepos=\"7:1-7:55\">Un parcours guid\u00e9 par la passion et la pers\u00e9v\u00e9rance<\/h3>\n<p data-sourcepos=\"9:1-9:428\">Originaire de Saint-David, un petit village nich\u00e9 entre Drummondville et Sorel,<strong> Tommy Dupuis<\/strong> a d&rsquo;abord envisag\u00e9 des \u00e9tudes en sciences marines \u00e0 Rimouski ou \u00e0 Sherbrooke avant de choisir la musique. Ses premiers pas au c\u00e9gep de Drummondville se sont faits \u00e0 la guitare \u00e9lectrique. C&rsquo;est l\u00e0 que, contraint de suivre des cours de guitare classique comme instrument secondaire, il s&rsquo;est d\u00e9couvert une passion pour cet instrument. Au bout de deux ans, il \u00e9tait devenu plus habile \u00e0 la guitare classique qu&rsquo;\u00e0 la guitare jazz et pop, ses choix initiaux. Il est particuli\u00e8rement reconnaissant envers <strong>Ian Murphy<\/strong>, son professeur de l&rsquo;\u00e9poque, pour le r\u00f4le d\u00e9terminant que celui-ci a jou\u00e9 au cours de cette p\u00e9riode d&rsquo;apprentissage fondamentale.<\/p>\n<p data-sourcepos=\"13:1-13:598\">Poursuivant son chemin, <strong>Tommy Dupuis<\/strong> a ensuite obtenu son baccalaur\u00e9at \u00e0 l&rsquo;Universit\u00e9 de Sherbrooke. C&rsquo;est l\u00e0 que <strong>Jean-Fran\u00e7ois Derosby<\/strong> est devenu son mentor, une figure inspirante qui l&rsquo;a pouss\u00e9 \u00e0 croire en ses capacit\u00e9s. Derosby l&rsquo;a encourag\u00e9 \u00e0 ignorer les pr\u00e9jug\u00e9s selon lesquels une carri\u00e8re musicale m\u00e8nerait in\u00e9vitablement \u00e0 la pauvret\u00e9, lui inculquant plut\u00f4t que \u00ab si on met les efforts, on va obtenir les r\u00e9sultats. \u00bb Arm\u00e9 de cette philosophie, Tommy Dupuis s&rsquo;est permis de courir apr\u00e8s ses r\u00eaves les plus ambitieux : l&rsquo;an dernier, il a obtenu un dipl\u00f4me gradu\u00e9 d&rsquo;une des \u00e9coles sup\u00e9rieures les plus r\u00e9put\u00e9es des \u00c9tats-Unis, le Conservatoire Peabody. Il a appris r\u00e9cemment que le Conservatoire lui accordait une bourse compl\u00e8te pour y poursuivre son doctorat \u00e0 partir de l&rsquo;automne prochain : il se r\u00e9jouit de pouvoir y continuer son apprentissage aupr\u00e8s de <strong>Manuel Barrueco<\/strong>, dont il dit \u00ab\u00a0qu&rsquo;il n&rsquo;y a pas beaucoup de personnes aussi d\u00e9termin\u00e9es, intentionnelles et r\u00e9fl\u00e9chies!\u00a0\u00bb<\/p>\n<h3 data-sourcepos=\"15:1-15:66\">La R\u00e9v\u00e9lation Radio-Canada : une cons\u00e9cration et des tremplins<\/h3>\n<p data-sourcepos=\"17:1-17:484\">Tommy Dupuis porte fi\u00e8rement le titre de <strong>R\u00e9v\u00e9lation Radio-Canada Classique 2025<\/strong>, qu&rsquo;il accepte d&rsquo;abord et avant tout comme une validation de sa personnalit\u00e9 artistique. Cette distinction lui ouvrira de nombreuses perspectives professionnelles, lui assurant une couverture m\u00e9diatique consid\u00e9rable tout au long de l&rsquo;ann\u00e9e, mais particuli\u00e8rement en janvier 2026, mois qui lui sera consacr\u00e9. Au cours de cette p\u00e9riode, il donnera notamment un concert pour la <strong>Chapelle historique du Bon-Pasteur<\/strong>\u00a0qui sera enregistr\u00e9 et diffus\u00e9 sur les ondes de Radio-Canada. Un autre concert est pr\u00e9vu le 30 janvier au Th\u00e9\u00e2tre Outremont.<\/p>\n<h3 data-sourcepos=\"33:1-33:44\">Un ambassadeur pour la guitare classique<\/h3>\n<p data-sourcepos=\"35:1-35:481\">Artiste pour les <strong>Jeunesses Musicales Canada<\/strong> (<strong>JMC<\/strong>),Tommy Dupuis est un grand admirateur du travail de l&rsquo;organisme, gr\u00e2ce \u00e0 qui il a pu accomplir des tourn\u00e9es dans l&rsquo;Est du Canada. L&rsquo;apport des JMC va bien au-del\u00e0 de l&rsquo;organisation de ces tourn\u00e9es, puisqu&rsquo;elles lui ont \u00e9galement donn\u00e9 l&rsquo;occasion de travailler avec deux metteures en sc\u00e8ne pour am\u00e9liorer sa pr\u00e9sentation et faire en sorte que l&rsquo;attention du public soit capt\u00e9e.<\/p>\n<p data-sourcepos=\"37:1-37:970\">Avec son album <em>La guitare aux mille sonorit\u00e9s<\/em>, Tommy Dupuis a voulu mettre en lumi\u00e8re la valeur intrins\u00e8que de la guitare classique dans l&rsquo;univers de la musique savante. Il est conscient d&rsquo;une r\u00e9alit\u00e9 historique : \u00e0 cause de son manque de projection sonore, la guitare a souvent \u00e9t\u00e9 d\u00e9favoris\u00e9e dans les grandes salles de concert. \u00c0 l&rsquo;\u00e9poque baroque, aucun instrument n&rsquo;\u00e9tait r\u00e9ellement con\u00e7u pour une forte projection. Mais alors que d&rsquo;autres instruments ont subi des modifications pour am\u00e9liorer leur puissance sonore, la guitare n&rsquo;a pas vraiment \u00e9volu\u00e9 dans ce sens, ce qui a malheureusement conduit au fil du temps \u00e0 un certain abandon de la part des compositeurs. Tommy Dupuis cherche \u00e0 rem\u00e9dier \u00e0 cette situation en enrichissant le r\u00e9pertoire autant d&rsquo;arrangements que de compositions originales. En janvier, dans le cadre de ses prestations pour les R\u00e9v\u00e9lations Radio-Canada, il compte cr\u00e9er la <em>Sonate pour guitare classique<\/em> de la compositrice Jessica Hunt.<\/p>\n<h3 data-sourcepos=\"21:1-21:64\">L&rsquo;appel de l&rsquo;enseignement : une vocation au-del\u00e0 de la sc\u00e8ne<\/h3>\n<p data-sourcepos=\"23:1-23:422\">Au-del\u00e0 de sa carri\u00e8re de concertiste, Tommy Dupuis nourrit un r\u00eave pr\u00e9cis : combiner les tourn\u00e9es avec un poste d&rsquo;enseignement dans un c\u00e9gep ou une universit\u00e9 au Qu\u00e9bec. Sa polyvalence est un atout ind\u00e9niable, puisqu&rsquo;il peut enseigner la guitare, la formation auditive, la th\u00e9orie musicale et m\u00eame l&rsquo;entrepreneuriat de la musique. Pour lui, faire aimer la musique et savoir comment inspirer le monde constitue un talent en soi.<\/p>\n<p data-sourcepos=\"25:1-25:367\">Cet \u00e9lan \u00e0 partager ses connaissances ne date pas d&rsquo;hier. Tommy Dupuis a toujours eu cette fibre p\u00e9dagogique, que ce soit en faisant du b\u00e9n\u00e9volat au centre d&rsquo;aide de son c\u00e9gep lorsqu&rsquo;il \u00e9tudiait les sciences, ou en faisant du tutorat au secondaire. Il a m\u00eame \u00e9t\u00e9 suppl\u00e9ant en math\u00e9matiques et en anglais. C&rsquo;est donc avec joie qu&rsquo;il a r\u00e9cemment donn\u00e9 sa premi\u00e8re classe de ma\u00eetre de niveau universitaire, \u00e0 l&rsquo;Universit\u00e9 Memorial de Terre-Neuve, aupr\u00e8s de la classe de<strong> Tracy Ann Smith<\/strong>, une des meilleures guitaristes au Canada. Il consid\u00e8re ces occasions de redonner aux g\u00e9n\u00e9rations suivantes comme la suite logique de l&rsquo;\u00e9ducation qu&rsquo;il a re\u00e7ue au Qu\u00e9bec et compte bien, une fois ses \u00e9tudes compl\u00e9t\u00e9es aux \u00c9tats-Unis, revenir \u00ab\u00a0au pays\u00a0\u00bb partager les notions apprises.<\/p>\n<p data-sourcepos=\"25:1-25:367\">Pour le moment, les concerts de vendredi offrent une occasion rare d&rsquo;entendre le musicien en pleine ascension avant qu&rsquo;il ne reparte aux \u00c9tats-Unis.<\/p>\n<p data-sourcepos=\"25:1-25:367\">LE 25 JUILLET, 16 H 30, PARC MORGAN ET 19 H, CARR\u00c9 NOTRE-DAME-DES-VICTOIRES\u00a0 <a href=\"https:\/\/montreal.ca\/evenements\/la-guitare-aux-mille-sonorites-de-bach-aujourdhui-88308\" target=\"_blank\" rel=\"noopener\">D\u00c9TAILS<\/a><\/p>\n<\/div>\n<\/div>\n<div class=\"avatar_spinner_animation ng-tns-c2302330081-89 ng-star-inserted\">\n<h2><em>Inscrivez-vous \u00e0 notre infolettre! La musique classique et l\u2019op\u00e9ra en 5 minutes, chaque jour<\/em> <a href=\"https:\/\/ludwig-van.us9.list-manage.com\/subscribe?u=4f785cb3f9058f2393ccad035&amp;id=b9b160c032\" target=\"_blank\" rel=\"noopener noreferrer\">ICI.<\/a><\/h2>\n<\/div>\n","protected":false},"excerpt":{"rendered":"<p>Ce vendredi 25 juillet, deux occasions sont propos\u00e9es au public de d\u00e9couvrir gratuitement le guitariste Tommy Dupuis, nomm\u00e9 R\u00e9v\u00e9lation Radio-Canada Classique 2025. Le sympathique musicien, \u00e9tudiant au Conservatoire Peabody de Baltimore, pr\u00e9sentera son programme \u00ab\u00a0La guitare aux mille sonorit\u00e9s : de Bach \u00e0 aujourd&rsquo;hui\u00a0\u00bb \u00e0 16 h 30 au Parc Morgan ainsi qu&rsquo;\u00e0 19 h au Carr\u00e9 Notre-Dame-des-Victoires.<\/p>\n","protected":false},"author":55,"featured_media":88840,"comment_status":"open","ping_status":"open","sticky":false,"template":"","format":"standard","meta":{"om_disable_all_campaigns":false,"jetpack_post_was_ever_published":false},"categories":[42299,10998],"tags":[42300,22551],"yst_prominent_words":[19182,9878,21655,18232,10038,18000,9877,39053],"acf":[],"jetpack_featured_media_url":"https:\/\/www.ludwig-van.com\/montreal\/wp-content\/uploads\/sites\/3\/2025\/07\/Copie-de-ENTREVUE10.jpg","jetpack_sharing_enabled":true,"jetpack_shortlink":"https:\/\/wp.me\/p9bdYt-mRw","amp_enabled":true,"_links":{"self":[{"href":"https:\/\/www.ludwig-van.com\/montreal\/wp-json\/wp\/v2\/posts\/87886"}],"collection":[{"href":"https:\/\/www.ludwig-van.com\/montreal\/wp-json\/wp\/v2\/posts"}],"about":[{"href":"https:\/\/www.ludwig-van.com\/montreal\/wp-json\/wp\/v2\/types\/post"}],"author":[{"embeddable":true,"href":"https:\/\/www.ludwig-van.com\/montreal\/wp-json\/wp\/v2\/users\/55"}],"replies":[{"embeddable":true,"href":"https:\/\/www.ludwig-van.com\/montreal\/wp-json\/wp\/v2\/comments?post=87886"}],"version-history":[{"count":3,"href":"https:\/\/www.ludwig-van.com\/montreal\/wp-json\/wp\/v2\/posts\/87886\/revisions"}],"predecessor-version":[{"id":88904,"href":"https:\/\/www.ludwig-van.com\/montreal\/wp-json\/wp\/v2\/posts\/87886\/revisions\/88904"}],"wp:featuredmedia":[{"embeddable":true,"href":"https:\/\/www.ludwig-van.com\/montreal\/wp-json\/wp\/v2\/media\/88840"}],"wp:attachment":[{"href":"https:\/\/www.ludwig-van.com\/montreal\/wp-json\/wp\/v2\/media?parent=87886"}],"wp:term":[{"taxonomy":"category","embeddable":true,"href":"https:\/\/www.ludwig-van.com\/montreal\/wp-json\/wp\/v2\/categories?post=87886"},{"taxonomy":"post_tag","embeddable":true,"href":"https:\/\/www.ludwig-van.com\/montreal\/wp-json\/wp\/v2\/tags?post=87886"},{"taxonomy":"yst_prominent_words","embeddable":true,"href":"https:\/\/www.ludwig-van.com\/montreal\/wp-json\/wp\/v2\/yst_prominent_words?post=87886"}],"curies":[{"name":"wp","href":"https:\/\/api.w.org\/{rel}","templated":true}]}}