{"id":87759,"date":"2025-05-12T16:41:32","date_gmt":"2025-05-12T20:41:32","guid":{"rendered":"https:\/\/www.ludwig-van.com\/montreal\/?p=87759"},"modified":"2025-05-15T02:00:02","modified_gmt":"2025-05-15T06:00:02","slug":"communaute-5","status":"publish","type":"post","link":"https:\/\/www.ludwig-van.com\/montreal\/2025\/05\/12\/communaute-5\/","title":{"rendered":"COMMUNAUT\u00c9 | Le CMIM Voix 2025 approche \u00e0 grands pas!"},"content":{"rendered":"<h1><img decoding=\"async\" loading=\"lazy\" class=\"aligncenter size-full wp-image-87762\" src=\"https:\/\/www.ludwig-van.com\/montreal\/wp-content\/uploads\/sites\/3\/2025\/05\/Copie-de-NOUVELLE28.jpg\" alt=\"\" width=\"1200\" height=\"628\" srcset=\"https:\/\/www.ludwig-van.com\/montreal\/wp-content\/uploads\/sites\/3\/2025\/05\/Copie-de-NOUVELLE28.jpg 1200w, https:\/\/www.ludwig-van.com\/montreal\/wp-content\/uploads\/sites\/3\/2025\/05\/Copie-de-NOUVELLE28-300x157.jpg 300w, https:\/\/www.ludwig-van.com\/montreal\/wp-content\/uploads\/sites\/3\/2025\/05\/Copie-de-NOUVELLE28-1024x536.jpg 1024w, https:\/\/www.ludwig-van.com\/montreal\/wp-content\/uploads\/sites\/3\/2025\/05\/Copie-de-NOUVELLE28-768x402.jpg 768w\" sizes=\"(max-width: 1200px) 100vw, 1200px\" \/><\/h1>\n<h1 style=\"text-align: center\"><del>Un message du CMIM<\/del><\/h1>\n<p><strong>Le Concours musical international de Montr\u00e9al rappelle les faits saillants de sa prochaine \u00e9dition qui aura lieu du 25 mai au 6 juin 2025 et pr\u00e9sente\u00a0l\u2019ordre de passage de sa Premi\u00e8re \u00e9preuve<\/strong><\/p>\n<p>Le Concours musical international de Montr\u00e9al (CMIM) se pr\u00e9pare \u00e0 accueillir \u00e0 Montr\u00e9al<strong> 24<\/strong> des meilleurs artistes lyriques de la nouvelle g\u00e9n\u00e9ration. Ces chanteuses et chanteurs, \u00e2g\u00e9s de 25 \u00e0 32 ans, s\u00e9lectionn\u00e9s parmi 348\u00a0candidatures venues des quatre coins du monde, comptent d\u00e9j\u00e0 parmi les plus brillants interpr\u00e8tes de leur g\u00e9n\u00e9ration.<\/p>\n<p><strong>Du 25 mai au 6 juin 2025<\/strong>, Montr\u00e9al r\u00e9unira sur une m\u00eame sc\u00e8ne 24 jeunes passionn\u00e9s aux horizons vari\u00e9s, pr\u00eats \u00e0 nous \u00e9mouvoir par la ma\u00eetrise de leur art.<\/p>\n<blockquote><p>\u00ab <em>Quelle joie d\u2019accueillir \u00e0 Montr\u00e9al des artistes internationaux \u00e0 part enti\u00e8re qui sont d\u00e9j\u00e0 de v\u00e9ritables citoyens et citoyennes du monde! La musique rassemble au-del\u00e0 des fronti\u00e8res et le CMIM est fier d\u2019offrir aux participants issus de <strong>16 pays<\/strong> la possibilit\u00e9 de concourir dans des conditions loyales et fraternelles.<\/em> \u00bb &#8211; <strong>Chantal Poulin, directrice g\u00e9n\u00e9rale du CMIM. <\/strong><\/p><\/blockquote>\n<p><strong>PREMI\u00c8RE \u00c9PREUVE<\/strong><\/p>\n<p>Pour la premi\u00e8re fois au CMIM, la Premi\u00e8re \u00e9preuve offrira la possibilit\u00e9 de chanter deux fois. Les concurrents de Voix 2025 auront au moins deux occasions d&rsquo;impressionner le jury international par la pr\u00e9sentation de programmes compl\u00e9mentaires, d\u2019abord consacr\u00e9s \u00e0 l\u2019<strong>Aria<\/strong> (les 25, 26 et 27 mai), puis \u00e0 la <strong>M\u00e9lodie<\/strong> (les 28 et 29 mai).<\/p>\n<p>Les huit s\u00e9ances de la Premi\u00e8re \u00e9preuve seront pr\u00e9sent\u00e9es avec piano \u00e0 la Salle Bourgie. Les 24\u00a0concurrentes et concurrents pourront d\u00e9montrer leur incroyable talent artistique et leur polyvalence. Le public et le jury pourront \u00e9couter et appr\u00e9cier leur virtuosit\u00e9 et leur musicalit\u00e9 \u00e9blouissantes.<\/p>\n<blockquote><p>\u00ab<em> Les \u00e9preuves de Voix 2025, de m\u00eame que les diff\u00e9rentes \u00e9tapes de cette \u00e9dition, ont \u00e9t\u00e9 con\u00e7ues pour permettre aux interpr\u00e8tes de s\u2019immerger pleinement dans la richesse du r\u00e9pertoire lyrique, incluant des airs contemporains et des \u0153uvres de compositrices et compositeurs canadiens. Voix 2025 leur permettra notamment de nous d\u00e9montrer leur capacit\u00e9 \u00e0 r\u00e9pondre aux exigences multiples et vari\u00e9es d\u2019une carri\u00e8re internationale<\/em>. \u00bb<strong> &#8211; Shira Gilbert, directrice artistique du CMIM.<br \/>\n<\/strong><\/p><\/blockquote>\n<p>&nbsp;<\/p>\n<p><a href=\"https:\/\/www.concoursmontreal.ca\/fr\/voix-2025\/programmation\/\"><strong>D\u00e9couvrez la programmation de Voix 2025 et les horaires<\/strong><\/a><\/p>\n<p><strong>PREMI\u00c8RE \u00c9PREUVE<br \/>\nORDRE DE PASSAGE DE L\u2019\u00c9TAPE 1 \u2013 ARIA<\/strong><\/p>\n<p><strong>Dimanche 25 mai, 13 h 30<\/strong><br \/>\nDaniel Noyola \u2013 Mexique<br \/>\nHedvig Haugerud &#8211; Norv\u00e8ge<br \/>\nFleuranne Brockway &#8211; Australie<br \/>\nRuby Dibble &#8211; \u00c9tats-Unis<br \/>\nKaroline Podolak &#8211; Canada et Pologne<\/p>\n<p><strong>Dimanche 25 mai, 19 h 30<\/strong><br \/>\nKresley Figueroa &#8211; \u00c9tats-Unis (Puerto Rico)<br \/>\nIhor Mostovoi &#8211; Canada et Ukraine<br \/>\nJulia Muzychenko-Greenhalgh \u2013 Russie<br \/>\nTheodore Platt &#8211; Royaume-Unis<br \/>\nLaureano Quant \u2013 Colombie<br \/>\nLundi 26 mai, 13 h 30<br \/>\nKaterina Burton &#8211; \u00c9tats-Unis<br \/>\nPete Thanapat &#8211; Tha\u00eflande<br \/>\nRicardo Garcia &#8211; Nicaragua et \u00c9tats-Unis<br \/>\nValentin Ruckebier &#8211; Allemagne<br \/>\nSophie Naubert \u2013 Canada<\/p>\n<p><strong>Lundi 26 mai, 19 h 30<\/strong><br \/>\nDaria Brusova &#8211; Russie<br \/>\nAriane Cossette &#8211; Canada<br \/>\nIsabel Weller &#8211; Allemagne<br \/>\nChanhee Cho &#8211; Cor\u00e9e du Sud<\/p>\n<p><strong>Mardi 27 mai, 19 h 30<\/strong><br \/>\nJingjing Xu &#8211; Chine<br \/>\nJunho Hwang &#8211; Cor\u00e9e du Sud<br \/>\nFanny Soyer &#8211; France<br \/>\nYewon Han &#8211; Cor\u00e9e du Sud<\/p>\n<p><strong>PREMI\u00c8RE \u00c9PREUVE<\/strong><br \/>\n<strong>ORDRE DE PASSAGE DE L\u2019\u00c9TAPE 2 &#8211; M\u00c9LODIE<\/strong><\/p>\n<p><strong>Mercredi 28 mai, 13 h 30<\/strong><br \/>\nJulia Muzychenko-Greenhalgh &#8211; Russie<br \/>\nIhor Mostovoi &#8211; Canada et Ukraine<br \/>\nKresley Figueroa &#8211; \u00c9tats-Unis (Puerto Rico)<br \/>\nKaroline Podolak &#8211; Canada et Pologne<br \/>\nRuby Dibble &#8211; \u00c9tats-Unis<br \/>\nFleuranne Brockway &#8211; Australie<br \/>\nHedvig Haugerud &#8211; Norv\u00e8ge<br \/>\nDaniel Noyola \u2013 Mexique<\/p>\n<p><strong>Jeudi 29 mai, 13 h 30<\/strong><br \/>\nDaria Brusova &#8211; Russie<br \/>\nSophie Naubert &#8211; Canada<br \/>\nValentin Ruckebier &#8211; Allemagne<br \/>\nRicardo Garcia &#8211; Nicaragua et \u00c9tats-Unis<br \/>\nPete Thanapat &#8211; Tha\u00eflande<br \/>\nKaterina Burton &#8211; \u00c9tats-Unis<br \/>\nLaureano Quant &#8211; Colombie<br \/>\nTheodore Platt &#8211; Royaume Uni<\/p>\n<p><strong>Jeudi 29 mai, 19 h 30<\/strong><br \/>\nYewon Han &#8211; Cor\u00e9e du Sud<br \/>\nFanny Soyer &#8211; France<br \/>\nJunho Hwang &#8211; Cor\u00e9e du Sud<br \/>\nJingjing Xu &#8211; Chine<br \/>\nJaeeun Shin &#8211; Cor\u00e9e du Sud<br \/>\nChanhee Cho &#8211; Cor\u00e9e du Sud<br \/>\nIsabel Weller &#8211; Allemagne<br \/>\nAriane Cossette \u2013 Canada<\/p>\n<p><strong>D\u2019UNE \u00c9PREUVE \u00c0 L\u2019AUTRE<\/strong><br \/>\n\u00c0 l\u2019issue de la <strong>Premi\u00e8re \u00e9preuve<\/strong>, le jury d\u00e9signera cinq finalistes qui prendront part \u00e0 la <strong>Finale du Prix sp\u00e9cial M\u00e9lodie<\/strong>, pr\u00e9sent\u00e9e \u00e0 la Salle Bourgie le 31 mai \u00e0 19 h 30.<\/p>\n<p>&nbsp;<\/p>\n<figure id=\"attachment_87602\" aria-describedby=\"caption-attachment-87602\" style=\"width: 1200px\" class=\"wp-caption aligncenter\"><img decoding=\"async\" loading=\"lazy\" class=\"size-full wp-image-87602\" src=\"https:\/\/www.ludwig-van.com\/montreal\/wp-content\/uploads\/sites\/3\/2017\/09\/CMIMGala-TamPhotography-181-1.jpg\" alt=\"\" width=\"1200\" height=\"798\" srcset=\"https:\/\/www.ludwig-van.com\/montreal\/wp-content\/uploads\/sites\/3\/2017\/09\/CMIMGala-TamPhotography-181-1.jpg 1200w, https:\/\/www.ludwig-van.com\/montreal\/wp-content\/uploads\/sites\/3\/2017\/09\/CMIMGala-TamPhotography-181-1-300x200.jpg 300w, https:\/\/www.ludwig-van.com\/montreal\/wp-content\/uploads\/sites\/3\/2017\/09\/CMIMGala-TamPhotography-181-1-1024x681.jpg 1024w, https:\/\/www.ludwig-van.com\/montreal\/wp-content\/uploads\/sites\/3\/2017\/09\/CMIMGala-TamPhotography-181-1-768x511.jpg 768w\" sizes=\"(max-width: 1200px) 100vw, 1200px\" \/><figcaption id=\"caption-attachment-87602\" class=\"wp-caption-text\">(Photo : Tam Photography)<\/figcaption><\/figure>\n<p>Parall\u00e8lement, le jury s\u00e9lectionnera \u00e9galement dix chanteurs qui participeront \u00e0 la <strong>Demi-finale <\/strong>les 3 et 4 juin \u00e0 19 h 30 \u00e0 la Maison symphonique de Montr\u00e9al. De ces dix demi-finalistes, cinq seront ensuite s\u00e9lectionn\u00e9s pour la grande <strong>Finale<\/strong> du 6 juin \u00e0 19 h 30. Ils auront le privil\u00e8ge de se produire aux c\u00f4t\u00e9s de l&rsquo;<strong>Orchestre symphonique de Montr\u00e9al<\/strong>, l&rsquo;orchestre officiel du CMIM, sous la direction du chef invit\u00e9 <a href=\"https:\/\/www.concoursmontreal.ca\/fr\/voix-2025\/chef\/\"><strong>Patrick Summers<\/strong><\/a>.<\/p>\n<p><strong>VIVEZ AVEC LE CMIM CETTE BELLE AVENTURE HUMAINE ET MUSICALE !<\/strong><\/p>\n<p><strong>Renseignements : <\/strong><a href=\"https:\/\/www.concoursmontreal.ca\/fr\/voix-2025\/\"><strong>site du CMIM<\/strong><strong><br \/>\n<\/strong><\/a><strong>Billets :<\/strong><a href=\"https:\/\/www.placedesarts.com\/concours-musical-international-de-montreal\"> <strong>billetterie de la Place des Arts<\/strong><\/a><\/p>\n<p><strong>DES PRIX POUR C\u00c9L\u00c9BRER LES MEILLEURS DE LA NOUVELLE G\u00c9N\u00c9RATION<\/strong><\/p>\n<p>Des prix d\u2019une valeur de plus de 160 000 $ seront d\u00e9cern\u00e9s lors de Voix 2025. Ces prix, bourses et engagements seront annonc\u00e9s en plusieurs \u00e9tapes tout au long de l\u2019\u00e9dition les 29 et 31 mai \u00e0 la Salle Bourgie, puis lors de la Finale \u00e0 la Maison symphonique le 6 juin.<\/p>\n<p>Ce d\u00e9voilement progressif des gagnantes et des gagnants entretiendra le suspense jusqu\u2019au point culminant de Voix 2025, soit la c\u00e9r\u00e9monie de remise des prix du vendredi 6 juin, o\u00f9 seront r\u00e9v\u00e9l\u00e9s les noms des laur\u00e9ats de cette \u00e9dition.<\/p>\n<p><strong>D\u00e9couvrez-en davantage sur<\/strong> <a href=\"https:\/\/www.concoursmontreal.ca\/fr\/voix-2025\/prix-et-bourses\/\"><strong>les prix<\/strong><\/a> <strong>offerts par le CMIM<\/strong><\/p>\n<p><strong>LE JURY INTERNATIONAL DE L\u2019\u00c9DITION VOIX 2025<\/strong><\/p>\n<p>Le jury international de Voix 2025 est plac\u00e9 sous la pr\u00e9sidence de la soprano canadienne de renomm\u00e9e mondiale <strong>Adrianne Pieczonka<\/strong>. Il rassemble des figures \u00e9minentes du monde de l\u2019op\u00e9ra et de la musique classique, incluant des interpr\u00e8tes et des personnalit\u00e9s influentes : <strong>Harolyn Blackwell<\/strong>,<strong> Iain Burnside<\/strong>,<strong> \u00c9tienne Dupuis<\/strong>,<strong> Anthony Freud<\/strong>,<strong> Roberto Mauro<\/strong>, <strong>Christina Scheppelmann<\/strong> et <strong>Dolores Ziegler<\/strong>. Le jury sera charg\u00e9 d\u2019\u00e9valuer les performances des concurrentes et concurrents, de m\u00eame que de d\u00e9signer les gagnantes et gagnants. Le CMIM est heureux d\u2019offrir aux interpr\u00e8tes l\u2019occasion pr\u00e9cieuse d\u2019\u00eatre entendus par ce panel international.<\/p>\n<p><strong>D\u00e9couvrez les <\/strong><a href=\"https:\/\/www.concoursmontreal.ca\/fr\/voix-2025\/jurys\/\"><strong>membres du grand jury international<\/strong><\/a><strong> et les autres jurys de l\u2019\u00e9dition Voix 2025.\u00a0<\/strong><\/p>\n<p><strong>AUTRES FAITS SAILLANTS DE L\u2019\u00c9DITION VOIX 2025 <\/strong><\/p>\n<p>Au nombre des faits saillants de l\u2019\u00e9dition Voix 2025, rappelons que tous ceux qui participent \u00e0 l\u2019\u00e9dition Voix 2025 du CMIM auront le plaisir de chanter au moins trois fois en sol qu\u00e9b\u00e9cois. Deux fois lors de la <strong>Premi\u00e8re \u00e9preuve<\/strong>, puis une troisi\u00e8me, au-del\u00e0 des \u00e9preuves, gr\u00e2ce au <strong>CMIM sur la route<\/strong>.<\/p>\n<p>Cette initiative, maintenant \u00e0 sa deuxi\u00e8me ann\u00e9e, offre une vitrine suppl\u00e9mentaire aux artistes qui n\u2019avancent pas \u00e0 la Demi-finale. En retour, elle permet aux m\u00e9lomanes d&rsquo;assister \u00e0 des concerts de haut niveau dans une vari\u00e9t\u00e9 de lieux, \u00e9largissant ainsi l&rsquo;exp\u00e9rience musicale du CMIM pour la communaut\u00e9 culturelle du Qu\u00e9bec.<\/p>\n<p>Le public montr\u00e9alais retrouvera \u00e9galement certains de ses artistes lyriques pr\u00e9f\u00e9r\u00e9s des \u00e9ditions Voix lors d&rsquo;un <strong>concert d\u00e9di\u00e9 aux lieder de Schubert<\/strong> le <strong>dimanche 1<sup>er<\/sup> juin \u00e0 19h30<\/strong>. Ayant conquis le public et le jury du CMIM, la soprano Harriet Burns (2<sup>e<\/sup> prix laur\u00e9at, Voix 2022), le baryton Julien Van Mellaerts (2<sup>e<\/sup> prix laur\u00e9at, Voix 2018) et Ian Tindale (pianiste collaborateur, 2<sup>e<\/sup> prix, Voix 2022) reviennent \u00e0 Montr\u00e9al pour ce r\u00e9cital sp\u00e9cial, pr\u00e9sent\u00e9 en partenariat avec la Salle Bourgie.<\/p>\n<p><strong>Tous les d\u00e9tails<\/strong> <a href=\"https:\/\/www.concoursmontreal.ca\/fr\/voix-2025\/schubertiade\/\"><strong>en ligne<\/strong><\/a><\/p>\n<h2><em>Inscrivez-vous \u00e0 notre infolettre! La musique classique et l\u2019op\u00e9ra en 5 minutes, chaque jour<\/em> <a href=\"https:\/\/ludwig-van.us9.list-manage.com\/subscribe?u=4f785cb3f9058f2393ccad035&amp;id=b9b160c032\" target=\"_blank\" rel=\"noopener noreferrer\">ICI.<\/a><\/h2>\n","protected":false},"excerpt":{"rendered":"<p>Le Concours musical international de Montr\u00e9al rappelle les faits saillants de sa prochaine \u00e9dition qui aura lieu du 25 mai au 6 juin 2025 et pr\u00e9sente\u00a0l\u2019ordre de passage de sa Premi\u00e8re \u00e9preuve<\/p>\n","protected":false},"author":1,"featured_media":87762,"comment_status":"open","ping_status":"open","sticky":false,"template":"","format":"standard","meta":{"om_disable_all_campaigns":false,"jetpack_post_was_ever_published":false},"categories":[42299,13504],"tags":[42300,6179],"yst_prominent_words":[9863,19915,10696,12028,9877,23046,18276,18273,22519],"acf":[],"jetpack_featured_media_url":"https:\/\/www.ludwig-van.com\/montreal\/wp-content\/uploads\/sites\/3\/2025\/05\/Copie-de-NOUVELLE28.jpg","jetpack_sharing_enabled":true,"jetpack_shortlink":"https:\/\/wp.me\/p9bdYt-mPt","amp_enabled":true,"_links":{"self":[{"href":"https:\/\/www.ludwig-van.com\/montreal\/wp-json\/wp\/v2\/posts\/87759"}],"collection":[{"href":"https:\/\/www.ludwig-van.com\/montreal\/wp-json\/wp\/v2\/posts"}],"about":[{"href":"https:\/\/www.ludwig-van.com\/montreal\/wp-json\/wp\/v2\/types\/post"}],"author":[{"embeddable":true,"href":"https:\/\/www.ludwig-van.com\/montreal\/wp-json\/wp\/v2\/users\/1"}],"replies":[{"embeddable":true,"href":"https:\/\/www.ludwig-van.com\/montreal\/wp-json\/wp\/v2\/comments?post=87759"}],"version-history":[{"count":23,"href":"https:\/\/www.ludwig-van.com\/montreal\/wp-json\/wp\/v2\/posts\/87759\/revisions"}],"predecessor-version":[{"id":87797,"href":"https:\/\/www.ludwig-van.com\/montreal\/wp-json\/wp\/v2\/posts\/87759\/revisions\/87797"}],"wp:featuredmedia":[{"embeddable":true,"href":"https:\/\/www.ludwig-van.com\/montreal\/wp-json\/wp\/v2\/media\/87762"}],"wp:attachment":[{"href":"https:\/\/www.ludwig-van.com\/montreal\/wp-json\/wp\/v2\/media?parent=87759"}],"wp:term":[{"taxonomy":"category","embeddable":true,"href":"https:\/\/www.ludwig-van.com\/montreal\/wp-json\/wp\/v2\/categories?post=87759"},{"taxonomy":"post_tag","embeddable":true,"href":"https:\/\/www.ludwig-van.com\/montreal\/wp-json\/wp\/v2\/tags?post=87759"},{"taxonomy":"yst_prominent_words","embeddable":true,"href":"https:\/\/www.ludwig-van.com\/montreal\/wp-json\/wp\/v2\/yst_prominent_words?post=87759"}],"curies":[{"name":"wp","href":"https:\/\/api.w.org\/{rel}","templated":true}]}}