{"id":87434,"date":"2025-04-28T16:12:46","date_gmt":"2025-04-28T20:12:46","guid":{"rendered":"https:\/\/www.ludwig-van.com\/montreal\/?p=87434"},"modified":"2025-04-30T14:00:01","modified_gmt":"2025-04-30T18:00:01","slug":"choix-de-la-redaction-contrastes-musicaux-pour-accompagner-toutes-les-humeurs","status":"publish","type":"post","link":"https:\/\/www.ludwig-van.com\/montreal\/2025\/04\/28\/choix-de-la-redaction-contrastes-musicaux-pour-accompagner-toutes-les-humeurs\/","title":{"rendered":"CHOIX DE LA R\u00c9DACTION | Contrastes musicaux pour accompagner toutes les humeurs"},"content":{"rendered":"<figure id=\"attachment_87447\" aria-describedby=\"caption-attachment-87447\" style=\"width: 1200px\" class=\"wp-caption aligncenter\"><img decoding=\"async\" loading=\"lazy\" class=\"size-full wp-image-87447\" src=\"https:\/\/www.ludwig-van.com\/montreal\/wp-content\/uploads\/sites\/3\/2025\/04\/Copie-de-CONCERTS12-1.jpg\" alt=\"Oksana Lyniv (Photo : Serhiy Horobets); Constantinople (Photo : Omar Chennafi); Les Petits Violons (Photo : courtoisie)\" width=\"1200\" height=\"628\" srcset=\"https:\/\/www.ludwig-van.com\/montreal\/wp-content\/uploads\/sites\/3\/2025\/04\/Copie-de-CONCERTS12-1.jpg 1200w, https:\/\/www.ludwig-van.com\/montreal\/wp-content\/uploads\/sites\/3\/2025\/04\/Copie-de-CONCERTS12-1-300x157.jpg 300w, https:\/\/www.ludwig-van.com\/montreal\/wp-content\/uploads\/sites\/3\/2025\/04\/Copie-de-CONCERTS12-1-1024x536.jpg 1024w, https:\/\/www.ludwig-van.com\/montreal\/wp-content\/uploads\/sites\/3\/2025\/04\/Copie-de-CONCERTS12-1-768x402.jpg 768w\" sizes=\"(max-width: 1200px) 100vw, 1200px\" \/><figcaption id=\"caption-attachment-87447\" class=\"wp-caption-text\">Oksana Lyniv (Photo : Serhiy Horobets); Constantinople (Photo : Omar Chennafi); Les Petits Violons (Photo : courtoisie)<\/figcaption><\/figure>\n<p>Contraste est le mot d\u00e9crivant le mieux plusieurs concerts de la semaine. Que ce soit dans les styles ou dans les \u00e9poques, dans les tempi ou l\u2019\u00e9nergie, les contrastes se pr\u00e9senteront de diff\u00e9rentes fa\u00e7ons, mais seront toujours jou\u00e9s avec passion par les artistes, orchestres et ensembles de musique de chambre pour le bonheur de tous.<\/p>\n<p>&nbsp;<\/p>\n<p><img decoding=\"async\" loading=\"lazy\" class=\"aligncenter size-full wp-image-87437\" src=\"https:\/\/www.ludwig-van.com\/montreal\/wp-content\/uploads\/sites\/3\/2025\/04\/UdeM_Ensemble-et-Atelier-de-musique-contemporaine_1000.png\" alt=\"\" width=\"1000\" height=\"1000\" srcset=\"https:\/\/www.ludwig-van.com\/montreal\/wp-content\/uploads\/sites\/3\/2025\/04\/UdeM_Ensemble-et-Atelier-de-musique-contemporaine_1000.png 1000w, https:\/\/www.ludwig-van.com\/montreal\/wp-content\/uploads\/sites\/3\/2025\/04\/UdeM_Ensemble-et-Atelier-de-musique-contemporaine_1000-300x300.png 300w, https:\/\/www.ludwig-van.com\/montreal\/wp-content\/uploads\/sites\/3\/2025\/04\/UdeM_Ensemble-et-Atelier-de-musique-contemporaine_1000-150x150.png 150w, https:\/\/www.ludwig-van.com\/montreal\/wp-content\/uploads\/sites\/3\/2025\/04\/UdeM_Ensemble-et-Atelier-de-musique-contemporaine_1000-768x768.png 768w\" sizes=\"(max-width: 1000px) 100vw, 1000px\" \/><\/p>\n<h3>UdeM &#8211; Concert de l\u2019Ensemble et de l\u2019Atelier de musique contemporaine<\/h3>\n<p>L\u2019<b>Ensemble <\/b>et l\u2019<b>Atelier de musique contemporaine de l\u2019Universit\u00e9 de Montr\u00e9al<\/b> vous pr\u00e9sente le fruit de leur travail de la saison 2024-2025. Vous pourrez y entendre les cr\u00e9ations des \u00e9tudiants sous la direction de <b>Jean-Micha\u00ebl Lavoie<\/b>.<\/p>\n<p>LE 29 AVRIL, 19 H 30, PAVILLON DE LA MUSIQUE DE L\u2019UNIVERSIT\u00c9 DE MONTR\u00c9AL\u00a0 <a href=\"https:\/\/calendrier.umontreal.ca\/activite\/891343-concert-de-lensemble-de-musique-contemporaine\" target=\"_blank\" rel=\"noopener\">D\u00c9TAILS ET BILLETS<\/a><\/p>\n<p>&nbsp;<\/p>\n<figure id=\"attachment_87446\" aria-describedby=\"caption-attachment-87446\" style=\"width: 1156px\" class=\"wp-caption aligncenter\"><img decoding=\"async\" loading=\"lazy\" class=\"size-full wp-image-87446\" src=\"https:\/\/www.ludwig-van.com\/montreal\/wp-content\/uploads\/sites\/3\/2025\/04\/Screenshot-2025-04-28-at-15-58-20-Atelier-lyrique-de-lOpera-de-Montreal-I-Ville-de-Montreal.png\" alt=\"Ilanna Star, Ian Sabourin, Kerry Bursey et Jerome de los Santos (Photo : courtoisie)\" width=\"1156\" height=\"449\" srcset=\"https:\/\/www.ludwig-van.com\/montreal\/wp-content\/uploads\/sites\/3\/2025\/04\/Screenshot-2025-04-28-at-15-58-20-Atelier-lyrique-de-lOpera-de-Montreal-I-Ville-de-Montreal.png 1156w, https:\/\/www.ludwig-van.com\/montreal\/wp-content\/uploads\/sites\/3\/2025\/04\/Screenshot-2025-04-28-at-15-58-20-Atelier-lyrique-de-lOpera-de-Montreal-I-Ville-de-Montreal-300x117.png 300w, https:\/\/www.ludwig-van.com\/montreal\/wp-content\/uploads\/sites\/3\/2025\/04\/Screenshot-2025-04-28-at-15-58-20-Atelier-lyrique-de-lOpera-de-Montreal-I-Ville-de-Montreal-1024x398.png 1024w, https:\/\/www.ludwig-van.com\/montreal\/wp-content\/uploads\/sites\/3\/2025\/04\/Screenshot-2025-04-28-at-15-58-20-Atelier-lyrique-de-lOpera-de-Montreal-I-Ville-de-Montreal-768x298.png 768w\" sizes=\"(max-width: 1156px) 100vw, 1156px\" \/><figcaption id=\"caption-attachment-87446\" class=\"wp-caption-text\">Ilanna Star, Ian Sabourin, Kerry Bursey et Jerome de los Santos (Photo : courtoisie)<\/figcaption><\/figure>\n<h3>Atelier lyrique de l\u2019Op\u00e9ra de Montr\u00e9al<\/h3>\n<p>Ce mardi, vous \u00eates invit\u00e9s \u00e0 assister au concert des finissants de l\u2019<b>Atelier lyrique de l\u2019Op\u00e9ra de Montr\u00e9al<\/b>. <b>Ilanna Star<\/b>, mezzo, et <b>Ian Sabourin<\/b>, contre-t\u00e9nor, seront accompagn\u00e9s au piano par <b>Jerome de los Santos<\/b> et par l\u2019artiste invit\u00e9 <b>Kerry Bursey<\/b> au luth. Au programme, des \u0153uvres de Dowland, Purcell, Monteverdi, Chopin, Brahms et Mahler.<\/p>\n<p>LE 30 AVRIL, 19 H 30, SALLE PAUL-DESMARAIS\u00a0 <a href=\"https:\/\/montreal.ca\/evenements\/atelier-lyrique-de-lopera-de-montreal-i-80826\" target=\"_blank\" rel=\"noopener\">D\u00c9TAILS ET BILLETS<\/a><\/p>\n<p>&nbsp;<\/p>\n<p><img decoding=\"async\" loading=\"lazy\" class=\"aligncenter size-full wp-image-87438\" src=\"https:\/\/www.ludwig-van.com\/montreal\/wp-content\/uploads\/sites\/3\/2025\/04\/OPQ_Brahms_1200.jpg\" alt=\"\" width=\"1200\" height=\"857\" srcset=\"https:\/\/www.ludwig-van.com\/montreal\/wp-content\/uploads\/sites\/3\/2025\/04\/OPQ_Brahms_1200.jpg 1200w, https:\/\/www.ludwig-van.com\/montreal\/wp-content\/uploads\/sites\/3\/2025\/04\/OPQ_Brahms_1200-300x214.jpg 300w, https:\/\/www.ludwig-van.com\/montreal\/wp-content\/uploads\/sites\/3\/2025\/04\/OPQ_Brahms_1200-1024x731.jpg 1024w, https:\/\/www.ludwig-van.com\/montreal\/wp-content\/uploads\/sites\/3\/2025\/04\/OPQ_Brahms_1200-768x548.jpg 768w\" sizes=\"(max-width: 1200px) 100vw, 1200px\" \/><\/p>\n<h3>Orchestre philharmonique du Qu\u00e9bec &#8211; <em>Brahms r\u00e9invent\u00e9<\/em><\/h3>\n<p>L&rsquo;<strong>Orchestre philharmonique du Qu\u00e9bec<\/strong>, sous la direction de son chef attitr\u00e9 <strong>Alexandre da Costa<\/strong>, propose des relectures des \u0153uvres pr\u00e9f\u00e9r\u00e9es du compositeur ainsi que ses plus grands hits en version explos\u00e9e. Le programme inclut la<em> Sonate no 3 en fa mineur<\/em>, op. 5 et la <em>Symphonie no 1<\/em>.<\/p>\n<p>LE 30 AVRIL, 19 H 30, TH\u00c9\u00c2TRE DE LA VILLE <a href=\"https:\/\/philharmonique.quebec\/concert\/brahms-reinvente-4\/\" target=\"_blank\" rel=\"noopener\">D\u00c9TAILS ET BILLETS<\/a><\/p>\n<h3><\/h3>\n<figure id=\"attachment_87439\" aria-describedby=\"caption-attachment-87439\" style=\"width: 1200px\" class=\"wp-caption aligncenter\"><img decoding=\"async\" loading=\"lazy\" class=\"size-full wp-image-87439\" src=\"https:\/\/www.ludwig-van.com\/montreal\/wp-content\/uploads\/sites\/3\/2025\/04\/Jean-Baptiste-FONLUPT-13-Lyodoh-Kaneko.jpg\" alt=\"Jean-Baptiste Fonlupt (Photo : Lyodoh Kaneko)\" width=\"1200\" height=\"1200\" srcset=\"https:\/\/www.ludwig-van.com\/montreal\/wp-content\/uploads\/sites\/3\/2025\/04\/Jean-Baptiste-FONLUPT-13-Lyodoh-Kaneko.jpg 1200w, https:\/\/www.ludwig-van.com\/montreal\/wp-content\/uploads\/sites\/3\/2025\/04\/Jean-Baptiste-FONLUPT-13-Lyodoh-Kaneko-300x300.jpg 300w, https:\/\/www.ludwig-van.com\/montreal\/wp-content\/uploads\/sites\/3\/2025\/04\/Jean-Baptiste-FONLUPT-13-Lyodoh-Kaneko-1024x1024.jpg 1024w, https:\/\/www.ludwig-van.com\/montreal\/wp-content\/uploads\/sites\/3\/2025\/04\/Jean-Baptiste-FONLUPT-13-Lyodoh-Kaneko-150x150.jpg 150w, https:\/\/www.ludwig-van.com\/montreal\/wp-content\/uploads\/sites\/3\/2025\/04\/Jean-Baptiste-FONLUPT-13-Lyodoh-Kaneko-768x768.jpg 768w\" sizes=\"(max-width: 1200px) 100vw, 1200px\" \/><figcaption id=\"caption-attachment-87439\" class=\"wp-caption-text\">Jean-Baptiste Fonlupt (Photo : Lyodoh Kaneko)<\/figcaption><\/figure>\n<h3>Jean-Baptiste Fonlupt, piano<\/h3>\n<p>Pour sa premi\u00e8re pr\u00e9sence \u00e0 Montr\u00e9al, le pianiste fran\u00e7ais <b>Jean-Baptiste Fonlupt<\/b> vous invite \u00e0 un grand voyage int\u00e9rieur par l\u2019entremise de trois monuments du r\u00e9pertoire : la <i>Chaconne en <\/i><em>r\u00e9<\/em><i> mineur<\/i>, BWV 1004 de J. S. Bach dans l&rsquo;arrangement pour piano de Busoni, la <i>Sonate pour piano n<\/i><i>o<\/i><i> 3 en <\/i><em>fa<\/em><i> mineur<\/i>, op. 5 de Brahms et <i>Pr\u00e9ludes<\/i>, op. 23 de Rachmaninov.<\/p>\n<p>LE 30 AVRIL, 19 H 30, SALLE BOURGIE\u00a0<a href=\"https:\/\/www.mbam.qc.ca\/fr\/activites\/jean-baptiste-fonlupt\/\" target=\"_blank\" rel=\"noopener\"> D\u00c9TAILS ET BILLETS<\/a><\/p>\n<p>&nbsp;<\/p>\n<figure id=\"attachment_87445\" aria-describedby=\"caption-attachment-87445\" style=\"width: 1040px\" class=\"wp-caption aligncenter\"><img decoding=\"async\" loading=\"lazy\" class=\"size-full wp-image-87445\" src=\"https:\/\/www.ludwig-van.com\/montreal\/wp-content\/uploads\/sites\/3\/2025\/04\/Jean-Michel-Dube-et-Dominique-Beausejour-Ostiguy.jpg\" alt=\"Jean-Michel Dub\u00e9 et Dominique Beaus\u00e9jour-Ostiguy (Photo : courtoisie)\" width=\"1040\" height=\"660\" srcset=\"https:\/\/www.ludwig-van.com\/montreal\/wp-content\/uploads\/sites\/3\/2025\/04\/Jean-Michel-Dube-et-Dominique-Beausejour-Ostiguy.jpg 1040w, https:\/\/www.ludwig-van.com\/montreal\/wp-content\/uploads\/sites\/3\/2025\/04\/Jean-Michel-Dube-et-Dominique-Beausejour-Ostiguy-300x190.jpg 300w, https:\/\/www.ludwig-van.com\/montreal\/wp-content\/uploads\/sites\/3\/2025\/04\/Jean-Michel-Dube-et-Dominique-Beausejour-Ostiguy-1024x650.jpg 1024w, https:\/\/www.ludwig-van.com\/montreal\/wp-content\/uploads\/sites\/3\/2025\/04\/Jean-Michel-Dube-et-Dominique-Beausejour-Ostiguy-768x487.jpg 768w\" sizes=\"(max-width: 1040px) 100vw, 1040px\" \/><figcaption id=\"caption-attachment-87445\" class=\"wp-caption-text\">Jean-Michel Dub\u00e9 et Dominique Beaus\u00e9jour-Ostiguy (Photo : courtoisie)<\/figcaption><\/figure>\n<h3><em>Aux deux h\u00e9misph\u00e8res<\/em><\/h3>\n<p>C\u2019est le retour des matin\u00e9es \u00e0 la Salle Bourgie et c\u2019est <b>Dominique Beaus\u00e9jour-Ostiguy<\/b>, violoncelle, et <b>Jean-Michel Dub\u00e9<\/b>, piano, qui ont l\u2019honneur d\u2019ouvrir le bal. En plus d\u2019interpr\u00e9ter du Schubert, Piazzolla et Rachmaninov, ils joueront une composition du violoncelliste lui-m\u00eame, <i>Sonate n\u00b0 2 en <\/i><em>sol <\/em><i>mineur<\/i>.<\/p>\n<p>LE 1 MAI, 11 H, SALLE BOURGIE\u00a0 <a href=\"https:\/\/www.mbam.qc.ca\/fr\/activites\/aux-deux-hemispheres\/\" target=\"_blank\" rel=\"noopener\">D\u00c9TAILS ET BILLETS<\/a><\/p>\n<p>&nbsp;<\/p>\n<figure id=\"attachment_87440\" aria-describedby=\"caption-attachment-87440\" style=\"width: 1200px\" class=\"wp-caption aligncenter\"><img decoding=\"async\" loading=\"lazy\" class=\"size-full wp-image-87440\" src=\"https:\/\/www.ludwig-van.com\/montreal\/wp-content\/uploads\/sites\/3\/2025\/04\/Oksana-Lynic_Serhiy-Horobets.jpg\" alt=\"La cheffe Oksana Lynic (Photo : Serhiy Horobets)\" width=\"1200\" height=\"800\" srcset=\"https:\/\/www.ludwig-van.com\/montreal\/wp-content\/uploads\/sites\/3\/2025\/04\/Oksana-Lynic_Serhiy-Horobets.jpg 1200w, https:\/\/www.ludwig-van.com\/montreal\/wp-content\/uploads\/sites\/3\/2025\/04\/Oksana-Lynic_Serhiy-Horobets-300x200.jpg 300w, https:\/\/www.ludwig-van.com\/montreal\/wp-content\/uploads\/sites\/3\/2025\/04\/Oksana-Lynic_Serhiy-Horobets-1024x683.jpg 1024w, https:\/\/www.ludwig-van.com\/montreal\/wp-content\/uploads\/sites\/3\/2025\/04\/Oksana-Lynic_Serhiy-Horobets-768x512.jpg 768w\" sizes=\"(max-width: 1200px) 100vw, 1200px\" \/><figcaption id=\"caption-attachment-87440\" class=\"wp-caption-text\">La cheffe Oksana Lynic (Photo : Serhiy Horobets)<\/figcaption><\/figure>\n<h3>OM &#8211; <em>Paysages slaves<\/em><\/h3>\n<p>La cheffe ukrainienne <b>Oksana Lyniv<\/b> et l\u2019<b>Orchestre M\u00e9tropolitain<\/b> vous feront d\u00e9couvrir ou red\u00e9couvrir des \u0153uvres de l\u2019Europe de l\u2019Est telles que <i>La Moldau<\/i> de Bed\u0159ich Smetana et <i>Po\u00e8me symphonique <\/i>\u00abR\u00e9unification\u00bb de Boris Lyatoshinsky. La violoniste ukrainienne <b>Diana Tishchenko<\/b> sera \u00e9galement de la partie en interpr\u00e9tant le <i>Concerto pour violon<\/i> de Dvo\u0159\u00e1k.<\/p>\n<p>LE 1 MAI, 19 H 30, TH\u00c9\u00c2TRE MIRELLA ET LINO SAPUTO<\/p>\n<p>LE 2 MAI, 19 H 30, MAISON SYMPHONIQUE\u00a0 <a href=\"https:\/\/orchestremetropolitain.com\/fr\/concerts\/printemps-slave\/?show_date_id=7404\" target=\"_blank\" rel=\"noopener\">D\u00c9TAILS ET BILLETS<\/a><\/p>\n<p>&nbsp;<\/p>\n<figure id=\"attachment_83204\" aria-describedby=\"caption-attachment-83204\" style=\"width: 1200px\" class=\"wp-caption aligncenter\"><img decoding=\"async\" loading=\"lazy\" class=\"size-full wp-image-83204\" src=\"https:\/\/www.ludwig-van.com\/montreal\/wp-content\/uploads\/sites\/3\/2017\/12\/Benjamin-grosvenor_Marco-Borggreve.jpg\" alt=\"Benjamin Grosvenor (Photo : Marco Borggreve)\" width=\"1200\" height=\"800\" srcset=\"https:\/\/www.ludwig-van.com\/montreal\/wp-content\/uploads\/sites\/3\/2017\/12\/Benjamin-grosvenor_Marco-Borggreve.jpg 1200w, https:\/\/www.ludwig-van.com\/montreal\/wp-content\/uploads\/sites\/3\/2017\/12\/Benjamin-grosvenor_Marco-Borggreve-300x200.jpg 300w, https:\/\/www.ludwig-van.com\/montreal\/wp-content\/uploads\/sites\/3\/2017\/12\/Benjamin-grosvenor_Marco-Borggreve-1024x683.jpg 1024w, https:\/\/www.ludwig-van.com\/montreal\/wp-content\/uploads\/sites\/3\/2017\/12\/Benjamin-grosvenor_Marco-Borggreve-768x512.jpg 768w\" sizes=\"(max-width: 1200px) 100vw, 1200px\" \/><figcaption id=\"caption-attachment-83204\" class=\"wp-caption-text\">Benjamin Grosvenor (Photo : Marco Borggreve)<\/figcaption><\/figure>\n<h3>OSM &#8211;<em> L\u2019\u00e9tincelant <\/em>Concerto pour piano <em>de Ravel<\/em><\/h3>\n<p>L\u2019<b>Orchestre symphonique de Montr\u00e9al<\/b> vous pr\u00e9sentera un concert tout en contrastes cette semaine. En plus du <i>Concerto pour piano en <\/i>sol de Ravel, interpr\u00e9t\u00e9 par <b>Benjamin Grosvenor, <\/b>o\u00f9 dynamisme et douceur se c\u00f4toient, l\u2019Orchestre offrira la <i>Symphonie no 6<\/i> de Vaughan Williams o\u00f9 puissance et introspection s\u2019entrecoupent. Et pour compl\u00e9ter le tout, une \u0153uvre de la canadienne Emilie LeBel <i>the sediments<\/i>, po\u00e8me \u00e9pique de la terre.<\/p>\n<p>LE 1 MAI, 19 H 30 ET LE 4 MAI, 14 H 30, MAISON SYMPHONIQUE\u00a0 <a href=\"https:\/\/www.osm.ca\/fr\/concert\/letincelant-concerto-pour-piano-de-ravel\/\" target=\"_blank\" rel=\"noopener\">D\u00c9TAILS ET BILLETS<\/a><\/p>\n<p>&nbsp;<\/p>\n<figure id=\"attachment_61572\" aria-describedby=\"caption-attachment-61572\" style=\"width: 1200px\" class=\"wp-caption aligncenter\"><img decoding=\"async\" loading=\"lazy\" class=\"size-full wp-image-61572\" src=\"https:\/\/www.ludwig-van.com\/montreal\/wp-content\/uploads\/sites\/3\/2019\/09\/MelanieLeonard-WestmountPhotographyRobertProvencher-1200.jpg\" alt=\"M\u00e9lanie L\u00e9onard, cheffe d'orchestre. (Photo : Westmount Photography, Robert Provencher\" width=\"1200\" height=\"800\" srcset=\"https:\/\/www.ludwig-van.com\/montreal\/wp-content\/uploads\/sites\/3\/2019\/09\/MelanieLeonard-WestmountPhotographyRobertProvencher-1200.jpg 1200w, https:\/\/www.ludwig-van.com\/montreal\/wp-content\/uploads\/sites\/3\/2019\/09\/MelanieLeonard-WestmountPhotographyRobertProvencher-1200-300x200.jpg 300w, https:\/\/www.ludwig-van.com\/montreal\/wp-content\/uploads\/sites\/3\/2019\/09\/MelanieLeonard-WestmountPhotographyRobertProvencher-1200-768x512.jpg 768w, https:\/\/www.ludwig-van.com\/montreal\/wp-content\/uploads\/sites\/3\/2019\/09\/MelanieLeonard-WestmountPhotographyRobertProvencher-1200-1024x683.jpg 1024w\" sizes=\"(max-width: 1200px) 100vw, 1200px\" \/><figcaption id=\"caption-attachment-61572\" class=\"wp-caption-text\">M\u00e9lanie L\u00e9onard, cheffe d&rsquo;orchestre. (Photo : Westmount Photography, Robert Provencher)<\/figcaption><\/figure>\n<h3>OCM &#8211; <em>Maestro Bernstein<\/em><\/h3>\n<p>L\u2019<b>Orchestre classique de Montr\u00e9al<\/b> vous invite \u00e0 leur soir\u00e9e b\u00e9n\u00e9fice au profit de leur programme Musique pour tous qui vise \u00e0 rendre la musique accessible aux a\u00een\u00e9s, aux nouveaux arrivants, aux personnes moins fortun\u00e9es, ainsi qu\u2019aux refuges pour femmes et enfants. Comme le nom du concert le sugg\u00e8re, seules des pi\u00e8ces du compositeur Leonard Bernstein seront jou\u00e9es, le tout sous la baguette de la cheffe <b>M\u00e9lanie L\u00e9onard<\/b>.<\/p>\n<p>LE 2 MAI, 19 H 30, SALLE PIERRE-P\u00c9LADEAU\u00a0 <a href=\"https:\/\/orchestre.ca\/maestro-bernstein\/\" target=\"_blank\" rel=\"noopener\">D\u00c9TAILS ET BILLETS<\/a><\/p>\n<p>&nbsp;<\/p>\n<figure id=\"attachment_79593\" aria-describedby=\"caption-attachment-79593\" style=\"width: 1200px\" class=\"wp-caption aligncenter\"><img decoding=\"async\" loading=\"lazy\" class=\"size-full wp-image-79593\" src=\"https:\/\/www.ludwig-van.com\/montreal\/wp-content\/uploads\/sites\/3\/2024\/01\/Trio-Fibonacci_Hannah-Spray.jpg\" alt=\"Trio Fibonacci (Photo : Hannah Spray)\" width=\"1200\" height=\"801\" srcset=\"https:\/\/www.ludwig-van.com\/montreal\/wp-content\/uploads\/sites\/3\/2024\/01\/Trio-Fibonacci_Hannah-Spray.jpg 1200w, https:\/\/www.ludwig-van.com\/montreal\/wp-content\/uploads\/sites\/3\/2024\/01\/Trio-Fibonacci_Hannah-Spray-300x200.jpg 300w, https:\/\/www.ludwig-van.com\/montreal\/wp-content\/uploads\/sites\/3\/2024\/01\/Trio-Fibonacci_Hannah-Spray-1024x684.jpg 1024w, https:\/\/www.ludwig-van.com\/montreal\/wp-content\/uploads\/sites\/3\/2024\/01\/Trio-Fibonacci_Hannah-Spray-768x513.jpg 768w\" sizes=\"(max-width: 1200px) 100vw, 1200px\" \/><figcaption id=\"caption-attachment-79593\" class=\"wp-caption-text\">Trio Fibonacci (Photo : Hannah Spray)<\/figcaption><\/figure>\n<h3>Trio Fibonacci &#8211; <em>Retour \u00e0 Vienne<\/em><\/h3>\n<p>Le <b>Trio Fibonacci<\/b>, compos\u00e9 de <b>Julie-Anne Derome<\/b>, violon, <b>Gabriel Prynn<\/b>, violoncelle, et <b>Maxime Shatalkin<\/b>, piano, vous interpr\u00e9tera deux \u0153uvres de g\u00e9ants de la musique de chambre, Schubert et Haydn, ainsi qu\u2019une nouvelle \u0153uvre pour trio du montr\u00e9alais <b>Jesse<\/b> <b>Plessis<\/b> lors de cette soir\u00e9e aux effusions de passion et de l\u00e9g\u00e8ret\u00e9.<\/p>\n<p>LE 2 MAI, 19 H 30, SALLE BOURGIE\u00a0 <a href=\"https:\/\/www.mbam.qc.ca\/fr\/activites\/trio-fibonacci---retour-a-vienne\/\" target=\"_blank\" rel=\"noopener\">D\u00c9TAILS ET BILLETS<\/a><\/p>\n<p>&nbsp;<\/p>\n<figure id=\"attachment_54917\" aria-describedby=\"caption-attachment-54917\" style=\"width: 1024px\" class=\"wp-caption aligncenter\"><img decoding=\"async\" loading=\"lazy\" class=\"size-full wp-image-54917\" src=\"https:\/\/www.ludwig-van.com\/montreal\/wp-content\/uploads\/sites\/3\/2018\/06\/LesViolonsDuRoyPhotoMichelRobitaille-refaite.jpg\" alt=\"Les Violons du Roy (Cr\u00e9dit: Michel Robitaille)\" width=\"1024\" height=\"684\" srcset=\"https:\/\/www.ludwig-van.com\/montreal\/wp-content\/uploads\/sites\/3\/2018\/06\/LesViolonsDuRoyPhotoMichelRobitaille-refaite.jpg 1024w, https:\/\/www.ludwig-van.com\/montreal\/wp-content\/uploads\/sites\/3\/2018\/06\/LesViolonsDuRoyPhotoMichelRobitaille-refaite-300x200.jpg 300w, https:\/\/www.ludwig-van.com\/montreal\/wp-content\/uploads\/sites\/3\/2018\/06\/LesViolonsDuRoyPhotoMichelRobitaille-refaite-768x513.jpg 768w\" sizes=\"(max-width: 1024px) 100vw, 1024px\" \/><figcaption id=\"caption-attachment-54917\" class=\"wp-caption-text\">Les Violons du Roy (Cr\u00e9dit : Michel Robitaille)<\/figcaption><\/figure>\n<h3>Les Violons du Roy &#8211; Bach dans l&rsquo;Espace<\/h3>\n<p>Quatorze instrumentistes membres des Violons du Roy interpr\u00e8tent des \u0153uvres de J. S. Bach et de ses contemporains dans le Ch\u0153ur du Monast\u00e8re des Augustines, sur la rue des Remparts au c\u0153ur du Vieux-Qu\u00e9bec. Deux repr\u00e9sentations sont pr\u00e9vues, en apr\u00e8s-midi et en soir\u00e9e.<\/p>\n<p>LE 3 MAI, 14 H ET\u00a0 19 H 30, CHOEUR DU MONAST\u00c8RE\u00a0 <a href=\"https:\/\/www.eventbrite.ca\/e\/billets-musique-de-chambre-au-monastere-bach-dans-lespace-1226558592769?aff=oddtdtcreator\" target=\"_blank\" rel=\"noopener\">D\u00c9TAILS ET BILLETS<\/a><\/p>\n<p>&nbsp;<\/p>\n<p><img decoding=\"async\" loading=\"lazy\" class=\"aligncenter size-full wp-image-87441\" src=\"https:\/\/www.ludwig-van.com\/montreal\/wp-content\/uploads\/sites\/3\/2025\/04\/Screenshot-2025-04-28-at-15-27-53-7aee33bc-f166-4f86-ad7d-a8c90e8976a6.webp-WEBP-Image-1200-\u00d7-674-pixels.png\" alt=\"\" width=\"1200\" height=\"674\" srcset=\"https:\/\/www.ludwig-van.com\/montreal\/wp-content\/uploads\/sites\/3\/2025\/04\/Screenshot-2025-04-28-at-15-27-53-7aee33bc-f166-4f86-ad7d-a8c90e8976a6.webp-WEBP-Image-1200-\u00d7-674-pixels.png 1200w, https:\/\/www.ludwig-van.com\/montreal\/wp-content\/uploads\/sites\/3\/2025\/04\/Screenshot-2025-04-28-at-15-27-53-7aee33bc-f166-4f86-ad7d-a8c90e8976a6.webp-WEBP-Image-1200-\u00d7-674-pixels-300x169.png 300w, https:\/\/www.ludwig-van.com\/montreal\/wp-content\/uploads\/sites\/3\/2025\/04\/Screenshot-2025-04-28-at-15-27-53-7aee33bc-f166-4f86-ad7d-a8c90e8976a6.webp-WEBP-Image-1200-\u00d7-674-pixels-1024x575.png 1024w, https:\/\/www.ludwig-van.com\/montreal\/wp-content\/uploads\/sites\/3\/2025\/04\/Screenshot-2025-04-28-at-15-27-53-7aee33bc-f166-4f86-ad7d-a8c90e8976a6.webp-WEBP-Image-1200-\u00d7-674-pixels-768x431.png 768w\" sizes=\"(max-width: 1200px) 100vw, 1200px\" \/><\/p>\n<h3>Ch\u0153ur de chambre du Qu\u00e9bec &#8211; <em>\u00c9chos c\u00e9lestes, harmonies terrestres<\/em><\/h3>\n<p>Le <b>Ch\u0153ur de chambre du Qu\u00e9bec<\/b> s\u2019est donn\u00e9 comme mission de contribuer au d\u00e9veloppement et \u00e0 la cr\u00e9ation de r\u00e9pertoire pour ch\u0153ur en fran\u00e7ais. Sous la direction de <b>Robert Ingari<\/b>, le Ch\u0153ur vous invite cette semaine \u00e0 vivre un voyage musical entre ciel et terre alors que la premi\u00e8re partie du concert, <i>\u00c9chos c\u00e9lestes<\/i>, contraste avec la deuxi\u00e8me partie, <i>Harmonies terrestres<\/i>.<\/p>\n<p>LE 3 MAI, 19 H, CHAPELLE NOTRE-DAME-DE-LOURDE\u00a0 <a href=\"https:\/\/rb.gy\/3hu8dr\" target=\"_blank\" rel=\"noopener\">BILLETS<\/a><\/p>\n<p>&nbsp;<\/p>\n<figure id=\"attachment_87442\" aria-describedby=\"caption-attachment-87442\" style=\"width: 1200px\" class=\"wp-caption aligncenter\"><img decoding=\"async\" loading=\"lazy\" class=\"size-full wp-image-87442\" src=\"https:\/\/www.ludwig-van.com\/montreal\/wp-content\/uploads\/sites\/3\/2025\/04\/Constantinople_Estuaire\u00a9Omar_Chennafi_3_recadree_net.jpg\" alt=\"(Photo : Omar Chennafi)\" width=\"1200\" height=\"756\" srcset=\"https:\/\/www.ludwig-van.com\/montreal\/wp-content\/uploads\/sites\/3\/2025\/04\/Constantinople_Estuaire\u00a9Omar_Chennafi_3_recadree_net.jpg 1200w, https:\/\/www.ludwig-van.com\/montreal\/wp-content\/uploads\/sites\/3\/2025\/04\/Constantinople_Estuaire\u00a9Omar_Chennafi_3_recadree_net-300x189.jpg 300w, https:\/\/www.ludwig-van.com\/montreal\/wp-content\/uploads\/sites\/3\/2025\/04\/Constantinople_Estuaire\u00a9Omar_Chennafi_3_recadree_net-1024x645.jpg 1024w, https:\/\/www.ludwig-van.com\/montreal\/wp-content\/uploads\/sites\/3\/2025\/04\/Constantinople_Estuaire\u00a9Omar_Chennafi_3_recadree_net-768x484.jpg 768w\" sizes=\"(max-width: 1200px) 100vw, 1200px\" \/><figcaption id=\"caption-attachment-87442\" class=\"wp-caption-text\">(Photo : Omar Chennafi)<\/figcaption><\/figure>\n<h3>Constantinople &#8211; <em>Estuaire<\/em><\/h3>\n<p>Tout comme l\u2019estuaire, point de jonction entre l\u2019eau sal\u00e9e et l\u2019eau douce, le ma\u00eetre de la kora <b>Ablaye Cissoko<\/b> et l\u2019ambassadeur du sitar persan <b>Kiya Tabassian<\/b> se rencontrent pour r\u00e9v\u00e9ler un potentiel inattendu. Pour une troisi\u00e8me fois, <b>Constantinople <\/b>allie le son des instruments \u00e0 celui des voix pour un moment d\u2019\u00e9merveillement et d\u2019\u00e9veil de la conscience.<\/p>\n<p>LE 3 MAI, 20 H, SALLE BOURGIE\u00a0 D\u00c9TAILS ET BILLETS<\/p>\n<p>&nbsp;<\/p>\n<figure id=\"attachment_87443\" aria-describedby=\"caption-attachment-87443\" style=\"width: 1200px\" class=\"wp-caption aligncenter\"><img decoding=\"async\" loading=\"lazy\" class=\"wp-image-87443 size-full\" src=\"https:\/\/www.ludwig-van.com\/montreal\/wp-content\/uploads\/sites\/3\/2025\/04\/Melissa-Tremblay_Bruce-Gaulin.png\" alt=\"\" width=\"1200\" height=\"675\" srcset=\"https:\/\/www.ludwig-van.com\/montreal\/wp-content\/uploads\/sites\/3\/2025\/04\/Melissa-Tremblay_Bruce-Gaulin.png 1200w, https:\/\/www.ludwig-van.com\/montreal\/wp-content\/uploads\/sites\/3\/2025\/04\/Melissa-Tremblay_Bruce-Gaulin-300x169.png 300w, https:\/\/www.ludwig-van.com\/montreal\/wp-content\/uploads\/sites\/3\/2025\/04\/Melissa-Tremblay_Bruce-Gaulin-1024x576.png 1024w, https:\/\/www.ludwig-van.com\/montreal\/wp-content\/uploads\/sites\/3\/2025\/04\/Melissa-Tremblay_Bruce-Gaulin-768x432.png 768w\" sizes=\"(max-width: 1200px) 100vw, 1200px\" \/><figcaption id=\"caption-attachment-87443\" class=\"wp-caption-text\">Melissa Tremblay et Bruce Gaulin (Photo : Bruce Gaulin)<\/figcaption><\/figure>\n<h3><em>Songs of innocence and experience<\/em><\/h3>\n<p>Tout juste avant sa mort, le compositeur anglais Ralph Vaughan Williams a \u00e9crit un cycle pour soprano et hautbois, <i>Ten Blake Songs<\/i>. La soprano <b>Carole-Anne Roussel<\/b> et la hautbo\u00efste <b>M\u00e9lissa Tremblay<\/b>, appuy\u00e9es de <strong><b>Bruce Gaulin <\/b><\/strong>au piano, vous invitent \u00e0 les d\u00e9couvrir, ainsi que <i>Knoxville : Summer of 1915<\/i> de Samuel Barber et <i>Domestic Tranquility<\/i> de <b>Samuel Adler<\/b>.<\/p>\n<p>LE 4 MAI, 15 H, SALLE PAUL-DESMARAIS\u00a0<a href=\"https:\/\/montreal.ca\/evenements\/songs-innocence-and-experience-80827\" target=\"_blank\" rel=\"noopener\"> D\u00c9TAILS ET BILLETS<\/a><\/p>\n<p>&nbsp;<\/p>\n<figure id=\"attachment_87444\" aria-describedby=\"caption-attachment-87444\" style=\"width: 1200px\" class=\"wp-caption aligncenter\"><img decoding=\"async\" loading=\"lazy\" class=\"size-full wp-image-87444\" src=\"https:\/\/www.ludwig-van.com\/montreal\/wp-content\/uploads\/sites\/3\/2025\/04\/Petits-violons-rhapsodie.png\" alt=\"Les Petits Violons, Penta\u00e8dre et Julien B\u00e9langer (Photo : courtoisie des Petits Violons)\" width=\"1200\" height=\"600\" srcset=\"https:\/\/www.ludwig-van.com\/montreal\/wp-content\/uploads\/sites\/3\/2025\/04\/Petits-violons-rhapsodie.png 1200w, https:\/\/www.ludwig-van.com\/montreal\/wp-content\/uploads\/sites\/3\/2025\/04\/Petits-violons-rhapsodie-300x150.png 300w, https:\/\/www.ludwig-van.com\/montreal\/wp-content\/uploads\/sites\/3\/2025\/04\/Petits-violons-rhapsodie-1024x512.png 1024w, https:\/\/www.ludwig-van.com\/montreal\/wp-content\/uploads\/sites\/3\/2025\/04\/Petits-violons-rhapsodie-768x384.png 768w\" sizes=\"(max-width: 1200px) 100vw, 1200px\" \/><figcaption id=\"caption-attachment-87444\" class=\"wp-caption-text\">Les Petits Violons, Penta\u00e8dre et Julien B\u00e9langer (Photo : courtoisie des Petits Violons)<\/figcaption><\/figure>\n<h3>Les Petits Violons &#8211; Concert du 60e &#8211; Rhapsodie de printemps<\/h3>\n<p>C\u2019est ce dimanche que se conclura la 60e saison des <b>Petits Violons<\/b> avec <i>Concert du 60<\/i><i>e<\/i><i> &#8211; Rhapsodie de Printemps<\/i>. Leurs invit\u00e9s <b>Julien B\u00e9langer<\/b>, timbalier solo de l\u2019Orchestre M\u00e9tropolitain, et l\u2019ensemble <b>Penta\u00e8dre<\/b> se joindront \u00e0 eux afin d\u2019interpr\u00e9ter du Mendelssohn, Vivaldi et Cousineau, le tout sous la direction de <b>Marie-Claire Cousineau<\/b>.<\/p>\n<p>LE 4 MAI, 16 H, SALLE PIERRE-MERCURE\u00a0 <a href=\"https:\/\/lespetitsviolons.com\/concert-de-fin-dannee\/\" target=\"_blank\" rel=\"noopener\">D\u00c9TAILS ET BILLETS<\/a><\/p>\n<h2><em>Inscrivez-vous \u00e0 notre infolettre! La musique classique et l\u2019op\u00e9ra en 5 minutes, chaque jour<\/em>\u00a0<a href=\"https:\/\/ludwig-van.us9.list-manage.com\/subscribe?u=4f785cb3f9058f2393ccad035&amp;id=b9b160c032\" target=\"_blank\" rel=\"noopener noreferrer\">ICI<\/a><\/h2>\n","protected":false},"excerpt":{"rendered":"<p>Contraste est le mot d\u00e9crivant le mieux plusieurs concerts de la semaine. Que ce soit dans les styles ou dans les \u00e9poques, dans les tempi ou l\u2019\u00e9nergie, les contrastes se pr\u00e9senteront de diff\u00e9rentes fa\u00e7ons, mais seront toujours jou\u00e9s avec passion par les artistes, orchestres et ensembles de musique de chambre pour le bonheur de tous.<\/p>\n","protected":false},"author":1,"featured_media":87447,"comment_status":"open","ping_status":"open","sticky":false,"template":"","format":"standard","meta":{"om_disable_all_campaigns":false,"jetpack_post_was_ever_published":false},"categories":[42299,10994],"tags":[42300,11882],"yst_prominent_words":[9878,9863,13120,13117,18277,18275,20734,31965,26052,9877,33503,18276,18273,21827,31964],"acf":[],"jetpack_featured_media_url":"https:\/\/www.ludwig-van.com\/montreal\/wp-content\/uploads\/sites\/3\/2025\/04\/Copie-de-CONCERTS12-1.jpg","jetpack_sharing_enabled":true,"jetpack_shortlink":"https:\/\/wp.me\/p9bdYt-mKe","amp_enabled":true,"_links":{"self":[{"href":"https:\/\/www.ludwig-van.com\/montreal\/wp-json\/wp\/v2\/posts\/87434"}],"collection":[{"href":"https:\/\/www.ludwig-van.com\/montreal\/wp-json\/wp\/v2\/posts"}],"about":[{"href":"https:\/\/www.ludwig-van.com\/montreal\/wp-json\/wp\/v2\/types\/post"}],"author":[{"embeddable":true,"href":"https:\/\/www.ludwig-van.com\/montreal\/wp-json\/wp\/v2\/users\/1"}],"replies":[{"embeddable":true,"href":"https:\/\/www.ludwig-van.com\/montreal\/wp-json\/wp\/v2\/comments?post=87434"}],"version-history":[{"count":20,"href":"https:\/\/www.ludwig-van.com\/montreal\/wp-json\/wp\/v2\/posts\/87434\/revisions"}],"predecessor-version":[{"id":87505,"href":"https:\/\/www.ludwig-van.com\/montreal\/wp-json\/wp\/v2\/posts\/87434\/revisions\/87505"}],"wp:featuredmedia":[{"embeddable":true,"href":"https:\/\/www.ludwig-van.com\/montreal\/wp-json\/wp\/v2\/media\/87447"}],"wp:attachment":[{"href":"https:\/\/www.ludwig-van.com\/montreal\/wp-json\/wp\/v2\/media?parent=87434"}],"wp:term":[{"taxonomy":"category","embeddable":true,"href":"https:\/\/www.ludwig-van.com\/montreal\/wp-json\/wp\/v2\/categories?post=87434"},{"taxonomy":"post_tag","embeddable":true,"href":"https:\/\/www.ludwig-van.com\/montreal\/wp-json\/wp\/v2\/tags?post=87434"},{"taxonomy":"yst_prominent_words","embeddable":true,"href":"https:\/\/www.ludwig-van.com\/montreal\/wp-json\/wp\/v2\/yst_prominent_words?post=87434"}],"curies":[{"name":"wp","href":"https:\/\/api.w.org\/{rel}","templated":true}]}}