{"id":87423,"date":"2025-04-28T11:28:12","date_gmt":"2025-04-28T15:28:12","guid":{"rendered":"https:\/\/www.ludwig-van.com\/montreal\/?p=87423"},"modified":"2025-04-28T14:00:02","modified_gmt":"2025-04-28T18:00:02","slug":"communaute-la-23e-edition-du-festival-montreal-baroque-une-grande-fete-rythmee-du-19-au-22-juin-2025","status":"publish","type":"post","link":"https:\/\/www.ludwig-van.com\/montreal\/2025\/04\/28\/communaute-la-23e-edition-du-festival-montreal-baroque-une-grande-fete-rythmee-du-19-au-22-juin-2025\/","title":{"rendered":"COMMUNAUT\u00c9 | La 23e \u00e9dition du Festival Montr\u00e9al Baroque\u00a0: Une grande f\u00eate rythm\u00e9e du 19 au 22 juin 2025"},"content":{"rendered":"<figure id=\"attachment_87424\" aria-describedby=\"caption-attachment-87424\" style=\"width: 1200px\" class=\"wp-caption aligncenter\"><img decoding=\"async\" loading=\"lazy\" class=\"size-full wp-image-87424\" src=\"https:\/\/www.ludwig-van.com\/montreal\/wp-content\/uploads\/sites\/3\/2025\/04\/Copie-de-NOUVELLE15.jpg\" alt=\"\" width=\"1200\" height=\"628\" srcset=\"https:\/\/www.ludwig-van.com\/montreal\/wp-content\/uploads\/sites\/3\/2025\/04\/Copie-de-NOUVELLE15.jpg 1200w, https:\/\/www.ludwig-van.com\/montreal\/wp-content\/uploads\/sites\/3\/2025\/04\/Copie-de-NOUVELLE15-300x157.jpg 300w, https:\/\/www.ludwig-van.com\/montreal\/wp-content\/uploads\/sites\/3\/2025\/04\/Copie-de-NOUVELLE15-1024x536.jpg 1024w, https:\/\/www.ludwig-van.com\/montreal\/wp-content\/uploads\/sites\/3\/2025\/04\/Copie-de-NOUVELLE15-768x402.jpg 768w\" sizes=\"(max-width: 1200px) 100vw, 1200px\" \/><figcaption id=\"caption-attachment-87424\" class=\"wp-caption-text\">Cr\u00e9dit : \u00c9lisabeth Fortin<\/figcaption><\/figure>\n<h1 style=\"text-align: center\"><del>Un message de Montr\u00e9al Baroque<\/del><\/h1>\n<p>Le <strong>Festival Montr\u00e9al Baroque<\/strong> d\u00e9voile la programmation compl\u00e8te de sa 23e \u00e9dition, qui aura lieu du 19 au 22 juin au c\u0153ur de la m\u00e9tropole. Cette grande f\u00eate baroque propose aux m\u00e9lomanes de tous \u00e2ges et de tous horizons 14 concerts et 7 activit\u00e9s gratuites, r\u00e9unis sous le th\u00e8me \u00ab\u2009\u00c9cho de la terre\u2009\u00bb.<\/p>\n<p>\u00ab\u2009\u00c9cho de la terre\u2009\u00bb, c\u2019est une programmation qui rend hommage \u00e0 la nature, dans toutes ses beaut\u00e9s et dans tous ses dangers\u00a0: les \u00e9l\u00e9ments, les saisons, les grands espaces, mais aussi les grands froids et les catastrophes naturelles\u2009!<\/p>\n<p>Il y en aura pour tous les go\u00fbts, gr\u00e2ce \u00e0 l\u2019heureux mariage de tradition et d\u2019invention qui fait la signature du Festival. Ainsi, les festivaliers pourront entendre <strong>des chefs-d\u2019\u0153uvre du baroque<\/strong> sign\u00e9s Bach, Telemann ou Vivaldi, <strong>\u0153uvres romantiques revisit\u00e9es<\/strong> sur instruments d\u2019\u00e9poque, <strong>musiques arabes, persanes ou turques<\/strong> et m\u00eame de la musique \u00e9lectronique.<\/p>\n<h3>Montr\u00e9al au rythme de la musique baroque<\/h3>\n<p>Cette 23<sup>e<\/sup> \u00e9dition du Festival mettra fi\u00e8rement en vedette <strong>une vingtaine d\u2019artistes qu\u00e9b\u00e9cois\u00b7e\u00b7s <\/strong>: ensembles baroques ch\u00e9ris du public montr\u00e9alais, artistes lyriques passionn\u00e9\u00b7e\u00b7s de ce r\u00e9pertoire, g\u00e9nies des claviers d\u2019\u00e9poque et plus encore. \u00c0 ces artistes d\u2019exception se joindra <strong>l\u2019ensemble espagnol Harmonia del Parn\u00e0s<\/strong>.<\/p>\n<p>Encore cette ann\u00e9e, ses activit\u00e9s seront concentr\u00e9es dans le <strong>Vieux-Montr\u00e9al<\/strong>, faisant revivre une musique d\u2019\u00e9poque dans des lieux tout aussi historiques. Parmi eux, soulignons la <strong>Chapelle Notre-Dame-de-Bonsecours<\/strong>, la Salle Ville-Marie du <strong>March\u00e9 Bonsecours<\/strong>, et la <strong>Station de pompage D\u2019Youville<\/strong> situ\u00e9e dans la Mus\u00e9e Pointe-\u00e0-Calli\u00e8re.<\/p>\n<h3>Faites le plein de festivit\u00e9s &#8230; gratuites!<\/h3>\n<p>En plus des concerts d\u00e9crits ci-dessous, le Festival convie le public au traditionnel <strong>d\u00e9fil\u00e9 d\u2019ouverture <\/strong>(d\u00e9part le 19 juin \u00e0 18h), \u00e0 des <strong>soir\u00e9es musicales au caf\u00e9<\/strong>, au <strong>Lab Baroque <\/strong>(atelier participatif pour musiciens amateurs) et \u00e0 un <strong>cours de ma\u00eetre avec Marian Rosa Montagut <\/strong>(claveciniste et directrice d\u2019Harmonia del Parn\u00e0s). Autant d\u2019activit\u00e9s gratuites pour ajouter \u00e0 l\u2019ambiance festive!<\/p>\n<p>De plus, nouveaut\u00e9 cette ann\u00e9e\u00a0: musiciens en herbe de tous \u00e2ges sont invit\u00e9s \u00e0 participer \u00e0 la cr\u00e9ation d\u2019une nouvelle version de l\u2019\u0153uvre <strong>Les grands espaces,<\/strong> de la compositrice qu\u00e9b\u00e9coise <strong>Katia Makdissi-Warren<\/strong>. Ce concert gratuit r\u00e9unira des ch\u0153urs d\u2019enfants, la chanteuse de gorge <strong>Louisa Qaurriataiytuk<\/strong> (Puvirnituq, Nunavik), <strong>Vincent Lauzer<\/strong> \u00e0 la fl\u00fbte \u00e0 bec et, bien s\u00fbr, le public, sous la direction de <strong>Johanne Couture<\/strong>.<\/p>\n<h3>Billets<\/h3>\n<p>Le Festival offre une tarification r\u00e9duite pour les \u00e9tudiants et les a\u00een\u00e9s ainsi que des rabais \u00e0 l\u2019achat de plusieurs billets. Des passeports donnant acc\u00e8s \u00e0 l\u2019enti\u00e8ret\u00e9 de la programmation sont disponibles en quantit\u00e9s limit\u00e9es! Pour tous les d\u00e9tails sur la programmation et la billetterie : <a href=\"https:\/\/montrealbaroque.com\/fr\/edition-2025\/programmation\">montrealbaroque.com<\/a><\/p>\n<figure id=\"attachment_87427\" aria-describedby=\"caption-attachment-87427\" style=\"width: 1200px\" class=\"wp-caption aligncenter\"><img decoding=\"async\" loading=\"lazy\" class=\"size-full wp-image-87427\" src=\"https:\/\/www.ludwig-van.com\/montreal\/wp-content\/uploads\/sites\/3\/2025\/04\/Cafe-Montreal-Baroque-2024-credit-Philippe-Latour.jpg\" alt=\"Caf\u00e9 Montr\u00e9al Baroque 2024 (Photo : Philippe Latour)\" width=\"1200\" height=\"799\" srcset=\"https:\/\/www.ludwig-van.com\/montreal\/wp-content\/uploads\/sites\/3\/2025\/04\/Cafe-Montreal-Baroque-2024-credit-Philippe-Latour.jpg 1200w, https:\/\/www.ludwig-van.com\/montreal\/wp-content\/uploads\/sites\/3\/2025\/04\/Cafe-Montreal-Baroque-2024-credit-Philippe-Latour-300x200.jpg 300w, https:\/\/www.ludwig-van.com\/montreal\/wp-content\/uploads\/sites\/3\/2025\/04\/Cafe-Montreal-Baroque-2024-credit-Philippe-Latour-1024x682.jpg 1024w, https:\/\/www.ludwig-van.com\/montreal\/wp-content\/uploads\/sites\/3\/2025\/04\/Cafe-Montreal-Baroque-2024-credit-Philippe-Latour-768x511.jpg 768w\" sizes=\"(max-width: 1200px) 100vw, 1200px\" \/><figcaption id=\"caption-attachment-87427\" class=\"wp-caption-text\">Caf\u00e9 Montr\u00e9al Baroque 2024 (Photo : Philippe Latour)<\/figcaption><\/figure>\n<h3>Quatre grands concerts<\/h3>\n<p><strong>Ode au tonnerre<\/strong> \u2013 Oratorio de Georg Philipp Telemann<br \/>\nBande Montr\u00e9al Baroque, direction Matthias Maute<br \/>\nChapelle Notre-Dame-de-Bon-Secours<br \/>\nJeudi 19 juin 2025, \u00e0 19 h<\/p>\n<p><strong>Los Elementos<\/strong> \u2013 Op\u00e9ra d\u2019Antonio de Literes<br \/>\nHarmonia del Parn\u00e0s (Espagne) et musiciens du Festival, direction Marian Rosa Montagut<br \/>\nChapelle Notre-Dame-de-Bon-Secours<br \/>\nVendredi 20 juin 2025, \u00e0 19 h<\/p>\n<p><strong>Voyage d\u2019hiver<\/strong> \u2013 Lieder de Franz Schubert<br \/>\nMyriam Leblanc, soprano; Elizaveta Miller, pianoforte<br \/>\nMarch\u00e9 Bonsecours &#8211; Salle Ville-Marie<br \/>\nSamedi 21 juin 2025, \u00e0 19 h<\/p>\n<p><strong>Quatre saisons<\/strong> \u2013 \u0152uvres d\u2019Antonio Vivaldi et de Matthias Maute<br \/>\nPallade Musica, Les Jardins chor\u00e9graphiques<br \/>\n\u00c9difice Wilder &#8211; Espace Orange<br \/>\nDimanche 22 juin 2025, \u00e0 20 h<\/p>\n<h3>Neuf concerts intimes<\/h3>\n<p><strong>Contes de nos terres<\/strong> \u2013 \u0152uvres baroques occidentales, musique traditionnelle arabe<br \/>\nClassiqueInclusif, direction Haitham Haidar<br \/>\nVo\u00fbte de la chapelle Notre-Dame-de-Bon-Secours<br \/>\n<strong>Jeudi 19 juin 2025, \u00e0 21 h<\/strong><\/p>\n<p><strong>Paris, 1709<\/strong> \u2013 \u0152uvres de Duval, Jacquet de La Guerre, Lully, Mascitti<br \/>\nEnsemble Sonate 1704<br \/>\nVo\u00fbte de la chapelle Notre-Dame-de-Bon-Secours<br \/>\nVendredi 20 juin 2025, \u00e0 17 h<\/p>\n<p><strong>Surnaturel<\/strong> \u2013 \u0152uvres de J. S. Bach<br \/>\nHenry Webb, claviers\u2009; Pierre-Luc Lecours et Daniel \u00c1\u00f1ez, synth\u00e9tiseurs modulaires<br \/>\nVo\u00fbte de la chapelle Notre-Dame-de-Bon-Secours<br \/>\nVendredi 20 juin 2025, \u00e0 21 h<\/p>\n<p><strong>Bzzz<\/strong> \u2013 \u0152uvres de Cl\u00e9rambault, Couperin et Rameau<br \/>\nAndr\u00e9anne Brisson-Paquin, soprano; Hank Knox, clavecin<br \/>\nVo\u00fbte de la chapelle Notre-Dame-de-Bon-Secours<br \/>\nSamedi 21 juin 2025, \u00e0 11 h<\/p>\n<p><strong>Nouvelle Vague<\/strong> \u2013 \u0152uvres de H\u00e4ndel, Locke, Telemann et Vivaldi<br \/>\n\u00c9tudiants de l\u2019Universit\u00e9 McGill, Bande Montr\u00e9al Baroque<br \/>\nChapelle Notre-Dame-de-Bon-Secours<br \/>\nSamedi 21 juin 2025, \u00e0 16 h<\/p>\n<p><strong>Une ann\u00e9e avec Fanny<\/strong> \u2013 Vins nature et musique de Fanny Hensel Mendelssohn<br \/>\nMeagan Milatz, Gili Loftus et Ruxandra Oancea, pianoforte<br \/>\nMarch\u00e9 Bonsecours &#8211; Salle Ville-Marie<br \/>\nSamedi 21 juin 2025, \u00e0 21 h<\/p>\n<p><strong>Sortil\u00e8ges du Levant<\/strong> \u2013 \u0152uvres persanes et turques du 17e si\u00e8cle et compositions originales<br \/>\nDidem Ba\u015far, qan\u00fbn\u2009; Ziya Tabassian, percussions<br \/>\nStation de pompage D\u2019Youville &#8211; Mus\u00e9e Pointe-\u00e0-Calli\u00e8re<br \/>\nDimanche 22 juin 2025, \u00e0 7 h<\/p>\n<p><strong>\u00c9chos intergalactiques<\/strong> \u2013 \u0152uvres de J. S. Bach<br \/>\nLes Voix humaines<br \/>\nStation de pompage D\u2019Youville &#8211; Mus\u00e9e Pointe-\u00e0-Calli\u00e8re<br \/>\nDimanche 22 juin 2025, \u00e0 14 h<\/p>\n<p><strong>\u00a1Danza y amor!<\/strong> \u2013 \u0152uvres de Corradini, Dur\u00f3n et Literes<br \/>\nHarmonia del Parn\u00e0s<br \/>\nAtrium des Grands Ballets<br \/>\nDimanche 22 juin 2025, \u00e0 17 h<\/p>\n<h3>\u00c0 propos de Montr\u00e9al Baroque<\/h3>\n<p>Depuis sa cr\u00e9ation en 2002, Montr\u00e9al Baroque organise le Festival Montr\u00e9al Baroque (FMB), un \u00e9v\u00e9nement annuel reconnu comme une r\u00e9f\u00e9rence dans l\u2019interpr\u00e9tation sur instruments anciens. Dirig\u00e9 par Matthias Maute et Vincent Lauzer, le Festival offre une vitrine aux ensembles \u00e9tablis et \u00e0 la rel\u00e8ve \u00e9m\u00e9rite montr\u00e9alaise en musique ancienne, afin d\u2019animer Montr\u00e9al au rythme et au diapason de la musique baroque provenant de tous les horizons culturels.<\/p>\n<h2><em>Inscrivez-vous \u00e0 notre infolettre! La musique classique et l\u2019op\u00e9ra en 5 minutes, chaque jour<\/em>\u00a0<a href=\"https:\/\/ludwig-van.us9.list-manage.com\/subscribe?u=4f785cb3f9058f2393ccad035&amp;id=b9b160c032\" target=\"_blank\" rel=\"noopener noreferrer\">ICI\u00a0<\/a><\/h2>\n","protected":false},"excerpt":{"rendered":"<p>Le Festival Montr\u00e9al Baroque d\u00e9voile la programmation compl\u00e8te de sa 23e \u00e9dition, qui aura lieu du 19 au 22 juin au c\u0153ur de la m\u00e9tropole. Cette grande f\u00eate baroque propose aux m\u00e9lomanes de tous \u00e2ges et de tous horizons 14 concerts et 7 activit\u00e9s gratuites, r\u00e9unis sous le th\u00e8me \u00ab\u2009\u00c9cho de la terre\u2009\u00bb.<\/p>\n","protected":false},"author":1,"featured_media":87424,"comment_status":"open","ping_status":"open","sticky":false,"template":"","format":"standard","meta":{"om_disable_all_campaigns":false,"jetpack_post_was_ever_published":false},"categories":[42299,13504],"tags":[42300,40521],"yst_prominent_words":[23697],"acf":[],"jetpack_featured_media_url":"https:\/\/www.ludwig-van.com\/montreal\/wp-content\/uploads\/sites\/3\/2025\/04\/Copie-de-NOUVELLE15.jpg","jetpack_sharing_enabled":true,"jetpack_shortlink":"https:\/\/wp.me\/p9bdYt-mK3","amp_enabled":true,"_links":{"self":[{"href":"https:\/\/www.ludwig-van.com\/montreal\/wp-json\/wp\/v2\/posts\/87423"}],"collection":[{"href":"https:\/\/www.ludwig-van.com\/montreal\/wp-json\/wp\/v2\/posts"}],"about":[{"href":"https:\/\/www.ludwig-van.com\/montreal\/wp-json\/wp\/v2\/types\/post"}],"author":[{"embeddable":true,"href":"https:\/\/www.ludwig-van.com\/montreal\/wp-json\/wp\/v2\/users\/1"}],"replies":[{"embeddable":true,"href":"https:\/\/www.ludwig-van.com\/montreal\/wp-json\/wp\/v2\/comments?post=87423"}],"version-history":[{"count":5,"href":"https:\/\/www.ludwig-van.com\/montreal\/wp-json\/wp\/v2\/posts\/87423\/revisions"}],"predecessor-version":[{"id":87436,"href":"https:\/\/www.ludwig-van.com\/montreal\/wp-json\/wp\/v2\/posts\/87423\/revisions\/87436"}],"wp:featuredmedia":[{"embeddable":true,"href":"https:\/\/www.ludwig-van.com\/montreal\/wp-json\/wp\/v2\/media\/87424"}],"wp:attachment":[{"href":"https:\/\/www.ludwig-van.com\/montreal\/wp-json\/wp\/v2\/media?parent=87423"}],"wp:term":[{"taxonomy":"category","embeddable":true,"href":"https:\/\/www.ludwig-van.com\/montreal\/wp-json\/wp\/v2\/categories?post=87423"},{"taxonomy":"post_tag","embeddable":true,"href":"https:\/\/www.ludwig-van.com\/montreal\/wp-json\/wp\/v2\/tags?post=87423"},{"taxonomy":"yst_prominent_words","embeddable":true,"href":"https:\/\/www.ludwig-van.com\/montreal\/wp-json\/wp\/v2\/yst_prominent_words?post=87423"}],"curies":[{"name":"wp","href":"https:\/\/api.w.org\/{rel}","templated":true}]}}