{"id":87294,"date":"2025-04-21T16:33:31","date_gmt":"2025-04-21T20:33:31","guid":{"rendered":"https:\/\/www.ludwig-van.com\/montreal\/?p=87294"},"modified":"2025-04-22T14:00:02","modified_gmt":"2025-04-22T18:00:02","slug":"choix-de-la-redaction-concerts-pour-contrer-la-grisaille","status":"publish","type":"post","link":"https:\/\/www.ludwig-van.com\/montreal\/2025\/04\/21\/choix-de-la-redaction-concerts-pour-contrer-la-grisaille\/","title":{"rendered":"CHOIX DE LA R\u00c9DACTION | Concerts pour contrer la grisaille"},"content":{"rendered":"<figure id=\"attachment_87307\" aria-describedby=\"caption-attachment-87307\" style=\"width: 1200px\" class=\"wp-caption aligncenter\"><img decoding=\"async\" loading=\"lazy\" class=\"size-full wp-image-87307\" src=\"https:\/\/www.ludwig-van.com\/montreal\/wp-content\/uploads\/sites\/3\/2025\/04\/Copie-de-CONCERTS14.jpg\" alt=\"Trio Wanderer (Photo : courtoisie), Thomas Hampson (Photo : Marshall Light Studio), Kate Fogg (Photo : courtoisie)\" width=\"1200\" height=\"628\" srcset=\"https:\/\/www.ludwig-van.com\/montreal\/wp-content\/uploads\/sites\/3\/2025\/04\/Copie-de-CONCERTS14.jpg 1200w, https:\/\/www.ludwig-van.com\/montreal\/wp-content\/uploads\/sites\/3\/2025\/04\/Copie-de-CONCERTS14-300x157.jpg 300w, https:\/\/www.ludwig-van.com\/montreal\/wp-content\/uploads\/sites\/3\/2025\/04\/Copie-de-CONCERTS14-1024x536.jpg 1024w, https:\/\/www.ludwig-van.com\/montreal\/wp-content\/uploads\/sites\/3\/2025\/04\/Copie-de-CONCERTS14-768x402.jpg 768w\" sizes=\"(max-width: 1200px) 100vw, 1200px\" \/><figcaption id=\"caption-attachment-87307\" class=\"wp-caption-text\">Trio Wanderer (Photo : courtoisie), Thomas Hampson (Photo : Marshall Light Studio), Kate Fogg (Photo : courtoisie)<\/figcaption><\/figure>\n<p>La m\u00e9t\u00e9o annonce des journ\u00e9es nuageuses et m\u00eame de la pluie cette semaine, mais les musicien\u00b7ne\u00b7s d\u2019ici et d\u2019ailleurs ajouteront certainement du soleil dans vos journ\u00e9es. Et si vous allez \u00e0 Qu\u00e9bec entendre l\u2019OSQ ou Thomas Hampson et Wolfram Rieger, pensez \u00e0 emporter une \u00ab p\u2019tite laine \u00bb dans vos valises, car la chaleur tarde \u00e0 s\u2019installer dans ce coin de pays!<\/p>\n<p>&nbsp;<\/p>\n<figure id=\"attachment_87295\" aria-describedby=\"caption-attachment-87295\" style=\"width: 1200px\" class=\"wp-caption aligncenter\"><img decoding=\"async\" loading=\"lazy\" class=\"size-full wp-image-87295\" src=\"https:\/\/www.ludwig-van.com\/montreal\/wp-content\/uploads\/sites\/3\/2025\/04\/Thorwald_jorgensen_Anouschka-Hendriks-van-Den-Hoogen_cropped.jpg\" alt=\"Thorwald Jorgensen (Photo : Anouschka Hendriks-van Den Hoogen)\" width=\"1200\" height=\"849\" srcset=\"https:\/\/www.ludwig-van.com\/montreal\/wp-content\/uploads\/sites\/3\/2025\/04\/Thorwald_jorgensen_Anouschka-Hendriks-van-Den-Hoogen_cropped.jpg 1200w, https:\/\/www.ludwig-van.com\/montreal\/wp-content\/uploads\/sites\/3\/2025\/04\/Thorwald_jorgensen_Anouschka-Hendriks-van-Den-Hoogen_cropped-300x212.jpg 300w, https:\/\/www.ludwig-van.com\/montreal\/wp-content\/uploads\/sites\/3\/2025\/04\/Thorwald_jorgensen_Anouschka-Hendriks-van-Den-Hoogen_cropped-1024x724.jpg 1024w, https:\/\/www.ludwig-van.com\/montreal\/wp-content\/uploads\/sites\/3\/2025\/04\/Thorwald_jorgensen_Anouschka-Hendriks-van-Den-Hoogen_cropped-768x543.jpg 768w\" sizes=\"(max-width: 1200px) 100vw, 1200px\" \/><figcaption id=\"caption-attachment-87295\" class=\"wp-caption-text\">Thorwald Jorgensen (Photo : Anouschka Hendriks-van Den Hoogen)<\/figcaption><\/figure>\n<h3>CMC &#8211; Thorwald Jorgensen, th\u00e9r\u00e9mine<\/h3>\n<p>Le Centre de musique canadienne au Qu\u00e9bec vous offre la possibilit\u00e9 de d\u00e9couvrir le th\u00e9r\u00e9mine, l\u2019un des plus anciens instruments de musique \u00e9lectronique. C\u2019est gr\u00e2ce \u00e0 un atelier et une d\u00e9monstration suivi d\u2019un concert que <b>Thorwald Jorgensen<\/b> des Pays-Bas d\u00e9mystifiera cet instrument qui produit de la musique sans que l&rsquo;instrumentiste n&rsquo;ait \u00e0 le toucher!<\/p>\n<p>LE 23 AVRIL, 19 H, ESPACE KENDERGI DU CENTRE DE MUSIQUE CANADIENNE AU QU\u00c9BEC\u00a0 <a href=\"https:\/\/www.zeffy.com\/fr-CA\/ticketing\/atelier-demonstration-et-concert-de-theremine-avec-thorwald-jorgensen?fbclid=IwY2xjawJp9K1leHRuA2FlbQIxMAABHgF2lGiFdG54k6u9Uv846wA3YOA3m25qvhxox2y7YT-2Kqq9YGgeRZIWllPw_aem_37cwsw2_FBO3YhAqVz6W2w\" target=\"_blank\" rel=\"noopener\">D\u00c9TAILS ET BILLETS<\/a><\/p>\n<p>&nbsp;<\/p>\n<figure id=\"attachment_87301\" aria-describedby=\"caption-attachment-87301\" style=\"width: 1200px\" class=\"wp-caption aligncenter\"><img decoding=\"async\" loading=\"lazy\" class=\"size-full wp-image-87301\" src=\"https:\/\/www.ludwig-van.com\/montreal\/wp-content\/uploads\/sites\/3\/2025\/04\/Kate-Fogg_McGill.png\" alt=\"Kate Fogg (Photo : courtoisie)\" width=\"1200\" height=\"704\" srcset=\"https:\/\/www.ludwig-van.com\/montreal\/wp-content\/uploads\/sites\/3\/2025\/04\/Kate-Fogg_McGill.png 1200w, https:\/\/www.ludwig-van.com\/montreal\/wp-content\/uploads\/sites\/3\/2025\/04\/Kate-Fogg_McGill-300x176.png 300w, https:\/\/www.ludwig-van.com\/montreal\/wp-content\/uploads\/sites\/3\/2025\/04\/Kate-Fogg_McGill-1024x601.png 1024w, https:\/\/www.ludwig-van.com\/montreal\/wp-content\/uploads\/sites\/3\/2025\/04\/Kate-Fogg_McGill-768x451.png 768w\" sizes=\"(max-width: 1200px) 100vw, 1200px\" \/><figcaption id=\"caption-attachment-87301\" class=\"wp-caption-text\">Kate Fogg (Photo : courtoisie)<\/figcaption><\/figure>\n<h3>Schulich@Bonpasteur VI &#8211; Prix d\u2019art vocal Wirth<\/h3>\n<p>La Chapelle musicale du Bon-Pasteur pr\u00e9sente la laur\u00e9ate 2025 du 10e\u00a0 Prix en art vocal Wirth, la soprano <b>Kate Fogg<\/b>. Ce prix r\u00e9compense un\u00b7e \u00e9tudiant\u00b7e en chant qui a le potentiel de mener \u00e0 une carri\u00e8re internationale. La jeune Am\u00e9ricaine \u00e9tudie pr\u00e9sentement \u00e0 la ma\u00eetrise \u00e0 l\u2019Universit\u00e9 McGill apr\u00e8s avoir obtenu un baccalaur\u00e9at en chant de l\u2019Universit\u00e9 du Maine.<\/p>\n<p>LE 23 AVRIL, 19 H 30, SALLE PAUL-DESMARAIS\u00a0 <a href=\"https:\/\/montreal.ca\/evenements\/schulichbonpasteur-vi-prix-dart-vocal-wirth-80594\" target=\"_blank\" rel=\"noopener\">D\u00c9TAILS ET BILLETS<\/a><\/p>\n<p>&nbsp;<\/p>\n<figure id=\"attachment_87298\" aria-describedby=\"caption-attachment-87298\" style=\"width: 1200px\" class=\"wp-caption aligncenter\"><img decoding=\"async\" loading=\"lazy\" class=\"size-full wp-image-87298\" src=\"https:\/\/www.ludwig-van.com\/montreal\/wp-content\/uploads\/sites\/3\/2025\/04\/Thomas-Hampson_Chris-Singer.jpg\" alt=\"Thomas Hampson (Photo : Chris Singer)\" width=\"1200\" height=\"900\" srcset=\"https:\/\/www.ludwig-van.com\/montreal\/wp-content\/uploads\/sites\/3\/2025\/04\/Thomas-Hampson_Chris-Singer.jpg 1200w, https:\/\/www.ludwig-van.com\/montreal\/wp-content\/uploads\/sites\/3\/2025\/04\/Thomas-Hampson_Chris-Singer-300x225.jpg 300w, https:\/\/www.ludwig-van.com\/montreal\/wp-content\/uploads\/sites\/3\/2025\/04\/Thomas-Hampson_Chris-Singer-1024x768.jpg 1024w, https:\/\/www.ludwig-van.com\/montreal\/wp-content\/uploads\/sites\/3\/2025\/04\/Thomas-Hampson_Chris-Singer-768x576.jpg 768w\" sizes=\"(max-width: 1200px) 100vw, 1200px\" \/><figcaption id=\"caption-attachment-87298\" class=\"wp-caption-text\">Thomas Hampson (Photo : Chris Singer)<\/figcaption><\/figure>\n<h3>OSM &#8211; Festival Mozart &#8211; Cos\u00ec fan tutte <em>de Mozart : le dangereux jeu de l\u2019amour<\/em><\/h3>\n<p>L\u2019<b>Orchestre symphonique de Montr\u00e9al<\/b>, dirig\u00e9 par <b>Rafael Payare, <\/b>et le <b>Ch\u0153ur de l\u2019OSM<\/b>, dirig\u00e9 par <b>Andrew Megill<\/b>, pr\u00e9sente cette semaine l\u2019op\u00e9ra <i>Cos\u00ec fan tutte<\/i> de Mozart sur la sc\u00e8ne de la Maison symphonique. Le sp\u00e9cialiste de Mozart <b>Thomas Hampson<\/b>, baryton, y joue le r\u00f4le d\u2019Alfonso en plus d\u2019avoir fait la mise en espace. Vous pourrez \u00e9galement y entendre <b>Anna Prohaska <\/b>et <b>Jenny Daviet<\/b>, sopranos, <b>Mich\u00e8le Losier<\/b>, mezzo-soprano, <b>Matthew Swensen<\/b>, t\u00e9nor, ainsi que <b>Gustavo Castillo<\/b>, baryton.<\/p>\n<p>LES 23 ET 25 AVRIL, 19 H 30, MAISON SYMPHONIQUE\u00a0 <a href=\"https:\/\/www.osm.ca\/fr\/concert\/cosi-fan-tutte-de-mozart-le-dangereux-jeu-de-lamour\/\" target=\"_blank\" rel=\"noopener\">D\u00c9TAILS ET BILLETS<\/a><\/p>\n<p>&nbsp;<\/p>\n<figure id=\"attachment_87299\" aria-describedby=\"caption-attachment-87299\" style=\"width: 1200px\" class=\"wp-caption aligncenter\"><img decoding=\"async\" loading=\"lazy\" class=\"size-full wp-image-87299\" src=\"https:\/\/www.ludwig-van.com\/montreal\/wp-content\/uploads\/sites\/3\/2025\/04\/Rafael-Payare_20250416_Antoine-Saito.jpg\" alt=\"Rafael Payare (Photo : Antoine Saito)\" width=\"1200\" height=\"800\" srcset=\"https:\/\/www.ludwig-van.com\/montreal\/wp-content\/uploads\/sites\/3\/2025\/04\/Rafael-Payare_20250416_Antoine-Saito.jpg 1200w, https:\/\/www.ludwig-van.com\/montreal\/wp-content\/uploads\/sites\/3\/2025\/04\/Rafael-Payare_20250416_Antoine-Saito-300x200.jpg 300w, https:\/\/www.ludwig-van.com\/montreal\/wp-content\/uploads\/sites\/3\/2025\/04\/Rafael-Payare_20250416_Antoine-Saito-1024x683.jpg 1024w, https:\/\/www.ludwig-van.com\/montreal\/wp-content\/uploads\/sites\/3\/2025\/04\/Rafael-Payare_20250416_Antoine-Saito-768x512.jpg 768w\" sizes=\"(max-width: 1200px) 100vw, 1200px\" \/><figcaption id=\"caption-attachment-87299\" class=\"wp-caption-text\">Rafael Payare (Photo : Antoine Saito)<\/figcaption><\/figure>\n<h3>OSM &#8211; Festival Mozart &#8211; <em>La majestueuse symphonie Jupiter<\/em><\/h3>\n<p>L\u2019<b>Orchestre symphonique de Montr\u00e9al<\/b> et son chef <b>Rafael Payare<\/b> ne ch\u00f4meront pas cette semaine puisqu\u2019en plus de l\u2019op\u00e9ra annonc\u00e9 ci-haut, ils offrent \u00e9galement deux concerts sans entracte le 24 avril. Cette fois, en compagnie du pianiste canadien <b>Kevin Chen<\/b> que les instrumentistes feront r\u00e9sonner leur instrument. Au programme, <i>Fantaisie pour piano seul en <\/i>do<i> mineur<\/i>, <i>Concerto pour piano no 27 en <\/i>si <i>b\u00e9mol majeur<\/i> et <i>Symphonie no 41 en <\/i>do <i>majeur, <\/i>\u00abJupiter\u00bb, tous de Mozart.<\/p>\n<p>LE 24 AVRIL, 10 H 30 ET 19 H 30, MAISON SYMPHONIQUE\u00a0 <a href=\"https:\/\/www.osm.ca\/fr\/concert\/la-majestueuse-symphonie-jupiter-de-mozart\/?date=2025-04-24+10:30:00\" target=\"_blank\" rel=\"noopener\">D\u00c9TAILS ET BILLETS<\/a><\/p>\n<h3><\/h3>\n<figure id=\"attachment_87304\" aria-describedby=\"caption-attachment-87304\" style=\"width: 1200px\" class=\"wp-caption aligncenter\"><img decoding=\"async\" loading=\"lazy\" class=\"size-full wp-image-87304\" src=\"https:\/\/www.ludwig-van.com\/montreal\/wp-content\/uploads\/sites\/3\/2025\/04\/Portelance-Laforest_Annie-Diotte-Christian-Landry.jpg\" alt=\"Marion Portelance et Emmanuel Laforest (Photos : Annie Diotte et Christian Landry)\" width=\"1200\" height=\"583\" srcset=\"https:\/\/www.ludwig-van.com\/montreal\/wp-content\/uploads\/sites\/3\/2025\/04\/Portelance-Laforest_Annie-Diotte-Christian-Landry.jpg 1200w, https:\/\/www.ludwig-van.com\/montreal\/wp-content\/uploads\/sites\/3\/2025\/04\/Portelance-Laforest_Annie-Diotte-Christian-Landry-300x146.jpg 300w, https:\/\/www.ludwig-van.com\/montreal\/wp-content\/uploads\/sites\/3\/2025\/04\/Portelance-Laforest_Annie-Diotte-Christian-Landry-1024x497.jpg 1024w, https:\/\/www.ludwig-van.com\/montreal\/wp-content\/uploads\/sites\/3\/2025\/04\/Portelance-Laforest_Annie-Diotte-Christian-Landry-768x373.jpg 768w\" sizes=\"(max-width: 1200px) 100vw, 1200px\" \/><figcaption id=\"caption-attachment-87304\" class=\"wp-caption-text\">Marion Portelance et Emmanuel Laforest (Photos : Annie Diotte et Christian Landry)<\/figcaption><\/figure>\n<h3>Duo Marion Portelance et Emmanuel Laforest<\/h3>\n<p>Le duo compos\u00e9 de <b>Mario Portelance<\/b> au violoncelle et d\u2019<b>Emmanuel Laforest<\/b> au piano sera \u00e0 la salle Claude-L\u00e9veill\u00e9e cette semaine. Ces jeunes instrumentistes, ayant tous deux gagn\u00e9 plusieurs prix, interpr\u00e9teront du Beethoven, du Brahms et du Chopin. \u00c0 noter que la repr\u00e9sentation du 23 avril affiche complet. Vous pouvez cependant toujours assister \u00e0 celle du 24 avril en soir\u00e9e.<\/p>\n<p>LE 24 AVRIL, 19 H 30, SALLE CLAUDE-L\u00c9VEILL\u00c9E\u00a0 <a href=\"https:\/\/www.placedesarts.com\/evenement\/duo-marion-portelance-et-emmanuel-laforest\" target=\"_blank\" rel=\"noopener\">D\u00c9TAILS ET BILLETS<\/a><\/p>\n<p>&nbsp;<\/p>\n<figure id=\"attachment_87305\" aria-describedby=\"caption-attachment-87305\" style=\"width: 1200px\" class=\"wp-caption aligncenter\"><img decoding=\"async\" loading=\"lazy\" class=\"size-full wp-image-87305\" src=\"https:\/\/www.ludwig-van.com\/montreal\/wp-content\/uploads\/sites\/3\/2025\/04\/antoinelaporte_credits-julien-thuret_cropped.jpg\" alt=\"Antoine Laporte (Photo : Julien Thuret)\" width=\"1200\" height=\"784\" srcset=\"https:\/\/www.ludwig-van.com\/montreal\/wp-content\/uploads\/sites\/3\/2025\/04\/antoinelaporte_credits-julien-thuret_cropped.jpg 1200w, https:\/\/www.ludwig-van.com\/montreal\/wp-content\/uploads\/sites\/3\/2025\/04\/antoinelaporte_credits-julien-thuret_cropped-300x196.jpg 300w, https:\/\/www.ludwig-van.com\/montreal\/wp-content\/uploads\/sites\/3\/2025\/04\/antoinelaporte_credits-julien-thuret_cropped-1024x669.jpg 1024w, https:\/\/www.ludwig-van.com\/montreal\/wp-content\/uploads\/sites\/3\/2025\/04\/antoinelaporte_credits-julien-thuret_cropped-768x502.jpg 768w\" sizes=\"(max-width: 1200px) 100vw, 1200px\" \/><figcaption id=\"caption-attachment-87305\" class=\"wp-caption-text\">Antoine Laporte (Photo : Julien Thuret)<\/figcaption><\/figure>\n<h3>CMC &#8211; Antoine Laporte joue Antoine Ouellette<\/h3>\n<p><b>Antoine Laporte<\/b>, pianiste, interpr\u00e9tera <i>Terres et ciels<\/i>, op. 64 du compositeur qu\u00e9b\u00e9cois <b>Antoine Ouellette<\/b>. Hommage au chant gr\u00e9gorien, ce vaste cycle pour piano est un p\u00e8lerinage musical en huit \u00e9tapes : Pers\u00e9v\u00e9rance, R\u00e9silience, Gratitude, Confiance, Repentir, Mis\u00e9ricorde, All\u00e9gresse, Esp\u00e9rance.<\/p>\n<p>LE 24 AVRIL, 19 H 30, ESPACE KENDERGI DU CENTRE DE MUSIQUE CANADIENNE\u00a0 <a href=\"https:\/\/cmcquebec.ca\/2025\/04\/08\/antoine-laporte-joue-antoine-ouellette\/\" target=\"_blank\" rel=\"noopener\">D\u00c9TAILS ET BILLETS<\/a><\/p>\n<p>&nbsp;<\/p>\n<figure id=\"attachment_79761\" aria-describedby=\"caption-attachment-79761\" style=\"width: 1200px\" class=\"wp-caption aligncenter\"><img decoding=\"async\" loading=\"lazy\" class=\"size-full wp-image-79761\" src=\"https:\/\/www.ludwig-van.com\/montreal\/wp-content\/uploads\/sites\/3\/2024\/01\/Andrei-Feher_OSL_Annie-Diotte.jpg\" alt=\"Le chef Andrei Feher lors d'un concert avec l'OSL (Photo : Annie Diotte)\" width=\"1200\" height=\"800\" srcset=\"https:\/\/www.ludwig-van.com\/montreal\/wp-content\/uploads\/sites\/3\/2024\/01\/Andrei-Feher_OSL_Annie-Diotte.jpg 1200w, https:\/\/www.ludwig-van.com\/montreal\/wp-content\/uploads\/sites\/3\/2024\/01\/Andrei-Feher_OSL_Annie-Diotte-300x200.jpg 300w, https:\/\/www.ludwig-van.com\/montreal\/wp-content\/uploads\/sites\/3\/2024\/01\/Andrei-Feher_OSL_Annie-Diotte-1024x683.jpg 1024w, https:\/\/www.ludwig-van.com\/montreal\/wp-content\/uploads\/sites\/3\/2024\/01\/Andrei-Feher_OSL_Annie-Diotte-768x512.jpg 768w\" sizes=\"(max-width: 1200px) 100vw, 1200px\" \/><figcaption id=\"caption-attachment-79761\" class=\"wp-caption-text\">Andrei Feher (Photo : Annie Diotte)<\/figcaption><\/figure>\n<h3>\u00c0 Qu\u00e9bec : OSQ &#8211; Hollywood 8<\/h3>\n<p>Vous n\u2019avez pas les moyens de mesdames Katy Perry et MacKenzie Scott pour faire un voyage dans l\u2019espace de 11 minutes? Que cela ne tienne! L\u2019<b>Orchestre symphonique de Qu\u00e9bec<\/b> vous invite \u00e0 voyager \u00e0 travers l\u2019univers et \u00e0 visiter les galaxies gr\u00e2ce aux musiques de films telles que <i>L\u2019homme d\u2019acier<\/i> et <i>Star Wars, \u00e9pisode 7 : Le r\u00e9veil de la force<\/i>. Ce concert, dirig\u00e9 par <b>Andrei Feher<\/b>, mettra en vedette les grands compositeurs de musique de film Hans Zimmer, John Williams, Jerry Goldsmith et John Barry. Un voyage beaucoup moins dispendieux (et moins toxique pour l\u2019environnement) que celui de ces dames \u2026<\/p>\n<p>LE 24 ET 25 AVRIL, 19 H 30; LE 26 AVRIL, 14 H 30, GRAND TH\u00c9\u00c2TRE DE QU\u00c9BEC\u00a0 <a href=\"https:\/\/www.osq.org\/concerts\/hollywood-8\/\" target=\"_blank\" rel=\"noopener\">D\u00c9TAILS ET BILLETS<\/a><\/p>\n<p>&nbsp;<\/p>\n<figure id=\"attachment_87306\" aria-describedby=\"caption-attachment-87306\" style=\"width: 1200px\" class=\"wp-caption aligncenter\"><img decoding=\"async\" loading=\"lazy\" class=\"size-full wp-image-87306\" src=\"https:\/\/www.ludwig-van.com\/montreal\/wp-content\/uploads\/sites\/3\/2025\/04\/Hampson-Rieger\u00a9PeterAdamik.jpg\" alt=\"Thomas Hampson et Wolfram Rieger (Photo : Peter Adamik)\" width=\"1200\" height=\"800\" srcset=\"https:\/\/www.ludwig-van.com\/montreal\/wp-content\/uploads\/sites\/3\/2025\/04\/Hampson-Rieger\u00a9PeterAdamik.jpg 1200w, https:\/\/www.ludwig-van.com\/montreal\/wp-content\/uploads\/sites\/3\/2025\/04\/Hampson-Rieger\u00a9PeterAdamik-300x200.jpg 300w, https:\/\/www.ludwig-van.com\/montreal\/wp-content\/uploads\/sites\/3\/2025\/04\/Hampson-Rieger\u00a9PeterAdamik-1024x683.jpg 1024w, https:\/\/www.ludwig-van.com\/montreal\/wp-content\/uploads\/sites\/3\/2025\/04\/Hampson-Rieger\u00a9PeterAdamik-768x512.jpg 768w\" sizes=\"(max-width: 1200px) 100vw, 1200px\" \/><figcaption id=\"caption-attachment-87306\" class=\"wp-caption-text\">Thomas Hampson et Wolfram Rieger (Photo : Peter Adamik)<\/figcaption><\/figure>\n<h3>\u00c0 Qu\u00e9bec : Thomas Hampson, baryton, et Wolfram Rieger, piano<\/h3>\n<p>Le Club musical de Qu\u00e9bec pr\u00e9sente un r\u00e9cital de chant et piano offert par <b>Thomas Hampson<\/b>, baryton, et <b>Wolfram Rieger<\/b>, piano. La derni\u00e8re pr\u00e9sence du chanteur au Club musical date de 1995, mais elle est rest\u00e9e dans la m\u00e9moire des m\u00e9lomanes. Depuis, il est devenu un incontournable de la sc\u00e8ne lyrique internationale. Le Club accueillera cependant pour la toute premi\u00e8re fois le pianiste, figure de proue de l\u2019accompagnement du lied et de la musique de chambre. Un pr\u00e9lude au concert aura lieu \u00e0 15h15.<\/p>\n<p>LE 26 AVRIL, 16 H, PALAIS MONTCALM\u00a0<a href=\"https:\/\/clubmusicaldequebec.com\/cmq\/index.php\/programmation\/saison-2024-2025\/hampson-rieger\" target=\"_blank\" rel=\"noopener\"> D\u00c9TAILS ET BILLETS<\/a><\/p>\n<p>&nbsp;<\/p>\n<p><img decoding=\"async\" loading=\"lazy\" class=\"aligncenter size-full wp-image-84317\" src=\"https:\/\/www.ludwig-van.com\/montreal\/wp-content\/uploads\/sites\/3\/2024\/10\/SMAM_2024-25_pageweb_concerts_5_vepres_monteverdi_FR.jpg\" alt=\"\" width=\"562\" height=\"629\" srcset=\"https:\/\/www.ludwig-van.com\/montreal\/wp-content\/uploads\/sites\/3\/2024\/10\/SMAM_2024-25_pageweb_concerts_5_vepres_monteverdi_FR.jpg 562w, https:\/\/www.ludwig-van.com\/montreal\/wp-content\/uploads\/sites\/3\/2024\/10\/SMAM_2024-25_pageweb_concerts_5_vepres_monteverdi_FR-268x300.jpg 268w\" sizes=\"(max-width: 562px) 100vw, 562px\" \/><\/p>\n<h3>SMAM &#8211; Les <em>V\u00eapres<\/em> de Monteverdi<\/h3>\n<p>Le <b>Studio de musique ancienne de Montr\u00e9al<\/b> pr\u00e9sente <i>Vespro della Beata Vergine<\/i> de Monteverdi, une \u0153uvre phare de leur histoire. Cette interpr\u00e9tation, culmination des c\u00e9l\u00e9brations de leur 50e saison, fait appel \u00e0 un effectif instrumental luxuriant pour accompagner le double ch\u0153ur et les solistes <strong>Anne-Marie Beaudette<\/strong> et <strong>Marie Magistry<\/strong>, sopranos, <strong>Nils Brown<\/strong> et <strong>Michiel Schrey<\/strong>, t\u00e9nors, <strong>William Kraushaar<\/strong> et <strong>John Giffen<\/strong>, basses : 2 fl\u00fbtes \u00e0 bec, 3 cornets \u00e0 bouquin, 3 violons, alto et basse continue. (Attention &#8211; il ne reste que quelques places pour ce concert!)<\/p>\n<p>LE 26 AVRIL, 16 H, SALLE BOURGIE\u00a0 <a href=\"https:\/\/smamontreal.ca\/les-vepres-de-monteverdi\/\" target=\"_blank\" rel=\"noopener\">D\u00c9TAILS ET BILLETS<\/a><\/p>\n<p>&nbsp;<\/p>\n<figure id=\"attachment_87300\" aria-describedby=\"caption-attachment-87300\" style=\"width: 1200px\" class=\"wp-caption aligncenter\"><img decoding=\"async\" loading=\"lazy\" class=\"size-full wp-image-87300\" src=\"https:\/\/www.ludwig-van.com\/montreal\/wp-content\/uploads\/sites\/3\/2025\/04\/Manuel-Barrueco_site-web-de-lArtiste.jpg\" alt=\"Manuel Barrueco (Photo : site web de l'artiste)\" width=\"1200\" height=\"900\" srcset=\"https:\/\/www.ludwig-van.com\/montreal\/wp-content\/uploads\/sites\/3\/2025\/04\/Manuel-Barrueco_site-web-de-lArtiste.jpg 1200w, https:\/\/www.ludwig-van.com\/montreal\/wp-content\/uploads\/sites\/3\/2025\/04\/Manuel-Barrueco_site-web-de-lArtiste-300x225.jpg 300w, https:\/\/www.ludwig-van.com\/montreal\/wp-content\/uploads\/sites\/3\/2025\/04\/Manuel-Barrueco_site-web-de-lArtiste-1024x768.jpg 1024w, https:\/\/www.ludwig-van.com\/montreal\/wp-content\/uploads\/sites\/3\/2025\/04\/Manuel-Barrueco_site-web-de-lArtiste-768x576.jpg 768w\" sizes=\"(max-width: 1200px) 100vw, 1200px\" \/><figcaption id=\"caption-attachment-87300\" class=\"wp-caption-text\">Manuel Barrueco (Photo : site web de l&rsquo;artiste)<\/figcaption><\/figure>\n<h3>Manuel Barrueco, guitare<\/h3>\n<p>En collaboration avec la Soci\u00e9t\u00e9 de guitare de Montr\u00e9al, la Salle Bourgie re\u00e7oit <b>Manuel Barrueco<\/b>. Ce guitariste d\u2019origine cubaine, r\u00e9sident des \u00c9tats-Unis depuis qu\u2019il a 15 ans, a re\u00e7u le United States Artists Fellowship r\u00e9compensant les artistes d\u00e9montrant le plus d\u2019int\u00e9grit\u00e9 artistique et ayant contribu\u00e9 significativement \u00e0 la sc\u00e8ne artistique am\u00e9ricaine. Il est reconnu pour l\u2019\u00e9l\u00e9gance de son jeu, sa technique sans faille et ses qualit\u00e9s lyriques.<\/p>\n<p>LE 27 AVRIL, 14 H 30, SALLE BOURGIE\u00a0 <a href=\"https:\/\/www.mbam.qc.ca\/fr\/activites\/manuel-barrueco\/\" target=\"_blank\" rel=\"noopener\">D\u00c9TAILS ET BILLETS<\/a><\/p>\n<p>&nbsp;<\/p>\n<figure id=\"attachment_73939\" aria-describedby=\"caption-attachment-73939\" style=\"width: 1200px\" class=\"wp-caption aligncenter\"><img decoding=\"async\" loading=\"lazy\" class=\"size-full wp-image-73939\" src=\"https:\/\/www.ludwig-van.com\/montreal\/wp-content\/uploads\/sites\/3\/2022\/11\/Gordon-Friesen-redim-cr-Antoine-Saito.jpg\" alt=\"Godwyn Friesen a interpr\u00e9t\u00e9 le Concerto no 3 de Prokofiev en finale du Concours OSM, sous la direction du chef Jacques Lacombe. (Photo: Antoine Saito)\" width=\"1200\" height=\"800\" \/><figcaption id=\"caption-attachment-73939\" class=\"wp-caption-text\">Godwyn Friesen (Photo: Antoine Saito)<\/figcaption><\/figure>\n<h3>Godwyn Friesen &#8211; <em>Les variations Goldberg<\/em><\/h3>\n<p>Le pianiste <b>Godwyn Friesen<\/b>, laur\u00e9at du Concours OSM 2022, interpr\u00e9tera, en plus des <i>Variations Goldberg<\/i> de Bach, deux de ses propres compositions. Il sera accompagn\u00e9 de son fr\u00e8re violoncelliste, <b>Amos Friesen<\/b>, pour l\u2019une d\u2019entre elles.<\/p>\n<p>LE 27 AVRIL, 15 H, SALLE PAUL-DESMARAIS\u00a0 <a href=\"https:\/\/montreal.ca\/evenements\/godwin-friesen-les-variations-goldberg-80824\" target=\"_blank\" rel=\"noopener\">D\u00c9TAILS ET BILLETS<\/a><\/p>\n<p>&nbsp;<\/p>\n<p>&nbsp;<\/p>\n<figure id=\"attachment_83203\" aria-describedby=\"caption-attachment-83203\" style=\"width: 1200px\" class=\"wp-caption aligncenter\"><img decoding=\"async\" loading=\"lazy\" class=\"size-full wp-image-83203\" src=\"https:\/\/www.ludwig-van.com\/montreal\/wp-content\/uploads\/sites\/3\/2017\/12\/Trio-Wanderer_1200_Marco-Borggreve.jpg\" alt=\"\" width=\"1200\" height=\"800\" srcset=\"https:\/\/www.ludwig-van.com\/montreal\/wp-content\/uploads\/sites\/3\/2017\/12\/Trio-Wanderer_1200_Marco-Borggreve.jpg 1200w, https:\/\/www.ludwig-van.com\/montreal\/wp-content\/uploads\/sites\/3\/2017\/12\/Trio-Wanderer_1200_Marco-Borggreve-300x200.jpg 300w, https:\/\/www.ludwig-van.com\/montreal\/wp-content\/uploads\/sites\/3\/2017\/12\/Trio-Wanderer_1200_Marco-Borggreve-1024x683.jpg 1024w, https:\/\/www.ludwig-van.com\/montreal\/wp-content\/uploads\/sites\/3\/2017\/12\/Trio-Wanderer_1200_Marco-Borggreve-768x512.jpg 768w\" sizes=\"(max-width: 1200px) 100vw, 1200px\" \/><figcaption id=\"caption-attachment-83203\" class=\"wp-caption-text\">Trio Wanderer (Photo : Marco Borggreve)<\/figcaption><\/figure>\n<h3>LMMC &#8211; Trio Wanderer<\/h3>\n<p>Compos\u00e9 de <b>Jean-Marc Phillips-Varjab\u00e9dian<\/b> au violon, de <b>Rapha\u00ebl Pidoux<\/b> au violoncelle et de <b>Vincent Coq<\/b> au piano, le <b>Trio Wanderer<\/b>, form\u00e9 en 1988 \u00e0 Paris, s\u2019est constitu\u00e9 une solide r\u00e9putation sur la sc\u00e8ne internationale de musique de chambre. Il interpr\u00e9tera du Mendelssohn, Boulanger et Ravel lors de cette matin\u00e9e musicale pr\u00e9sent\u00e9e par le Ladies\u2019 Morning Musical Club.<\/p>\n<p>LE 27 AVRIL, 15 H 30, SALLE OSCAR-PETERSON\u00a0 <a href=\"https:\/\/www.lmmc.ca\/fr\/triowanderer\" target=\"_blank\" rel=\"noopener\">D\u00c9TAILS ET BILLETS<\/a><\/p>\n<h2><em>Inscrivez-vous \u00e0 notre infolettre! La musique classique et l\u2019op\u00e9ra en 5 minutes, chaque jour<\/em> <a href=\"https:\/\/ludwig-van.us9.list-manage.com\/subscribe?u=4f785cb3f9058f2393ccad035&amp;id=b9b160c032\" target=\"_blank\" rel=\"noopener noreferrer\">ICI.<\/a><\/h2>\n","protected":false},"excerpt":{"rendered":"<p>La m\u00e9t\u00e9o annonce des journ\u00e9es nuageuses et m\u00eame de la pluie cette semaine, mais les musicien\u00b7ne\u00b7s d\u2019ici et d\u2019ailleurs ajouteront certainement du soleil dans vos journ\u00e9es. Et si vous allez \u00e0 Qu\u00e9bec entendre l\u2019OSQ ou Thomas Hampson et Wolfram Rieger, pensez \u00e0 emporter une \u00ab p\u2019tite laine \u00bb dans vos valises, car la chaleur tarde \u00e0 s\u2019installer dans ce coin de pays!<\/p>\n","protected":false},"author":1,"featured_media":87307,"comment_status":"open","ping_status":"open","sticky":false,"template":"","format":"standard","meta":{"om_disable_all_campaigns":false,"jetpack_post_was_ever_published":false},"categories":[42299,10994],"tags":[42300,42323],"yst_prominent_words":[9863,18022,18277,18275,20734,30066,26052,9877,21882,13123,26053,31964],"acf":[],"jetpack_featured_media_url":"https:\/\/www.ludwig-van.com\/montreal\/wp-content\/uploads\/sites\/3\/2025\/04\/Copie-de-CONCERTS14.jpg","jetpack_sharing_enabled":true,"jetpack_shortlink":"https:\/\/wp.me\/p9bdYt-mHY","amp_enabled":true,"_links":{"self":[{"href":"https:\/\/www.ludwig-van.com\/montreal\/wp-json\/wp\/v2\/posts\/87294"}],"collection":[{"href":"https:\/\/www.ludwig-van.com\/montreal\/wp-json\/wp\/v2\/posts"}],"about":[{"href":"https:\/\/www.ludwig-van.com\/montreal\/wp-json\/wp\/v2\/types\/post"}],"author":[{"embeddable":true,"href":"https:\/\/www.ludwig-van.com\/montreal\/wp-json\/wp\/v2\/users\/1"}],"replies":[{"embeddable":true,"href":"https:\/\/www.ludwig-van.com\/montreal\/wp-json\/wp\/v2\/comments?post=87294"}],"version-history":[{"count":10,"href":"https:\/\/www.ludwig-van.com\/montreal\/wp-json\/wp\/v2\/posts\/87294\/revisions"}],"predecessor-version":[{"id":87321,"href":"https:\/\/www.ludwig-van.com\/montreal\/wp-json\/wp\/v2\/posts\/87294\/revisions\/87321"}],"wp:featuredmedia":[{"embeddable":true,"href":"https:\/\/www.ludwig-van.com\/montreal\/wp-json\/wp\/v2\/media\/87307"}],"wp:attachment":[{"href":"https:\/\/www.ludwig-van.com\/montreal\/wp-json\/wp\/v2\/media?parent=87294"}],"wp:term":[{"taxonomy":"category","embeddable":true,"href":"https:\/\/www.ludwig-van.com\/montreal\/wp-json\/wp\/v2\/categories?post=87294"},{"taxonomy":"post_tag","embeddable":true,"href":"https:\/\/www.ludwig-van.com\/montreal\/wp-json\/wp\/v2\/tags?post=87294"},{"taxonomy":"yst_prominent_words","embeddable":true,"href":"https:\/\/www.ludwig-van.com\/montreal\/wp-json\/wp\/v2\/yst_prominent_words?post=87294"}],"curies":[{"name":"wp","href":"https:\/\/api.w.org\/{rel}","templated":true}]}}