{"id":87214,"date":"2025-04-14T14:50:06","date_gmt":"2025-04-14T18:50:06","guid":{"rendered":"https:\/\/www.ludwig-van.com\/montreal\/?p=87214"},"modified":"2025-04-17T14:00:02","modified_gmt":"2025-04-17T18:00:02","slug":"choix-de-la-redaction-en-attendant-la-longue-fin-de-semaine","status":"publish","type":"post","link":"https:\/\/www.ludwig-van.com\/montreal\/2025\/04\/14\/choix-de-la-redaction-en-attendant-la-longue-fin-de-semaine\/","title":{"rendered":"CHOIX DE LA R\u00c9DACTION | En attendant la longue fin de semaine"},"content":{"rendered":"<figure id=\"attachment_87223\" aria-describedby=\"caption-attachment-87223\" style=\"width: 1200px\" class=\"wp-caption aligncenter\"><img decoding=\"async\" loading=\"lazy\" class=\"size-full wp-image-87223\" src=\"https:\/\/www.ludwig-van.com\/montreal\/wp-content\/uploads\/sites\/3\/2025\/04\/Copie-de-CONCERTS13.jpg\" alt=\"L\u00e9a Moisan_Perrier (Photo : Fran\u00e7ois Goupil); L'OSM et le Ch\u0153ur de l'OSm (Photo : Antoine Saito); Affiche du Grand Concert du Vendredi Saint du Ch\u0153ur de l'UQAM.\" width=\"1200\" height=\"628\" srcset=\"https:\/\/www.ludwig-van.com\/montreal\/wp-content\/uploads\/sites\/3\/2025\/04\/Copie-de-CONCERTS13.jpg 1200w, https:\/\/www.ludwig-van.com\/montreal\/wp-content\/uploads\/sites\/3\/2025\/04\/Copie-de-CONCERTS13-300x157.jpg 300w, https:\/\/www.ludwig-van.com\/montreal\/wp-content\/uploads\/sites\/3\/2025\/04\/Copie-de-CONCERTS13-1024x536.jpg 1024w, https:\/\/www.ludwig-van.com\/montreal\/wp-content\/uploads\/sites\/3\/2025\/04\/Copie-de-CONCERTS13-768x402.jpg 768w\" sizes=\"(max-width: 1200px) 100vw, 1200px\" \/><figcaption id=\"caption-attachment-87223\" class=\"wp-caption-text\">L\u00e9a Moisan_Perrier (Photo : Fran\u00e7ois Goupil); L&rsquo;OSM et le Ch\u0153ur de l&rsquo;OSM (Photo : Antoine Saito); Affiche du Grand Concert du Vendredi Saint du Ch\u0153ur de l&rsquo;UQAM.<\/figcaption><\/figure>\n<p>En cette semaine pr\u00e9c\u00e9dant la f\u00eate de P\u00e2ques, la musique sacr\u00e9e est \u00e0 l\u2019honneur! En plus du bien aim\u00e9 <i>Requiem<\/i> de Mozart, vous pourrez entendre <i>Les sept derni\u00e8res paroles du Christ<\/i> de Haydn, quatre cantates de Graupner \u00e9crites pour le Vendredi saint ou encore la <i>Messe en si mineur<\/i> de Bach. Le piano est \u00e9galement \u00e0 l&rsquo;honneur puisque <strong>Gregory Vandikas<\/strong>, <strong>Charles Richard-Hamelin<\/strong> et <strong>Marc-Andr\u00e9 Hamelin<\/strong> pr\u00e9sentent chacun un concert, en solo ou avec orchestre, tandis que ce dernier offre \u00e9galement une classe de ma\u00eetre.<\/p>\n<h3><\/h3>\n<figure id=\"attachment_76191\" aria-describedby=\"caption-attachment-76191\" style=\"width: 1200px\" class=\"wp-caption aligncenter\"><img decoding=\"async\" loading=\"lazy\" class=\"size-full wp-image-76191\" src=\"https:\/\/www.ludwig-van.com\/montreal\/wp-content\/uploads\/sites\/3\/2017\/09\/Marc-Andre-Hamelin_Canetty-Clark.png\" alt=\"Marc-Andr\u00e9 Hamelin (Photo : Canetty Clark)\" width=\"1200\" height=\"799\" \/><figcaption id=\"caption-attachment-76191\" class=\"wp-caption-text\">Marc-Andr\u00e9 Hamelin (Photo : Canetty Clark)<\/figcaption><\/figure>\n<h3>\u00c0 Qu\u00e9bec : cours de ma\u00eetre avec Marc-Andr\u00e9 Hamelin<\/h3>\n<p>L\u2019<strong>Orchestre symphonique de Qu\u00e9bec<\/strong> invite le public \u00e0 une classe de ma\u00eetre avec le bien connu pianiste qu\u00e9b\u00e9cois <b>Marc-Andr\u00e9 Hamelin<\/b>. Une belle fa\u00e7on d\u2019aller \u00e0 la rencontre de ce monument de la musique classique au Qu\u00e9bec, qui a d\u2019ailleurs \u00e9t\u00e9 d\u00e9sign\u00e9 Officier de l\u2019Ordre du Canada ainsi que Chevalier de l\u2019Ordre national du Qu\u00e9bec.<\/p>\n<p>LE 15 AVRIL, 14H, SALLE HENRI-GAGNON\u00a0 <a href=\"https:\/\/www.osq.org\/concerts\/cours-de-maitre-de-piano-avec-marc-andre-hamelin\/\" target=\"_blank\" rel=\"noopener\">D\u00c9TAILS ET BILLETS<\/a><\/p>\n<h3><\/h3>\n<p><img decoding=\"async\" loading=\"lazy\" class=\"aligncenter size-full wp-image-87215\" src=\"https:\/\/www.ludwig-van.com\/montreal\/wp-content\/uploads\/sites\/3\/2025\/04\/LVM-NEWSL-OSL-JAZZ.png\" alt=\"\" width=\"590\" height=\"300\" srcset=\"https:\/\/www.ludwig-van.com\/montreal\/wp-content\/uploads\/sites\/3\/2025\/04\/LVM-NEWSL-OSL-JAZZ.png 590w, https:\/\/www.ludwig-van.com\/montreal\/wp-content\/uploads\/sites\/3\/2025\/04\/LVM-NEWSL-OSL-JAZZ-300x153.png 300w\" sizes=\"(max-width: 590px) 100vw, 590px\" \/><\/p>\n<h3>OSL &#8211; <em>Unique : jazz symphonique avec Rieu et Belmondo<\/em><\/h3>\n<p>L\u2019<b>Orchestre symphonique de Laval<\/b> vous propose une soir\u00e9e unique o\u00f9 un sextet de jazz compos\u00e9 de <b>Yannick Rieu<\/b> et <b>Lionel Belmondo<\/b> aux saxophones, <b>Lex French<\/b> \u00e0 la trompette, <b>Jonathan Cayer<\/b> au piano, <b>R\u00e9mi-Jean Leblanc <\/b>\u00e0 la contrebasse et <b>Louis-Vincent Hamel<\/b> \u00e0 la batterie se joint \u00e0 l\u2019Orchestre pour jouer des \u0153uvres pour sextet de jazz et orchestre bas\u00e9es sur Brahms, Ravel et Boulanger. Un moment unique o\u00f9 jazz et musique symphonique se rencontrent de fa\u00e7on harmonieuse sous la baguette de<strong> Daniel Bartholomew Poyser<\/strong>.<\/p>\n<p>LE 16 AVRIL, 19 H 30, SALLE ANDR\u00c9-MATHIEU\u00a0 <a href=\"https:\/\/www.osl.ca\/jazz-symphonique-avec-rieu-et-belmondo\">D\u00c9TAILS ET BILLETS<\/a><\/p>\n<p>&nbsp;<\/p>\n<figure id=\"attachment_87216\" aria-describedby=\"caption-attachment-87216\" style=\"width: 1200px\" class=\"wp-caption aligncenter\"><img decoding=\"async\" loading=\"lazy\" class=\"size-full wp-image-87216\" src=\"https:\/\/www.ludwig-van.com\/montreal\/wp-content\/uploads\/sites\/3\/2025\/04\/OSM_Requiem-de-Verdi_Viree-classique-2024_Antoine-Saito.jpg\" alt=\"L'OSM et le Ch\u0153ur de l'OSM en concert lors de la Vir\u00e9e classique 2024. (Photo : Antoine Saito)\" width=\"1200\" height=\"800\" srcset=\"https:\/\/www.ludwig-van.com\/montreal\/wp-content\/uploads\/sites\/3\/2025\/04\/OSM_Requiem-de-Verdi_Viree-classique-2024_Antoine-Saito.jpg 1200w, https:\/\/www.ludwig-van.com\/montreal\/wp-content\/uploads\/sites\/3\/2025\/04\/OSM_Requiem-de-Verdi_Viree-classique-2024_Antoine-Saito-300x200.jpg 300w, https:\/\/www.ludwig-van.com\/montreal\/wp-content\/uploads\/sites\/3\/2025\/04\/OSM_Requiem-de-Verdi_Viree-classique-2024_Antoine-Saito-1024x683.jpg 1024w, https:\/\/www.ludwig-van.com\/montreal\/wp-content\/uploads\/sites\/3\/2025\/04\/OSM_Requiem-de-Verdi_Viree-classique-2024_Antoine-Saito-768x512.jpg 768w\" sizes=\"(max-width: 1200px) 100vw, 1200px\" \/><figcaption id=\"caption-attachment-87216\" class=\"wp-caption-text\">L&rsquo;OSM et le Ch\u0153ur de l&rsquo;OSM en concert lors de la Vir\u00e9e classique 2024. (Photo : Antoine Saito)<\/figcaption><\/figure>\n<h3>OSM &#8211; Festival Mozart &#8211; Payare dirige l\u2019\u00e9mouvant <i>Requiem<\/i> de Mozart<\/h3>\n<p>En ces temps de P\u00e2ques, tout comme lors de la p\u00e9riode pr\u00e9c\u00e9dant No\u00ebl, les ensembles et orchestres de musique classique se consacrent souvent \u00e0 la musique sacr\u00e9e. C\u2019est ainsi que vous pourrez entendre pour la troisi\u00e8me fois en trois semaines le fameux <i>Requiem <\/i>de Mozart, cette fois interpr\u00e9t\u00e9 par l\u2019<b>Orchestre symphonique de Montr\u00e9al<\/b> accompagn\u00e9 du <b>Ch\u0153ur de l\u2019OSM<\/b>. En premi\u00e8re partie, ce seront deux \u0153uvres de Bach qui seront jou\u00e9es : <i>Pr\u00e9lude et fugue pour orgue en si mineur<\/i>, avec <b>Jean-Willy Kunz<\/b> \u00e0 l\u2019orgue, et <i>Jesu, meine Freude<\/i>.<\/p>\n<p>LES 16, 17 ET 18 AVRIL, 19 H 30, MAISON SYMPHONIQUE\u00a0 <a href=\"https:\/\/www.osm.ca\/fr\/concert\/payare-dirige-lemouvant-requiem-de-mozart\/\" target=\"_blank\" rel=\"noopener\">D\u00c9TAILS ET BILLETS<\/a><\/p>\n<p>&nbsp;<\/p>\n<figure id=\"attachment_87217\" aria-describedby=\"caption-attachment-87217\" style=\"width: 1200px\" class=\"wp-caption aligncenter\"><img decoding=\"async\" loading=\"lazy\" class=\"size-full wp-image-87217\" src=\"https:\/\/www.ludwig-van.com\/montreal\/wp-content\/uploads\/sites\/3\/2025\/04\/Gregory-Vandikas_Bo-Huang.jpg\" alt=\"Gregory Vandikas (Photo : Bo Huang)\" width=\"1200\" height=\"800\" srcset=\"https:\/\/www.ludwig-van.com\/montreal\/wp-content\/uploads\/sites\/3\/2025\/04\/Gregory-Vandikas_Bo-Huang.jpg 1200w, https:\/\/www.ludwig-van.com\/montreal\/wp-content\/uploads\/sites\/3\/2025\/04\/Gregory-Vandikas_Bo-Huang-300x200.jpg 300w, https:\/\/www.ludwig-van.com\/montreal\/wp-content\/uploads\/sites\/3\/2025\/04\/Gregory-Vandikas_Bo-Huang-1024x683.jpg 1024w, https:\/\/www.ludwig-van.com\/montreal\/wp-content\/uploads\/sites\/3\/2025\/04\/Gregory-Vandikas_Bo-Huang-768x512.jpg 768w\" sizes=\"(max-width: 1200px) 100vw, 1200px\" \/><figcaption id=\"caption-attachment-87217\" class=\"wp-caption-text\">Gregory Vandikas (Photo : Bo Huang)<\/figcaption><\/figure>\n<h3>Gregory Vandikas, piano<\/h3>\n<p>La Chapelle musicale du Bon-Pasteur re\u00e7oit le laur\u00e9at du concours de concertos de l\u2019Universit\u00e9 de Montr\u00e9al, le jeune pianiste <b>Gregory Vandikas<\/b>. Il interpr\u00e9tera du Beethoven, Chopin, Ravel, Evans et Rachmaninov.<\/p>\n<p>LE 16 AVRIL, 19 H 30, SALLE PAUL-DESMARAIS\u00a0 <a href=\"https:\/\/montreal.ca\/evenements\/gregory-vandikas-80822\" target=\"_blank\" rel=\"noopener\">D\u00c9TAILS ET BILLETS<\/a><\/p>\n<p>&nbsp;<\/p>\n<figure id=\"attachment_87218\" aria-describedby=\"caption-attachment-87218\" style=\"width: 1200px\" class=\"wp-caption aligncenter\"><img decoding=\"async\" loading=\"lazy\" class=\"size-full wp-image-87218\" src=\"https:\/\/www.ludwig-van.com\/montreal\/wp-content\/uploads\/sites\/3\/2025\/04\/Sept-dernieres-paroles-du-Christ.png\" alt=\"Marie B\u00e9gin, Pascale Gigu\u00e8re, Luc Beauchemin et Dominique Beaus\u00e9jour-Ostiguy (Photo : courtoisie)\" width=\"1200\" height=\"676\" srcset=\"https:\/\/www.ludwig-van.com\/montreal\/wp-content\/uploads\/sites\/3\/2025\/04\/Sept-dernieres-paroles-du-Christ.png 1200w, https:\/\/www.ludwig-van.com\/montreal\/wp-content\/uploads\/sites\/3\/2025\/04\/Sept-dernieres-paroles-du-Christ-300x169.png 300w, https:\/\/www.ludwig-van.com\/montreal\/wp-content\/uploads\/sites\/3\/2025\/04\/Sept-dernieres-paroles-du-Christ-1024x577.png 1024w, https:\/\/www.ludwig-van.com\/montreal\/wp-content\/uploads\/sites\/3\/2025\/04\/Sept-dernieres-paroles-du-Christ-768x433.png 768w\" sizes=\"(max-width: 1200px) 100vw, 1200px\" \/><figcaption id=\"caption-attachment-87218\" class=\"wp-caption-text\">Marie B\u00e9gin, Pascale Gigu\u00e8re, Luc Beauchemin et Dominique Beaus\u00e9jour-Ostiguy (Photo : courtoisie)<\/figcaption><\/figure>\n<h3><i>Les sept derni\u00e8res paroles du Christ<\/i> de Haydn<\/h3>\n<p>Un quatuor \u00e0 cordes form\u00e9 des chambristes exp\u00e9riment\u00e9\u00b7e\u00b7s <strong>Marie B\u00e9gin<\/strong> et <strong>Pascale Gigu\u00e8re<\/strong> aux parties de violon, de <strong>Luc Beauchemin<\/strong> \u00e0 l&rsquo;alto et de <strong>Dominique<\/strong> <strong>Beaus\u00e9jour-Ostiguy<\/strong> au violoncelle pr\u00e9sente, \u00e0 Qu\u00e9bec et \u00e0 Montr\u00e9al, <i>Les sept derni\u00e8res paroles du Christ<\/i> de Haydn. Cette \u0153uvre prenante, dont il existe trois versions \u00e9crites par Haydn, est compos\u00e9e de sept mouvements illustrant les sept paroles prononc\u00e9es par le Christ en croix, plus une introduction et une conclusion.<\/p>\n<p>\u00c0 QU\u00c9BEC : LE 17 AVRIL, 16 H, \u00c9GLISE ST-DOMINIQUE;\u00a0\u00c0 MONTR\u00c9AL : LE 18 AVRIL, 19 H, SALLE JOSEPH-ROULEAU<\/p>\n<p>BILLETS\u00a0 <a href=\"https:\/\/linktr.ee\/mariebegin\">https:\/\/linktr.ee\/mariebegin<\/a><\/p>\n<p>&nbsp;<\/p>\n<figure id=\"attachment_84949\" aria-describedby=\"caption-attachment-84949\" style=\"width: 1200px\" class=\"wp-caption aligncenter\"><img decoding=\"async\" loading=\"lazy\" class=\"size-full wp-image-84949\" src=\"https:\/\/www.ludwig-van.com\/montreal\/wp-content\/uploads\/sites\/3\/2024\/11\/Charles-Richard-Hamelin2023-Photo-Julien-Faugere-1200.jpg\" alt=\"Charles Richard-Hamelin (Photo : Julien Faug\u00e8re)\" width=\"1200\" height=\"810\" srcset=\"https:\/\/www.ludwig-van.com\/montreal\/wp-content\/uploads\/sites\/3\/2024\/11\/Charles-Richard-Hamelin2023-Photo-Julien-Faugere-1200.jpg 1200w, https:\/\/www.ludwig-van.com\/montreal\/wp-content\/uploads\/sites\/3\/2024\/11\/Charles-Richard-Hamelin2023-Photo-Julien-Faugere-1200-300x203.jpg 300w, https:\/\/www.ludwig-van.com\/montreal\/wp-content\/uploads\/sites\/3\/2024\/11\/Charles-Richard-Hamelin2023-Photo-Julien-Faugere-1200-1024x691.jpg 1024w, https:\/\/www.ludwig-van.com\/montreal\/wp-content\/uploads\/sites\/3\/2024\/11\/Charles-Richard-Hamelin2023-Photo-Julien-Faugere-1200-768x518.jpg 768w\" sizes=\"(max-width: 1200px) 100vw, 1200px\" \/><figcaption id=\"caption-attachment-84949\" class=\"wp-caption-text\">Charles Richard-Hamelin (Photo : Julien Faug\u00e8re)<\/figcaption><\/figure>\n<h3>\u00c0 Drummondville : OSD &#8211; <em>Danses symphoniques<\/em><\/h3>\n<p>L\u2019<b>Orchestre symphonique de Drummondville<\/b> re\u00e7oit <b>Charles Richard-Hamelin<\/b> en premi\u00e8re partie du concert intitul\u00e9 <i>Danses symphoniques<\/i>, du nom de l\u2019\u0153uvre de Rachmaninov jou\u00e9e en deuxi\u00e8me partie. Apr\u00e8s avoir pr\u00e9sent\u00e9 le <i>Concerto no 1<\/i> de Brahms en compagnie de l\u2019Orchestre il y a plusieurs ann\u00e9es, le c\u00e9l\u00e8bre pianiste interpr\u00e9tera cette fois le <i>deuxi\u00e8me concerto pour piano<\/i> du m\u00eame compositeur. Une cr\u00e9ation que Brahms aurait qualifi\u00e9e de \u00ab petit concerto pour piano avec joli scherzo \u00bb, mais qui est tout sauf petite, tant en dur\u00e9e qu\u2019en virtuosit\u00e9!<\/p>\n<p>LE 17 AVRIL, 19 H 30, MAISON DES ARTS\u00a0 <a href=\"https:\/\/www.osdrummondville.com\/evenements\/les-grands-concerts-canimex\/danses-symphoniques\/\" target=\"_blank\" rel=\"noopener\">D\u00c9TAILS ET BILLETS<\/a><\/p>\n<h3><\/h3>\n<figure id=\"attachment_76191\" aria-describedby=\"caption-attachment-76191\" style=\"width: 1200px\" class=\"wp-caption aligncenter\"><img decoding=\"async\" loading=\"lazy\" class=\"size-full wp-image-76191\" src=\"https:\/\/www.ludwig-van.com\/montreal\/wp-content\/uploads\/sites\/3\/2017\/09\/Marc-Andre-Hamelin_Canetty-Clark.png\" alt=\"Marc-Andr\u00e9 Hamelin (Photo : Canetty Clark)\" width=\"1200\" height=\"799\" \/><figcaption id=\"caption-attachment-76191\" class=\"wp-caption-text\">Marc-Andr\u00e9 Hamelin (Photo : Canetty Clark)<\/figcaption><\/figure>\n<h3>\u00c0 Qu\u00e9bec : OSQ &#8211; <em>Marc-Andr\u00e9 Hamelin joue l&rsquo;Empereur<\/em><\/h3>\n<p>C\u2019est \u00e0 une soir\u00e9e sous le th\u00e8me de la conqu\u00eate que l\u2019<b>Orchestre symphonique de Qu\u00e9bec<\/b> vous convie le 17 avril. Il sera d\u2019abord question de conqu\u00eates amoureuses puisque <b>Marc-Andr\u00e9 Hamelin<\/b> se joindra \u00e0 l\u2019Orchestre pour jouer <i>Don Juan<\/i> de Richard Strauss. Le pianiste interpr\u00e9tera par la suite le <i>Concerto <\/i>\u00ab Empereur \u00bb de Beethoven, inspir\u00e9 par la mar\u00e9e des conqu\u00eates napol\u00e9oniennes. La soir\u00e9e se conclura par la bien connue <i>Valse de l\u2019Empereur<\/i> de J. Strauss fils o\u00f9 envol\u00e9e romantique, musique symphonique et marche militaire s\u2019associent et vous donneront l\u2019envie de danser.<\/p>\n<p>LE 17 AVRIL, 19 H 30, GRAND TH\u00c9\u00c2TRE DE QU\u00c9BEC\u00a0<a href=\"https:\/\/www.osq.org\/concerts\/marc-andre-hamelin-joue-lempereur\/\" target=\"_blank\" rel=\"noopener\"> D\u00c9TAILS ET BILLETS<\/a><\/p>\n<p>&nbsp;<\/p>\n<figure id=\"attachment_80678\" aria-describedby=\"caption-attachment-80678\" style=\"width: 1200px\" class=\"wp-caption aligncenter\"><img decoding=\"async\" loading=\"lazy\" class=\"size-full wp-image-80678\" src=\"https:\/\/www.ludwig-van.com\/montreal\/wp-content\/uploads\/sites\/3\/2024\/03\/GenevieveSoly_credit_Robert_Etcheverry_cropped_1200-1.jpg\" alt=\"La claveciniste et pionn\u00e8re de la recherche sur les oeuvres de Christoph Graupner Genevi\u00e8ve Soly (Photo : Robert Etcheverry)\" width=\"1200\" height=\"925\" srcset=\"https:\/\/www.ludwig-van.com\/montreal\/wp-content\/uploads\/sites\/3\/2024\/03\/GenevieveSoly_credit_Robert_Etcheverry_cropped_1200-1.jpg 1200w, https:\/\/www.ludwig-van.com\/montreal\/wp-content\/uploads\/sites\/3\/2024\/03\/GenevieveSoly_credit_Robert_Etcheverry_cropped_1200-1-300x231.jpg 300w, https:\/\/www.ludwig-van.com\/montreal\/wp-content\/uploads\/sites\/3\/2024\/03\/GenevieveSoly_credit_Robert_Etcheverry_cropped_1200-1-1024x789.jpg 1024w, https:\/\/www.ludwig-van.com\/montreal\/wp-content\/uploads\/sites\/3\/2024\/03\/GenevieveSoly_credit_Robert_Etcheverry_cropped_1200-1-768x592.jpg 768w\" sizes=\"(max-width: 1200px) 100vw, 1200px\" \/><figcaption id=\"caption-attachment-80678\" class=\"wp-caption-text\">La claveciniste et pionn\u00e8re de la recherche sur les oeuvres de Christoph Graupner Genevi\u00e8ve Soly (Photo : Robert Etcheverry)<\/figcaption><\/figure>\n<h3>Les id\u00e9es heureuses &#8211; Concert de la passion<\/h3>\n<p>L\u2019ensemble de musique baroque montr\u00e9alais <b>Les id\u00e9es heureuses<\/b> poursuit son interpr\u00e9tation de l\u2019int\u00e9grale des dix-neuf cantates de Christoph Graupner. <strong>Genevi\u00e8ve Soly<\/strong>, fondatrice des Id\u00e9es heureuses et sp\u00e9cialiste de la musique de Graupner, revient \u00e0 la t\u00eate de l&rsquo;ensemble pour ce concert annuel de la Passion. Les sopranos <b>Od\u00e9i Bilodeau<\/b> et <b>Andr\u00e9anne<\/b> <b>Brisson Paquin<\/b>, <b>William Duffy<\/b>, alto, <b>Arthur Tanguay-Labrosse<\/b>, t\u00e9nor, et <b>Dion<\/b> <b>Mazerolle<\/b>, baryton, sont les solistes invit\u00e9\u00b7e\u00b7s. Ils\u00b7elles vous interpr\u00e9teront, lors de ce troisi\u00e8me concert de six, quatre cantates de ce compositeur de premier plan.<\/p>\n<p>LE 18 AVRIL, 15 H, SALLE BOURGIE\u00a0 <a href=\"https:\/\/www.mbam.qc.ca\/fr\/activites\/les-idees-heureuses---concert-de-la-passion\/\">D\u00c9TAILS ET BILLETS<\/a><\/p>\n<p>&nbsp;<\/p>\n<figure id=\"attachment_87222\" aria-describedby=\"caption-attachment-87222\" style=\"width: 1200px\" class=\"wp-caption aligncenter\"><img decoding=\"async\" loading=\"lazy\" class=\"size-full wp-image-87222\" src=\"https:\/\/www.ludwig-van.com\/montreal\/wp-content\/uploads\/sites\/3\/2025\/04\/Lea-Moisan-Perrier_Francois-Goupil_cropped.jpg\" alt=\"L\u00e9a Moisan-Perrier lors d'une classe ma\u00eetre avec Yannick N\u00e9zet-S\u00e9guin et l'Orchestre M\u00e9tropolitain. (Photo : Fran\u00e7ois Goupil)\" width=\"1200\" height=\"784\" srcset=\"https:\/\/www.ludwig-van.com\/montreal\/wp-content\/uploads\/sites\/3\/2025\/04\/Lea-Moisan-Perrier_Francois-Goupil_cropped.jpg 1200w, https:\/\/www.ludwig-van.com\/montreal\/wp-content\/uploads\/sites\/3\/2025\/04\/Lea-Moisan-Perrier_Francois-Goupil_cropped-300x196.jpg 300w, https:\/\/www.ludwig-van.com\/montreal\/wp-content\/uploads\/sites\/3\/2025\/04\/Lea-Moisan-Perrier_Francois-Goupil_cropped-1024x669.jpg 1024w, https:\/\/www.ludwig-van.com\/montreal\/wp-content\/uploads\/sites\/3\/2025\/04\/Lea-Moisan-Perrier_Francois-Goupil_cropped-768x502.jpg 768w\" sizes=\"(max-width: 1200px) 100vw, 1200px\" \/><figcaption id=\"caption-attachment-87222\" class=\"wp-caption-text\">L\u00e9a Moisan-Perrier lors d&rsquo;une classe ma\u00eetre avec Yannick N\u00e9zet-S\u00e9guin et l&rsquo;Orchestre M\u00e9tropolitain. (Photo : Fran\u00e7ois Goupil)<\/figcaption><\/figure>\n<h3>Ch\u0153ur St Andrew and St Paul &#8211; Good Friday Concert \/ Concert du Vendredi saint<\/h3>\n<p>Le <b>Ch\u0153ur St Andrew and St Paul<\/b>, en collaboration avec l\u2019<b>Ensemble Caprice<\/b>, vous pr\u00e9sente la <i>Messe en si mineur<\/i> de Bach dirig\u00e9e par<strong> L\u00e9a Moisan-Perrier<\/strong>. Cette composition f\u00fbt d\u2019abord cr\u00e9\u00e9e en 1733 dans une forme br\u00e8ve ou <i>Missa brevis<\/i>. Ce n\u2019est que 15 ans plus tard que Bach, en fin de vie, d\u00e9cide de l\u2019\u00e9largir en <i>Missa tota<\/i>, ce qui devint son \u0153uvre finale alors qu\u2019il d\u00e9c\u00e8de en 1750 avant d\u2019avoir eu la chance de l\u2019entendre dans son int\u00e9gralit\u00e9.<\/p>\n<p>LE 18 AVRIL, 19 H 30, \u00c9GLISE ST ANDREW AND ST PAUL\u00a0 <a href=\"https:\/\/standrewstpaul.com\/music\/\" target=\"_blank\" rel=\"noopener\">D\u00c9TAILS\u00a0<\/a><\/p>\n<p>&nbsp;<\/p>\n<p><img decoding=\"async\" loading=\"lazy\" class=\"aligncenter size-full wp-image-87221\" src=\"https:\/\/www.ludwig-van.com\/montreal\/wp-content\/uploads\/sites\/3\/2025\/04\/Choeur-UQAM_Vendredi-Saint_affiche.jpg\" alt=\"\" width=\"800\" height=\"1236\" srcset=\"https:\/\/www.ludwig-van.com\/montreal\/wp-content\/uploads\/sites\/3\/2025\/04\/Choeur-UQAM_Vendredi-Saint_affiche.jpg 800w, https:\/\/www.ludwig-van.com\/montreal\/wp-content\/uploads\/sites\/3\/2025\/04\/Choeur-UQAM_Vendredi-Saint_affiche-194x300.jpg 194w, https:\/\/www.ludwig-van.com\/montreal\/wp-content\/uploads\/sites\/3\/2025\/04\/Choeur-UQAM_Vendredi-Saint_affiche-663x1024.jpg 663w, https:\/\/www.ludwig-van.com\/montreal\/wp-content\/uploads\/sites\/3\/2025\/04\/Choeur-UQAM_Vendredi-Saint_affiche-768x1187.jpg 768w\" sizes=\"(max-width: 800px) 100vw, 800px\" \/><\/p>\n<h3>Grand concert du Vendredi Saint<\/h3>\n<p>Le <b>Ch\u0153ur de l\u2019UQAM<\/b> s\u2019associe \u00e0 l\u2019<b>Orchestre de la Soci\u00e9t\u00e9 Philharmonique de Montr\u00e9al<\/b> et au <b>Ch\u0153ur de l\u2019\u00c9cole Joseph-Fran\u00e7ois-Perreault<\/b> pour vous offrir leur traditionnel concert du Vendredi Saint. Sous la direction de <strong>Pascal C\u00f4t\u00e9<\/strong>, ils y interpr\u00e9teront <i>L\u2019Amour de Joseph et Marie,<\/i> \u0153uvre montr\u00e9alaise d\u2019<strong>Antoine Ouellette<\/strong> rendant hommage aux musiques issues du christianisme, suivi du <i>Te Deum<\/i> de Dvo\u0159\u00e1k. Les solistes sont <strong>Florence Bourget<\/strong> (mezzo-soprano), <strong>Christopher Dunham<\/strong> (baryton), <strong>Arya Leclerc<\/strong> (soprano) et <strong>Magali Simard-Gald\u00e8s<\/strong> (soprano).<\/p>\n<p>LE 18 AVRIL, 20 H, \u00c9GLISE ST-JEAN-BAPTISTE\u00a0 <a href=\"https:\/\/evenements.uqam.ca\/evenements\/grand-concert-du-vendredi-saint-1\/31116\" target=\"_blank\" rel=\"noopener\">D\u00c9TAILS ET BILLETS<\/a><\/p>\n<h2><em>Inscrivez-vous \u00e0 notre infolettre! La musique classique et l\u2019op\u00e9ra en 5 minutes, chaque jour<\/em> <a href=\"https:\/\/ludwig-van.us9.list-manage.com\/subscribe?u=4f785cb3f9058f2393ccad035&amp;id=b9b160c032\" target=\"_blank\" rel=\"noopener noreferrer\">ICI.<\/a><\/h2>\n","protected":false},"excerpt":{"rendered":"<p>En cette semaine pr\u00e9c\u00e9dant la f\u00eate de P\u00e2ques, la musique sacr\u00e9e est \u00e0 l\u2019honneur! En plus du bien aim\u00e9 Requiem de Mozart, vous pourrez entendre Les sept derni\u00e8res paroles du Christ de Haydn, quatres cantates de Graupner \u00e9crites pour le Vendredi saint ou encore la Messe en si mineur de Bach. Le piano est \u00e9galement \u00e0 l&rsquo;honneur puisque\u00a0 offrent chacun une classe de ma\u00eetre, et Gregory Vandikas, Charles Richard-Hamelin et Marc-Andr\u00e9 Hamelin pr\u00e9sentent chacun un concert, en solo ou avec orchestre, tandis que ce dernier offre \u00e9galement une classe de ma\u00eetre.<\/p>\n","protected":false},"author":1,"featured_media":87223,"comment_status":"open","ping_status":"open","sticky":false,"template":"","format":"standard","meta":{"om_disable_all_campaigns":false,"jetpack_post_was_ever_published":false},"categories":[42299,10994],"tags":[42300,25438,42206,2542,42322,42178],"yst_prominent_words":[21236,21230,9878,9863,21053,18277,18275,21231,20734,26052,15896],"acf":[],"jetpack_featured_media_url":"https:\/\/www.ludwig-van.com\/montreal\/wp-content\/uploads\/sites\/3\/2025\/04\/Copie-de-CONCERTS13.jpg","jetpack_sharing_enabled":true,"jetpack_shortlink":"https:\/\/wp.me\/p9bdYt-mGG","amp_enabled":true,"_links":{"self":[{"href":"https:\/\/www.ludwig-van.com\/montreal\/wp-json\/wp\/v2\/posts\/87214"}],"collection":[{"href":"https:\/\/www.ludwig-van.com\/montreal\/wp-json\/wp\/v2\/posts"}],"about":[{"href":"https:\/\/www.ludwig-van.com\/montreal\/wp-json\/wp\/v2\/types\/post"}],"author":[{"embeddable":true,"href":"https:\/\/www.ludwig-van.com\/montreal\/wp-json\/wp\/v2\/users\/1"}],"replies":[{"embeddable":true,"href":"https:\/\/www.ludwig-van.com\/montreal\/wp-json\/wp\/v2\/comments?post=87214"}],"version-history":[{"count":28,"href":"https:\/\/www.ludwig-van.com\/montreal\/wp-json\/wp\/v2\/posts\/87214\/revisions"}],"predecessor-version":[{"id":87260,"href":"https:\/\/www.ludwig-van.com\/montreal\/wp-json\/wp\/v2\/posts\/87214\/revisions\/87260"}],"wp:featuredmedia":[{"embeddable":true,"href":"https:\/\/www.ludwig-van.com\/montreal\/wp-json\/wp\/v2\/media\/87223"}],"wp:attachment":[{"href":"https:\/\/www.ludwig-van.com\/montreal\/wp-json\/wp\/v2\/media?parent=87214"}],"wp:term":[{"taxonomy":"category","embeddable":true,"href":"https:\/\/www.ludwig-van.com\/montreal\/wp-json\/wp\/v2\/categories?post=87214"},{"taxonomy":"post_tag","embeddable":true,"href":"https:\/\/www.ludwig-van.com\/montreal\/wp-json\/wp\/v2\/tags?post=87214"},{"taxonomy":"yst_prominent_words","embeddable":true,"href":"https:\/\/www.ludwig-van.com\/montreal\/wp-json\/wp\/v2\/yst_prominent_words?post=87214"}],"curies":[{"name":"wp","href":"https:\/\/api.w.org\/{rel}","templated":true}]}}