{"id":87135,"date":"2025-04-07T16:16:12","date_gmt":"2025-04-07T20:16:12","guid":{"rendered":"https:\/\/www.ludwig-van.com\/montreal\/?p=87135"},"modified":"2025-04-14T14:00:01","modified_gmt":"2025-04-14T18:00:01","slug":"choix-de-la-redaction-eclosion-musicale-pour-egayer-votre-printemps","status":"publish","type":"post","link":"https:\/\/www.ludwig-van.com\/montreal\/2025\/04\/07\/choix-de-la-redaction-eclosion-musicale-pour-egayer-votre-printemps\/","title":{"rendered":"CHOIX DE LA R\u00c9DACTION | \u00c9closion musicale pour \u00e9gayer votre printemps"},"content":{"rendered":"<figure id=\"attachment_87147\" aria-describedby=\"caption-attachment-87147\" style=\"width: 1200px\" class=\"wp-caption aligncenter\"><img decoding=\"async\" loading=\"lazy\" class=\"size-full wp-image-87147\" src=\"https:\/\/www.ludwig-van.com\/montreal\/wp-content\/uploads\/sites\/3\/2025\/04\/Copie-de-CONCERTS12.jpg\" alt=\"Fabio Bondi (Photo : Emile Ashley), Vendetta des Grands Ballets canadiens (Photo : Sasha Onyschenko) et Mariangela Sicilia (Photo : Ugo Carlevaro et Ewa Lang)\" width=\"1200\" height=\"628\" srcset=\"https:\/\/www.ludwig-van.com\/montreal\/wp-content\/uploads\/sites\/3\/2025\/04\/Copie-de-CONCERTS12.jpg 1200w, https:\/\/www.ludwig-van.com\/montreal\/wp-content\/uploads\/sites\/3\/2025\/04\/Copie-de-CONCERTS12-300x157.jpg 300w, https:\/\/www.ludwig-van.com\/montreal\/wp-content\/uploads\/sites\/3\/2025\/04\/Copie-de-CONCERTS12-1024x536.jpg 1024w, https:\/\/www.ludwig-van.com\/montreal\/wp-content\/uploads\/sites\/3\/2025\/04\/Copie-de-CONCERTS12-768x402.jpg 768w\" sizes=\"(max-width: 1200px) 100vw, 1200px\" \/><figcaption id=\"caption-attachment-87147\" class=\"wp-caption-text\">Fabio Bondi (Photo : Emile Ashley), Vendetta des Grands Ballets canadiens (Photo : Sasha Onyschenko) et Mariangela Sicilia (Photo : Ugo Carlevaro et Ewa Lang)<\/figcaption><\/figure>\n<p>Votre m\u00e9nage du printemps devra encore attendre puisqu\u2019une fois de plus cette semaine, les artistes vous garderont bien occup\u00e9s! Vous aurez par contre l\u2019occasion de d\u00e9poussi\u00e9rer vos connaissances musicales, de balayer sous le tapis certains st\u00e9r\u00e9otypes et d\u2019essuyer quelques larmes alors que les musicien\u00b7ne\u00b7s, quant \u00e0 eux, feront briller la vitrine musicale par leur talent.<\/p>\n<p>&nbsp;<\/p>\n<p><img decoding=\"async\" loading=\"lazy\" class=\"aligncenter size-full wp-image-86653\" src=\"https:\/\/www.ludwig-van.com\/montreal\/wp-content\/uploads\/sites\/3\/2025\/03\/Voxpopuli-TEREZIN-musique-du-ghetto.png\" alt=\"\" width=\"1200\" height=\"1200\" srcset=\"https:\/\/www.ludwig-van.com\/montreal\/wp-content\/uploads\/sites\/3\/2025\/03\/Voxpopuli-TEREZIN-musique-du-ghetto.png 1200w, https:\/\/www.ludwig-van.com\/montreal\/wp-content\/uploads\/sites\/3\/2025\/03\/Voxpopuli-TEREZIN-musique-du-ghetto-300x300.png 300w, https:\/\/www.ludwig-van.com\/montreal\/wp-content\/uploads\/sites\/3\/2025\/03\/Voxpopuli-TEREZIN-musique-du-ghetto-1024x1024.png 1024w, https:\/\/www.ludwig-van.com\/montreal\/wp-content\/uploads\/sites\/3\/2025\/03\/Voxpopuli-TEREZIN-musique-du-ghetto-150x150.png 150w, https:\/\/www.ludwig-van.com\/montreal\/wp-content\/uploads\/sites\/3\/2025\/03\/Voxpopuli-TEREZIN-musique-du-ghetto-768x768.png 768w\" sizes=\"(max-width: 1200px) 100vw, 1200px\" \/><\/p>\n<h3>Voxpopuli &#8211; <i>19 000\/144 000<\/i><\/h3>\n<p><b>Voxpopuli<\/b> poursuit sa s\u00e9rie de trois concerts sur la musique comme acte de r\u00e9sistance avec <i>19 000\/144 000<\/i>. Nomm\u00e9e <i>Terezin : de la lumi\u00e8re aux t\u00e9n\u00e8bres : la musique comme acte de r\u00e9sistance<\/i>, cette s\u00e9rie rend hommage aux compositeurs intern\u00e9s au camp de Terezin durant la Seconde Guerre Mondiale. Des mises en contexte du compositeur <b>Patrick Mathieu<\/b> entrecoupent ces \u0153uvres d\u2019une rare intensit\u00e9. Un concert pour prendre le temps d\u2019\u00e9couter, d\u2019apprendre et d\u2019\u00eatre ensemble.<\/p>\n<p>LE 8 AVRIL, 19 H, SALLE MARIE-ST\u00c9PHANE DE VINCENT D\u2019INDY\u00a0 <a href=\"https:\/\/concertsvoxpopuli.tuxedobillet.com\/main\/serie-terezin\" target=\"_blank\" rel=\"noopener\">D\u00c9TAILS ET BILLETS<\/a><\/p>\n<p>&nbsp;<\/p>\n<figure id=\"attachment_87138\" aria-describedby=\"caption-attachment-87138\" style=\"width: 1200px\" class=\"wp-caption aligncenter\"><img decoding=\"async\" loading=\"lazy\" class=\"size-full wp-image-87138\" src=\"https:\/\/www.ludwig-van.com\/montreal\/wp-content\/uploads\/sites\/3\/2025\/04\/Mariangela-Sicilia-Book-ritratti-\u00a9-Ugo-Carlevaro-e-Ewa-Lang-2023-07.jpg\" alt=\"Mariangela Sicilia (Photo : Ugo Carlevaro et Ewa Lang)\" width=\"1200\" height=\"800\" srcset=\"https:\/\/www.ludwig-van.com\/montreal\/wp-content\/uploads\/sites\/3\/2025\/04\/Mariangela-Sicilia-Book-ritratti-\u00a9-Ugo-Carlevaro-e-Ewa-Lang-2023-07.jpg 1200w, https:\/\/www.ludwig-van.com\/montreal\/wp-content\/uploads\/sites\/3\/2025\/04\/Mariangela-Sicilia-Book-ritratti-\u00a9-Ugo-Carlevaro-e-Ewa-Lang-2023-07-300x200.jpg 300w, https:\/\/www.ludwig-van.com\/montreal\/wp-content\/uploads\/sites\/3\/2025\/04\/Mariangela-Sicilia-Book-ritratti-\u00a9-Ugo-Carlevaro-e-Ewa-Lang-2023-07-1024x683.jpg 1024w, https:\/\/www.ludwig-van.com\/montreal\/wp-content\/uploads\/sites\/3\/2025\/04\/Mariangela-Sicilia-Book-ritratti-\u00a9-Ugo-Carlevaro-e-Ewa-Lang-2023-07-768x512.jpg 768w\" sizes=\"(max-width: 1200px) 100vw, 1200px\" \/><figcaption id=\"caption-attachment-87138\" class=\"wp-caption-text\">Mariangela Sicilia (Photo : Ugo Carlevaro et Ewa Lang)<\/figcaption><\/figure>\n<h3>Mariangela Sicilia, soprano, et James Vaughan, piano<\/h3>\n<p>La R\u00e9sidence Universit\u00e9 de Montr\u00e9al-McGill en piano-art vocal pr\u00e9sente deux artistes dont la r\u00e9putation n\u2019est plus \u00e0 faire, <b>Mariangela Sicilia<\/b>, soprano, et <b>James Vaughan<\/b>, piano. La chanteuse italienne chevronn\u00e9e et laur\u00e9ate du concours Operalia est acclam\u00e9e par la critique, certains la qualifiant m\u00eame de \u00abmiracle de fermet\u00e9 vocale\u00bb. Quant \u00e0 lui, le pianiste, coach vocal et interpr\u00e8te irlandais, a travaill\u00e9 avec toutes les plus grandes pointures du monde vocal et a si\u00e9g\u00e9 sur le jury de plusieurs prestigieux concours vocaux internationaux. L\u2019entr\u00e9e est gratuite.<\/p>\n<p>LE 8 AVRIL, 19 H 30, SALLE CLAUDE-CHAMPAGNE<\/p>\n<h3><\/h3>\n<figure id=\"attachment_87139\" aria-describedby=\"caption-attachment-87139\" style=\"width: 1200px\" class=\"wp-caption aligncenter\"><img decoding=\"async\" loading=\"lazy\" class=\"size-full wp-image-87139\" src=\"https:\/\/www.ludwig-van.com\/montreal\/wp-content\/uploads\/sites\/3\/2025\/04\/gbcm_photo_sasha_onyschenko_dancers_anya_nesvitaylo_marcin_kaczorowski.jpg\" alt=\"Anya Esvitaylo et Marcin Kaczorowski dans Vendetta : Storie di mafia (Photo : Sasha Onyschenko)\" width=\"1200\" height=\"800\" srcset=\"https:\/\/www.ludwig-van.com\/montreal\/wp-content\/uploads\/sites\/3\/2025\/04\/gbcm_photo_sasha_onyschenko_dancers_anya_nesvitaylo_marcin_kaczorowski.jpg 1200w, https:\/\/www.ludwig-van.com\/montreal\/wp-content\/uploads\/sites\/3\/2025\/04\/gbcm_photo_sasha_onyschenko_dancers_anya_nesvitaylo_marcin_kaczorowski-300x200.jpg 300w, https:\/\/www.ludwig-van.com\/montreal\/wp-content\/uploads\/sites\/3\/2025\/04\/gbcm_photo_sasha_onyschenko_dancers_anya_nesvitaylo_marcin_kaczorowski-1024x683.jpg 1024w, https:\/\/www.ludwig-van.com\/montreal\/wp-content\/uploads\/sites\/3\/2025\/04\/gbcm_photo_sasha_onyschenko_dancers_anya_nesvitaylo_marcin_kaczorowski-768x512.jpg 768w\" sizes=\"(max-width: 1200px) 100vw, 1200px\" \/><figcaption id=\"caption-attachment-87139\" class=\"wp-caption-text\">Anya Esvitaylo et Marcin Kaczorowski dans Vendetta : Storie di mafia (Photo : Sasha Onyschenko)<\/figcaption><\/figure>\n<h3>GBC &#8211; <i>Vendetta : Storie di mafia<\/i><\/h3>\n<p>Les <b>Grands Ballets Canadiens<\/b> pr\u00e9sentent un ballet contemporain chor\u00e9graphi\u00e9 par<b> Annabelle Lopez Ochoa<\/b> o\u00f9 vous serez autant transport\u00e9 dans les ruelles sombres de Chicago que sous les n\u00e9ons scintillants de Las Vegas. M\u00ealant la technique du ballet classique \u00e0 l\u2019\u00e9nergie et au style cabaret, la danse devient le r\u00e9cit \u00e9pique de familles mafieuses ayant soif de pouvoir et de vengeance. Les repr\u00e9sentations du jeudi au dimanche sont presque compl\u00e8tes, sautez sur votre clavier si vous d\u00e9sirez assister \u00e0 l\u2019une de ces dates!<\/p>\n<p>DU 8 AU 12 AVRIL, 20 H ET LES 12 ET 13 AVRIL, 14 H, TH\u00c9\u00c2TRE MAISONNEUVE\u00a0<a href=\"https:\/\/grandsballets.com\/fr\/spectacles\/detail\/vendetta-storie-di-mafia-2\/\" target=\"_blank\" rel=\"noopener\"> D\u00c9TAILS ET BILLETS<\/a><\/p>\n<p>&nbsp;<\/p>\n<p><img decoding=\"async\" loading=\"lazy\" class=\"aligncenter size-full wp-image-87142\" src=\"https:\/\/www.ludwig-van.com\/montreal\/wp-content\/uploads\/sites\/3\/2025\/04\/Les-temps-perdus.png\" alt=\"\" width=\"1200\" height=\"458\" srcset=\"https:\/\/www.ludwig-van.com\/montreal\/wp-content\/uploads\/sites\/3\/2025\/04\/Les-temps-perdus.png 1200w, https:\/\/www.ludwig-van.com\/montreal\/wp-content\/uploads\/sites\/3\/2025\/04\/Les-temps-perdus-300x115.png 300w, https:\/\/www.ludwig-van.com\/montreal\/wp-content\/uploads\/sites\/3\/2025\/04\/Les-temps-perdus-1024x391.png 1024w, https:\/\/www.ludwig-van.com\/montreal\/wp-content\/uploads\/sites\/3\/2025\/04\/Les-temps-perdus-768x293.png 768w\" sizes=\"(max-width: 1200px) 100vw, 1200px\" \/><\/p>\n<h3><i>Les temps perdus<\/i><\/h3>\n<p>Les violonistes <b>Olivier Brault<\/b> et <b>Julie Rives<\/b><strong>t<\/strong>, l\u2019altiste <b>Edward Klorman<\/b>, la violoncelliste <b>Jessica Korotkin<\/b> ainsi que la claveciniste <b>Elizaveta Miller<\/b> joignent leurs talents afin de vous pr\u00e9senter un programme ax\u00e9 sur des \u0153uvres du XVIIIe si\u00e8cle.<\/p>\n<p>LE 9 AVRIL, 19 H 30, SALLE PAUL-DESMARAIS\u00a0 <a href=\"https:\/\/montreal.ca\/evenements\/les-temps-perdus-80817\" target=\"_blank\" rel=\"noopener\">D\u00c9TAILS ET BILLETS<\/a><\/p>\n<p>&nbsp;<\/p>\n<figure id=\"attachment_87140\" aria-describedby=\"caption-attachment-87140\" style=\"width: 1200px\" class=\"wp-caption aligncenter\"><img decoding=\"async\" loading=\"lazy\" class=\"size-full wp-image-87140\" src=\"https:\/\/www.ludwig-van.com\/montreal\/wp-content\/uploads\/sites\/3\/2025\/04\/Fabio-Biondi-1_credit-Emile-Ashley_1200.jpg\" alt=\"Fabio Bondi (Photo : Emile Ashley)\" width=\"1200\" height=\"801\" srcset=\"https:\/\/www.ludwig-van.com\/montreal\/wp-content\/uploads\/sites\/3\/2025\/04\/Fabio-Biondi-1_credit-Emile-Ashley_1200.jpg 1200w, https:\/\/www.ludwig-van.com\/montreal\/wp-content\/uploads\/sites\/3\/2025\/04\/Fabio-Biondi-1_credit-Emile-Ashley_1200-300x200.jpg 300w, https:\/\/www.ludwig-van.com\/montreal\/wp-content\/uploads\/sites\/3\/2025\/04\/Fabio-Biondi-1_credit-Emile-Ashley_1200-1024x684.jpg 1024w, https:\/\/www.ludwig-van.com\/montreal\/wp-content\/uploads\/sites\/3\/2025\/04\/Fabio-Biondi-1_credit-Emile-Ashley_1200-768x513.jpg 768w\" sizes=\"(max-width: 1200px) 100vw, 1200px\" \/><figcaption id=\"caption-attachment-87140\" class=\"wp-caption-text\">Fabio Bondi (Photo : Emile Ashley)<\/figcaption><\/figure>\n<h3>OM &#8211; <em>\u00c9pop\u00e9e baroque<\/em><\/h3>\n<p>Sous la direction du sp\u00e9cialiste du baroque <b>Fabio Biondi<\/b>, l\u2019<b>Orchestre M\u00e9tropolitain<\/b> vous transportera au travers les si\u00e8cles avec des \u0153uvres de Corelli, de son \u00e9l\u00e8ve Locatelli, d\u2019un de ses admirateurs J.S. Bach et enfin, de Mendelssohn. Afin d\u2019interpr\u00e9ter \u00e0 sa juste valeur le <i>Concerto pour deux violons<\/i> de Bach, Fabio Biondi sortira son violon et se joindra au soliste <b>Kerson Leong<\/b>.<\/p>\n<p>LE 9 AVRIL, 19 H 30, \u00c9GLISE NOTRE-DAME-DES-SEPT-DOULEURS; LE 10 AVRIL, 19 H 30, COLL\u00c8GE JEAN-EUDES;<\/p>\n<p>LE 11 AVRIL, 19 H 30, PAROISSE ST-JOACHIM DE POINTE-CLAIRE; LE 12 AVRIL, 19 H 30, MAISON SYMPHONIQUE\u00a0 <a href=\"https:\/\/orchestremetropolitain.com\/fr\/concerts\/epopee-baroque\/?show_date_id=7426\" target=\"_blank\" rel=\"noopener\">D\u00c9TAILS ET BILLETS<\/a><\/p>\n<p>&nbsp;<\/p>\n<figure id=\"attachment_87000\" aria-describedby=\"caption-attachment-87000\" style=\"width: 1200px\" class=\"wp-caption aligncenter\"><img decoding=\"async\" loading=\"lazy\" class=\"size-full wp-image-87000\" src=\"https:\/\/www.ludwig-van.com\/montreal\/wp-content\/uploads\/sites\/3\/2025\/03\/Clemens-Schuldt_Jean-Francois-Gravel.jpg\" alt=\"Clemens Schuldt (Photo : Jean-Fran\u00e7ois Gravel)\" width=\"1200\" height=\"800\" srcset=\"https:\/\/www.ludwig-van.com\/montreal\/wp-content\/uploads\/sites\/3\/2025\/03\/Clemens-Schuldt_Jean-Francois-Gravel.jpg 1200w, https:\/\/www.ludwig-van.com\/montreal\/wp-content\/uploads\/sites\/3\/2025\/03\/Clemens-Schuldt_Jean-Francois-Gravel-300x200.jpg 300w, https:\/\/www.ludwig-van.com\/montreal\/wp-content\/uploads\/sites\/3\/2025\/03\/Clemens-Schuldt_Jean-Francois-Gravel-1024x683.jpg 1024w, https:\/\/www.ludwig-van.com\/montreal\/wp-content\/uploads\/sites\/3\/2025\/03\/Clemens-Schuldt_Jean-Francois-Gravel-768x512.jpg 768w\" sizes=\"(max-width: 1200px) 100vw, 1200px\" \/><figcaption id=\"caption-attachment-87000\" class=\"wp-caption-text\">Clemens Schuldt (Photo : Jean-Fran\u00e7ois Gravel)<\/figcaption><\/figure>\n<h3>\u00c0 Qu\u00e9bec : OSQ &#8211; <em>La Neuvi\u00e8me de Beethoven<\/em><\/h3>\n<p>Lorsqu\u2019on pense \u00e0 la <i>Symphonie no 9<\/i> de Beethoven, on pense imm\u00e9diatement \u00e0 sa finale <i>Ode \u00e0 la joie<\/i> ainsi qu\u2019aux valeurs humaines qui y sont transmises. Dans ce deuxi\u00e8me concert du Festival Beethoven regroupant l\u2019<b>Orchestre symphonique de Qu\u00e9bec<\/b>,<b> Les Violons du Roy<\/b>, le <b>Ch\u0153ur de l\u2019Orchestre symphonique de Qu\u00e9bec<\/b>, <b>Boyzak<\/b> et des solistes issu\u00b7e\u00b7s des nations Inuit, Innu, Wendat et M\u00e9tis, ce sont ces valeurs inclusives et unifiantes qui seront mises de l\u2019avant dans un programme o\u00f9, en plus de la c\u00e9l\u00e8bre <i>Neuvi\u00e8me<\/i>, vous pourrez entendre l\u2019ouverture de <i>La Reine des \u00celes Noires<\/i> d\u2019Eberl ainsi qu\u2019une cr\u00e9ation, commande de l\u2019OSQ, de la compositrice <b>Katia Makdissi-Warren<\/b>.<\/p>\n<p>DU 9 AU 11 AVRIL, 20 H, GRAND TH\u00c9\u00c2TRE DE QU\u00c9BEC\u00a0 D\u00c9TAILS ET BILLETS<\/p>\n<p>&nbsp;<\/p>\n<figure id=\"attachment_87143\" aria-describedby=\"caption-attachment-87143\" style=\"width: 1200px\" class=\"wp-caption aligncenter\"><img decoding=\"async\" loading=\"lazy\" class=\"size-full wp-image-87143\" src=\"https:\/\/www.ludwig-van.com\/montreal\/wp-content\/uploads\/sites\/3\/2025\/04\/Rona-Nadler.jpg\" alt=\"Rona Nadler (Photo : courtoisie)\" width=\"1200\" height=\"800\" srcset=\"https:\/\/www.ludwig-van.com\/montreal\/wp-content\/uploads\/sites\/3\/2025\/04\/Rona-Nadler.jpg 1200w, https:\/\/www.ludwig-van.com\/montreal\/wp-content\/uploads\/sites\/3\/2025\/04\/Rona-Nadler-300x200.jpg 300w, https:\/\/www.ludwig-van.com\/montreal\/wp-content\/uploads\/sites\/3\/2025\/04\/Rona-Nadler-1024x683.jpg 1024w, https:\/\/www.ludwig-van.com\/montreal\/wp-content\/uploads\/sites\/3\/2025\/04\/Rona-Nadler-768x512.jpg 768w\" sizes=\"(max-width: 1200px) 100vw, 1200px\" \/><figcaption id=\"caption-attachment-87143\" class=\"wp-caption-text\">Rona Nadler (Photo : courtoisie)<\/figcaption><\/figure>\n<h3>Capella Antica &#8211; Monteverdi Madrigals<\/h3>\n<p>L\u2019ensemble vocal du programme de musique ancienne de McGill <b>Capella Antica<\/b>, sp\u00e9cialis\u00e9 dans le r\u00e9pertoire de musique des XVIe et XVIIe si\u00e8cle, est compos\u00e9 de douze chanteur\u00b7euse\u00b7s s\u00e9lectionn\u00e9\u00b7e\u00b7s parmi les dipl\u00f4m\u00e9\u00b7e\u00b7s en interpr\u00e9tation vocale. Il vous pr\u00e9sentera, sous la direction artistique de <b>Rona Nadler<\/b>, un programme o\u00f9 des compositions de Monteverdi c\u00f4toieront celles de Rognoni et Kapsberger.<\/p>\n<p>LE 10 AVRIL, 19 H 30, REDPATH HALL\u00a0 <a href=\"https:\/\/www.mcgill.ca\/music\/channels\/event\/capella-antica-monteverdi-madrigals-359256\" target=\"_blank\" rel=\"noopener\">D\u00c9TAILS ET BILLETS<\/a><\/p>\n<p>&nbsp;<\/p>\n<h3><img decoding=\"async\" loading=\"lazy\" class=\"aligncenter size-full wp-image-87141\" src=\"https:\/\/www.ludwig-van.com\/montreal\/wp-content\/uploads\/sites\/3\/2025\/04\/LVM-NEWSL-BOURGIE-AVRIL_1200.png\" alt=\"\" width=\"1200\" height=\"610\" srcset=\"https:\/\/www.ludwig-van.com\/montreal\/wp-content\/uploads\/sites\/3\/2025\/04\/LVM-NEWSL-BOURGIE-AVRIL_1200.png 1200w, https:\/\/www.ludwig-van.com\/montreal\/wp-content\/uploads\/sites\/3\/2025\/04\/LVM-NEWSL-BOURGIE-AVRIL_1200-300x153.png 300w, https:\/\/www.ludwig-van.com\/montreal\/wp-content\/uploads\/sites\/3\/2025\/04\/LVM-NEWSL-BOURGIE-AVRIL_1200-1024x521.png 1024w, https:\/\/www.ludwig-van.com\/montreal\/wp-content\/uploads\/sites\/3\/2025\/04\/LVM-NEWSL-BOURGIE-AVRIL_1200-768x390.png 768w\" sizes=\"(max-width: 1200px) 100vw, 1200px\" \/><\/h3>\n<h3>Adolfo Gutti\u00e9rrez Arenas, violoncelle, et Gilles Vonsattel, piano<\/h3>\n<p>Dans le cadre de sa s\u00e9rie Les cordes \u00e0 l\u2019honneur, la Salle Bourgie re\u00e7oit deux musiciens aux brillantes carri\u00e8res autant en tant que solistes qu\u2019en musique de chambre, le violoncelliste espagnol <b>Adolfo Gutti\u00e9rrez Arenas<\/b> et le pianiste am\u00e9ricain, n\u00e9 suisse, <b>Gilles Vonsattel<\/b>. Ils vous interpr\u00e9teront une \u0153uvre de Schumann, de Grieg, de Rachmaninov ainsi qu\u2019une de Bloch.<\/p>\n<p>LE 11 AVRIL, 19 H 30, SALLE BOURGIE\u00a0 <a href=\"https:\/\/www.mbam.qc.ca\/fr\/activites\/adolfo-gutierrez-arenas-gilles-vonsattel\/\" target=\"_blank\" rel=\"noopener\">D\u00c9TAILS ET BILLETS<\/a><\/p>\n<p>&nbsp;<\/p>\n<figure id=\"attachment_87144\" aria-describedby=\"caption-attachment-87144\" style=\"width: 1200px\" class=\"wp-caption aligncenter\"><img decoding=\"async\" loading=\"lazy\" class=\"size-full wp-image-87144\" src=\"https:\/\/www.ludwig-van.com\/montreal\/wp-content\/uploads\/sites\/3\/2025\/04\/DeLaMerAuxNuages-17.jpg\" alt=\"St\u00e9phanie Pothier et Rosalie Asselin dans De la mer aux nuages (Photo : courtoisie)\" width=\"1200\" height=\"675\" srcset=\"https:\/\/www.ludwig-van.com\/montreal\/wp-content\/uploads\/sites\/3\/2025\/04\/DeLaMerAuxNuages-17.jpg 1200w, https:\/\/www.ludwig-van.com\/montreal\/wp-content\/uploads\/sites\/3\/2025\/04\/DeLaMerAuxNuages-17-300x169.jpg 300w, https:\/\/www.ludwig-van.com\/montreal\/wp-content\/uploads\/sites\/3\/2025\/04\/DeLaMerAuxNuages-17-1024x576.jpg 1024w, https:\/\/www.ludwig-van.com\/montreal\/wp-content\/uploads\/sites\/3\/2025\/04\/DeLaMerAuxNuages-17-768x432.jpg 768w\" sizes=\"(max-width: 1200px) 100vw, 1200px\" \/><figcaption id=\"caption-attachment-87144\" class=\"wp-caption-text\">St\u00e9phanie Pothier et Rosalie Asselin dans De la mer aux nuages (Photo : Simon Jolicoeur-C\u00f4t\u00e9)<\/figcaption><\/figure>\n<h3>ClairObscur &#8211; <i>De la mer aux nuages<\/i><\/h3>\n<p>Le projet <b>ClairObscur<\/b> poursuit son exploration de voies nouvelles pour bonifier l\u2019exp\u00e9rience de musique de concert avec <i>De la mer aux nuages<\/i>. Initiative de la mezzo-soprano et photographe <b>St\u00e9phanie Pothier<\/b>, ClairObscur vous pr\u00e9sente avec cet \u00e9v\u00e9nement multim\u00e9dias des \u0153uvres de musique fran\u00e7aise pour voix et piano (<strong>St\u00e9phanie Pothier<\/strong> et <strong>Rosalie Asselin<\/strong>) tout en mettant l\u2019emphase sur la beaut\u00e9 maritime et en faisant un appel \u00e0 la protection de l\u2019eau et de l\u2019environnement.<\/p>\n<p>LE 11 AVRIL, 20 H, MAISON DE LA CULTURE NOTRE-DAME-DE-GR\u00c2CE;\u00a0LE 12 AVRIL, 19 H 30, MAISON DE LA CULTURE POINTE-AUX-TREMBLES<\/p>\n<p><a href=\"https:\/\/montreal.ca\/evenements\/de-la-mer-aux-nuages-clairobscur-73756\" target=\"_blank\" rel=\"noopener\">D\u00c9TAILS ET BILLETS<\/a><\/p>\n<p>&nbsp;<\/p>\n<figure id=\"attachment_78172\" aria-describedby=\"caption-attachment-78172\" style=\"width: 1200px\" class=\"wp-caption aligncenter\"><img decoding=\"async\" loading=\"lazy\" class=\"size-full wp-image-78172\" src=\"https:\/\/www.ludwig-van.com\/montreal\/wp-content\/uploads\/sites\/3\/2017\/09\/OUM_Gloire-sovietique_creOoadit-Antoine-Saito_LR_-44_T.jpg\" alt=\"L'Orchestre de l'Universit\u00e9 de Montr\u00e9al (Photo : Antoine Saito)\" width=\"1200\" height=\"800\" srcset=\"https:\/\/www.ludwig-van.com\/montreal\/wp-content\/uploads\/sites\/3\/2017\/09\/OUM_Gloire-sovietique_creOoadit-Antoine-Saito_LR_-44_T.jpg 1200w, https:\/\/www.ludwig-van.com\/montreal\/wp-content\/uploads\/sites\/3\/2017\/09\/OUM_Gloire-sovietique_creOoadit-Antoine-Saito_LR_-44_T-300x200.jpg 300w, https:\/\/www.ludwig-van.com\/montreal\/wp-content\/uploads\/sites\/3\/2017\/09\/OUM_Gloire-sovietique_creOoadit-Antoine-Saito_LR_-44_T-1024x683.jpg 1024w, https:\/\/www.ludwig-van.com\/montreal\/wp-content\/uploads\/sites\/3\/2017\/09\/OUM_Gloire-sovietique_creOoadit-Antoine-Saito_LR_-44_T-768x512.jpg 768w\" sizes=\"(max-width: 1200px) 100vw, 1200px\" \/><figcaption id=\"caption-attachment-78172\" class=\"wp-caption-text\">L&rsquo;Orchestre de l&rsquo;Universit\u00e9 de Montr\u00e9al (Photo : Antoine Saito)<\/figcaption><\/figure>\n<h3>Facult\u00e9 de musique de l\u2019UdeM &#8211; <em>\u00c9toiles montantes<\/em><\/h3>\n<p>Ce concert gratuit de la Facult\u00e9 de musique de l&rsquo;Universit\u00e9 de Montr\u00e9al vous permettra de d\u00e9couvrir les talents de ses \u00e9tudiant\u00b7e\u00b7s. Qu\u2019ils\u00b7elles excellent en composition, en direction d\u2019orchestre, comme solistes ou comme instrumentistes au sein de l\u2019<b>Orchestre de l\u2019Universit\u00e9 de Montr\u00e9al<\/b>, tous\u00b7toutes seront sous les feux de la rampe lors de cette soir\u00e9e.<\/p>\n<p>LE 12 AVRIL, 19 H 30, SALLE CLAUDE-CHAMPAGNE\u00a0 <a href=\"https:\/\/calendrier.umontreal.ca\/activite\/890123-etoiles-montantes\" target=\"_blank\" rel=\"noopener\">D\u00c9TAILS ET BILLETS<\/a><\/p>\n<p>&nbsp;<\/p>\n<figure id=\"attachment_84949\" aria-describedby=\"caption-attachment-84949\" style=\"width: 1200px\" class=\"wp-caption aligncenter\"><img decoding=\"async\" loading=\"lazy\" class=\"size-full wp-image-84949\" src=\"https:\/\/www.ludwig-van.com\/montreal\/wp-content\/uploads\/sites\/3\/2024\/11\/Charles-Richard-Hamelin2023-Photo-Julien-Faugere-1200.jpg\" alt=\"Charles Richard-Hamelin (Photo : Julien Faug\u00e8re)\" width=\"1200\" height=\"810\" srcset=\"https:\/\/www.ludwig-van.com\/montreal\/wp-content\/uploads\/sites\/3\/2024\/11\/Charles-Richard-Hamelin2023-Photo-Julien-Faugere-1200.jpg 1200w, https:\/\/www.ludwig-van.com\/montreal\/wp-content\/uploads\/sites\/3\/2024\/11\/Charles-Richard-Hamelin2023-Photo-Julien-Faugere-1200-300x203.jpg 300w, https:\/\/www.ludwig-van.com\/montreal\/wp-content\/uploads\/sites\/3\/2024\/11\/Charles-Richard-Hamelin2023-Photo-Julien-Faugere-1200-1024x691.jpg 1024w, https:\/\/www.ludwig-van.com\/montreal\/wp-content\/uploads\/sites\/3\/2024\/11\/Charles-Richard-Hamelin2023-Photo-Julien-Faugere-1200-768x518.jpg 768w\" sizes=\"(max-width: 1200px) 100vw, 1200px\" \/><figcaption id=\"caption-attachment-84949\" class=\"wp-caption-text\">Charles Richard-Hamelin (Photo : Julien Faug\u00e8re)<\/figcaption><\/figure>\n<h3>Charles Richard-Hamelin, piano<\/h3>\n<p>Le pianiste qu\u00e9b\u00e9cois <b>Charles Richard-Hamelin<\/b>, qui se passe de pr\u00e9sentations tant il est bien connu autant chez nous qu\u2019\u00e0 l\u2019international, est \u00e0 nouveau re\u00e7u par la Salle Bourgie. Il y pr\u00e9sentera un programme \u00e0 la fois po\u00e9tique et virtuose, interpr\u00e9tant entre autres du Chopin, l\u2019un de ses artistes de pr\u00e9dilection.<\/p>\n<p>LE 12 AVRIL, 19 H 30, SALLE BOURGIE\u00a0 <a href=\"https:\/\/www.mbam.qc.ca\/fr\/activites\/charles-richard-hamelin\/\" target=\"_blank\" rel=\"noopener\">D\u00c9TAILS ET BILLETS<\/a><\/p>\n<p>&nbsp;<\/p>\n<figure id=\"attachment_63525\" aria-describedby=\"caption-attachment-63525\" style=\"width: 1020px\" class=\"wp-caption aligncenter\"><img decoding=\"async\" loading=\"lazy\" class=\"size-full wp-image-63525\" src=\"https:\/\/www.ludwig-van.com\/montreal\/wp-content\/uploads\/sites\/3\/2020\/01\/Lucas-Debargue.jpg\" alt=\"Lucas Debargue, pianiste\" width=\"1020\" height=\"679\" srcset=\"https:\/\/www.ludwig-van.com\/montreal\/wp-content\/uploads\/sites\/3\/2020\/01\/Lucas-Debargue.jpg 1020w, https:\/\/www.ludwig-van.com\/montreal\/wp-content\/uploads\/sites\/3\/2020\/01\/Lucas-Debargue-300x200.jpg 300w, https:\/\/www.ludwig-van.com\/montreal\/wp-content\/uploads\/sites\/3\/2020\/01\/Lucas-Debargue-768x511.jpg 768w\" sizes=\"(max-width: 1020px) 100vw, 1020px\" \/><figcaption id=\"caption-attachment-63525\" class=\"wp-caption-text\">Lucas Debargue (Photo : courtoisie)<\/figcaption><\/figure>\n<h3>Lucas Debargue, piano &#8211; <i>Saison prodige<\/i><\/h3>\n<p>Dans le cadre de sa s\u00e9rie Cartes Blanches, Pro Musica pr\u00e9sente le pianiste fran\u00e7ais <b>Lucas Debargue<\/b>. Il interpr\u00e9tera, en plus de ses propres compositions, des \u0153uvres de Ravel, Faur\u00e9 et Scriabin. R\u00e9v\u00e9l\u00e9 en 2015 par le 15e Concours International Tcha\u00efkovski, le parisien d\u2019origine est devenu l\u2019un des pianistes les plus en demande dans le monde.<\/p>\n<p>LE 13 AVRIL, 15 H, SALLE PIERRE-MERCURE\u00a0<a href=\"https:\/\/pierre-mercure.uqam.ca\/evenement\/lucas-debargue-piano\/\" target=\"_blank\" rel=\"noopener\"> D\u00c9TAILS ET BILLETS<\/a><\/p>\n<p>&nbsp;<\/p>\n<p><img decoding=\"async\" loading=\"lazy\" class=\"aligncenter size-full wp-image-70374\" src=\"https:\/\/www.ludwig-van.com\/montreal\/wp-content\/uploads\/sites\/3\/2022\/03\/Orgue-Amis.jpg\" alt=\"\" width=\"2048\" height=\"1536\" \/><\/p>\n<h3>SOM &#8211; R\u00e9gis Rousseau, orgue<\/h3>\n<p>La Soci\u00e9t\u00e9 des orgues de Maisonneuve vous invite \u00e0 venir entendre l\u2019organiste <b>R\u00e9gis Rousseau<\/b> dans un concert mariant saveurs espagnoles et qu\u00e9b\u00e9coises. Ce dernier, qui a fait m\u00e9tier pendant plus de 15 ans dans le milieu de la sc\u00e8ne culturelle montr\u00e9alaise en tant qu\u2019organiste titulaire de l\u2019\u00e9glise Tr\u00e8s-Saint-Nom-de-J\u00e9sus, a \u00e9t\u00e9\u00a0 co-fondateur et directeur de Orgues et couleurs, pr\u00e9sident du Conseil qu\u00e9b\u00e9cois de la musique, chef de ch\u0153ur et professeur d\u2019orgue et d\u2019initiation \u00e0 la litt\u00e9rature musicale. De 2014 \u00e0 2020, il a \u00e9t\u00e9 directeur des \u00e9tudes de l&rsquo;ensemble du r\u00e9seau des Conservatoires. Depuis 2021, il s&rsquo;est retir\u00e9 des fonctions administratives pour se consacrer \u00e0 sa carri\u00e8re d&rsquo;interpr\u00e8te. Il est cotitulaire de l&rsquo;orgue de l&rsquo;\u00e9glise Saint-L\u00e9on de Westmount et dirige la Schola Cantorum de Qu\u00e9bec. Une contribution volontaire est demand\u00e9e.<\/p>\n<p>LE 13 AVRIL, 15 H, \u00c9GLISE TR\u00c8S-SAINT-NOM-DE-J\u00c9SUS<\/p>\n<p>&nbsp;<\/p>\n<p><img decoding=\"async\" loading=\"lazy\" class=\"aligncenter size-full wp-image-87137\" src=\"https:\/\/www.ludwig-van.com\/montreal\/wp-content\/uploads\/sites\/3\/2025\/04\/LVM-NEWSL-CHOEUR-POLYPHONIQUE-REQUIEM-MOZART_1200.jpg\" alt=\"\" width=\"1200\" height=\"610\" srcset=\"https:\/\/www.ludwig-van.com\/montreal\/wp-content\/uploads\/sites\/3\/2025\/04\/LVM-NEWSL-CHOEUR-POLYPHONIQUE-REQUIEM-MOZART_1200.jpg 1200w, https:\/\/www.ludwig-van.com\/montreal\/wp-content\/uploads\/sites\/3\/2025\/04\/LVM-NEWSL-CHOEUR-POLYPHONIQUE-REQUIEM-MOZART_1200-300x153.jpg 300w, https:\/\/www.ludwig-van.com\/montreal\/wp-content\/uploads\/sites\/3\/2025\/04\/LVM-NEWSL-CHOEUR-POLYPHONIQUE-REQUIEM-MOZART_1200-1024x521.jpg 1024w, https:\/\/www.ludwig-van.com\/montreal\/wp-content\/uploads\/sites\/3\/2025\/04\/LVM-NEWSL-CHOEUR-POLYPHONIQUE-REQUIEM-MOZART_1200-768x390.jpg 768w\" sizes=\"(max-width: 1200px) 100vw, 1200px\" \/><\/p>\n<h3>Ch\u0153ur polyphonique de Montr\u00e9al &#8211; <i>Requiem<\/i> de Mozart<\/h3>\n<p>Dirig\u00e9s par Louis Lavigueur, le <b>Ch\u0153ur polyphonique de Montr\u00e9al<\/b> et <b>Sinfonia de Montr\u00e9al<\/b> s\u2019unissent pour vous interpr\u00e9ter le <i>Requiem<\/i> de Mozart. Vous connaissez le titre et seriez peut-\u00eatre m\u00eame capable d\u2019en fredonner certains passages, mais saviez-vous que seuls environ les deux tiers de ce chef-d\u2019\u0153uvre sont r\u00e9ellement de la main de Mozart? En effet, son d\u00e9c\u00e8s en interrompit la composition. C\u2019est son \u00e9pouse, Constance, qui fit achever l\u2019\u0153uvre par les \u00e9l\u00e8ves de feu son \u00e9poux &#8211; pour honorer la commande et ainsi en recevoir les honoraires, mais aussi en fid\u00e9lit\u00e9 au compositeur qui avait laiss\u00e9 des instructions. Saurez-vous distinguer les parties compos\u00e9es par Mozart de celles compos\u00e9es par ses \u00e9l\u00e8ves?<\/p>\n<p>LE 13 AVRIL, 15 H 30, \u00c9GLISE SAINT-VIATEUR\u00a0 <a href=\"https:\/\/www.choeurpolyphoniquedemontreal.org\/event\/requiem-de-mozart\/?start=1744558200&amp;end=1744558200\" target=\"_blank\" rel=\"noopener\">D\u00c9TAILS ET BILLETS<\/a><\/p>\n<h2><em>Inscrivez-vous \u00e0 notre infolettre! La musique classique et l\u2019op\u00e9ra en 5 minutes, chaque jour<\/em> <a href=\"https:\/\/ludwig-van.us9.list-manage.com\/subscribe?u=4f785cb3f9058f2393ccad035&amp;id=b9b160c032\" target=\"_blank\" rel=\"noopener noreferrer\">ICI.<\/a><\/h2>\n","protected":false},"excerpt":{"rendered":"<p>Votre m\u00e9nage du printemps devra encore attendre puisqu\u2019une fois de plus cette semaine, les artistes vous garderons bien occup\u00e9s! Vous aurez par contre l\u2019occasion de d\u00e9poussi\u00e9rer vos connaissances musicales, de balayer sous le tapis certains st\u00e9r\u00e9otypes et d\u2019essuyer quelques larmes alors que les musicien\u00b7ne\u00b7s, quant \u00e0 eux, feront briller la vitrine musicale par leur talent.<\/p>\n","protected":false},"author":1,"featured_media":87147,"comment_status":"open","ping_status":"open","sticky":false,"template":"","format":"standard","meta":{"om_disable_all_campaigns":false,"jetpack_post_was_ever_published":false},"categories":[42299,10994],"tags":[42300,11882],"yst_prominent_words":[30856,30855,9878,9863,13120,26532,21053,18277,18275,21231,20734,26052,9877,13123],"acf":[],"jetpack_featured_media_url":"https:\/\/www.ludwig-van.com\/montreal\/wp-content\/uploads\/sites\/3\/2025\/04\/Copie-de-CONCERTS12.jpg","jetpack_sharing_enabled":true,"jetpack_shortlink":"https:\/\/wp.me\/p9bdYt-mFp","amp_enabled":true,"_links":{"self":[{"href":"https:\/\/www.ludwig-van.com\/montreal\/wp-json\/wp\/v2\/posts\/87135"}],"collection":[{"href":"https:\/\/www.ludwig-van.com\/montreal\/wp-json\/wp\/v2\/posts"}],"about":[{"href":"https:\/\/www.ludwig-van.com\/montreal\/wp-json\/wp\/v2\/types\/post"}],"author":[{"embeddable":true,"href":"https:\/\/www.ludwig-van.com\/montreal\/wp-json\/wp\/v2\/users\/1"}],"replies":[{"embeddable":true,"href":"https:\/\/www.ludwig-van.com\/montreal\/wp-json\/wp\/v2\/comments?post=87135"}],"version-history":[{"count":60,"href":"https:\/\/www.ludwig-van.com\/montreal\/wp-json\/wp\/v2\/posts\/87135\/revisions"}],"predecessor-version":[{"id":87220,"href":"https:\/\/www.ludwig-van.com\/montreal\/wp-json\/wp\/v2\/posts\/87135\/revisions\/87220"}],"wp:featuredmedia":[{"embeddable":true,"href":"https:\/\/www.ludwig-van.com\/montreal\/wp-json\/wp\/v2\/media\/87147"}],"wp:attachment":[{"href":"https:\/\/www.ludwig-van.com\/montreal\/wp-json\/wp\/v2\/media?parent=87135"}],"wp:term":[{"taxonomy":"category","embeddable":true,"href":"https:\/\/www.ludwig-van.com\/montreal\/wp-json\/wp\/v2\/categories?post=87135"},{"taxonomy":"post_tag","embeddable":true,"href":"https:\/\/www.ludwig-van.com\/montreal\/wp-json\/wp\/v2\/tags?post=87135"},{"taxonomy":"yst_prominent_words","embeddable":true,"href":"https:\/\/www.ludwig-van.com\/montreal\/wp-json\/wp\/v2\/yst_prominent_words?post=87135"}],"curies":[{"name":"wp","href":"https:\/\/api.w.org\/{rel}","templated":true}]}}