{"id":86991,"date":"2025-03-31T02:48:17","date_gmt":"2025-03-31T06:48:17","guid":{"rendered":"https:\/\/www.ludwig-van.com\/montreal\/?p=86991"},"modified":"2025-03-31T12:56:13","modified_gmt":"2025-03-31T16:56:13","slug":"choix-de-la-redaction-du-luth-lalto-du-chant-de-la-renaissance-au-theremine-et-bien-plus","status":"publish","type":"post","link":"https:\/\/www.ludwig-van.com\/montreal\/2025\/03\/31\/choix-de-la-redaction-du-luth-lalto-du-chant-de-la-renaissance-au-theremine-et-bien-plus\/","title":{"rendered":"CHOIX DE LA R\u00c9DACTION | Du luth \u00e0 l&rsquo;alto, du chant de la Renaissance au th\u00e9r\u00e9mine, et bien plus"},"content":{"rendered":"<figure id=\"attachment_87004\" aria-describedby=\"caption-attachment-87004\" style=\"width: 1200px\" class=\"wp-caption aligncenter\"><img decoding=\"async\" loading=\"lazy\" class=\"size-full wp-image-87004\" src=\"https:\/\/www.ludwig-van.com\/montreal\/wp-content\/uploads\/sites\/3\/2025\/03\/Copie-de-CONCERTS10.jpg\" alt=\"Antoine Tamestit (Photo : courtoisie); Stile antico (Photo : Eduardus Lee); Louis-\u00c9tienne Bergeron et Meagan Milatz (Photo : courtoisie)\" width=\"1200\" height=\"628\" srcset=\"https:\/\/www.ludwig-van.com\/montreal\/wp-content\/uploads\/sites\/3\/2025\/03\/Copie-de-CONCERTS10.jpg 1200w, https:\/\/www.ludwig-van.com\/montreal\/wp-content\/uploads\/sites\/3\/2025\/03\/Copie-de-CONCERTS10-300x157.jpg 300w, https:\/\/www.ludwig-van.com\/montreal\/wp-content\/uploads\/sites\/3\/2025\/03\/Copie-de-CONCERTS10-1024x536.jpg 1024w, https:\/\/www.ludwig-van.com\/montreal\/wp-content\/uploads\/sites\/3\/2025\/03\/Copie-de-CONCERTS10-768x402.jpg 768w\" sizes=\"(max-width: 1200px) 100vw, 1200px\" \/><figcaption id=\"caption-attachment-87004\" class=\"wp-caption-text\">Antoine Tamestit (Photo : courtoisie); Stile antico (Photo : Eduardus Lee); Louis-\u00c9tienne Bergeron et Meagan Milatz (Photo : courtoisie)<\/figcaption><\/figure>\n<p>Une escapade dans la Capitale-Nationale sera de mise pour les fervents enthousiastes de Beethoven puisque le Festival Beethoven de l\u2019OSQ entame ses activit\u00e9s pour une premi\u00e8re semaine sur trois. En route, un arr\u00eat \u00e0 Trois-Rivi\u00e8res permettra d&rsquo;entendre le Requiem de Mozart. La m\u00e9tropole n&rsquo;est \u00e9videmment pas en reste, avec de nouveau une corne d&rsquo;abondance de concerts desquels choisir.<\/p>\n<h3><\/h3>\n<figure id=\"attachment_86992\" aria-describedby=\"caption-attachment-86992\" style=\"width: 1200px\" class=\"wp-caption aligncenter\"><img decoding=\"async\" loading=\"lazy\" class=\"size-full wp-image-86992\" src=\"https:\/\/www.ludwig-van.com\/montreal\/wp-content\/uploads\/sites\/3\/2025\/03\/Mivos-Quartet.jpg\" alt=\"Quatuor Mivos (Photo : courtoisie Salle Bourgie)\" width=\"1200\" height=\"800\" srcset=\"https:\/\/www.ludwig-van.com\/montreal\/wp-content\/uploads\/sites\/3\/2025\/03\/Mivos-Quartet.jpg 1200w, https:\/\/www.ludwig-van.com\/montreal\/wp-content\/uploads\/sites\/3\/2025\/03\/Mivos-Quartet-300x200.jpg 300w, https:\/\/www.ludwig-van.com\/montreal\/wp-content\/uploads\/sites\/3\/2025\/03\/Mivos-Quartet-1024x683.jpg 1024w, https:\/\/www.ludwig-van.com\/montreal\/wp-content\/uploads\/sites\/3\/2025\/03\/Mivos-Quartet-768x512.jpg 768w\" sizes=\"(max-width: 1200px) 100vw, 1200px\" \/><figcaption id=\"caption-attachment-86992\" class=\"wp-caption-text\">Quatuor Mivos (Photo : courtoisie Salle Bourgie)<\/figcaption><\/figure>\n<h3>Mivos Quartet &#8211; Int\u00e9grale des quatuors de Steve Reich<\/h3>\n<p>Fond\u00e9 en 2008, le <b>Mivos Quartet<\/b>, \u00e9tabli \u00e0 New York, est devenu l\u2019un des ensembles incontournables de la musique nouvelle. Il pr\u00e9sente cette semaine trois \u0153uvres majeures du r\u00e9pertoire de <b>Steve Reich<\/b>, connu pour son esth\u00e9tique r\u00e9p\u00e9titive et minimaliste, <i>Different Trains<\/i>, <i>Triple Quartet<\/i> et <i>WTC 9\/11<\/i>.<\/p>\n<p>LE 1 AVRIL, 19 H 30, SALLE BOURGIE\u00a0 <a href=\"https:\/\/www.mbam.qc.ca\/fr\/activites\/quatuor-mivos-steve-reich\/?utm_source=M%C3%89DIAS+FR_BOURGIE&amp;utm_campaign=924abd4f45-Communiqu%C3%A9+de+Presse_Quatuor+Mivos_11_03_2025&amp;utm_medium=email&amp;utm_term=0_a5b67e3ec1-924abd4f45-274672817\" target=\"_blank\" rel=\"noopener\">D\u00c9TAILS ET BILLETS<\/a><\/p>\n<p>&nbsp;<\/p>\n<figure id=\"attachment_86766\" aria-describedby=\"caption-attachment-86766\" style=\"width: 1200px\" class=\"wp-caption aligncenter\"><img decoding=\"async\" loading=\"lazy\" class=\"size-full wp-image-86766\" src=\"https:\/\/www.ludwig-van.com\/montreal\/wp-content\/uploads\/sites\/3\/2025\/03\/Elinor-Frey_Elizabeth-Delage_carree_1200.jpg\" alt=\"La violoncelliste Elinor Frey, membre du groupe Les ondes. (Photo : Elizabeth Delage)\" width=\"1200\" height=\"1200\" srcset=\"https:\/\/www.ludwig-van.com\/montreal\/wp-content\/uploads\/sites\/3\/2025\/03\/Elinor-Frey_Elizabeth-Delage_carree_1200.jpg 1200w, https:\/\/www.ludwig-van.com\/montreal\/wp-content\/uploads\/sites\/3\/2025\/03\/Elinor-Frey_Elizabeth-Delage_carree_1200-300x300.jpg 300w, https:\/\/www.ludwig-van.com\/montreal\/wp-content\/uploads\/sites\/3\/2025\/03\/Elinor-Frey_Elizabeth-Delage_carree_1200-1024x1024.jpg 1024w, https:\/\/www.ludwig-van.com\/montreal\/wp-content\/uploads\/sites\/3\/2025\/03\/Elinor-Frey_Elizabeth-Delage_carree_1200-150x150.jpg 150w, https:\/\/www.ludwig-van.com\/montreal\/wp-content\/uploads\/sites\/3\/2025\/03\/Elinor-Frey_Elizabeth-Delage_carree_1200-768x768.jpg 768w\" sizes=\"(max-width: 1200px) 100vw, 1200px\" \/><figcaption id=\"caption-attachment-86766\" class=\"wp-caption-text\">La violoncelliste Elinor Frey, membre du groupe (Photo : Elizabeth Delage)<\/figcaption><\/figure>\n<h3>Accademia de\u2019 Dissonanti &#8211; <em>L\u2019art de la variation<\/em><\/h3>\n<p>La Chapelle musicale du Bon-Pasteur, en collaboration avec le Centre canadien d\u2019architecture, pr\u00e9sente <b>Accademia de\u2019 Dissonanti<\/b>, ensemble de musique ancienne et acad\u00e9mie fond\u00e9 par la violoncelliste <b>Elinor<\/b> <b>Frey<\/b>. Sous la direction de cette derni\u00e8re, l\u2019ensemble interpr\u00e9tera plusieurs cr\u00e9ations dans le style baroque, ainsi que des \u0153uvres de l\u2019\u00e9poque.<\/p>\n<p>LE 2 AVRIL, 19 H 30, SALLE PAUL-DESMARAIS\u00a0 <a href=\"https:\/\/montreal.ca\/evenements\/lart-de-la-variation-80794\" target=\"_blank\" rel=\"noopener\">D\u00c9TAILS ET BILLETS<\/a><\/p>\n<p>&nbsp;<\/p>\n<figure id=\"attachment_82234\" aria-describedby=\"caption-attachment-82234\" style=\"width: 1200px\" class=\"wp-caption aligncenter\"><img decoding=\"async\" loading=\"lazy\" class=\"size-full wp-image-82234\" src=\"https:\/\/www.ludwig-van.com\/montreal\/wp-content\/uploads\/sites\/3\/2024\/06\/Simon-Rivard_cropped_1200.jpg\" alt=\"Simon Rivad (Photo : Tam Lan Truong)\" width=\"1200\" height=\"903\" srcset=\"https:\/\/www.ludwig-van.com\/montreal\/wp-content\/uploads\/sites\/3\/2024\/06\/Simon-Rivard_cropped_1200.jpg 1200w, https:\/\/www.ludwig-van.com\/montreal\/wp-content\/uploads\/sites\/3\/2024\/06\/Simon-Rivard_cropped_1200-300x226.jpg 300w, https:\/\/www.ludwig-van.com\/montreal\/wp-content\/uploads\/sites\/3\/2024\/06\/Simon-Rivard_cropped_1200-1024x771.jpg 1024w, https:\/\/www.ludwig-van.com\/montreal\/wp-content\/uploads\/sites\/3\/2024\/06\/Simon-Rivard_cropped_1200-768x578.jpg 768w\" sizes=\"(max-width: 1200px) 100vw, 1200px\" \/><figcaption id=\"caption-attachment-82234\" class=\"wp-caption-text\">Simon Rivad (Photo : Tam Lan Truong)<\/figcaption><\/figure>\n<h3>OSM &#8211; <i>Fantasia<\/i> de Disney<\/h3>\n<p>Plusieurs d&rsquo;entre nous se rappellent avec nostalgie le fameux film <i>Fantasia<\/i> cr\u00e9\u00e9 en 1940 par Disney avec le balai qui fait le m\u00e9nage et les hippopotames en tutu dansant avec un crocodile. Ce chef-d\u2019\u0153uvre d\u2019animation mettant en premier plan Mickey Mouse et la musique classique avait d\u2019abord \u00e9t\u00e9 imagin\u00e9 comme le premier volet d\u2019une s\u00e9rie, dont le deuxi\u00e8me film, <i>Fantasia 2000, <\/i>n&rsquo;est finalement sorti qu&rsquo;en 1999. (Re)Voyez ces deux films d\u2019animation spectaculaires lors de ce cin\u00e9-concert de l\u2019<b>Orchestre symphonique de Montr\u00e9al<\/b> qui en interpr\u00e9tera sous la direction de <strong>Simon Rivard<\/strong> les trames sonores en synchronisation avec les images.<\/p>\n<p>LES 2 ET 3 AVRIL, 19 H 30, MAISON SYMPHONIQUE\u00a0 <a href=\"https:\/\/www.osm.ca\/fr\/concert\/fantasia-de-disney\/\" target=\"_blank\" rel=\"noopener\">D\u00c9TAILS ET BILLETS<\/a><\/p>\n<p>&nbsp;<\/p>\n<figure id=\"attachment_86993\" aria-describedby=\"caption-attachment-86993\" style=\"width: 1200px\" class=\"wp-caption aligncenter\"><img decoding=\"async\" loading=\"lazy\" class=\"size-full wp-image-86993\" src=\"https:\/\/www.ludwig-van.com\/montreal\/wp-content\/uploads\/sites\/3\/2025\/03\/Stile-antico_eduardus_lee_cropped.jpg\" alt=\"Stile antico (Photo : Eduardus Lee)\" width=\"1200\" height=\"641\" srcset=\"https:\/\/www.ludwig-van.com\/montreal\/wp-content\/uploads\/sites\/3\/2025\/03\/Stile-antico_eduardus_lee_cropped.jpg 1200w, https:\/\/www.ludwig-van.com\/montreal\/wp-content\/uploads\/sites\/3\/2025\/03\/Stile-antico_eduardus_lee_cropped-300x160.jpg 300w, https:\/\/www.ludwig-van.com\/montreal\/wp-content\/uploads\/sites\/3\/2025\/03\/Stile-antico_eduardus_lee_cropped-1024x547.jpg 1024w, https:\/\/www.ludwig-van.com\/montreal\/wp-content\/uploads\/sites\/3\/2025\/03\/Stile-antico_eduardus_lee_cropped-768x410.jpg 768w\" sizes=\"(max-width: 1200px) 100vw, 1200px\" \/><figcaption id=\"caption-attachment-86993\" class=\"wp-caption-text\">Stile antico (Photo : Eduardus Lee)<\/figcaption><\/figure>\n<h3>Stile Antico &#8211; <em>Le Prince de la musique : Palestrina dans la Cit\u00e9 \u00c9ternelle<\/em><\/h3>\n<p>La Salle Bourgie re\u00e7oit l\u2019ensemble britannique <b>Stile Antico<\/b> qui soulignera le 500e anniversaire de la naissance de Giovanni Pierluigi da Palestrina, compositeur italien ayant \u00e9t\u00e9 ma\u00eetre de la chapelle Giulia de la basilique St-Pierre, au Vatican. L\u2019ensemble interpr\u00e9tera \u00e9galement des \u0153uvres de musique liturgique d\u2019autres compositeurs tels que Josquin et Arcadelt.<\/p>\n<p>LE 2 AVRIL, 19 H 30, SALLE BOURGIE\u00a0 <a href=\"https:\/\/www.mbam.qc.ca\/fr\/activites\/stile-antico\/\" target=\"_blank\" rel=\"noopener\">D\u00c9TAILS ET BILLETS<\/a><\/p>\n<p>&nbsp;<\/p>\n<figure id=\"attachment_87006\" aria-describedby=\"caption-attachment-87006\" style=\"width: 1107px\" class=\"wp-caption aligncenter\"><img decoding=\"async\" loading=\"lazy\" class=\"size-full wp-image-87006\" src=\"https:\/\/www.ludwig-van.com\/montreal\/wp-content\/uploads\/sites\/3\/2025\/03\/Gabrielle-Gagnon-Poirier_JMC_cropped.png\" alt=\"Gabrielle Gagnon-Poirier (Photo : courtoisie JMC)\" width=\"1107\" height=\"635\" srcset=\"https:\/\/www.ludwig-van.com\/montreal\/wp-content\/uploads\/sites\/3\/2025\/03\/Gabrielle-Gagnon-Poirier_JMC_cropped.png 1107w, https:\/\/www.ludwig-van.com\/montreal\/wp-content\/uploads\/sites\/3\/2025\/03\/Gabrielle-Gagnon-Poirier_JMC_cropped-300x172.png 300w, https:\/\/www.ludwig-van.com\/montreal\/wp-content\/uploads\/sites\/3\/2025\/03\/Gabrielle-Gagnon-Poirier_JMC_cropped-1024x587.png 1024w, https:\/\/www.ludwig-van.com\/montreal\/wp-content\/uploads\/sites\/3\/2025\/03\/Gabrielle-Gagnon-Poirier_JMC_cropped-768x441.png 768w\" sizes=\"(max-width: 1107px) 100vw, 1107px\" \/><figcaption id=\"caption-attachment-87006\" class=\"wp-caption-text\">Gabrielle Gagnon-Poirier (Photo : courtoisie JMC)<\/figcaption><\/figure>\n<h3>JMC, concert-ap\u00e9ro &#8211; <em>Touches modernes<\/em> : Debussy, Descarries, Louie<\/h3>\n<p>Jeunesses musicales Canada pr\u00e9sentent <b>Gabrielle Gagnon-Picard<\/b>, pianiste, qui vous invite \u00e0 d\u00e9couvrir ses interpr\u00e9tations de compositions impressionnistes et contemporaines des 100 derni\u00e8res ann\u00e9es dans une formule pour piano solo.<\/p>\n<p>LE 3 AVRIL, 19 H, JEUNESSES MUSICALES CANADA\u00a0 <a href=\"https:\/\/www.jmcanada.ca\/fr\/concerts\/touches-modernes-debussy-descarries-louie\/?utm_source=Jeunesses+Musicales+Canada&amp;utm_campaign=2fd3a7bdfe-EMAIL_CAMPAIGN_2023_10_18_03_58_COPY_01&amp;utm_medium=email&amp;utm_term=0_-0b057601e2-579473013\" target=\"_blank\" rel=\"noopener\">D\u00c9TAILS ET BILLETS<\/a><\/p>\n<p>&nbsp;<\/p>\n<figure id=\"attachment_87007\" aria-describedby=\"caption-attachment-87007\" style=\"width: 1200px\" class=\"wp-caption aligncenter\"><img decoding=\"async\" loading=\"lazy\" class=\"size-full wp-image-87007\" src=\"https:\/\/www.ludwig-van.com\/montreal\/wp-content\/uploads\/sites\/3\/2025\/03\/Stephane-Tetreault.jpg\" alt=\"St\u00e9phane T\u00e9treault (Photo : courtoisie I Musici)\" width=\"1200\" height=\"872\" srcset=\"https:\/\/www.ludwig-van.com\/montreal\/wp-content\/uploads\/sites\/3\/2025\/03\/Stephane-Tetreault.jpg 1200w, https:\/\/www.ludwig-van.com\/montreal\/wp-content\/uploads\/sites\/3\/2025\/03\/Stephane-Tetreault-300x218.jpg 300w, https:\/\/www.ludwig-van.com\/montreal\/wp-content\/uploads\/sites\/3\/2025\/03\/Stephane-Tetreault-1024x744.jpg 1024w, https:\/\/www.ludwig-van.com\/montreal\/wp-content\/uploads\/sites\/3\/2025\/03\/Stephane-Tetreault-768x558.jpg 768w\" sizes=\"(max-width: 1200px) 100vw, 1200px\" \/><figcaption id=\"caption-attachment-87007\" class=\"wp-caption-text\">St\u00e9phane T\u00e9treault (Photo : courtoisie I Musici)<\/figcaption><\/figure>\n<h3>I Musici &#8211; <i>Jeunesse \u00e9ternelle<\/i><\/h3>\n<p>Sous la direction du chef <b>Jean-Fran\u00e7ois Rivard<\/b>, <b>I Musici<\/b> met en vedette la jeunesse en ce d\u00e9but de printemps. L\u2019artiste en r\u00e9sidence <b>St\u00e9phane T\u00e9treault<\/b>, qui a jou\u00e9 pour la premi\u00e8re fois en solo avec I Musici \u00e0 l\u2019\u00e2ge de 11 ans, accompagnera l\u2019ensemble dans des compositions de jeunesse de C.P.E. Bach, F.J. Haydn, F. Mendelssohn et W.A. Mozart.<\/p>\n<p>LE 3 AVRIL, 19 H 30, SALLE PIERRE-P\u00c9LADEAU\u00a0 <a href=\"https:\/\/imusici.com\/saison-2024-2025\/jeunesse-eternelle\/\" target=\"_blank\" rel=\"noopener\">D\u00c9TAILS ET BILLETS<\/a><\/p>\n<p>&nbsp;<\/p>\n<figure id=\"attachment_75857\" aria-describedby=\"caption-attachment-75857\" style=\"width: 1200px\" class=\"wp-caption aligncenter\"><img decoding=\"async\" loading=\"lazy\" class=\"size-full wp-image-75857\" src=\"https:\/\/www.ludwig-van.com\/montreal\/wp-content\/uploads\/sites\/3\/2023\/04\/Ensemble-Caprice.jpg\" alt=\"Ensemble Caprice(Photo : Tam Lan Truong)\" width=\"1200\" height=\"1200\" \/><figcaption id=\"caption-attachment-75857\" class=\"wp-caption-text\">Ensemble Caprice (Photo : Tam Lan Truong)<\/figcaption><\/figure>\n<h3>Ensemble Caprice et Ensemble ArtChoral &#8211; <i>Passion selon Saint Jean<\/i><\/h3>\n<p>L\u2019Ensemble Caprice et l\u2019Ensemble ArtChoral s\u2019unissent sous la direction de <b>Matthias Maute<\/b> afin de vous pr\u00e9senter ce chef-d\u2019\u0153uvre de l\u2019\u00e8re baroque qu\u2019est <i>Passion selon Saint Jean<\/i> de Jean Sebastian Bach. En plus du ch\u0153ur et de l\u2019orchestre, vous pourrez y entendre les solistes <b>Janelle Lucyk<\/b>, soprano, <b>Nicholas Burns<\/b>, alto, <b>Philippe Gagn\u00e9<\/b>, t\u00e9nor, et <b>Dion Mazerolle<\/b>, baryton.<\/p>\n<p>LE 4 AVRIL, 19 H 30, MAISON SYMPHONIQUE\u00a0 <a href=\"https:\/\/www.placedesarts.com\/evenement\/la-passion-selon-saint-jean-0\" target=\"_blank\" rel=\"noopener\">D\u00c9TAILS ET BILLETS<\/a><\/p>\n<p>&nbsp;<\/p>\n<figure id=\"attachment_87008\" aria-describedby=\"caption-attachment-87008\" style=\"width: 1200px\" class=\"wp-caption aligncenter\"><img decoding=\"async\" loading=\"lazy\" class=\"size-full wp-image-87008\" src=\"https:\/\/www.ludwig-van.com\/montreal\/wp-content\/uploads\/sites\/3\/2025\/03\/Gregoire-Blanc_site-web-de-lartiste.jpg\" alt=\"Gr\u00e9goire Blanc (Photo : site web de l'artiste)\" width=\"1200\" height=\"800\" srcset=\"https:\/\/www.ludwig-van.com\/montreal\/wp-content\/uploads\/sites\/3\/2025\/03\/Gregoire-Blanc_site-web-de-lartiste.jpg 1200w, https:\/\/www.ludwig-van.com\/montreal\/wp-content\/uploads\/sites\/3\/2025\/03\/Gregoire-Blanc_site-web-de-lartiste-300x200.jpg 300w, https:\/\/www.ludwig-van.com\/montreal\/wp-content\/uploads\/sites\/3\/2025\/03\/Gregoire-Blanc_site-web-de-lartiste-1024x683.jpg 1024w, https:\/\/www.ludwig-van.com\/montreal\/wp-content\/uploads\/sites\/3\/2025\/03\/Gregoire-Blanc_site-web-de-lartiste-768x512.jpg 768w\" sizes=\"(max-width: 1200px) 100vw, 1200px\" \/><figcaption id=\"caption-attachment-87008\" class=\"wp-caption-text\">Gr\u00e9goire Blanc (Photo : site web de l&rsquo;artiste)<\/figcaption><\/figure>\n<h3>Bach \u00e9lectrique &#8211; <em>Hommage \u00e0 Wendy Carlos<\/em><\/h3>\n<p><b>Autour de la fl\u00fbte<\/b> pr\u00e9sente le fran\u00e7ais <b>Gr\u00e9goire Blanc<\/b>, virtuose de th\u00e9r\u00e9mine, qui se joindra \u00e0 <b>Aleks Sch\u00fcrmer<\/b>, multi-instrumentiste, dans ce programme hommage \u00e0 <b>Wendy Carlos<\/b>, pionni\u00e8re du synth\u00e9tiseur, entri\u00e8rement d\u00e9di\u00e9 \u00e0 Bach, en version \u00e9lectrique.<\/p>\n<p>LE 4 AVRIL, 19 H 30, JEUNESSES MUSICALES CANADA\u00a0 <a href=\"https:\/\/www.autourdelaflute.com\/bachelectrique\" target=\"_blank\" rel=\"noopener\">D\u00c9TAILS ET BILLETS<\/a><\/p>\n<p>&nbsp;<\/p>\n<figure id=\"attachment_86994\" aria-describedby=\"caption-attachment-86994\" style=\"width: 1200px\" class=\"wp-caption aligncenter\"><img decoding=\"async\" loading=\"lazy\" class=\"size-full wp-image-86994\" src=\"https:\/\/www.ludwig-van.com\/montreal\/wp-content\/uploads\/sites\/3\/2025\/03\/Antoine-Tamestit_courtoisie-Bourgie_cropped.jpg\" alt=\"Antoine Tamestit_courtoisie Bourgie_cropped\" width=\"1200\" height=\"887\" srcset=\"https:\/\/www.ludwig-van.com\/montreal\/wp-content\/uploads\/sites\/3\/2025\/03\/Antoine-Tamestit_courtoisie-Bourgie_cropped.jpg 1200w, https:\/\/www.ludwig-van.com\/montreal\/wp-content\/uploads\/sites\/3\/2025\/03\/Antoine-Tamestit_courtoisie-Bourgie_cropped-300x222.jpg 300w, https:\/\/www.ludwig-van.com\/montreal\/wp-content\/uploads\/sites\/3\/2025\/03\/Antoine-Tamestit_courtoisie-Bourgie_cropped-1024x757.jpg 1024w, https:\/\/www.ludwig-van.com\/montreal\/wp-content\/uploads\/sites\/3\/2025\/03\/Antoine-Tamestit_courtoisie-Bourgie_cropped-768x568.jpg 768w\" sizes=\"(max-width: 1200px) 100vw, 1200px\" \/><figcaption id=\"caption-attachment-86994\" class=\"wp-caption-text\">Antoine Tamestit (Photo : courtoisie Salle Bourgie)<\/figcaption><\/figure>\n<h3>Les Violons du Roy et Antoine Tamestit : <em>Requiem pour cordes<\/em><\/h3>\n<p>L\u2019altiste <b>Antoine Tamestit<\/b> se joint \u00e0 nouveau aux<b> Violons du Roy<\/b> afin d\u2019interpr\u00e9ter sa transcription pour orchestre \u00e0 cordes de <i>Quintette \u00e0 cordes no 2<\/i> de Brahms, ainsi que d\u2019autres \u0153uvres pour alto et cordes.<\/p>\n<p>LE 4 AVRIL, 19 H 30, SALLE BOURGIE\u00a0 <a href=\"https:\/\/www.mbam.qc.ca\/fr\/activites\/requiem-pour-cordes\/\" target=\"_blank\" rel=\"noopener\">D\u00c9TAILS ET BILLETS<\/a><\/p>\n<p>&nbsp;<\/p>\n<figure id=\"attachment_87001\" aria-describedby=\"caption-attachment-87001\" style=\"width: 1199px\" class=\"wp-caption aligncenter\"><img decoding=\"async\" loading=\"lazy\" class=\"size-full wp-image-87001\" src=\"https:\/\/www.ludwig-van.com\/montreal\/wp-content\/uploads\/sites\/3\/2025\/03\/Screenshot-2025-03-31-at-01-43-50-Choeur-Metropolitain-Sacre-Gilles-Vigneault-OM.png\" alt=\"\" width=\"1199\" height=\"686\" srcset=\"https:\/\/www.ludwig-van.com\/montreal\/wp-content\/uploads\/sites\/3\/2025\/03\/Screenshot-2025-03-31-at-01-43-50-Choeur-Metropolitain-Sacre-Gilles-Vigneault-OM.png 1199w, https:\/\/www.ludwig-van.com\/montreal\/wp-content\/uploads\/sites\/3\/2025\/03\/Screenshot-2025-03-31-at-01-43-50-Choeur-Metropolitain-Sacre-Gilles-Vigneault-OM-300x172.png 300w, https:\/\/www.ludwig-van.com\/montreal\/wp-content\/uploads\/sites\/3\/2025\/03\/Screenshot-2025-03-31-at-01-43-50-Choeur-Metropolitain-Sacre-Gilles-Vigneault-OM-1024x586.png 1024w, https:\/\/www.ludwig-van.com\/montreal\/wp-content\/uploads\/sites\/3\/2025\/03\/Screenshot-2025-03-31-at-01-43-50-Choeur-Metropolitain-Sacre-Gilles-Vigneault-OM-768x439.png 768w\" sizes=\"(max-width: 1199px) 100vw, 1199px\" \/><figcaption id=\"caption-attachment-87001\" class=\"wp-caption-text\">(Image : courtoisie OM)<\/figcaption><\/figure>\n<h3>Ch\u0153ur M\u00e9tropolitain &#8211; <i>Sacr\u00e9 Gilles Vigneault<\/i><\/h3>\n<p>Les musiciens de l\u2019<b>Orchestre M\u00e9tropolitain<\/b> accompagneront le <b>Ch\u0153ur M\u00e9tropolitain<\/b> alors qu\u2019il interpr\u00e9tera <i>Grand-Messe<\/i> de <b>Gilles Vigneault<\/b> et <i>Misa Criolla<\/i> de l\u2019argentin Ariel Ram\u00edrez. Les deux \u0153uvres mettent en musique la personnalit\u00e9 unique de leur peuple respectif, Vigneault par ses textes et m\u00e9lodies \u00e9voquant le Qu\u00e9bec et son Natashquan natal et Ram\u00edrez en s\u2019inspirant du folklore musical des Am\u00e9riques.<\/p>\n<p>LE 5 AVRIL, 19 H 30, MAISON SYMPHONIQUE\u00a0 <a href=\"https:\/\/orchestremetropolitain.com\/fr\/concerts\/choeur-metropolitain-sacre-gilles-vigneault\/?show_date_id=7552\" target=\"_blank\" rel=\"noopener\">D\u00c9TAILS ET BILLETS<\/a><\/p>\n<h3><\/h3>\n<figure id=\"attachment_86995\" aria-describedby=\"caption-attachment-86995\" style=\"width: 1200px\" class=\"wp-caption aligncenter\"><img decoding=\"async\" loading=\"lazy\" class=\"size-full wp-image-86995\" src=\"https:\/\/www.ludwig-van.com\/montreal\/wp-content\/uploads\/sites\/3\/2025\/03\/Thomas-Dunford_site-web-de-lartiste.jpg\" alt=\"Thomas Dunford (Photo : site web de l'artiste)\" width=\"1200\" height=\"857\" srcset=\"https:\/\/www.ludwig-van.com\/montreal\/wp-content\/uploads\/sites\/3\/2025\/03\/Thomas-Dunford_site-web-de-lartiste.jpg 1200w, https:\/\/www.ludwig-van.com\/montreal\/wp-content\/uploads\/sites\/3\/2025\/03\/Thomas-Dunford_site-web-de-lartiste-300x214.jpg 300w, https:\/\/www.ludwig-van.com\/montreal\/wp-content\/uploads\/sites\/3\/2025\/03\/Thomas-Dunford_site-web-de-lartiste-1024x731.jpg 1024w, https:\/\/www.ludwig-van.com\/montreal\/wp-content\/uploads\/sites\/3\/2025\/03\/Thomas-Dunford_site-web-de-lartiste-768x548.jpg 768w\" sizes=\"(max-width: 1200px) 100vw, 1200px\" \/><figcaption id=\"caption-attachment-86995\" class=\"wp-caption-text\">Thomas Dunford (Photo : site web de l&rsquo;artiste)<\/figcaption><\/figure>\n<h3>Arion re\u00e7oit Thomas Dunford<\/h3>\n<p>Le \u00abEric Clapton du luth\u00bb, selon la BBC, <b>Thomas Dunford<\/b> se joint \u00e0 l\u2019ensemble <b>Arion<\/b> et la soprano qu\u00e9b\u00e9coise <b>Marianne Lambert<\/b> dans ce concert au programme vari\u00e9. Le luthiste, \u00e9galement chef invit\u00e9 pour l\u2019occasion, a con\u00e7u le programme comme une aventure musicale dans le but de vous faire vivre toute une gamme d\u2019\u00e9motions.<\/p>\n<p>LE 5 AVRIL, 19 H 30 ET 6 AVRIL, 14 H 30, SALLE BOURGIE\u00a0 <a href=\"https:\/\/arionbaroque.com\/fr\/concert\/arion-recoit-thomas-dunford\/\" target=\"_blank\" rel=\"noopener\">D\u00c9TAILS ET BILLETS<\/a><\/p>\n<p>&nbsp;<\/p>\n<figure id=\"attachment_86996\" aria-describedby=\"caption-attachment-86996\" style=\"width: 1200px\" class=\"wp-caption aligncenter\"><img decoding=\"async\" loading=\"lazy\" class=\"size-full wp-image-86996\" src=\"https:\/\/www.ludwig-van.com\/montreal\/wp-content\/uploads\/sites\/3\/2025\/03\/Alexey-Shafirov_Yung-Hsin-Sun.jpg\" alt=\"Alexey Shafirov (Photo : Yung-Hsin Sun)\" width=\"1200\" height=\"798\" srcset=\"https:\/\/www.ludwig-van.com\/montreal\/wp-content\/uploads\/sites\/3\/2025\/03\/Alexey-Shafirov_Yung-Hsin-Sun.jpg 1200w, https:\/\/www.ludwig-van.com\/montreal\/wp-content\/uploads\/sites\/3\/2025\/03\/Alexey-Shafirov_Yung-Hsin-Sun-300x200.jpg 300w, https:\/\/www.ludwig-van.com\/montreal\/wp-content\/uploads\/sites\/3\/2025\/03\/Alexey-Shafirov_Yung-Hsin-Sun-1024x681.jpg 1024w, https:\/\/www.ludwig-van.com\/montreal\/wp-content\/uploads\/sites\/3\/2025\/03\/Alexey-Shafirov_Yung-Hsin-Sun-768x511.jpg 768w\" sizes=\"(max-width: 1200px) 100vw, 1200px\" \/><figcaption id=\"caption-attachment-86996\" class=\"wp-caption-text\">Alexey Shafirov (Photo : Yung-Hsin Sun)<\/figcaption><\/figure>\n<h3>Orchestre symphonique de McGill<\/h3>\n<p>L\u2019<b>Orchestre symphonique<\/b> <b>de McGill<\/b> met en valeur les \u00e9tudiant\u00b7e\u00b7s de l\u2019\u00c9cole de musique Schulich dans ce concert sous la direction d\u2019<b>Alexis Hauser<\/b>. En plus d\u2019y interpr\u00e9ter des compositions bien connues de Mozart et Tcha\u00efkovski, l\u2019Orchestre jouera une \u0153uvre de <b>Jesse<\/b> <b>Maker<\/b>, laur\u00e9at du prix de composition Andrew Svoboda 2022-2023. Le pianiste <b>Alexey Shafirov<\/b>, laur\u00e9at du Concours de concertos classiques de McGill 2024-2025, sera \u00e9galement de la partie dans l\u2019interpr\u00e9tation du <i>Concerto pour piano no 21<\/i> de Mozart.<\/p>\n<p>LE 5 AVRIL, 19 H 30, SALLE PIERRE-MERCURE\u00a0 <a href=\"https:\/\/pierre-mercure.uqam.ca\/evenement\/orchestre-symphonique-de-mcgill-maker-mozart-tchaikovsky\/\" target=\"_blank\" rel=\"noopener\">D\u00c9TAILS ET BILLETS<\/a><\/p>\n<p>&nbsp;<\/p>\n<figure id=\"attachment_60962\" aria-describedby=\"caption-attachment-60962\" style=\"width: 1024px\" class=\"wp-caption aligncenter\"><img decoding=\"async\" loading=\"lazy\" class=\"size-full wp-image-60962\" src=\"https:\/\/www.ludwig-van.com\/montreal\/wp-content\/uploads\/sites\/3\/2017\/09\/6-oct-Magali-Simard-Galdes-cre\u0301dit-Brent-Calis.jpg\" alt=\"Magali Simard-Galdes\" width=\"1024\" height=\"731\" srcset=\"https:\/\/www.ludwig-van.com\/montreal\/wp-content\/uploads\/sites\/3\/2017\/09\/6-oct-Magali-Simard-Galdes-cre\u0301dit-Brent-Calis.jpg 1024w, https:\/\/www.ludwig-van.com\/montreal\/wp-content\/uploads\/sites\/3\/2017\/09\/6-oct-Magali-Simard-Galdes-cre\u0301dit-Brent-Calis-300x214.jpg 300w, https:\/\/www.ludwig-van.com\/montreal\/wp-content\/uploads\/sites\/3\/2017\/09\/6-oct-Magali-Simard-Galdes-cre\u0301dit-Brent-Calis-768x548.jpg 768w\" sizes=\"(max-width: 1024px) 100vw, 1024px\" \/><figcaption id=\"caption-attachment-60962\" class=\"wp-caption-text\">Magali Gald\u00e8s-Simard, soprano. (Photo : Brent Calis)<\/figcaption><\/figure>\n<h3>\u00c0 Trois-Rivi\u00e8res : OSTR &#8211; Le Requiem de Mozart<\/h3>\n<p>C\u2019est sous la direction d\u2019<b>Alain Trudel<\/b> que l\u2019<b>Orchestre symphonique de Trois-Rivi\u00e8res<\/b> et le <b>Ch\u0153ur de l\u2019OSTR<\/b> livreront le chef-d\u2019\u0153uvre <i>Requiem<\/i> de Mozart. Les solistes sont <strong>Magali Simard-Gald\u00e8s<\/strong>, <strong>St\u00e9phanie<\/strong> <strong>Pothier<\/strong>, <strong>Louis-Charles Gagnon<\/strong> et <strong>Marc Boucher<\/strong>. Aussi au programme, la composition <i>Such Sweet Sorrow<\/i> du compositeur canadien <b>John Estacio<\/b>, le tout dans l\u2019acoustique id\u00e9ale de la Cath\u00e9drale de l\u2019Assomption de Trois-Rivi\u00e8res.<\/p>\n<p>LE 5 AVRIL, 19 H 30, CATH\u00c9DRALE DE L\u2019ASSOMPTION\u00a0 <a href=\"https:\/\/ostr.ca\/programmation\/grands-concerts\/le-requiem-de-mozart\/\" target=\"_blank\" rel=\"noopener\">D\u00c9TAILS ET BILLETS<\/a><\/p>\n<h3><\/h3>\n<figure id=\"attachment_83449\" aria-describedby=\"caption-attachment-83449\" style=\"width: 1200px\" class=\"wp-caption aligncenter\"><img decoding=\"async\" loading=\"lazy\" class=\"size-full wp-image-83449\" src=\"https:\/\/www.ludwig-van.com\/montreal\/wp-content\/uploads\/sites\/3\/2024\/08\/Hansel-et-Gretel-opera-bonbon_JMC_Antoine-Saito.jpg\" alt=\"L'aventure gourmande d'Hansel et Gretel. (Photo : Antoine Saito)\" width=\"1200\" height=\"799\" srcset=\"https:\/\/www.ludwig-van.com\/montreal\/wp-content\/uploads\/sites\/3\/2024\/08\/Hansel-et-Gretel-opera-bonbon_JMC_Antoine-Saito.jpg 1200w, https:\/\/www.ludwig-van.com\/montreal\/wp-content\/uploads\/sites\/3\/2024\/08\/Hansel-et-Gretel-opera-bonbon_JMC_Antoine-Saito-300x200.jpg 300w, https:\/\/www.ludwig-van.com\/montreal\/wp-content\/uploads\/sites\/3\/2024\/08\/Hansel-et-Gretel-opera-bonbon_JMC_Antoine-Saito-1024x682.jpg 1024w, https:\/\/www.ludwig-van.com\/montreal\/wp-content\/uploads\/sites\/3\/2024\/08\/Hansel-et-Gretel-opera-bonbon_JMC_Antoine-Saito-768x511.jpg 768w\" sizes=\"(max-width: 1200px) 100vw, 1200px\" \/><figcaption id=\"caption-attachment-83449\" class=\"wp-caption-text\">La repr\u00e9sentation du 6 avril 2025 de \u00ab\u00a0L&rsquo;aventure gourmande d&rsquo;Hansel et Gretel\u00a0\u00bb avec l&rsquo;OCM fait partie des c\u00e9l\u00e9brations du 75e anniversaires des JMC . (Photo : Antoine Saito)<\/figcaption><\/figure>\n<h3>Op\u00e9ra-bonbon : <i>L\u2019aventure gourmande d\u2019Hansel et Gretel<\/i><\/h3>\n<p><b>L\u2019Orchestre classique de Montr\u00e9al<\/b> et les Jeunesses Musicales Canada coproduisent ce concert familial qui plaira aux enfants de 3 \u00e0 12 ans. Faites d\u00e9couvrir l\u2019op\u00e9ra et la voix lyrique \u00e0 vos enfants (ou petits-enfants!) lors de cet \u00e9v\u00e9nement qui raconte l\u2019histoire de deux chanteuses tr\u00e8s rieuses qui tentent de raconter en musique le c\u00e9l\u00e8bre conte <i>Hansel et Gretel<\/i> alors que leur ami, qui essaie de les aider, se retrouve plut\u00f4t les pieds dans les plats. Ce sont les voix de <b>Charlotte Gagnon<\/b>, soprano<b>, <\/b>et d\u2019<b>Andr\u00e9anne Brisson-Paquin<\/b> que le jeune public pourra entendre, accompagn\u00e9es du pianiste <b>Xavier Rousseau<\/b>, tous dirig\u00e9s par <b>V\u00e9ronique Lussier<\/b>. Avec la participation du com\u00e9dien <b>Guillaume Rodrigue<\/b>.<\/p>\n<p>LE 6 AVRIL, 13 H, SALLE PIERRE-MERCURE\u00a0 <a href=\"https:\/\/orchestre.ca\/opera-bonbon-laventure-gourmande-dhansel-gretel\/\" target=\"_blank\" rel=\"noopener\">D\u00c9TAILS ET BILLETS<\/a><\/p>\n<p>&nbsp;<\/p>\n<p><img decoding=\"async\" loading=\"lazy\" class=\"aligncenter size-full wp-image-86663\" src=\"https:\/\/www.ludwig-van.com\/montreal\/wp-content\/uploads\/sites\/3\/2025\/03\/Musiienne-2025.png\" alt=\"\" width=\"1200\" height=\"901\" srcset=\"https:\/\/www.ludwig-van.com\/montreal\/wp-content\/uploads\/sites\/3\/2025\/03\/Musiienne-2025.png 1200w, https:\/\/www.ludwig-van.com\/montreal\/wp-content\/uploads\/sites\/3\/2025\/03\/Musiienne-2025-300x225.png 300w, https:\/\/www.ludwig-van.com\/montreal\/wp-content\/uploads\/sites\/3\/2025\/03\/Musiienne-2025-1024x769.png 1024w, https:\/\/www.ludwig-van.com\/montreal\/wp-content\/uploads\/sites\/3\/2025\/03\/Musiienne-2025-768x577.png 768w\" sizes=\"(max-width: 1200px) 100vw, 1200px\" \/><\/p>\n<h3>S\u00e9rie Musi&amp;ienne : Rachel Schulz, organiste<\/h3>\n<p>Le dernier rendez-vous de la s\u00e9rie de causeries-concerts \u00e0 la paroisse Sainte-Catherine-de-Sienne pr\u00e9sente l&rsquo;organiste Rachel Schulz. Elle interpr\u00e9tera un programme illustrant les stations de la croix, comportant des \u0153uvres de Bach, Frescobaldi, Schldt et Scheidemann. Contribution volontaire.<\/p>\n<p>LE 6 AVRIL, 14 H 30, PAROISSE SAINTE-CATHERINE-DE-SIENNE\u00a0 CONTRIBUTION VOLONTAIRE<\/p>\n<p>&nbsp;<\/p>\n<figure id=\"attachment_86997\" aria-describedby=\"caption-attachment-86997\" style=\"width: 1200px\" class=\"wp-caption aligncenter\"><img decoding=\"async\" loading=\"lazy\" class=\"size-full wp-image-86997\" src=\"https:\/\/www.ludwig-van.com\/montreal\/wp-content\/uploads\/sites\/3\/2025\/03\/Bravura_Louis-Pierre-Bergeron-et-Meagan-Milatz_courtoisie.jpg\" alt=\"Louis-Pierre Bergeron et Meagan Milatz (Photo : courtoisie)\" width=\"1200\" height=\"800\" srcset=\"https:\/\/www.ludwig-van.com\/montreal\/wp-content\/uploads\/sites\/3\/2025\/03\/Bravura_Louis-Pierre-Bergeron-et-Meagan-Milatz_courtoisie.jpg 1200w, https:\/\/www.ludwig-van.com\/montreal\/wp-content\/uploads\/sites\/3\/2025\/03\/Bravura_Louis-Pierre-Bergeron-et-Meagan-Milatz_courtoisie-300x200.jpg 300w, https:\/\/www.ludwig-van.com\/montreal\/wp-content\/uploads\/sites\/3\/2025\/03\/Bravura_Louis-Pierre-Bergeron-et-Meagan-Milatz_courtoisie-1024x683.jpg 1024w, https:\/\/www.ludwig-van.com\/montreal\/wp-content\/uploads\/sites\/3\/2025\/03\/Bravura_Louis-Pierre-Bergeron-et-Meagan-Milatz_courtoisie-768x512.jpg 768w\" sizes=\"(max-width: 1200px) 100vw, 1200px\" \/><figcaption id=\"caption-attachment-86997\" class=\"wp-caption-text\">Louis-Pierre Bergeron et Meagan Milatz (Photo : courtoisie)<\/figcaption><\/figure>\n<h3><i>Bravura<\/i><\/h3>\n<p>La Chapelle musicale du Bon-Pasteur re\u00e7oit <b>Louis-Pierre Bergeron<\/b> au cor naturel, instrument sans piston apparu au d\u00e9but du XVIIIe si\u00e8cle et utilis\u00e9 jusqu\u2019au d\u00e9but du XXe si\u00e8cle. Accompagn\u00e9 par <b>Meagan Milatz<\/b>, pianoforte, il interpr\u00e9tera des \u0153uvres pour cor et piano de Righini, Freiherr et Potter. Vous pourrez \u00e9galement y entendre <i>F\u00fcr Elise<\/i> de Beethoven, ainsi que <i>Moments Musicaux<\/i> de Schubert.<\/p>\n<p>LE 6 AVRIL, 15 H, SALLE PAUL-DESMARAIS\u00a0 <a href=\"https:\/\/montreal.ca\/evenements\/bravoura-80815\" target=\"_blank\" rel=\"noopener\">D\u00c9TAILS ET BILLETS<\/a><\/p>\n<h3><\/h3>\n<figure id=\"attachment_86999\" aria-describedby=\"caption-attachment-86999\" style=\"width: 1200px\" class=\"wp-caption aligncenter\"><img decoding=\"async\" loading=\"lazy\" class=\"size-full wp-image-86999\" src=\"https:\/\/www.ludwig-van.com\/montreal\/wp-content\/uploads\/sites\/3\/2025\/03\/Isabelle-Demers_cropped_1200-1.png\" alt=\"Isabelle Demers (Photo : courtoisie)\" width=\"1200\" height=\"803\" srcset=\"https:\/\/www.ludwig-van.com\/montreal\/wp-content\/uploads\/sites\/3\/2025\/03\/Isabelle-Demers_cropped_1200-1.png 1200w, https:\/\/www.ludwig-van.com\/montreal\/wp-content\/uploads\/sites\/3\/2025\/03\/Isabelle-Demers_cropped_1200-1-300x201.png 300w, https:\/\/www.ludwig-van.com\/montreal\/wp-content\/uploads\/sites\/3\/2025\/03\/Isabelle-Demers_cropped_1200-1-1024x685.png 1024w, https:\/\/www.ludwig-van.com\/montreal\/wp-content\/uploads\/sites\/3\/2025\/03\/Isabelle-Demers_cropped_1200-1-768x514.png 768w\" sizes=\"(max-width: 1200px) 100vw, 1200px\" \/><figcaption id=\"caption-attachment-86999\" class=\"wp-caption-text\">Isabelle Demers (Photo : courtoisie)<\/figcaption><\/figure>\n<h3>Isabelle Demers interpr\u00e8te l\u2019<em>Oiseau de feu<\/em><\/h3>\n<p>Le Grand Orgue Pierre-B\u00e9ique sera transform\u00e9 en v\u00e9ritable orchestre par la virtuose <b>Isabelle Demers<\/b> alors que l\u2019organiste montr\u00e9alaise interpr\u00e9tera des transcriptions d\u2019\u0153uvres de Rimski-Korsakov et de Stravinsky.<\/p>\n<p>LE 6 AVRIL, 14 H 30, MAISON SYMPHONIQUE\u00a0 <a href=\"https:\/\/www.osm.ca\/fr\/concert\/isabelle-demers-interprete-loiseau-de-feu\/\" target=\"_blank\" rel=\"noopener\">D\u00c9TAILS ET BILLETS<\/a><\/p>\n<p>&nbsp;<\/p>\n<figure id=\"attachment_83212\" aria-describedby=\"caption-attachment-83212\" style=\"width: 1200px\" class=\"wp-caption aligncenter\"><img decoding=\"async\" loading=\"lazy\" class=\"size-full wp-image-83212\" src=\"https:\/\/www.ludwig-van.com\/montreal\/wp-content\/uploads\/sites\/3\/2017\/12\/Leonkoro-Quartet.jpg\" alt=\"Leonkoro Quartet\" width=\"1200\" height=\"771\" srcset=\"https:\/\/www.ludwig-van.com\/montreal\/wp-content\/uploads\/sites\/3\/2017\/12\/Leonkoro-Quartet.jpg 1200w, https:\/\/www.ludwig-van.com\/montreal\/wp-content\/uploads\/sites\/3\/2017\/12\/Leonkoro-Quartet-300x193.jpg 300w, https:\/\/www.ludwig-van.com\/montreal\/wp-content\/uploads\/sites\/3\/2017\/12\/Leonkoro-Quartet-1024x658.jpg 1024w, https:\/\/www.ludwig-van.com\/montreal\/wp-content\/uploads\/sites\/3\/2017\/12\/Leonkoro-Quartet-768x493.jpg 768w\" sizes=\"(max-width: 1200px) 100vw, 1200px\" \/><figcaption id=\"caption-attachment-83212\" class=\"wp-caption-text\">Leonkoro Quartet<\/figcaption><\/figure>\n<h3>LMMC &#8211; Leonkoro Quartet<\/h3>\n<p>Le Ladies\u2019 Morning Musical Club re\u00e7oit pour la premi\u00e8re fois le quatuor form\u00e9 en 2019 \u00e0 Berlin, le <b>Leonkoro Quartet<\/b>. Quoiqu\u2019encore jeune, ce quatuor conna\u00eet une mont\u00e9e impressionnante depuis deux ans alors qu\u2019il remporte une s\u00e9rie de prestigieuses reconnaissances, dont le premier prix du International Wigmore Hall String Competition o\u00f9, en plus de cette premi\u00e8re place, il a triomph\u00e9 en remportant neuf prix sp\u00e9ciaux.<\/p>\n<p>LE 6 AVRIL, 15 H 30, SALLE OSCAR-PETERSON\u00a0 <a href=\"https:\/\/www.lmmc.ca\/fr\/leonkoro-quartet-1-1\" target=\"_blank\" rel=\"noopener\">D\u00c9TAILS ET BILLETS<\/a><\/p>\n<p>&nbsp;<\/p>\n<figure id=\"attachment_87000\" aria-describedby=\"caption-attachment-87000\" style=\"width: 1200px\" class=\"wp-caption aligncenter\"><img decoding=\"async\" loading=\"lazy\" class=\"size-full wp-image-87000\" src=\"https:\/\/www.ludwig-van.com\/montreal\/wp-content\/uploads\/sites\/3\/2025\/03\/Clemens-Schuldt_Jean-Francois-Gravel.jpg\" alt=\"Clemens Schuldt (Photo : Jean-Fran\u00e7ois Gravel)\" width=\"1200\" height=\"800\" srcset=\"https:\/\/www.ludwig-van.com\/montreal\/wp-content\/uploads\/sites\/3\/2025\/03\/Clemens-Schuldt_Jean-Francois-Gravel.jpg 1200w, https:\/\/www.ludwig-van.com\/montreal\/wp-content\/uploads\/sites\/3\/2025\/03\/Clemens-Schuldt_Jean-Francois-Gravel-300x200.jpg 300w, https:\/\/www.ludwig-van.com\/montreal\/wp-content\/uploads\/sites\/3\/2025\/03\/Clemens-Schuldt_Jean-Francois-Gravel-1024x683.jpg 1024w, https:\/\/www.ludwig-van.com\/montreal\/wp-content\/uploads\/sites\/3\/2025\/03\/Clemens-Schuldt_Jean-Francois-Gravel-768x512.jpg 768w\" sizes=\"(max-width: 1200px) 100vw, 1200px\" \/><figcaption id=\"caption-attachment-87000\" class=\"wp-caption-text\">Clemens Schuldt (Photo : Jean-Fran\u00e7ois Gravel)<\/figcaption><\/figure>\n<p><b>\u00c0 QU\u00c9BEC : FESTIVAL BEETHOVEN DE L\u2019OSQ<\/b><\/p>\n<p>Imagin\u00e9 par le chef <b>Clemens Schuldt<\/b>, le Festival Beethoven s\u2019articule autour des th\u00e9matiques ch\u00e8res au compositeur : le destin, la libert\u00e9, l\u2019\u00e9galit\u00e9, la fraternit\u00e9 et le th\u00e8me du h\u00e9ros. En plus de concerts offerts par l\u2019<b>Orchestre symphonique de Qu\u00e9bec<\/b>, la programmation comprend des conf\u00e9rences, des ateliers et des mini-prestations. Voici les activit\u00e9s de la semaine &#8211; retrouvez la programmation compl\u00e8te <a href=\"https:\/\/www.osq.org\/festival-beethoven\/\">ici<\/a>. \u00c0 noter que le concert-conf\u00e9rence du 3 avril est malheureusement complet.<\/p>\n<p><b>OSQ &#8211; La Cinqui\u00e8me de Beethoven<\/b><\/p>\n<p>En plus de la <i>Symphonie no 5<\/i> de Beethoven, l\u2019<b>Orchestre symphonique de Qu\u00e9bec<\/b> jouera <i>Tristan et Isolde<\/i> de Wagner et <i>Concerto pour violoncelle no 1<\/i> de Chostakovitch. Le concert en matin\u00e9e ne comprend pas le Wagner.<\/p>\n<p>LE 2 AVRIL, 19 H 30, GRAND TH\u00c9\u00c2TRE DE QU\u00c9BEC; VERSION \u00c9COURT\u00c9E LE 3 AVRIL, 10 H 30, GRAND TH\u00c9\u00c2TRE DE QU\u00c9BEC\u00a0 <a href=\"https:\/\/www.osq.org\/concerts\/la-cinquieme-de-beethoven\/\" target=\"_blank\" rel=\"noopener\">D\u00c9TAILS ET BILLETS<\/a><\/p>\n<p><b>OSQ &#8211; Festival Beethoven &#8211; Party Beethoven<\/b><\/p>\n<p>C\u00e9l\u00e9brez en compagnie de l\u2019<b>Orchestre symphonique de Qu\u00e9bec, The Lost Fingers<\/b> et de <b>DJ Omni<\/b> \u00e0 l\u2019Atrium du Pavillon Alphonse-Desjardins de l\u2019Universit\u00e9 Laval lors de cette soir\u00e9e musicale ludique autour de l\u2019\u0153uvre de Beethoven.<\/p>\n<p>LE 4 AVRIL, 20 H, ATRIUM DU PAVILLON ALPHONSE-DESJARDINS DE L\u2019UNIVERSIT\u00c9 LAVAL\u00a0 <a href=\"https:\/\/www.osq.org\/concerts\/party-beethoven\/\" target=\"_blank\" rel=\"noopener\">D\u00c9TAILS ET BILLETS<\/a><\/p>\n<p><b>Documentaire Ode \u00e0 l\u2019humanit\u00e9 : La Neuvi\u00e8me de Beethoven<\/b><\/p>\n<p>Pr\u00e9sent\u00e9 dans sa version fran\u00e7aise, ce film du r\u00e9alisateur canadien Larry Weinstein faisait partie de la s\u00e9lection de longs m\u00e9trages du FIFA \u00e0 Montr\u00e9al et a r\u00e9cemment \u00e9t\u00e9 s\u00e9lectionn\u00e9 au Festival international du documentaire Hot Docs de Toronto.<\/p>\n<p>LE 5 AVRIL, 13 H 30 ET LE 6 AVRIL, 13 H 30 ET 19 H, CIN\u00c9MA LE CLAP PLACE STE-FOY\u00a0 <a href=\"https:\/\/www.osq.org\/concerts\/documentaire-beethovens-nine\/\" target=\"_blank\" rel=\"noopener\">D\u00c9TAILS ET BILLETS<\/a><\/p>\n<p><b>Le parcours Beethoven<\/b><\/p>\n<p>D\u00e9couvrez en famille le Conservatoire de musique de Qu\u00e9bec d\u00e8s 9 h 30, pour ensuite participer \u00e0 la course, \u00e0 la marche ou en poussette au trajet de 6 km qui s\u00e9pare le Conservatoire du Pavillon Casault de l\u2019Universit\u00e9 Laval o\u00f9 vous serez accueillis par les \u00e9tudiant\u00b7e\u00b7s et par le corps professoral de la Facult\u00e9 de musique qui vous offriront des prestations originales. Les activit\u00e9s au Conservatoire et \u00e0 l\u2019Universit\u00e9 Laval sont libres d\u2019acc\u00e8s, mais une inscription est requise pour participer au trajet entre les deux lieux. Vous pouvez cependant choisir d\u2019assister qu\u2019\u00e0 l\u2019une ou l\u2019autre des activit\u00e9s.<\/p>\n<p>LE 6 AVRIL, 9 H 30, CONSERVATOIRE DE MUSIQUE DE QU\u00c9BEC\u00a0 <a href=\"https:\/\/www.osq.org\/concerts\/parcours-beethoven\/\" target=\"_blank\" rel=\"noopener\">D\u00c9TAILS ET INSCRIPTIONS<\/a><\/p>\n<h2><em>Inscrivez-vous \u00e0 notre infolettre! La musique classique et l\u2019op\u00e9ra en 5 minutes, chaque jour<\/em> <a href=\"https:\/\/ludwig-van.us9.list-manage.com\/subscribe?u=4f785cb3f9058f2393ccad035&amp;id=b9b160c032\" target=\"_blank\" rel=\"noopener noreferrer\">ICI<\/a><\/h2>\n","protected":false},"excerpt":{"rendered":"<p>Une escapade dans la Capitale-Nationale sera de mise pour les fervents enthousiastes de Beethoven puisque le Festival Beethoven de l\u2019OSQ entame ses activit\u00e9s pour une premi\u00e8re semaine sur trois. En route, un arr\u00eat \u00e0 Trois-Rivi\u00e8res permettra d&rsquo;entendre le Requiem de Mozart. La m\u00e9tropole n&rsquo;est \u00e9videmment pas en reste, avec de nouveau une corne d&rsquo;abondance de concerts desquels choisir.<\/p>\n","protected":false},"author":1,"featured_media":87004,"comment_status":"open","ping_status":"open","sticky":false,"template":"","format":"standard","meta":{"om_disable_all_campaigns":false,"jetpack_post_was_ever_published":false},"categories":[42299,10994],"tags":[42300,42318],"yst_prominent_words":[9878,9863,18022,13120,13117,21053,18277,18275,21231,20734,26052,9877,21882,13123,33503,26053,31964],"acf":[],"jetpack_featured_media_url":"https:\/\/www.ludwig-van.com\/montreal\/wp-content\/uploads\/sites\/3\/2025\/03\/Copie-de-CONCERTS10.jpg","jetpack_sharing_enabled":true,"jetpack_shortlink":"https:\/\/wp.me\/p9bdYt-mD5","amp_enabled":true,"_links":{"self":[{"href":"https:\/\/www.ludwig-van.com\/montreal\/wp-json\/wp\/v2\/posts\/86991"}],"collection":[{"href":"https:\/\/www.ludwig-van.com\/montreal\/wp-json\/wp\/v2\/posts"}],"about":[{"href":"https:\/\/www.ludwig-van.com\/montreal\/wp-json\/wp\/v2\/types\/post"}],"author":[{"embeddable":true,"href":"https:\/\/www.ludwig-van.com\/montreal\/wp-json\/wp\/v2\/users\/1"}],"replies":[{"embeddable":true,"href":"https:\/\/www.ludwig-van.com\/montreal\/wp-json\/wp\/v2\/comments?post=86991"}],"version-history":[{"count":5,"href":"https:\/\/www.ludwig-van.com\/montreal\/wp-json\/wp\/v2\/posts\/86991\/revisions"}],"predecessor-version":[{"id":87020,"href":"https:\/\/www.ludwig-van.com\/montreal\/wp-json\/wp\/v2\/posts\/86991\/revisions\/87020"}],"wp:featuredmedia":[{"embeddable":true,"href":"https:\/\/www.ludwig-van.com\/montreal\/wp-json\/wp\/v2\/media\/87004"}],"wp:attachment":[{"href":"https:\/\/www.ludwig-van.com\/montreal\/wp-json\/wp\/v2\/media?parent=86991"}],"wp:term":[{"taxonomy":"category","embeddable":true,"href":"https:\/\/www.ludwig-van.com\/montreal\/wp-json\/wp\/v2\/categories?post=86991"},{"taxonomy":"post_tag","embeddable":true,"href":"https:\/\/www.ludwig-van.com\/montreal\/wp-json\/wp\/v2\/tags?post=86991"},{"taxonomy":"yst_prominent_words","embeddable":true,"href":"https:\/\/www.ludwig-van.com\/montreal\/wp-json\/wp\/v2\/yst_prominent_words?post=86991"}],"curies":[{"name":"wp","href":"https:\/\/api.w.org\/{rel}","templated":true}]}}