{"id":86853,"date":"2025-03-24T03:24:45","date_gmt":"2025-03-24T07:24:45","guid":{"rendered":"https:\/\/www.ludwig-van.com\/montreal\/?p=86853"},"modified":"2025-03-26T14:00:01","modified_gmt":"2025-03-26T18:00:01","slug":"choix-de-la-redaction-de-la-musique-pour-toutes-les-saisons","status":"publish","type":"post","link":"https:\/\/www.ludwig-van.com\/montreal\/2025\/03\/24\/choix-de-la-redaction-de-la-musique-pour-toutes-les-saisons\/","title":{"rendered":"CHOIX DE LA R\u00c9DACTION | De la musique pour toutes les saisons"},"content":{"rendered":"<figure id=\"attachment_86879\" aria-describedby=\"caption-attachment-86879\" style=\"width: 1200px\" class=\"wp-caption aligncenter\"><img decoding=\"async\" loading=\"lazy\" class=\"size-full wp-image-86879\" src=\"https:\/\/www.ludwig-van.com\/montreal\/wp-content\/uploads\/sites\/3\/2025\/03\/Copie-de-CONCERTS7.jpg\" alt=\"Affiche SMAM; Jingjing Xu Photo : Tam Photography); Jaeden Izik-Dzurko (Photo : courtoisie CMIM)\" width=\"1200\" height=\"628\" srcset=\"https:\/\/www.ludwig-van.com\/montreal\/wp-content\/uploads\/sites\/3\/2025\/03\/Copie-de-CONCERTS7.jpg 1200w, https:\/\/www.ludwig-van.com\/montreal\/wp-content\/uploads\/sites\/3\/2025\/03\/Copie-de-CONCERTS7-300x157.jpg 300w, https:\/\/www.ludwig-van.com\/montreal\/wp-content\/uploads\/sites\/3\/2025\/03\/Copie-de-CONCERTS7-1024x536.jpg 1024w, https:\/\/www.ludwig-van.com\/montreal\/wp-content\/uploads\/sites\/3\/2025\/03\/Copie-de-CONCERTS7-768x402.jpg 768w\" sizes=\"(max-width: 1200px) 100vw, 1200px\" \/><figcaption id=\"caption-attachment-86879\" class=\"wp-caption-text\">Affiche SMAM; Jingjing Xu Photo : Tam Photography); Jaeden Izik-Dzurko (Photo : courtoisie CMIM)<\/figcaption><\/figure>\n<p>M\u00eame si la t\u00e9l\u00e9transportation existait, vous ne pourriez pas assister \u00e0 tous les concerts de la semaine, particuli\u00e8rement dimanche o\u00f9 dix concerts auront lieu en m\u00eame temps. Bien que trois de ces \u00e9v\u00e9nements soient \u00e9galement pr\u00e9sent\u00e9s \u00e0 un autre moment dans la semaine, vous aurez \u00e0 faire des choix &#8211; d\u00e9cisions qui risquent d\u2019\u00eatre d\u00e9chirantes vu la grande diversit\u00e9 de la programmation de la semaine!<\/p>\n<p>&nbsp;<\/p>\n<p><img decoding=\"async\" loading=\"lazy\" class=\"aligncenter size-full wp-image-86854\" src=\"https:\/\/www.ludwig-van.com\/montreal\/wp-content\/uploads\/sites\/3\/2025\/03\/NO-HAY-BANDA.png\" alt=\"\" width=\"1200\" height=\"565\" srcset=\"https:\/\/www.ludwig-van.com\/montreal\/wp-content\/uploads\/sites\/3\/2025\/03\/NO-HAY-BANDA.png 1200w, https:\/\/www.ludwig-van.com\/montreal\/wp-content\/uploads\/sites\/3\/2025\/03\/NO-HAY-BANDA-300x141.png 300w, https:\/\/www.ludwig-van.com\/montreal\/wp-content\/uploads\/sites\/3\/2025\/03\/NO-HAY-BANDA-1024x482.png 1024w, https:\/\/www.ludwig-van.com\/montreal\/wp-content\/uploads\/sites\/3\/2025\/03\/NO-HAY-BANDA-768x362.png 768w\" sizes=\"(max-width: 1200px) 100vw, 1200px\" \/><\/p>\n<h3>No Hay Banda et Mardi Spaghetti<\/h3>\n<p>En premi\u00e8re partie de ce double concert, vous pourrez entendre la clarinettiste <b>Lori Freedman<\/b> reconnue pour ses talents d\u2019improvisatrice, mais \u00e9galement pour son \u00e9ventail unique et impressionnant du r\u00e9pertoire contemporain. En deuxi\u00e8me partie, Lori Freedman c\u00e8dera la place \u00e0 <b>The Turntable Trio<\/b> compos\u00e9 de <b>Maria Ch\u00e1vez<\/b>, <b>Victoria Shen<\/b> et <b>Mariam Rezaei<\/b>. Ces trois artistes pionni\u00e8res du New Turntablism tissent des \u00e9l\u00e9ments de musique concr\u00e8te, d\u2019improvisation libre, de noise, de techno et de hip hop avec la construction et la modification d\u2019instruments. Votre billet pour ce concert vous donne \u00e9galement acc\u00e8s au Mardi Spaghetti de la Casa Del Popolo, s\u00e9rie de concerts d\u00e9di\u00e9e \u00e0 la musique exp\u00e9rimentale et improvis\u00e9e. Ce mardi, ce sera I<b>sabelle Clermont<\/b>, harpe et \u00e9lectroniques, <b>Fahmid Nibesh<\/b>, guitare, objets et \u00e9lectroniques, <b>Karen NG<\/b>, saxophone, <b>Andrew Furlong<\/b>, contrebasse, et <b>Adrianne<\/b> <b>Munden-Dixon<\/b>, violon, qui se partageront la sc\u00e8ne \u00e0 compter de 21h.<\/p>\n<p>LE 25 MARS, 19 H, LA SALA ROSA\u00a0 <a href=\"https:\/\/www.venuepilot.co\/events\/116404\/orders\/new\" target=\"_blank\" rel=\"noopener\">D\u00c9TAILS ET BILLETS<\/a><\/p>\n<p>&nbsp;<\/p>\n<figure id=\"attachment_86855\" aria-describedby=\"caption-attachment-86855\" style=\"width: 1200px\" class=\"wp-caption aligncenter\"><img decoding=\"async\" loading=\"lazy\" class=\"size-full wp-image-86855\" src=\"https:\/\/www.ludwig-van.com\/montreal\/wp-content\/uploads\/sites\/3\/2025\/03\/Paul-Merkelo-et-Chris-Fossek.png\" alt=\"Paul Merkelo et Chris Fossek (Photo : courtoisie Salle Bourgie)\" width=\"1200\" height=\"672\" srcset=\"https:\/\/www.ludwig-van.com\/montreal\/wp-content\/uploads\/sites\/3\/2025\/03\/Paul-Merkelo-et-Chris-Fossek.png 1200w, https:\/\/www.ludwig-van.com\/montreal\/wp-content\/uploads\/sites\/3\/2025\/03\/Paul-Merkelo-et-Chris-Fossek-300x168.png 300w, https:\/\/www.ludwig-van.com\/montreal\/wp-content\/uploads\/sites\/3\/2025\/03\/Paul-Merkelo-et-Chris-Fossek-1024x573.png 1024w, https:\/\/www.ludwig-van.com\/montreal\/wp-content\/uploads\/sites\/3\/2025\/03\/Paul-Merkelo-et-Chris-Fossek-768x430.png 768w\" sizes=\"(max-width: 1200px) 100vw, 1200px\" \/><figcaption id=\"caption-attachment-86855\" class=\"wp-caption-text\">Paul Merkelo et Chris Fossek (Photo : courtoisie Salle Bourgie)<\/figcaption><\/figure>\n<h3><i>Nuits m\u00e9diterran\u00e9ennes<\/i><\/h3>\n<p><b>Paul Merkelo<\/b>, trompette, <b>Chris Fossek<\/b>, guitare, et <b>Nathan Keezer<\/b>, percussions, vous feront voyager en M\u00e9diterran\u00e9e avec la musique folklorique de la r\u00e9gion tels que le flamenco espagnol et la musique des Balkans. Un voyage peu dispendieux qui mettra de la chaleur dans votre c\u0153ur!<\/p>\n<p>LE 25 MARS, 19 H 30, SALLE BOURGIE\u00a0 <a href=\"https:\/\/www.mbam.qc.ca\/fr\/activites\/nuits-mediterraneennes\/\" target=\"_blank\" rel=\"noopener\">D\u00c9TAILS ET BILLETS<\/a><\/p>\n<p>&nbsp;<\/p>\n<p><img decoding=\"async\" loading=\"lazy\" class=\"aligncenter size-full wp-image-86856\" src=\"https:\/\/www.ludwig-van.com\/montreal\/wp-content\/uploads\/sites\/3\/2025\/03\/Club-musical-Frost-tamestit.png\" alt=\"\" width=\"1200\" height=\"424\" srcset=\"https:\/\/www.ludwig-van.com\/montreal\/wp-content\/uploads\/sites\/3\/2025\/03\/Club-musical-Frost-tamestit.png 1200w, https:\/\/www.ludwig-van.com\/montreal\/wp-content\/uploads\/sites\/3\/2025\/03\/Club-musical-Frost-tamestit-300x106.png 300w, https:\/\/www.ludwig-van.com\/montreal\/wp-content\/uploads\/sites\/3\/2025\/03\/Club-musical-Frost-tamestit-1024x362.png 1024w, https:\/\/www.ludwig-van.com\/montreal\/wp-content\/uploads\/sites\/3\/2025\/03\/Club-musical-Frost-tamestit-768x271.png 768w\" sizes=\"(max-width: 1200px) 100vw, 1200px\" \/><\/p>\n<h3>\u00c0 Qu\u00e9bec : Martin Fr\u00f6st, Antoine Tamestit, Shai Wosner<\/h3>\n<p>Le Club musical de Qu\u00e9bec r\u00e9unit trois artistes ayant chacun connu du succ\u00e8s lors de leurs visites respectives : le clarinettiste su\u00e9dois <strong>Martin Fr\u00f6st<\/strong>, l\u2019altiste fran\u00e7ais <strong>Antoine Tamestit<\/strong> et le pianiste isra\u00e9lien <strong>Shai Wosner<\/strong>. Ensemble, ils unissent leur talent de musiciens et d\u2019arrangeurs pour vous offrir un programme accordant une place particuli\u00e8re \u00e0 la danse.<\/p>\n<p>LE 26 MARS, 19 H 30, PALAIS MONTCALM\u00a0 <a href=\"https:\/\/clubmusicaldequebec.com\/cmq\/index.php\/programmation\/saison-2024-2025\/frost-tamestit-wosner\" target=\"_blank\" rel=\"noopener\">D\u00c9TAILS ET BILLETS<\/a><\/p>\n<p>&nbsp;<\/p>\n<figure id=\"attachment_77932\" aria-describedby=\"caption-attachment-77932\" style=\"width: 1200px\" class=\"wp-caption aligncenter\"><img decoding=\"async\" loading=\"lazy\" class=\"size-full wp-image-77932\" src=\"https:\/\/www.ludwig-van.com\/montreal\/wp-content\/uploads\/sites\/3\/2023\/09\/Orchestre-Metropolitain-Yannick-cr-Francois-Goupil.jpg\" alt=\"L'Orchestre M\u00e9tropolitain et Yannick N\u00e9zet-S\u00e9guin c\u00e9l\u00e8brent en 2024-2025 leur 25e saison ensemble. (Photo: Fran\u00e7ois Goupil)\" width=\"1200\" height=\"800\" srcset=\"https:\/\/www.ludwig-van.com\/montreal\/wp-content\/uploads\/sites\/3\/2023\/09\/Orchestre-Metropolitain-Yannick-cr-Francois-Goupil.jpg 1200w, https:\/\/www.ludwig-van.com\/montreal\/wp-content\/uploads\/sites\/3\/2023\/09\/Orchestre-Metropolitain-Yannick-cr-Francois-Goupil-300x200.jpg 300w, https:\/\/www.ludwig-van.com\/montreal\/wp-content\/uploads\/sites\/3\/2023\/09\/Orchestre-Metropolitain-Yannick-cr-Francois-Goupil-1024x683.jpg 1024w, https:\/\/www.ludwig-van.com\/montreal\/wp-content\/uploads\/sites\/3\/2023\/09\/Orchestre-Metropolitain-Yannick-cr-Francois-Goupil-768x512.jpg 768w\" sizes=\"(max-width: 1200px) 100vw, 1200px\" \/><figcaption id=\"caption-attachment-77932\" class=\"wp-caption-text\">L&rsquo;Orchestre M\u00e9tropolitain et Yannick N\u00e9zet-S\u00e9guin (Photo: Fran\u00e7ois Goupil)<\/figcaption><\/figure>\n<h3>OM &#8211; <i>Grandeur d\u2019\u00e2me<\/i><\/h3>\n<p>L\u2019<b>Orchestre M\u00e9tropolitain<\/b> et son chef <b>Yannick N\u00e9zet-S\u00e9guin<\/b> se prom\u00e8nent dans diff\u00e9rents lieux de la r\u00e9gion pour vous faire d\u00e9couvrir l<i>&lsquo;Ouverture no 3<\/i> de la compositrice Emilie Mayer, contemporaine des fr\u00e8re et s\u0153ur Mendelssohn, et red\u00e9couvrir le <i>Concerto pour piano no 24<\/i> de Mozart mettant en vedette le soliste <b>Christian Blackshaw<\/b> et la <i>Symphonie no 9<\/i> \u00abLa Grande\u00bb de Schubert.<\/p>\n<p>LE 26 MARS, 19 H 30, MAISON SYMPHONIQUE; LE 28 MARS, 19 H 30, ST. SIXTUS CATHOLIC CHURCH; LE 29 MARS, 19 H 30, PAROISSE NOTRE-DAME-DE-L\u2019ANNONCIATION;\u00a0LE 30 MARS, 15 H, SALLE D\u00c9SILET\u00a0\u00a0\u00a0 <a href=\"https:\/\/www.placedesarts.com\/evenement\/grandeur-dame\" target=\"_blank\" rel=\"noopener\">D\u00c9TAILS ET BILLETS\u00a0\u00a0<\/a><\/p>\n<p>&nbsp;<\/p>\n<figure id=\"attachment_86857\" aria-describedby=\"caption-attachment-86857\" style=\"width: 1200px\" class=\"wp-caption aligncenter\"><img decoding=\"async\" loading=\"lazy\" class=\"size-full wp-image-86857\" src=\"https:\/\/www.ludwig-van.com\/montreal\/wp-content\/uploads\/sites\/3\/2025\/03\/Jingjing-xu-wirth-vocal-prize_Tam-Photography.jpg\" alt=\"Jingjing Xu (Photo : Tam Photography)\" width=\"1200\" height=\"741\" srcset=\"https:\/\/www.ludwig-van.com\/montreal\/wp-content\/uploads\/sites\/3\/2025\/03\/Jingjing-xu-wirth-vocal-prize_Tam-Photography.jpg 1200w, https:\/\/www.ludwig-van.com\/montreal\/wp-content\/uploads\/sites\/3\/2025\/03\/Jingjing-xu-wirth-vocal-prize_Tam-Photography-300x185.jpg 300w, https:\/\/www.ludwig-van.com\/montreal\/wp-content\/uploads\/sites\/3\/2025\/03\/Jingjing-xu-wirth-vocal-prize_Tam-Photography-1024x632.jpg 1024w, https:\/\/www.ludwig-van.com\/montreal\/wp-content\/uploads\/sites\/3\/2025\/03\/Jingjing-xu-wirth-vocal-prize_Tam-Photography-768x474.jpg 768w\" sizes=\"(max-width: 1200px) 100vw, 1200px\" \/><figcaption id=\"caption-attachment-86857\" class=\"wp-caption-text\">Jingjing Xu (Photo : Tam Photography)<\/figcaption><\/figure>\n<h3>Jingjing Xu, mezzo-soprano<\/h3>\n<p>La Chapelle musicale du Bon-Pasteur re\u00e7oit la mezzo-soprano <b>Jingjing Xu<\/b> accompagn\u00e9e de pianistes inscrits au programme d\u2019accompagnement en art vocal des universit\u00e9s McGill et de Montr\u00e9al. Vous pourrez entendre tour \u00e0 tour le travail d\u2019<b>Elisabeta Cojocaru<\/b>, d\u2019<b>Anson Ng<\/b>, de <b>Rayna Slavova<\/b>, de <b>Toby Stanford<\/b> et de <b>Matthew Wong<\/b> alors qu\u2019ils accompagneront la chanteuses dans des \u0153uvres de Wolf, Barber, Goth\u00f3ni, Dvorak et Britten.<\/p>\n<p>LE 26 MARS, 19 H 30, SALLE PAUL-DESMARAIS\u00a0 <a href=\"https:\/\/montreal.ca\/evenements\/jingjing-xu-80791\" target=\"_blank\" rel=\"noopener\">D\u00c9TAILS ET BILLETS<\/a><\/p>\n<p>&nbsp;<\/p>\n<figure id=\"attachment_59668\" aria-describedby=\"caption-attachment-59668\" style=\"width: 1024px\" class=\"wp-caption aligncenter\"><img decoding=\"async\" loading=\"lazy\" class=\"size-full wp-image-59668\" src=\"https:\/\/www.ludwig-van.com\/montreal\/wp-content\/uploads\/sites\/3\/2017\/12\/Christian-Blackshaw\u00a9Si-Barber.jpg\" alt=\"Christian Blackshaw\" width=\"1024\" height=\"681\" srcset=\"https:\/\/www.ludwig-van.com\/montreal\/wp-content\/uploads\/sites\/3\/2017\/12\/Christian-Blackshaw\u00a9Si-Barber.jpg 1024w, https:\/\/www.ludwig-van.com\/montreal\/wp-content\/uploads\/sites\/3\/2017\/12\/Christian-Blackshaw\u00a9Si-Barber-300x200.jpg 300w, https:\/\/www.ludwig-van.com\/montreal\/wp-content\/uploads\/sites\/3\/2017\/12\/Christian-Blackshaw\u00a9Si-Barber-768x511.jpg 768w\" sizes=\"(max-width: 1024px) 100vw, 1024px\" \/><figcaption id=\"caption-attachment-59668\" class=\"wp-caption-text\">Christian Blackshaw (Photo : Si Barber)<\/figcaption><\/figure>\n<h3>Cours de ma\u00eetre avec Christian Blackshaw, piano<\/h3>\n<p>Le Conservatoire de musique de Montr\u00e9al invite le public \u00e0 assister \u00e0 une classe de ma\u00eetre de <b>Christian Blackshaw<\/b>, pianiste en r\u00e9sidence de l\u2019Orchestre M\u00e9tropolitain. Une occasion d\u2019assister aux \u00e9changes entre ma\u00eetre et \u00e9l\u00e8ves et plus d\u2019y entendre les prestations des musicien\u00b7ne\u00b7s.<\/p>\n<p>LE 27 MARS, 13 H, CONSERVATOIRE DE MUSIQUE DE MONTR\u00c9AL\u00a0 <a href=\"https:\/\/www.conservatoire.gouv.qc.ca\/fr\/conservatoires\/musiquemontreal\/evenements\/les-cours-de-maitre-2024-2025\/\" target=\"_blank\" rel=\"noopener\">D\u00c9TAILS ET BILLETS<\/a><\/p>\n<p>&nbsp;<\/p>\n<h3><img decoding=\"async\" loading=\"lazy\" class=\"aligncenter size-full wp-image-86858\" src=\"https:\/\/www.ludwig-van.com\/montreal\/wp-content\/uploads\/sites\/3\/2025\/03\/Screenshot-2025-03-23-at-13-53-38-Sur-lair-de-la-liberte-Chansons-de-resistantes-dans-les-prisons-nazies-Faculte-de-musique-UdeM-Ville-de-Montreal.png\" alt=\"\" width=\"1200\" height=\"590\" srcset=\"https:\/\/www.ludwig-van.com\/montreal\/wp-content\/uploads\/sites\/3\/2025\/03\/Screenshot-2025-03-23-at-13-53-38-Sur-lair-de-la-liberte-Chansons-de-resistantes-dans-les-prisons-nazies-Faculte-de-musique-UdeM-Ville-de-Montreal.png 1200w, https:\/\/www.ludwig-van.com\/montreal\/wp-content\/uploads\/sites\/3\/2025\/03\/Screenshot-2025-03-23-at-13-53-38-Sur-lair-de-la-liberte-Chansons-de-resistantes-dans-les-prisons-nazies-Faculte-de-musique-UdeM-Ville-de-Montreal-300x148.png 300w, https:\/\/www.ludwig-van.com\/montreal\/wp-content\/uploads\/sites\/3\/2025\/03\/Screenshot-2025-03-23-at-13-53-38-Sur-lair-de-la-liberte-Chansons-de-resistantes-dans-les-prisons-nazies-Faculte-de-musique-UdeM-Ville-de-Montreal-1024x503.png 1024w, https:\/\/www.ludwig-van.com\/montreal\/wp-content\/uploads\/sites\/3\/2025\/03\/Screenshot-2025-03-23-at-13-53-38-Sur-lair-de-la-liberte-Chansons-de-resistantes-dans-les-prisons-nazies-Faculte-de-musique-UdeM-Ville-de-Montreal-768x378.png 768w\" sizes=\"(max-width: 1200px) 100vw, 1200px\" \/><\/h3>\n<h3>Sur l\u2019air de la libert\u00e9 : Chansons de r\u00e9sistances dans les prisons nazies<\/h3>\n<p>Le vernissage de l\u2019exposition \u00abSur l\u2019air de la libert\u00e9 : Chansons de r\u00e9sistances dans les prisons nazies\u00bb aura lieu ce jeudi. Cette exposition pr\u00e9sente les chansons qu\u2019un groupe de r\u00e9sistantes fran\u00e7aises ont invent\u00e9es en modifiant les paroles de m\u00e9lodies connues \u00e0 l\u2019\u00e9poque pour les faire correspondre \u00e0 leurs conditions d\u2019incarc\u00e9ration et se donner le courage de poursuivre la lutte. Gr\u00e2ce \u00e0 la voix de <b>Catherine Harrison-Boisvert<\/b> accompagn\u00e9e de <b>Monica Han<\/b> au piano, vous pourrez d\u00e9couvrir 19 chansons dont les paroles modifi\u00e9es ont \u00e9t\u00e9 soigneusement not\u00e9es par Yvonne Oddon, l\u2019une des r\u00e9sistantes, \u00e0 son retour de d\u00e9portation.<\/p>\n<p>L&rsquo;exposition se poursuit jusqu&rsquo;au 2 mai 2025.<\/p>\n<p>LE 27 MARS, 19 H, MAISON DE LA CULTURE C\u00d4TE-DES-NEIGES\u00a0 <a href=\"https:\/\/montreal.ca\/evenements\/sur-lair-de-la-liberte-chansons-de-resistantes-dans-les-prisons-nazies-faculte-de-musique-udem-84549\" target=\"_blank\" rel=\"noopener\">LAISSEZ-PASSER<\/a><\/p>\n<p>&nbsp;<\/p>\n<h3><\/h3>\n<figure id=\"attachment_86873\" aria-describedby=\"caption-attachment-86873\" style=\"width: 1200px\" class=\"wp-caption aligncenter\"><img decoding=\"async\" loading=\"lazy\" class=\"size-full wp-image-86873\" src=\"https:\/\/www.ludwig-van.com\/montreal\/wp-content\/uploads\/sites\/3\/2025\/03\/Quatuor-de-lOSQ_Monastere.jpg\" alt=\"Caroline B\u00e9chard, Anne-Sophie Paquet, Blair Lofgren et \u00c9tienne Ch\u00e9nard. (Photo : \u00c9v\u00e9nement Facebook du Monast\u00e8re des Augustines)\" width=\"1200\" height=\"772\" srcset=\"https:\/\/www.ludwig-van.com\/montreal\/wp-content\/uploads\/sites\/3\/2025\/03\/Quatuor-de-lOSQ_Monastere.jpg 1200w, https:\/\/www.ludwig-van.com\/montreal\/wp-content\/uploads\/sites\/3\/2025\/03\/Quatuor-de-lOSQ_Monastere-300x193.jpg 300w, https:\/\/www.ludwig-van.com\/montreal\/wp-content\/uploads\/sites\/3\/2025\/03\/Quatuor-de-lOSQ_Monastere-1024x659.jpg 1024w, https:\/\/www.ludwig-van.com\/montreal\/wp-content\/uploads\/sites\/3\/2025\/03\/Quatuor-de-lOSQ_Monastere-768x494.jpg 768w\" sizes=\"(max-width: 1200px) 100vw, 1200px\" \/><figcaption id=\"caption-attachment-86873\" class=\"wp-caption-text\">Caroline B\u00e9chard, Anne-Sophie Paquet, Blair Lofgren et \u00c9tienne Ch\u00e9nard. (Photo : \u00c9v\u00e9nement Facebook du Monast\u00e8re des Augustines)<\/figcaption><\/figure>\n<h3>\u00c0 Qu\u00e9bec : Quatuor \u00e0 cordes au Monast\u00e8re des Augustines<\/h3>\n<p>Des cordistes de l\u2019<b>Orchestre symphonique de Qu\u00e9bec<\/b> se r\u00e9unissent en quatuor dans le lieu patrimonial magnifique qu\u2019est le Monast\u00e8re de Augustines. Retrouvez les violonistes <b>Caroline B\u00e9chard<\/b> et <b>Anne-Sophie Paquet<\/b>, l\u2019altiste <b>\u00c9tienne Ch\u00e9nard<\/b> et le violoncelliste <b>Blair Lofgren<\/b> dans ce concert faisant partie de la programmation du Festival Beethoven dont vous pouvez trouver la programmation compl\u00e8te <a href=\"https:\/\/www.osq.org\/festival-beethoven\/\">ici<\/a>.<\/p>\n<p>LE 27 MARS, 19 H 30, MONAST\u00c8RE DES AUGUSTINES\u00a0 <a href=\"https:\/\/www.osq.org\/concerts\/quatuor-beethoven-monastere-augustines\/\" target=\"_blank\" rel=\"noopener\">D\u00c9TAILS ET BILLETS<\/a><\/p>\n<h3><\/h3>\n<p>&nbsp;<\/p>\n<figure id=\"attachment_80974\" aria-describedby=\"caption-attachment-80974\" style=\"width: 1200px\" class=\"wp-caption aligncenter\"><img decoding=\"async\" loading=\"lazy\" class=\"size-full wp-image-80974\" src=\"https:\/\/www.ludwig-van.com\/montreal\/wp-content\/uploads\/sites\/3\/2024\/04\/Yannick-Nezet-Seguin-observant-un-membre-de-lAcademie-de-direction-dorchestre.jpg\" alt=\"Yannick N\u00e9zet-S\u00e9guin observant attentivement un membre de l'Acad\u00e9mie de direction d'orchestre de l'Orchestre M\u00e9tropolitain. (Photo : Denis Germain)\" width=\"1200\" height=\"800\" srcset=\"https:\/\/www.ludwig-van.com\/montreal\/wp-content\/uploads\/sites\/3\/2024\/04\/Yannick-Nezet-Seguin-observant-un-membre-de-lAcademie-de-direction-dorchestre.jpg 1200w, https:\/\/www.ludwig-van.com\/montreal\/wp-content\/uploads\/sites\/3\/2024\/04\/Yannick-Nezet-Seguin-observant-un-membre-de-lAcademie-de-direction-dorchestre-300x200.jpg 300w, https:\/\/www.ludwig-van.com\/montreal\/wp-content\/uploads\/sites\/3\/2024\/04\/Yannick-Nezet-Seguin-observant-un-membre-de-lAcademie-de-direction-dorchestre-1024x683.jpg 1024w, https:\/\/www.ludwig-van.com\/montreal\/wp-content\/uploads\/sites\/3\/2024\/04\/Yannick-Nezet-Seguin-observant-un-membre-de-lAcademie-de-direction-dorchestre-768x512.jpg 768w\" sizes=\"(max-width: 1200px) 100vw, 1200px\" \/><figcaption id=\"caption-attachment-80974\" class=\"wp-caption-text\">Yannick N\u00e9zet-S\u00e9guin observant attentivement un membre de l&rsquo;Acad\u00e9mie de direction d&rsquo;orchestre de l&rsquo;Orchestre M\u00e9tropolitain. (Photo : Denis Germain)<\/figcaption><\/figure>\n<h3>Classe de ma\u00eetre avec Yannick N\u00e9zet-S\u00e9guin<\/h3>\n<p>L\u2019Acad\u00e9mie de direction d\u2019orchestre de l\u2019Orchestre M\u00e9tropolitain vous convie \u00e0 assister \u00e0 une classe de ma\u00eetre donn\u00e9e par <b>Yannick N\u00e9zet-S\u00e9guin<\/b>, une occasion parfaite pour vous de d\u00e9mystifier les subtilit\u00e9s du m\u00e9tier de chef d\u2019orchestre.<\/p>\n<p>LE 28 MARS, 14 H, MAISON SYMPHONIQUE\u00a0 <a href=\"https:\/\/www.placedesarts.com\/evenement\/classe-de-maitre\" target=\"_blank\" rel=\"noopener\">D\u00c9TAILS ET BILLETS<\/a><\/p>\n<p>&nbsp;<\/p>\n<h3><img decoding=\"async\" loading=\"lazy\" class=\"aligncenter size-full wp-image-86861\" src=\"https:\/\/www.ludwig-van.com\/montreal\/wp-content\/uploads\/sites\/3\/2025\/03\/Harmonie-des-saisons_Meditations-et-lamentations.png\" alt=\"\" width=\"1200\" height=\"1168\" srcset=\"https:\/\/www.ludwig-van.com\/montreal\/wp-content\/uploads\/sites\/3\/2025\/03\/Harmonie-des-saisons_Meditations-et-lamentations.png 1200w, https:\/\/www.ludwig-van.com\/montreal\/wp-content\/uploads\/sites\/3\/2025\/03\/Harmonie-des-saisons_Meditations-et-lamentations-300x292.png 300w, https:\/\/www.ludwig-van.com\/montreal\/wp-content\/uploads\/sites\/3\/2025\/03\/Harmonie-des-saisons_Meditations-et-lamentations-1024x997.png 1024w, https:\/\/www.ludwig-van.com\/montreal\/wp-content\/uploads\/sites\/3\/2025\/03\/Harmonie-des-saisons_Meditations-et-lamentations-768x748.png 768w\" sizes=\"(max-width: 1200px) 100vw, 1200px\" \/><\/h3>\n<h3>\u00c0 Qu\u00e9bec : L\u2019Harmonie des saisons &#8211; <i>M\u00e9ditations et lamentations : Bach &amp; Buxtehude<\/i><\/h3>\n<p>L\u2019ensemble <b>L\u2019Harmonie des saisons<\/b> vous invite \u00e0 ce concert de musique baroque allemande dont le programme met l\u2019emphase sur la musique de la p\u00e9riode liturgique qu\u2019est le Car\u00eame. Vous pourrez entendre des \u0153uvres de J.C. Bach, de Buxtehude et de J.S. Bach lors de ce moment qui s\u2019en veut un de r\u00e9flexion et de m\u00e9ditation.<\/p>\n<p>LE 28 MARS, 19 H 30, \u00c9GLISE ST-DOMINIQUE\u00a0<a href=\"https:\/\/www.harmoniedessaisons.org\/\" target=\"_blank\" rel=\"noopener\"> D\u00c9TAILS ET BILLETS<\/a><\/p>\n<p>&nbsp;<\/p>\n<p><img decoding=\"async\" loading=\"lazy\" class=\"aligncenter size-full wp-image-86878\" src=\"https:\/\/www.ludwig-van.com\/montreal\/wp-content\/uploads\/sites\/3\/2025\/03\/imeneo.png\" alt=\"\" width=\"1200\" height=\"499\" srcset=\"https:\/\/www.ludwig-van.com\/montreal\/wp-content\/uploads\/sites\/3\/2025\/03\/imeneo.png 1200w, https:\/\/www.ludwig-van.com\/montreal\/wp-content\/uploads\/sites\/3\/2025\/03\/imeneo-300x125.png 300w, https:\/\/www.ludwig-van.com\/montreal\/wp-content\/uploads\/sites\/3\/2025\/03\/imeneo-1024x426.png 1024w, https:\/\/www.ludwig-van.com\/montreal\/wp-content\/uploads\/sites\/3\/2025\/03\/imeneo-768x319.png 768w\" sizes=\"(max-width: 1200px) 100vw, 1200px\" \/><\/p>\n<h3>Opera McGill et McGill Baroque Orchestra &#8211; <i>Imeneo<\/i> de Handel<\/h3>\n<p>L\u2019\u00c9cole de musique Schulich pr\u00e9sente un \u00e9v\u00e9nement conjoint de l\u2019<b>Op\u00e9ra McGill<\/b> et de l\u2019<b>Orchestre baroque de McGill<\/b>, <i>Imeneo<\/i> de Handel. Cet op\u00e9ra en trois actes raconte l\u2019histoire de deux triangles amoureux dans lesquels Imeneo est impliqu\u00e9 bien malgr\u00e9 lui apr\u00e8s avoir secouru des mains de pirates barbares Rosmene et Clomiri. Clomiri tombe amoureux d\u2019Imeneo, qui lui s\u2019attend \u00e0 ce que Rosmene le marie, alors qu\u2019elle est amoureuse de Tirinto\u2026 Une histoire o\u00f9 amour, honneur, devoir et gratitude s\u2019entrechoquent et font des victimes. Les repr\u00e9sentations des 29 et 30 mars sont \u00e9galement pr\u00e9sent\u00e9es en webdiffusion.<\/p>\n<p>LE 28 ET 29 MARS, 19 H 30 ET LE 30 MARS, 14 H, TH\u00c9\u00c2TRE PARADOXE\u00a0 <a href=\"https:\/\/www.mcgill.ca\/music\/fr\/channels\/event\/opera-mcgill-et-lorchestre-baroque-de-mcgill-imeneo-359237\" target=\"_blank\" rel=\"noopener\">D\u00c9TAILS ET BILLETS<\/a><\/p>\n<p>&nbsp;<\/p>\n<h3><\/h3>\n<figure id=\"attachment_86874\" aria-describedby=\"caption-attachment-86874\" style=\"width: 1200px\" class=\"wp-caption aligncenter\"><img decoding=\"async\" loading=\"lazy\" class=\"size-full wp-image-86874\" src=\"https:\/\/www.ludwig-van.com\/montreal\/wp-content\/uploads\/sites\/3\/2025\/03\/EnsembleArtChoral-TamPhotography-35.jpg\" alt=\"Ensemble ArtChoral (Photo : Tam Photography)\" width=\"1200\" height=\"798\" srcset=\"https:\/\/www.ludwig-van.com\/montreal\/wp-content\/uploads\/sites\/3\/2025\/03\/EnsembleArtChoral-TamPhotography-35.jpg 1200w, https:\/\/www.ludwig-van.com\/montreal\/wp-content\/uploads\/sites\/3\/2025\/03\/EnsembleArtChoral-TamPhotography-35-300x200.jpg 300w, https:\/\/www.ludwig-van.com\/montreal\/wp-content\/uploads\/sites\/3\/2025\/03\/EnsembleArtChoral-TamPhotography-35-1024x681.jpg 1024w, https:\/\/www.ludwig-van.com\/montreal\/wp-content\/uploads\/sites\/3\/2025\/03\/EnsembleArtChoral-TamPhotography-35-768x511.jpg 768w\" sizes=\"(max-width: 1200px) 100vw, 1200px\" \/><figcaption id=\"caption-attachment-86874\" class=\"wp-caption-text\">Ensemble ArtChoral (Photo : Tam Photography)<\/figcaption><\/figure>\n<h3>ArtChoral &#8211; <i>Edelweiss<\/i><\/h3>\n<p>L\u2019ensemble <b>ArtChoral<\/b> c\u00e9l\u00e8bre l\u2019arriv\u00e9e du printemps avec ce concert dirig\u00e9 par <b>Matthias Maute<\/b> et accompagn\u00e9 au piano par <b>Dominique Roy<\/b>. Au programme, des extraits de <i>Carmen<\/i> de Bizet, <i>Edelweiss<\/i> de Richard Rodgers et <i>Lux aeterna<\/i> d&rsquo;Elgar.<\/p>\n<p>LE 29 MARS, 15 H, MAISON SYMPHONIQUE\u00a0 <a href=\"https:\/\/www.placedesarts.com\/evenement\/edelweiss\" target=\"_blank\" rel=\"noopener\">D\u00c9TAILS ET BILLETS<\/a><\/p>\n<p>&nbsp;<\/p>\n<h3><img decoding=\"async\" loading=\"lazy\" class=\"aligncenter size-full wp-image-86863\" src=\"https:\/\/www.ludwig-van.com\/montreal\/wp-content\/uploads\/sites\/3\/2025\/03\/Clavecin-en-concert-RAMEAU.jpg\" alt=\"\" width=\"1200\" height=\"631\" srcset=\"https:\/\/www.ludwig-van.com\/montreal\/wp-content\/uploads\/sites\/3\/2025\/03\/Clavecin-en-concert-RAMEAU.jpg 1200w, https:\/\/www.ludwig-van.com\/montreal\/wp-content\/uploads\/sites\/3\/2025\/03\/Clavecin-en-concert-RAMEAU-300x158.jpg 300w, https:\/\/www.ludwig-van.com\/montreal\/wp-content\/uploads\/sites\/3\/2025\/03\/Clavecin-en-concert-RAMEAU-1024x538.jpg 1024w, https:\/\/www.ludwig-van.com\/montreal\/wp-content\/uploads\/sites\/3\/2025\/03\/Clavecin-en-concert-RAMEAU-768x404.jpg 768w\" sizes=\"(max-width: 1200px) 100vw, 1200px\" \/><\/h3>\n<h3>Clavecin en concert &#8211; <i>Rameau et la muse oubli\u00e9e<\/i><\/h3>\n<p>Dans une mise en sc\u00e8ne de <b>Carl B\u00e9chard<\/b>, ce th\u00e9\u00e2tre musical \u00e9crit par <b>Mathieu Boutin<\/b> raconte l\u2019histoire de la rencontre dans l\u2019au-del\u00e0 du compositeur Jean-Philippe Rameau, interpr\u00e9t\u00e9 par <b>Luc Beaus\u00e9jour<\/b>, avec une jeune femme, interpr\u00e9t\u00e9e par <b>Marie-\u00c8ve Beaulieu<\/b>, qui pr\u00e9tend avoir \u00e9t\u00e9 sa muse. Cette derni\u00e8re souffre d\u2019\u00eatre tomb\u00e9e dans l\u2019oubli et demande au compositeur un peu de reconnaissance de sa part. \u00c0 cette rencontre imaginaire ce juxtapose l\u2019interpr\u00e9tation d\u2019\u0153uvres pour clavecin de Rameau, dont les titres, intrigants, am\u00e8nent \u00e0 se demander ce qui a bien pu les inspirer!<\/p>\n<p>LE 29 MARS, 20 H ET LE 30 MARS, 16 H, TH\u00c9\u00c2TRE ROUGE DU CONSERVATOIRE DE MUSIQUE DE MONTR\u00c9AL\u00a0 <a href=\"https:\/\/clavecinenconcert.com\/theatre-musical\/\" target=\"_blank\" rel=\"noopener\">D\u00c9TAILS ET BILLETS<\/a><\/p>\n<p>&nbsp;<\/p>\n<h3><\/h3>\n<p><img decoding=\"async\" loading=\"lazy\" class=\"aligncenter size-full wp-image-60780\" src=\"https:\/\/www.ludwig-van.com\/montreal\/wp-content\/uploads\/sites\/3\/2019\/08\/chorale-choeur-enfants-1.jpg\" alt=\"\" width=\"1200\" height=\"803\" srcset=\"https:\/\/www.ludwig-van.com\/montreal\/wp-content\/uploads\/sites\/3\/2019\/08\/chorale-choeur-enfants-1.jpg 1200w, https:\/\/www.ludwig-van.com\/montreal\/wp-content\/uploads\/sites\/3\/2019\/08\/chorale-choeur-enfants-1-300x201.jpg 300w, https:\/\/www.ludwig-van.com\/montreal\/wp-content\/uploads\/sites\/3\/2019\/08\/chorale-choeur-enfants-1-768x514.jpg 768w, https:\/\/www.ludwig-van.com\/montreal\/wp-content\/uploads\/sites\/3\/2019\/08\/chorale-choeur-enfants-1-1024x685.jpg 1024w\" sizes=\"(max-width: 1200px) 100vw, 1200px\" \/><\/p>\n<h3>Lecture Cammac &#8211; <i>Requiem<\/i> de Mozart<\/h3>\n<p>Sous la direction d\u2019<b>Ald\u00e9o Jean<\/b> et avec la participation de l\u2019<b>Orchestre symphonique Cammac<\/b>, Cammac-Montr\u00e9al vous invite \u00e0 vous joindre aux solistes <b>Caroline Vachon<\/b>, soprano, <b>Paz Parra<\/b>, alto<b>, Arek Keuchgurian<\/b>, t\u00e9nor, et <b>Joseph Moutran<\/b>, basse, pour une lecture \u00e0 vue du <i>Requiem<\/i> de Mozart. Une invitation pour tous, membres ou non, instrumentistes et chanteurs\u00b7ses.<\/p>\n<p>LE 30 MARS, 13 H, COLL\u00c8GE VANIER &#8211; LOCAL A-250\u00a0 <a href=\"https:\/\/cammac.ca\/montreal\/lectures-a-vue\/\" target=\"_blank\" rel=\"noopener\">D\u00c9TAILS ET INSCRIPTIONS<\/a><\/p>\n<p>&nbsp;<\/p>\n<p><img decoding=\"async\" loading=\"lazy\" class=\"aligncenter size-full wp-image-84314\" src=\"https:\/\/www.ludwig-van.com\/montreal\/wp-content\/uploads\/sites\/3\/2024\/10\/SMAM_2024-25_pageweb_concerts_4_cozzolani_FR.jpg\" alt=\"\" width=\"562\" height=\"629\" srcset=\"https:\/\/www.ludwig-van.com\/montreal\/wp-content\/uploads\/sites\/3\/2024\/10\/SMAM_2024-25_pageweb_concerts_4_cozzolani_FR.jpg 562w, https:\/\/www.ludwig-van.com\/montreal\/wp-content\/uploads\/sites\/3\/2024\/10\/SMAM_2024-25_pageweb_concerts_4_cozzolani_FR-268x300.jpg 268w\" sizes=\"(max-width: 562px) 100vw, 562px\" \/><\/p>\n<h3>SMAM &#8211; <i>Cozzolani, l\u2019abesse rebelle<\/i><\/h3>\n<p>Le <b>Studio de musique ancienne de Montr\u00e9al<\/b> pr\u00e9sente un concert d\u00e9di\u00e9 aux \u0153uvres de Chiara Margarita Cozzolani. Moniale b\u00e9n\u00e9dictine puis abbesse de son couvent milanais, Cozzolani a publi\u00e9 un recueil d\u2019ensemble de motets \u00e0 deux ch\u0153urs avec instruments, <i>V\u00eapres \u00e0 la Vierge<\/i>, que ses cons\u0153urs et elle offrent p\u00e9riodiquement au public venu de toute l\u2019Europe, jusqu\u2019\u00e0 ce qu\u2019un nouvel archev\u00eaque les fasse cesser, jugeant ces manifestations trop dangereuses pour la vertu.<\/p>\n<p>LE 30 MARS, 14 H 30, SALLE BOURGIE\u00a0 <a href=\"https:\/\/smamontreal.ca\/cozzolani-labbesse-rebelle\/\" target=\"_blank\" rel=\"noopener\">D\u00c9TAILS ET BILLETS<\/a><\/p>\n<h3><\/h3>\n<p>&nbsp;<\/p>\n<figure id=\"attachment_86867\" aria-describedby=\"caption-attachment-86867\" style=\"width: 1200px\" class=\"wp-caption aligncenter\"><img decoding=\"async\" loading=\"lazy\" class=\"size-full wp-image-86867\" src=\"https:\/\/www.ludwig-van.com\/montreal\/wp-content\/uploads\/sites\/3\/2025\/03\/loic-lapatrie_trompette_cropped-1.jpg\" alt=\"Lo\u00efc Lapatrie (Photo : site web du Conservatoire de musique de Qu\u00e9bec)\" width=\"1200\" height=\"954\" srcset=\"https:\/\/www.ludwig-van.com\/montreal\/wp-content\/uploads\/sites\/3\/2025\/03\/loic-lapatrie_trompette_cropped-1.jpg 1200w, https:\/\/www.ludwig-van.com\/montreal\/wp-content\/uploads\/sites\/3\/2025\/03\/loic-lapatrie_trompette_cropped-1-300x239.jpg 300w, https:\/\/www.ludwig-van.com\/montreal\/wp-content\/uploads\/sites\/3\/2025\/03\/loic-lapatrie_trompette_cropped-1-1024x814.jpg 1024w, https:\/\/www.ludwig-van.com\/montreal\/wp-content\/uploads\/sites\/3\/2025\/03\/loic-lapatrie_trompette_cropped-1-768x611.jpg 768w\" sizes=\"(max-width: 1200px) 100vw, 1200px\" \/><figcaption id=\"caption-attachment-86867\" class=\"wp-caption-text\">Lo\u00efc Lapatrie (Photo : site web du Conservatoire de musique de Qu\u00e9bec)<\/figcaption><\/figure>\n<h3>SOM &#8211; Lo\u00efc Lapatrie, trompette, et Joey Desaulniers, orgue<\/h3>\n<p>La Soci\u00e9t\u00e9 des orgues de Maisonneuve re\u00e7oit dimanche le trompettiste <b>Lo\u00efc Lapatrie<\/b> et l\u2019organiste <b>Joey Desaulniers<\/b> qui interpr\u00e9teront un programme vari\u00e9 allant de la Renaissance \u00e0 la chanson fran\u00e7ais contemporaine. Entr\u00e9e libre, contribution volontaire sollicit\u00e9e.<\/p>\n<p>LE 30 MARS, 15 H, \u00c9GLISE TR\u00c8S-SAINT-NOM-DE-J\u00c9SUS<\/p>\n<h3><\/h3>\n<figure id=\"attachment_81702\" aria-describedby=\"caption-attachment-81702\" style=\"width: 1200px\" class=\"wp-caption aligncenter\"><img decoding=\"async\" loading=\"lazy\" class=\"size-full wp-image-81702\" src=\"https:\/\/www.ludwig-van.com\/montreal\/wp-content\/uploads\/sites\/3\/2024\/05\/CMIM_Piano2024_Izik-Dzurko_Jaeden_1200.jpg\" alt=\"Jaeden Izik-Dzurko (Photo : courtoisie du CMIM)\" width=\"1200\" height=\"739\" srcset=\"https:\/\/www.ludwig-van.com\/montreal\/wp-content\/uploads\/sites\/3\/2024\/05\/CMIM_Piano2024_Izik-Dzurko_Jaeden_1200.jpg 1200w, https:\/\/www.ludwig-van.com\/montreal\/wp-content\/uploads\/sites\/3\/2024\/05\/CMIM_Piano2024_Izik-Dzurko_Jaeden_1200-300x185.jpg 300w, https:\/\/www.ludwig-van.com\/montreal\/wp-content\/uploads\/sites\/3\/2024\/05\/CMIM_Piano2024_Izik-Dzurko_Jaeden_1200-1024x631.jpg 1024w, https:\/\/www.ludwig-van.com\/montreal\/wp-content\/uploads\/sites\/3\/2024\/05\/CMIM_Piano2024_Izik-Dzurko_Jaeden_1200-768x473.jpg 768w\" sizes=\"(max-width: 1200px) 100vw, 1200px\" \/><figcaption id=\"caption-attachment-81702\" class=\"wp-caption-text\">Jaeden Izik-Dzurko (Photo : courtoisie du CMIM)<\/figcaption><\/figure>\n<h3>Saison Prodige de la Soci\u00e9t\u00e9 Pro musica &#8211; Jaeden Izik-Dzurko, piano<\/h3>\n<p>Les participations remarqu\u00e9es de <b>Jaeden Izik-Dzurko<\/b> lors de diff\u00e9rents concours majeurs ont rapidement fait de lui un artiste en demande, ses prestations s\u00e9duisant autant le public que les critiques et les chefs d\u2019orchestres. Il interpr\u00e9tera lors de ce concert du Bach, Rachmaninov, Scriabin et Chopin.<\/p>\n<p>LE 30 MARS, 15 H, SALLE PIERRE-MERCURE\u00a0 <a href=\"https:\/\/pierre-mercure.uqam.ca\/evenement\/jaeden-izik-dzurko-piano\/\" target=\"_blank\" rel=\"noopener\">D\u00c9TAILS ET BILLETS<\/a><\/p>\n<h3><\/h3>\n<figure id=\"attachment_79879\" aria-describedby=\"caption-attachment-79879\" style=\"width: 1920px\" class=\"wp-caption aligncenter\"><img decoding=\"async\" loading=\"lazy\" class=\"size-full wp-image-79879\" src=\"https:\/\/www.ludwig-van.com\/montreal\/wp-content\/uploads\/sites\/3\/2024\/02\/dolo-iglesias-FjElUqGfbAw-unsplash2.jpg\" alt=\"Stock photo Piano NB Steinway_Dolo Iglesias\" width=\"1920\" height=\"1280\" srcset=\"https:\/\/www.ludwig-van.com\/montreal\/wp-content\/uploads\/sites\/3\/2024\/02\/dolo-iglesias-FjElUqGfbAw-unsplash2.jpg 1920w, https:\/\/www.ludwig-van.com\/montreal\/wp-content\/uploads\/sites\/3\/2024\/02\/dolo-iglesias-FjElUqGfbAw-unsplash2-300x200.jpg 300w, https:\/\/www.ludwig-van.com\/montreal\/wp-content\/uploads\/sites\/3\/2024\/02\/dolo-iglesias-FjElUqGfbAw-unsplash2-1024x683.jpg 1024w, https:\/\/www.ludwig-van.com\/montreal\/wp-content\/uploads\/sites\/3\/2024\/02\/dolo-iglesias-FjElUqGfbAw-unsplash2-768x512.jpg 768w, https:\/\/www.ludwig-van.com\/montreal\/wp-content\/uploads\/sites\/3\/2024\/02\/dolo-iglesias-FjElUqGfbAw-unsplash2-1536x1024.jpg 1536w\" sizes=\"(max-width: 1920px) 100vw, 1920px\" \/><figcaption id=\"caption-attachment-79879\" class=\"wp-caption-text\">(Photo : Dolo Iglesias)<\/figcaption><\/figure>\n<h3>\u00c0 Trois-Rivi\u00e8res : Laur\u00e9at en r\u00e9cital &#8211; Gr\u00e9goire Abadie, piano<\/h3>\n<p>Dans le cadre de sa s\u00e9rie Laur\u00e9at en r\u00e9cital, l&rsquo;Orchestre symphonique de Trois-Rivi\u00e8res re\u00e7oit le pianiste <strong>Gr\u00e9goire Abadie<\/strong>, laur\u00e9at qu\u00e9b\u00e9cois du Concours international de piano\u00a0 de Sorel-Tracy pour un concert de piano de virtuosit\u00e9 et d\u2019\u00e9motions.<\/p>\n<p>LE 30 MARS, 15 H, SALLE ANA\u00cfS-ALLARD-ROUSSEAU\u00a0 <a href=\"https:\/\/ostr.ca\/programmation\/paysages-musicaux\/laureat-en-recital\/\" target=\"_blank\" rel=\"noopener\">D\u00c9TAILS ET BILLETS<\/a><\/p>\n<p>&nbsp;<\/p>\n<figure id=\"attachment_86877\" aria-describedby=\"caption-attachment-86877\" style=\"width: 1200px\" class=\"wp-caption aligncenter\"><img decoding=\"async\" loading=\"lazy\" class=\"size-full wp-image-86877\" src=\"https:\/\/www.ludwig-van.com\/montreal\/wp-content\/uploads\/sites\/3\/2025\/03\/Trio-du-faubourg_Ville-de-Montreal.png\" alt=\"Trio du Faubourg (Photo : courtoisie)\" width=\"1200\" height=\"466\" srcset=\"https:\/\/www.ludwig-van.com\/montreal\/wp-content\/uploads\/sites\/3\/2025\/03\/Trio-du-faubourg_Ville-de-Montreal.png 1200w, https:\/\/www.ludwig-van.com\/montreal\/wp-content\/uploads\/sites\/3\/2025\/03\/Trio-du-faubourg_Ville-de-Montreal-300x117.png 300w, https:\/\/www.ludwig-van.com\/montreal\/wp-content\/uploads\/sites\/3\/2025\/03\/Trio-du-faubourg_Ville-de-Montreal-1024x398.png 1024w, https:\/\/www.ludwig-van.com\/montreal\/wp-content\/uploads\/sites\/3\/2025\/03\/Trio-du-faubourg_Ville-de-Montreal-768x298.png 768w\" sizes=\"(max-width: 1200px) 100vw, 1200px\" \/><figcaption id=\"caption-attachment-86877\" class=\"wp-caption-text\">Trio du Faubourg (Photo : courtoisie)<\/figcaption><\/figure>\n<h3>Trio du Faubourg<\/h3>\n<p>Bas\u00e9 \u00e0 Qu\u00e9bec, le <b>Trio du Faubourg<\/b> est compos\u00e9 du clarinettiste solo de l\u2019Orchestre symphonique de Qu\u00e9bec, <b>St\u00e9phane Fontaine<\/b>, la violoniste <b>Anne-Sophie Paquet<\/b> et le pianiste <b>Martin Dub\u00e9<\/b>. Ils interpr\u00e9teront un r\u00e9pertoire rarement jou\u00e9 de Milhaud, Faith, Poulenc et Stravinsky.<\/p>\n<p>LE 30 MARS, 15 H, SALLE PAUL-DESMARAIS\u00a0 <a href=\"https:\/\/montreal.ca\/evenements\/trio-du-faubourg-80792\" target=\"_blank\" rel=\"noopener\">D\u00c9TAILS ET BILLETS<\/a><\/p>\n<p>&nbsp;<\/p>\n<figure id=\"attachment_85310\" aria-describedby=\"caption-attachment-85310\" style=\"width: 1200px\" class=\"wp-caption aligncenter\"><img decoding=\"async\" loading=\"lazy\" class=\"size-full wp-image-85310\" src=\"https:\/\/www.ludwig-van.com\/montreal\/wp-content\/uploads\/sites\/3\/2024\/12\/VB8_Magie-dhiver_1200.jpg\" alt=\"VB8 (Photo : courtoisie)\" width=\"1200\" height=\"801\" srcset=\"https:\/\/www.ludwig-van.com\/montreal\/wp-content\/uploads\/sites\/3\/2024\/12\/VB8_Magie-dhiver_1200.jpg 1200w, https:\/\/www.ludwig-van.com\/montreal\/wp-content\/uploads\/sites\/3\/2024\/12\/VB8_Magie-dhiver_1200-300x200.jpg 300w, https:\/\/www.ludwig-van.com\/montreal\/wp-content\/uploads\/sites\/3\/2024\/12\/VB8_Magie-dhiver_1200-1024x684.jpg 1024w, https:\/\/www.ludwig-van.com\/montreal\/wp-content\/uploads\/sites\/3\/2024\/12\/VB8_Magie-dhiver_1200-768x513.jpg 768w\" sizes=\"(max-width: 1200px) 100vw, 1200px\" \/><figcaption id=\"caption-attachment-85310\" class=\"wp-caption-text\">VB8 (Photo : courtoisie)<\/figcaption><\/figure>\n<h3>VB8 &#8211; <i>Il \u00e9tait 8 fois<\/i><\/h3>\n<p>Octuor vocal issu du ch\u0153ur Voces Boreales, <b>VB8<\/b> poursuit la m\u00eame mission, soit celle de combiner le r\u00e9pertoire d\u2019hier et d\u2019aujourd\u2019hui dans des concerts accessibles. Ce sont des \u0153uvres d\u2019aujourd\u2019hui que les huit voix interpr\u00e9teront dimanche alors que des chansons des qu\u00e9b\u00e9cois <b>Robert Charlebois<\/b>, <b>Gilles Vigneault<\/b> et Leonard Cohen, ainsi que d\u2019autres artistes internationaux tels que Charles Trenet et \u00c9dith Piaf r\u00e9sonneront dans votre c\u0153ur et vos oreilles.<\/p>\n<p>LE 30 MARS, 15 H, \u00c9GLISE NOTRE-DAME-DE-LOURDES (VERDUN)\u00a0<a href=\"https:\/\/my.weezevent.com\/il-etait-8-fois-1?_gl=1%2Am9byur%2A_gcl_au%2AMTAzMTYyMDUxMC4xNzM3NzQwMjAyLjIwNDU2NzYyMDEuMTc0MDA3MTU5Ny4xNzQwMDcxNzEx%2A_ga%2ANTk5ODAxNTk4LjE3MDExMTE5OTA.%2A_ga_39H9VBFX7G%2AMTc0MDA3NTIwNy45NC4xLjE3NDAwODI3NTkuNjAuMC43Mjg1MTQ4MDM.\" target=\"_blank\" rel=\"noopener\"> D\u00c9TAILS ET BILLETS<\/a><\/p>\n<p>&nbsp;<\/p>\n<figure id=\"attachment_86868\" aria-describedby=\"caption-attachment-86868\" style=\"width: 1200px\" class=\"wp-caption aligncenter\"><img decoding=\"async\" loading=\"lazy\" class=\"size-full wp-image-86868\" src=\"https:\/\/www.ludwig-van.com\/montreal\/wp-content\/uploads\/sites\/3\/2025\/03\/Jean-Michael-Lavoie_\u00a9Lou_Scamble.jpg\" alt=\"Jean-Micha\u00ebl Lavoie (Photo : Lou Scamble)\" width=\"1200\" height=\"927\" srcset=\"https:\/\/www.ludwig-van.com\/montreal\/wp-content\/uploads\/sites\/3\/2025\/03\/Jean-Michael-Lavoie_\u00a9Lou_Scamble.jpg 1200w, https:\/\/www.ludwig-van.com\/montreal\/wp-content\/uploads\/sites\/3\/2025\/03\/Jean-Michael-Lavoie_\u00a9Lou_Scamble-300x232.jpg 300w, https:\/\/www.ludwig-van.com\/montreal\/wp-content\/uploads\/sites\/3\/2025\/03\/Jean-Michael-Lavoie_\u00a9Lou_Scamble-1024x791.jpg 1024w, https:\/\/www.ludwig-van.com\/montreal\/wp-content\/uploads\/sites\/3\/2025\/03\/Jean-Michael-Lavoie_\u00a9Lou_Scamble-768x593.jpg 768w\" sizes=\"(max-width: 1200px) 100vw, 1200px\" \/><figcaption id=\"caption-attachment-86868\" class=\"wp-caption-text\">Jean-Micha\u00ebl Lavoie (Photo : Lou Scamble)<\/figcaption><\/figure>\n<h3>NEM &#8211; Chapitre 2 \/ Des airs nouveaux<\/h3>\n<p>Sous la direction de <b>Jean-Micha\u00ebl Lavoie<\/b>, le <b>Nouvel Ensemble Moderne<\/b>,en coproduction avec <b>L&rsquo;Atelier lyrique de l\u2019Op\u00e9ra de Montr\u00e9al<\/b>, pr\u00e9sente un programme d\u2019\u0153uvres contemporaines. Vous pourrez y entendre <i>Vision<\/i> de Jos\u00e9 Evangelista, <i>Orpheus on Sapphos\u2019s Shore<\/i> de <b>Luna Pearl Woolf<\/b>, <i>Bouchara<\/i> de Claude Vivier et <i>Cantatrix Sopranica<\/i> de <b>Unsuk Chin<\/b>.<\/p>\n<p>LE 30 MARS, 18 H 30, MAISON SYMPHONIQUE\u00a0 <a href=\"https:\/\/www.placedesarts.com\/evenement\/chapitre-2-des-airs-nouveaux\" target=\"_blank\" rel=\"noopener\">D\u00c9TAILS ET BILLETS<\/a><\/p>\n<h2><em>Inscrivez-vous \u00e0 notre infolettre! La musique classique et l\u2019op\u00e9ra en 5 minutes, chaque jour<\/em> <a href=\"https:\/\/ludwig-van.us9.list-manage.com\/subscribe?u=4f785cb3f9058f2393ccad035&amp;id=b9b160c032\" target=\"_blank\" rel=\"noopener noreferrer\">ICI<\/a><\/h2>\n","protected":false},"excerpt":{"rendered":"<p>M\u00eame si la t\u00e9l\u00e9transportation existait, vous ne pourriez pas assister \u00e0 tous les concerts de la semaine, particuli\u00e8rement dimanche o\u00f9 dix concerts auront lieu en m\u00eame temps. Bien que trois de ces \u00e9v\u00e9nements soient \u00e9galement pr\u00e9sent\u00e9s \u00e0 un autre moment dans la semaine, vous aurez \u00e0 faire des choix &#8211; d\u00e9cisions qui risquent d\u2019\u00eatre d\u00e9chirantes vu la grande diversit\u00e9 de la programmation de la semaine!<\/p>\n","protected":false},"author":55,"featured_media":86879,"comment_status":"open","ping_status":"open","sticky":false,"template":"","format":"standard","meta":{"om_disable_all_campaigns":false,"jetpack_post_was_ever_published":false},"categories":[42299,10994],"tags":[42300,11882],"yst_prominent_words":[9878,9863,20392,20427,26052,9877,33503,26053,19340,18991,18274,18272,19229],"acf":[],"jetpack_featured_media_url":"https:\/\/www.ludwig-van.com\/montreal\/wp-content\/uploads\/sites\/3\/2025\/03\/Copie-de-CONCERTS7.jpg","jetpack_sharing_enabled":true,"jetpack_shortlink":"https:\/\/wp.me\/p9bdYt-mAR","amp_enabled":true,"_links":{"self":[{"href":"https:\/\/www.ludwig-van.com\/montreal\/wp-json\/wp\/v2\/posts\/86853"}],"collection":[{"href":"https:\/\/www.ludwig-van.com\/montreal\/wp-json\/wp\/v2\/posts"}],"about":[{"href":"https:\/\/www.ludwig-van.com\/montreal\/wp-json\/wp\/v2\/types\/post"}],"author":[{"embeddable":true,"href":"https:\/\/www.ludwig-van.com\/montreal\/wp-json\/wp\/v2\/users\/55"}],"replies":[{"embeddable":true,"href":"https:\/\/www.ludwig-van.com\/montreal\/wp-json\/wp\/v2\/comments?post=86853"}],"version-history":[{"count":27,"href":"https:\/\/www.ludwig-van.com\/montreal\/wp-json\/wp\/v2\/posts\/86853\/revisions"}],"predecessor-version":[{"id":86920,"href":"https:\/\/www.ludwig-van.com\/montreal\/wp-json\/wp\/v2\/posts\/86853\/revisions\/86920"}],"wp:featuredmedia":[{"embeddable":true,"href":"https:\/\/www.ludwig-van.com\/montreal\/wp-json\/wp\/v2\/media\/86879"}],"wp:attachment":[{"href":"https:\/\/www.ludwig-van.com\/montreal\/wp-json\/wp\/v2\/media?parent=86853"}],"wp:term":[{"taxonomy":"category","embeddable":true,"href":"https:\/\/www.ludwig-van.com\/montreal\/wp-json\/wp\/v2\/categories?post=86853"},{"taxonomy":"post_tag","embeddable":true,"href":"https:\/\/www.ludwig-van.com\/montreal\/wp-json\/wp\/v2\/tags?post=86853"},{"taxonomy":"yst_prominent_words","embeddable":true,"href":"https:\/\/www.ludwig-van.com\/montreal\/wp-json\/wp\/v2\/yst_prominent_words?post=86853"}],"curies":[{"name":"wp","href":"https:\/\/api.w.org\/{rel}","templated":true}]}}