{"id":86652,"date":"2025-03-10T14:26:37","date_gmt":"2025-03-10T18:26:37","guid":{"rendered":"https:\/\/www.ludwig-van.com\/montreal\/?p=86652"},"modified":"2025-03-11T14:03:22","modified_gmt":"2025-03-11T18:03:22","slug":"choix-de-la-redaction-entre-musique-de-creation-la-semaine-du-neuf-et-films-sur-la-musique-au-fifa","status":"publish","type":"post","link":"https:\/\/www.ludwig-van.com\/montreal\/2025\/03\/10\/choix-de-la-redaction-entre-musique-de-creation-la-semaine-du-neuf-et-films-sur-la-musique-au-fifa\/","title":{"rendered":"CHOIX DE LA R\u00c9DACTION | Entre musique de cr\u00e9ation \u00e0 la Semaine du Neuf et films sur la musique au FIFA"},"content":{"rendered":"<p><img decoding=\"async\" loading=\"lazy\" class=\"aligncenter size-full wp-image-86677\" src=\"https:\/\/www.ludwig-van.com\/montreal\/wp-content\/uploads\/sites\/3\/2025\/03\/Copie-de-CONCERTS3.jpg\" alt=\"\" width=\"1200\" height=\"628\" srcset=\"https:\/\/www.ludwig-van.com\/montreal\/wp-content\/uploads\/sites\/3\/2025\/03\/Copie-de-CONCERTS3.jpg 1200w, https:\/\/www.ludwig-van.com\/montreal\/wp-content\/uploads\/sites\/3\/2025\/03\/Copie-de-CONCERTS3-300x157.jpg 300w, https:\/\/www.ludwig-van.com\/montreal\/wp-content\/uploads\/sites\/3\/2025\/03\/Copie-de-CONCERTS3-1024x536.jpg 1024w, https:\/\/www.ludwig-van.com\/montreal\/wp-content\/uploads\/sites\/3\/2025\/03\/Copie-de-CONCERTS3-768x402.jpg 768w\" sizes=\"(max-width: 1200px) 100vw, 1200px\" \/><\/p>\n<p>C\u2019est une semaine charg\u00e9e de concerts o\u00f9 jeunesse et exp\u00e9rience se c\u00f4toient, dialoguent et \u00e9changent sur le pass\u00e9, le pr\u00e9sent et l\u2019avenir. (Re)D\u00e9couvrez de jeunes artistes faisant leur marque \u00e0 l\u2019international, misez sur la maturit\u00e9 de musicien\u00b7ne\u00b7s de renom, lancez-vous dans l\u2019aventure de la musique de cr\u00e9ation, plongez dans un sujet musical \u00e0 travers la lentille de la cam\u00e9ra ou vivez l&rsquo;\u00e9motion d&rsquo;\u0153uvres du canon \u00e9tabli. Cette semaine, tout est possible!<\/p>\n<h3><\/h3>\n<figure id=\"attachment_71669\" aria-describedby=\"caption-attachment-71669\" style=\"width: 1200px\" class=\"wp-caption aligncenter\"><img decoding=\"async\" loading=\"lazy\" class=\"size-full wp-image-71669\" src=\"https:\/\/www.ludwig-van.com\/montreal\/wp-content\/uploads\/sites\/3\/2022\/07\/Pierre-Laurent-Aimard-cr\u00ae-Julia-Wesely.jpg\" alt=\"Pierre-Laurent Aimard, pianiste. (Photo : Julie Wesel)\" width=\"1200\" height=\"800\" \/><figcaption id=\"caption-attachment-71669\" class=\"wp-caption-text\">Pierre-Laurent Aimard, pianiste. (Photo : Julie Wesel)<\/figcaption><\/figure>\n<h3>\u00c0 Qu\u00e9bec : Pierre-Laurent Aimard, piano<\/h3>\n<p>Le Club musical de Qu\u00e9bec pr\u00e9sente <b>Pierre-Laurent Aimard<\/b>, pianiste fran\u00e7ais surtout connu pour ses interpr\u00e9tations du r\u00e9pertoire contemporain. Il met \u00e9galement ses talents au service des \u0153uvres de compositeurs de si\u00e8cles pr\u00e9c\u00e9dents qu\u2019il fait dialoguer avec celles du pr\u00e9sent, nous permettant ainsi d\u2019en d\u00e9couvrir toutes les subtilit\u00e9s. Un pr\u00e9lude-conf\u00e9rence est offert \u00e0 18h45 dans la salle m\u00eame.<\/p>\n<p>Pierre-Laurent Aimard se produira \u00e9galement \u00e0 Montr\u00e9al en compagnie de l&rsquo;OSM les 12 et 13 mars (voir plus bas).<\/p>\n<p>LE 10 MARS, 19 H 30, PALAIS MONTCALM\u00a0 <a href=\"https:\/\/www.clubmusicaldequebec.com\/cmq\/index.php\/programmation\/saison-2024-2025\/aimard\" target=\"_blank\" rel=\"noopener\">D\u00c9TAILS ET BILLETS<\/a><\/p>\n<p>&nbsp;<\/p>\n<h3><img decoding=\"async\" loading=\"lazy\" class=\"aligncenter size-full wp-image-86653\" src=\"https:\/\/www.ludwig-van.com\/montreal\/wp-content\/uploads\/sites\/3\/2025\/03\/Voxpopuli-TEREZIN-musique-du-ghetto.png\" alt=\"\" width=\"1200\" height=\"1200\" srcset=\"https:\/\/www.ludwig-van.com\/montreal\/wp-content\/uploads\/sites\/3\/2025\/03\/Voxpopuli-TEREZIN-musique-du-ghetto.png 1200w, https:\/\/www.ludwig-van.com\/montreal\/wp-content\/uploads\/sites\/3\/2025\/03\/Voxpopuli-TEREZIN-musique-du-ghetto-300x300.png 300w, https:\/\/www.ludwig-van.com\/montreal\/wp-content\/uploads\/sites\/3\/2025\/03\/Voxpopuli-TEREZIN-musique-du-ghetto-1024x1024.png 1024w, https:\/\/www.ludwig-van.com\/montreal\/wp-content\/uploads\/sites\/3\/2025\/03\/Voxpopuli-TEREZIN-musique-du-ghetto-150x150.png 150w, https:\/\/www.ludwig-van.com\/montreal\/wp-content\/uploads\/sites\/3\/2025\/03\/Voxpopuli-TEREZIN-musique-du-ghetto-768x768.png 768w\" sizes=\"(max-width: 1200px) 100vw, 1200px\" \/><\/h3>\n<h3>Quatuor Voxpopuli &#8211; Musique du ghetto de Prague<\/h3>\n<p>Le <b>Quatuor Voxpopuli<\/b> et le <b>Gars qui parle<\/b> (<b>Patrick Mathieu<\/b>) vous invitent \u00e0 cette s\u00e9rie de trois concerts nomm\u00e9e <em>Terezin<\/em>. Ils y interpr\u00e9teront des \u0153uvres \u00e9crites par des compositeurs juifs intern\u00e9s par les Nazis dans le camp mod\u00e8le de Teresienstadt, dit Terezin, o\u00f9 ils ont cr\u00e9\u00e9 pour oublier la faim, pour ne pas oublier qu\u2019ils \u00e9taient humains. Le premier concert de cette s\u00e9rie s\u2019intitule <em>Prague &#8211; Josefov Ghetto<\/em>, nom du quartier qui constituait le ghetto juif de la ville.<\/p>\n<p>LE 11 MARS, 19 H, SALLE MARIE-ST\u00c9PHANE DE VINCENT-D\u2019INDY\u00a0 <a href=\"https:\/\/concertsvoxpopuli.tuxedobillet.com\/main\/serie-terezin\" target=\"_blank\" rel=\"noopener\">D\u00c9TAILS ET BILLETS<\/a><\/p>\n<p>&nbsp;<\/p>\n<figure id=\"attachment_86659\" aria-describedby=\"caption-attachment-86659\" style=\"width: 1200px\" class=\"wp-caption aligncenter\"><img decoding=\"async\" loading=\"lazy\" class=\"size-full wp-image-86659\" src=\"https:\/\/www.ludwig-van.com\/montreal\/wp-content\/uploads\/sites\/3\/2025\/03\/Cyrille-Angers.jpg\" alt=\"Cyrille Angers (Photo : courtoisie Soci\u00e9t\u00e9 Pro musica)\" width=\"1200\" height=\"992\" srcset=\"https:\/\/www.ludwig-van.com\/montreal\/wp-content\/uploads\/sites\/3\/2025\/03\/Cyrille-Angers.jpg 1200w, https:\/\/www.ludwig-van.com\/montreal\/wp-content\/uploads\/sites\/3\/2025\/03\/Cyrille-Angers-300x248.jpg 300w, https:\/\/www.ludwig-van.com\/montreal\/wp-content\/uploads\/sites\/3\/2025\/03\/Cyrille-Angers-1024x847.jpg 1024w, https:\/\/www.ludwig-van.com\/montreal\/wp-content\/uploads\/sites\/3\/2025\/03\/Cyrille-Angers-768x635.jpg 768w\" sizes=\"(max-width: 1200px) 100vw, 1200px\" \/><figcaption id=\"caption-attachment-86659\" class=\"wp-caption-text\">Cyrille Angers (Photo : courtoisie Soci\u00e9t\u00e9 Pro musica)<\/figcaption><\/figure>\n<h3>M\u00e9lod\u00eenes : Cyrille Angers, fl\u00fbte, et Bruce Gaulin, piano<\/h3>\n<p>Le fl\u00fbtiste <b>Cyrille Angers<\/b> et le pianiste <b>Bruce Gaulin<\/b>, tous deux dipl\u00f4m\u00e9s du Conservatoire de musique de Qu\u00e9bec, interpr\u00e9teront un r\u00e9pertoire tr\u00e8s diversifi\u00e9 lors de ce deuxi\u00e8me concert de la saison de M\u00e9lod\u00eenes pr\u00e9sent\u00e9e par Pro Musica. Ces deux jeunes artistes ayant gagn\u00e9 de nombreux prix vous feront d\u00e9couvrir un r\u00e9pertoire tr\u00e8s rarement jou\u00e9 en concert. Vous pourrez y entendre des pi\u00e8ces d\u2019Andr\u00e9 Mathieu, de Lili Boulanger, de George Enescu, de Franz Liszt, de Heikki Theodor Suolahti et de Camille Saint-Sa\u00ebns.<\/p>\n<p>LE 12 MARS, 12 H 10, SALLE CLAUDE-L\u00c9VEILL\u00c9E\u00a0 <a href=\"https:\/\/promusica.qc.ca\/artistes\/duo-cyrille-angers-bruce-gaulin\/\" target=\"_blank\" rel=\"noopener\">D\u00c9TAILS ET BILLETS<\/a><\/p>\n<p>&nbsp;<\/p>\n<p><img decoding=\"async\" loading=\"lazy\" class=\"aligncenter size-full wp-image-86660\" src=\"https:\/\/www.ludwig-van.com\/montreal\/wp-content\/uploads\/sites\/3\/2025\/03\/SMAM_larmesparadis_FR.jpg\" alt=\"\" width=\"1200\" height=\"1343\" srcset=\"https:\/\/www.ludwig-van.com\/montreal\/wp-content\/uploads\/sites\/3\/2025\/03\/SMAM_larmesparadis_FR.jpg 1200w, https:\/\/www.ludwig-van.com\/montreal\/wp-content\/uploads\/sites\/3\/2025\/03\/SMAM_larmesparadis_FR-268x300.jpg 268w, https:\/\/www.ludwig-van.com\/montreal\/wp-content\/uploads\/sites\/3\/2025\/03\/SMAM_larmesparadis_FR-915x1024.jpg 915w, https:\/\/www.ludwig-van.com\/montreal\/wp-content\/uploads\/sites\/3\/2025\/03\/SMAM_larmesparadis_FR-768x860.jpg 768w\" sizes=\"(max-width: 1200px) 100vw, 1200px\" \/><\/p>\n<h3>SMAM &#8211; <i>Des larmes au paradis<\/i><\/h3>\n<p>Le <b>Studio de musique ancienne de Montr\u00e9al <\/b>vous invite \u00e0 d\u00e9couvrir le lirone, instrument rare s\u2019apparentant \u00e0 la basse de viole. Muni de nombreuses cordes, le lirone peut produire les accords n\u00e9cessaires \u00e0 la basse continue. Il apportera sa sonorit\u00e9 particuli\u00e8re aux \u0153uvres au programme.<\/p>\n<p>LE 12 MARS, 19 H 30, CHAPELLE NOTRE-DAME-DE-BON-SECOURS\u00a0 <a href=\"https:\/\/smamontreal.ca\/des-larmes-au-paradis\/\" target=\"_blank\" rel=\"noopener\">D\u00c9TAILS ET BILLETS<\/a><\/p>\n<p>&nbsp;<\/p>\n<figure id=\"attachment_74034\" aria-describedby=\"caption-attachment-74034\" style=\"width: 942px\" class=\"wp-caption aligncenter\"><img decoding=\"async\" loading=\"lazy\" class=\"size-full wp-image-74034\" src=\"https:\/\/www.ludwig-van.com\/montreal\/wp-content\/uploads\/sites\/3\/2022\/11\/Tianyi-Lu.jpg\" alt=\"\" width=\"942\" height=\"534\" \/><figcaption id=\"caption-attachment-74034\" class=\"wp-caption-text\">Tianyi Lu<\/figcaption><\/figure>\n<h3>OSM &#8211; La poignante <i>Symphonie no 5<\/i> de Tcha\u00efkovski<\/h3>\n<p>Apr\u00e8s le succ\u00e8s remport\u00e9 en 2023, la cheffe d\u2019orchestre <b>Tianyi Lu<\/b> retrouve l\u2019<b>Orchestre symphonique de Montr\u00e9al<\/b>. En compagnie du pianiste fran\u00e7ais <b>Pierre-Laurent Aimard<\/b>, l\u2019Orchestre vous interpr\u00e9tera le <i>Concerto no 3 en mi majeur<\/i> de Bart\u00f3k <i>Nocturne<\/i> de Samy Moussa et la bien connue <i>Symphonie no 5 en mi mineur<\/i>, op. 64 de Tcha\u00efkovsky.<\/p>\n<p>LES 12 ET 13 MARS, 19 H 30, MAISON SYMPHONIQUE\u00a0<a href=\"https:\/\/www.osm.ca\/fr\/concert\/la-poignante-symphonie-no-5-de-tchaikovski\/\" target=\"_blank\" rel=\"noopener\"> D\u00c9TAILS ET BILLETS<\/a><\/p>\n<p>&nbsp;<\/p>\n<p><img decoding=\"async\" loading=\"lazy\" class=\"aligncenter size-full wp-image-86661\" src=\"https:\/\/www.ludwig-van.com\/montreal\/wp-content\/uploads\/sites\/3\/2025\/03\/JMC_Tommy-Dupuis.png\" alt=\"\" width=\"1200\" height=\"880\" srcset=\"https:\/\/www.ludwig-van.com\/montreal\/wp-content\/uploads\/sites\/3\/2025\/03\/JMC_Tommy-Dupuis.png 1200w, https:\/\/www.ludwig-van.com\/montreal\/wp-content\/uploads\/sites\/3\/2025\/03\/JMC_Tommy-Dupuis-300x220.png 300w, https:\/\/www.ludwig-van.com\/montreal\/wp-content\/uploads\/sites\/3\/2025\/03\/JMC_Tommy-Dupuis-1024x751.png 1024w, https:\/\/www.ludwig-van.com\/montreal\/wp-content\/uploads\/sites\/3\/2025\/03\/JMC_Tommy-Dupuis-768x563.png 768w\" sizes=\"(max-width: 1200px) 100vw, 1200px\" \/><\/p>\n<h3>Jeunesse musicales Canada &#8211; <i>La guitare aux milles sonorit\u00e9s : de Bach \u00e0 aujourd\u2019hui<\/i><\/h3>\n<p>Les Jeunesse musicales Canada vous invite \u00e0 d\u00e9couvrir <b>Tommy Dupuis<\/b> \u00e0 la guitare. Ce natif de la Mont\u00e9r\u00e9gie, Coup de c\u0153ur du Concours de musique du Canada en 2020 seulement trois ans apr\u00e8s ses d\u00e9buts en guitare classique, est pr\u00e9sentement boursier \u00e0 la Ma\u00eetrise au Peabody Institute de la r\u00e9put\u00e9e John Hopkins University. Cet artiste reconnu pour son expressivit\u00e9 hors du commun interpr\u00e9tera pour l\u2019occasion du Bach et du Brouwer.<\/p>\n<p>LE 13 MARS, 19 H, SALLE JOSEPH-ROULEAU\u00a0 <a href=\"https:\/\/www.jmcanada.ca\/fr\/concerts\/la-guitare-aux-mille-sonorites-de-bach-a-aujourdhui\/\" target=\"_blank\" rel=\"noopener\">D\u00c9TAILS ET BILLETS<\/a><\/p>\n<p><img decoding=\"async\" loading=\"lazy\" class=\"aligncenter size-full wp-image-86656\" src=\"https:\/\/www.ludwig-van.com\/montreal\/wp-content\/uploads\/sites\/3\/2025\/03\/unnamed.png\" alt=\"\" width=\"960\" height=\"1200\" srcset=\"https:\/\/www.ludwig-van.com\/montreal\/wp-content\/uploads\/sites\/3\/2025\/03\/unnamed.png 960w, https:\/\/www.ludwig-van.com\/montreal\/wp-content\/uploads\/sites\/3\/2025\/03\/unnamed-240x300.png 240w, https:\/\/www.ludwig-van.com\/montreal\/wp-content\/uploads\/sites\/3\/2025\/03\/unnamed-819x1024.png 819w, https:\/\/www.ludwig-van.com\/montreal\/wp-content\/uploads\/sites\/3\/2025\/03\/unnamed-768x960.png 768w\" sizes=\"(max-width: 960px) 100vw, 960px\" \/><\/p>\n<h3>Concours Penta\u00e8dre-Youkali &#8211; finalistes<\/h3>\n<p>Cr\u00e9\u00e9 en 2012, le Concours Penta\u00e8dre-Youkali a pour but d\u2019encourager les instrumentistes \u00e0 vent et de valoriser leur r\u00e9pertoire. Le concours de cette ann\u00e9e met de l\u2019avant le compositeur fran\u00e7ais Camille Saint-Sa\u00ebns, un incontournable pour tout instrumentiste \u00e0 vent. Vous pourrez y entendre <b>Mathilde Lepage<\/b>, cor (13h45), <b>Guillaume d\u2019Aragon<\/b>, cor (14h15), <b>Gabriel Chartrand<\/b>, clarinette (14h45), <b>Gustavo C\u00e9sar Yuscas<\/b>, clarinette (15h15), <b>Haolin Liu<\/b>, basson (16h), <b>Zuxuan Liu<\/b>, hautbois (16h30), <b>Anne-Sophie Ernst-Tabaka<\/b>, fl\u00fbte (17h) et <b>Mariana<\/b> <b>Segura Valencia<\/b>, fl\u00fbte (17h30).<\/p>\n<p>LE 14 MARS, 13 H 30, SALLE DE CONCERT DES JEUNESSES MUSICALES CANADA\u00a0 ENTR\u00c9E LIBRE<\/p>\n<p>&nbsp;<\/p>\n<figure id=\"attachment_80475\" aria-describedby=\"caption-attachment-80475\" style=\"width: 1200px\" class=\"wp-caption aligncenter\"><img decoding=\"async\" loading=\"lazy\" class=\"size-full wp-image-80475\" src=\"https:\/\/www.ludwig-van.com\/montreal\/wp-content\/uploads\/sites\/3\/2024\/03\/Harmonium-symphonique-le-film.png\" alt=\"Histoires sans paroles - Harmonium symphonique : le film\" width=\"1200\" height=\"658\" srcset=\"https:\/\/www.ludwig-van.com\/montreal\/wp-content\/uploads\/sites\/3\/2024\/03\/Harmonium-symphonique-le-film.png 1200w, https:\/\/www.ludwig-van.com\/montreal\/wp-content\/uploads\/sites\/3\/2024\/03\/Harmonium-symphonique-le-film-300x165.png 300w, https:\/\/www.ludwig-van.com\/montreal\/wp-content\/uploads\/sites\/3\/2024\/03\/Harmonium-symphonique-le-film-1024x561.png 1024w, https:\/\/www.ludwig-van.com\/montreal\/wp-content\/uploads\/sites\/3\/2024\/03\/Harmonium-symphonique-le-film-768x421.png 768w\" sizes=\"(max-width: 1200px) 100vw, 1200px\" \/><figcaption id=\"caption-attachment-80475\" class=\"wp-caption-text\">Histoires sans paroles &#8211; Harmonium symphonique : le film<\/figcaption><\/figure>\n<h3>\u00c0 Qu\u00e9bec : Harmonium symphonique &#8211; le film<\/h3>\n<p>Les nostalgiques seront ravi\u00b7e\u00b7s d\u2019apprendre que la captation du concert <i>Histoires sans paroles &#8211; Harmonium symphonique<\/i> offert \u00e0 la Place des Arts par l\u2019Orchestre symphonique de Montr\u00e9al et ses invit\u00e9\u00b7e\u00b7s en 2022 sera pr\u00e9sent\u00e9e au Grand Th\u00e9\u00e2tre de Qu\u00e9bec ce vendredi. Vivez ou revivez ce grand concert dans l\u2019univers du groupe mythique Harmonium.<\/p>\n<p>LE 14 MARS, 20 H, GRAND TH\u00c9\u00c2TRE DE QU\u00c9BEC\u00a0 <a href=\"https:\/\/grandtheatre.qc.ca\/programmation\/harmonium-symphonique-film\/\" target=\"_blank\" rel=\"noopener\">D\u00c9TAILS ET BILLETS<\/a><\/p>\n<p><img decoding=\"async\" loading=\"lazy\" class=\"aligncenter size-full wp-image-86655\" src=\"https:\/\/www.ludwig-van.com\/montreal\/wp-content\/uploads\/sites\/3\/2025\/03\/OSJM-Musica-esplorativa_screenshot.png\" alt=\"\" width=\"1200\" height=\"657\" srcset=\"https:\/\/www.ludwig-van.com\/montreal\/wp-content\/uploads\/sites\/3\/2025\/03\/OSJM-Musica-esplorativa_screenshot.png 1200w, https:\/\/www.ludwig-van.com\/montreal\/wp-content\/uploads\/sites\/3\/2025\/03\/OSJM-Musica-esplorativa_screenshot-300x164.png 300w, https:\/\/www.ludwig-van.com\/montreal\/wp-content\/uploads\/sites\/3\/2025\/03\/OSJM-Musica-esplorativa_screenshot-1024x561.png 1024w, https:\/\/www.ludwig-van.com\/montreal\/wp-content\/uploads\/sites\/3\/2025\/03\/OSJM-Musica-esplorativa_screenshot-768x420.png 768w\" sizes=\"(max-width: 1200px) 100vw, 1200px\" \/><\/p>\n<h3>OSJM &#8211; <i>Musica esplorativa<\/i><\/h3>\n<p>L\u2019<b>Orchestre symphonique des jeunes de Montr\u00e9al<\/b> vous invite \u00e0 la Salle Claude-Champagne pour y entendre des \u0153uvres choisies comme des invitations \u00e0 l\u2019exploration. Au programme, <i>Hymne de<\/i> <i>l\u2019Ordre National du Qu\u00e9bec<\/i> de Steve Barakatt, le <i>Concerto pour violon no 1<\/i> de Shostakovitch avec <b>Dabin Zoey Yang<\/b>, laur\u00e9ate du Prix d\u2019Europe 2024, et <i>Les plan\u00e8tes<\/i> de Gustav Holst.<\/p>\n<p>LE 15 MARS, 19 H 30, SALLE CLAUDE-CHAMPAGNE\u00a0 <a href=\"https:\/\/osjm.tuxedobillet.com\/main\/musica-esplorativa\" target=\"_blank\" rel=\"noopener\">D\u00c9TAILS ET BILLETS<\/a><\/p>\n<p>&nbsp;<\/p>\n<h3><img decoding=\"async\" loading=\"lazy\" class=\"aligncenter size-full wp-image-86657\" src=\"https:\/\/www.ludwig-van.com\/montreal\/wp-content\/uploads\/sites\/3\/2025\/03\/Orchestre-Fidelio.png\" alt=\"\" width=\"1200\" height=\"738\" srcset=\"https:\/\/www.ludwig-van.com\/montreal\/wp-content\/uploads\/sites\/3\/2025\/03\/Orchestre-Fidelio.png 1200w, https:\/\/www.ludwig-van.com\/montreal\/wp-content\/uploads\/sites\/3\/2025\/03\/Orchestre-Fidelio-300x185.png 300w, https:\/\/www.ludwig-van.com\/montreal\/wp-content\/uploads\/sites\/3\/2025\/03\/Orchestre-Fidelio-1024x630.png 1024w, https:\/\/www.ludwig-van.com\/montreal\/wp-content\/uploads\/sites\/3\/2025\/03\/Orchestre-Fidelio-768x472.png 768w\" sizes=\"(max-width: 1200px) 100vw, 1200px\" \/><\/h3>\n<h3>Orchestre Fidelio &#8211; Bach, Beethoven, Chostakovitch<\/h3>\n<p>L\u2019ensemble montr\u00e9alais <b>Orchestre Fidelio<\/b>, qui tire son nom de l\u2019op\u00e9ra de Beethoven, s\u2019engage \u00e0 \u00e9clairer et inspirer sa communaut\u00e9. Avec <b>Claire Leslie-Turnbull<\/b> \u00e0 la fl\u00fbte et <b>Devon Parker<\/b> au clavecin, l\u2019Orchestre interpr\u00e9tera des \u0153uvres mettant en valeur la richesse et la profondeur des trois grands compositeurs que sont Bach, Beethoven et Chostakovitch.<\/p>\n<p>LE 15 MARS, 19 H 30, CHAPELLE NOTRE-DAME-DE-BON-SECOURS\u00a0<a href=\"https:\/\/lepointdevente.com\/tickets\/orchestrefidelio?lang=fr\" target=\"_blank\" rel=\"noopener\"> D\u00c9TAILS ET BILLETS<\/a><\/p>\n<p>&nbsp;<\/p>\n<h3><img decoding=\"async\" loading=\"lazy\" class=\"aligncenter size-full wp-image-86658\" src=\"https:\/\/www.ludwig-van.com\/montreal\/wp-content\/uploads\/sites\/3\/2025\/03\/Pentaedre_Paris.png\" alt=\"\" width=\"1200\" height=\"814\" srcset=\"https:\/\/www.ludwig-van.com\/montreal\/wp-content\/uploads\/sites\/3\/2025\/03\/Pentaedre_Paris.png 1200w, https:\/\/www.ludwig-van.com\/montreal\/wp-content\/uploads\/sites\/3\/2025\/03\/Pentaedre_Paris-300x204.png 300w, https:\/\/www.ludwig-van.com\/montreal\/wp-content\/uploads\/sites\/3\/2025\/03\/Pentaedre_Paris-1024x695.png 1024w, https:\/\/www.ludwig-van.com\/montreal\/wp-content\/uploads\/sites\/3\/2025\/03\/Pentaedre_Paris-768x521.png 768w\" sizes=\"(max-width: 1200px) 100vw, 1200px\" \/><\/h3>\n<h3>Penta\u00e8dre &#8211; <i>Sous le charme de Paris<\/i><\/h3>\n<p>L\u2019ensemble <strong>Penta\u00e8dre<\/strong> rend hommage \u00e0 la tradition des pi\u00e8ces de concours de paris de 1925 en compagnie de la pianiste <strong>Sandra Murray<\/strong>. C\u2019est lors de cette soir\u00e9e que seront d\u00e9voil\u00e9s les r\u00e9sultats de la 6e \u00e9dition du Concours Penta\u00e8dre-Youkali ayant eu lieu la veille (voir ci-haut). Vous pourrez \u00e9galement y entendre la grande laur\u00e9ate de l\u2019\u00e9dition 2023, <strong>Flavie<\/strong> <strong>Lacoste<\/strong>, hautbois.<\/p>\n<p>LE 15 MARS, 19 H 30, CONSERVATOIRE DE MUSIQUE\u00a0 <a href=\"https:\/\/pentaedre.tuxedobillet.com\/main\/sous-le-charme-de-paris\" target=\"_blank\" rel=\"noopener\">D\u00c9TAILS ET BILLETS<\/a><\/p>\n<p>&nbsp;<\/p>\n<figure id=\"attachment_86665\" aria-describedby=\"caption-attachment-86665\" style=\"width: 1200px\" class=\"wp-caption aligncenter\"><img decoding=\"async\" loading=\"lazy\" class=\"size-full wp-image-86665\" src=\"https:\/\/www.ludwig-van.com\/montreal\/wp-content\/uploads\/sites\/3\/2025\/03\/Alexis-Basque_OSTR.png\" alt=\"Alexis Basque, trompettiste de l'OSTR (Photo : courtoisie OSTR)\" width=\"1200\" height=\"707\" srcset=\"https:\/\/www.ludwig-van.com\/montreal\/wp-content\/uploads\/sites\/3\/2025\/03\/Alexis-Basque_OSTR.png 1200w, https:\/\/www.ludwig-van.com\/montreal\/wp-content\/uploads\/sites\/3\/2025\/03\/Alexis-Basque_OSTR-300x177.png 300w, https:\/\/www.ludwig-van.com\/montreal\/wp-content\/uploads\/sites\/3\/2025\/03\/Alexis-Basque_OSTR-1024x603.png 1024w, https:\/\/www.ludwig-van.com\/montreal\/wp-content\/uploads\/sites\/3\/2025\/03\/Alexis-Basque_OSTR-768x452.png 768w\" sizes=\"(max-width: 1200px) 100vw, 1200px\" \/><figcaption id=\"caption-attachment-86665\" class=\"wp-caption-text\">Alexis Basque, trompettiste de l&rsquo;OSTR (Photo : courtoisie OSTR)<\/figcaption><\/figure>\n<h3>\u00c0 Trois-Rivi\u00e8res : Matin\u00e9es en musique &#8211; Les cuivres de l\u2019OSTR<\/h3>\n<p>Les cuivres de l\u2019<b>Orchestre symphonique de Trois-Rivi\u00e8res<\/b> vous donnent rendez-vous lors de cette matin\u00e9e au cours de laquelle vous serez invit\u00e9\u00b7e\u00b7s \u00e0 d\u00e9couvrir la symbolique et l\u2019histoire des instruments du quintette de cuivres, ainsi qu\u2019\u00e0 parcourir la plan\u00e8te au rythme des \u0153uvres au programme.<\/p>\n<p>LE 16 MARS, 11 H, MUS\u00c9E DES URSULINES\u00a0 <a href=\"https:\/\/ostr.ca\/programmation\/matinees-en-musique\/les-cuivres-de-lostr\/\" target=\"_blank\" rel=\"noopener\">D\u00c9TAILS ET BILLETS<\/a><\/p>\n<p>&nbsp;<\/p>\n<p><img decoding=\"async\" loading=\"lazy\" class=\"aligncenter size-full wp-image-86663\" src=\"https:\/\/www.ludwig-van.com\/montreal\/wp-content\/uploads\/sites\/3\/2025\/03\/Musiienne-2025.png\" alt=\"\" width=\"1200\" height=\"901\" srcset=\"https:\/\/www.ludwig-van.com\/montreal\/wp-content\/uploads\/sites\/3\/2025\/03\/Musiienne-2025.png 1200w, https:\/\/www.ludwig-van.com\/montreal\/wp-content\/uploads\/sites\/3\/2025\/03\/Musiienne-2025-300x225.png 300w, https:\/\/www.ludwig-van.com\/montreal\/wp-content\/uploads\/sites\/3\/2025\/03\/Musiienne-2025-1024x769.png 1024w, https:\/\/www.ludwig-van.com\/montreal\/wp-content\/uploads\/sites\/3\/2025\/03\/Musiienne-2025-768x577.png 768w\" sizes=\"(max-width: 1200px) 100vw, 1200px\" \/><\/p>\n<h3>Musi\ud834\udd1eienne &#8211; Alexandre Richard Strauss-Fausto<\/h3>\n<p>Pour ce deuxi\u00e8me concert de la deuxi\u00e8me s\u00e9rie Musi\ud834\udd1eienne mettant en valeur l\u2019orgue classique italien, op. 129 de Karl Wilhelm de l\u2019\u00e9glise Sainte-Catherine-de-Sienne, l\u2019\u00e9v\u00e9nement re\u00e7oit le jeune organiste canadien <b>Alexandre Richard Strauss-Fausto<\/b>, aussi connu sous le nom d\u2019Alex Strauss-Fausto. Le concert sera pr\u00e9c\u00e9d\u00e9 par un entretien spirituel de 30 minutes centr\u00e9 sur le Jubil\u00e9e 2025. L\u2019entr\u00e9e est \u00e0 contribution volontaire. Pour plus d\u2019informations, on vous invite \u00e0 contacter la paroisse au <a href=\"mailto:paroissestecatherinedesienne@gmail.com\">paroissestecatherinedesienne@gmail.com<\/a>.<\/p>\n<p>LE 16 MARS, 14 H 30, \u00c9GLISE STE-CATHERINE-DE-SIENNE\u00a0 CONTRIBUTION VOLONTAIRE<\/p>\n<p>&nbsp;<\/p>\n<figure id=\"attachment_86666\" aria-describedby=\"caption-attachment-86666\" style=\"width: 1200px\" class=\"wp-caption aligncenter\"><img decoding=\"async\" loading=\"lazy\" class=\"size-full wp-image-86666\" src=\"https:\/\/www.ludwig-van.com\/montreal\/wp-content\/uploads\/sites\/3\/2025\/03\/Diana-Tishchenko_Daniel-Senzek.jpg\" alt=\"Diana Tishchenko (Photo : Daniel Senzek)\" width=\"1200\" height=\"961\" srcset=\"https:\/\/www.ludwig-van.com\/montreal\/wp-content\/uploads\/sites\/3\/2025\/03\/Diana-Tishchenko_Daniel-Senzek.jpg 1200w, https:\/\/www.ludwig-van.com\/montreal\/wp-content\/uploads\/sites\/3\/2025\/03\/Diana-Tishchenko_Daniel-Senzek-300x240.jpg 300w, https:\/\/www.ludwig-van.com\/montreal\/wp-content\/uploads\/sites\/3\/2025\/03\/Diana-Tishchenko_Daniel-Senzek-1024x820.jpg 1024w, https:\/\/www.ludwig-van.com\/montreal\/wp-content\/uploads\/sites\/3\/2025\/03\/Diana-Tishchenko_Daniel-Senzek-768x615.jpg 768w\" sizes=\"(max-width: 1200px) 100vw, 1200px\" \/><figcaption id=\"caption-attachment-86666\" class=\"wp-caption-text\">Diana Tishchenko (Photo : Daniel Senzek)<\/figcaption><\/figure>\n<h3>\u00c0 Qu\u00e9bec : OSQ &#8211; Cinqui\u00e8me de Tcha\u00efkovsky<\/h3>\n<p>L\u2019<b>Orchestre symphonique de Qu\u00e9bec<\/b> re\u00e7oit la violoniste ukrainienne <b>Diana Tishchenko<\/b> qui interpr\u00e9tera, en compagnie de l\u2019Orchestre, le <i>Concerto pour violon no 3<\/i> de Saint-Sa\u00ebns. En ouverture, ce sera la <i>Petite suite<\/i> de Debussy qui vous sera pr\u00e9sent\u00e9e, alors que le concert se concluera avec la <i>Symphonie no 5<\/i> de Tcha\u00efkovsky. L\u2019invit\u00e9e carte blanche de cette soir\u00e9e est nulle autre que <strong>Kim Th\u00fay<\/strong> qui vous fera d\u00e9couvrir les musiques qui ont accompagn\u00e9 son parcours, de son Vietnam natal aux librairies du monde entier. \u00c0 noter que l\u2019Atelier des jeunes m\u00e9lomanes (5 \u00e0 12 ans) est offert gratuitement lors de ce concert.<\/p>\n<p>LE 16 MARS, 14 H 30, GRAND TH\u00c9\u00c2TRE DE QU\u00c9BEC\u00a0 <a href=\"https:\/\/www.osq.org\/concerts\/la-cinquieme-de-tchaikovski\/\" target=\"_blank\" rel=\"noopener\">D\u00c9TAILS ET BILLETS<\/a><\/p>\n<p>&nbsp;<\/p>\n<figure id=\"attachment_83211\" aria-describedby=\"caption-attachment-83211\" style=\"width: 2048px\" class=\"wp-caption aligncenter\"><img decoding=\"async\" loading=\"lazy\" class=\"size-full wp-image-83211\" src=\"https:\/\/www.ludwig-van.com\/montreal\/wp-content\/uploads\/sites\/3\/2017\/12\/faure_quartett_05_Tim-Kloeks.jpg\" alt=\"Quatuor Faur\u00e9 (Photo : Tim Kloecker)\" width=\"2048\" height=\"1361\" srcset=\"https:\/\/www.ludwig-van.com\/montreal\/wp-content\/uploads\/sites\/3\/2017\/12\/faure_quartett_05_Tim-Kloeks.jpg 2048w, https:\/\/www.ludwig-van.com\/montreal\/wp-content\/uploads\/sites\/3\/2017\/12\/faure_quartett_05_Tim-Kloeks-300x199.jpg 300w, https:\/\/www.ludwig-van.com\/montreal\/wp-content\/uploads\/sites\/3\/2017\/12\/faure_quartett_05_Tim-Kloeks-1024x681.jpg 1024w, https:\/\/www.ludwig-van.com\/montreal\/wp-content\/uploads\/sites\/3\/2017\/12\/faure_quartett_05_Tim-Kloeks-768x510.jpg 768w, https:\/\/www.ludwig-van.com\/montreal\/wp-content\/uploads\/sites\/3\/2017\/12\/faure_quartett_05_Tim-Kloeks-1536x1021.jpg 1536w\" sizes=\"(max-width: 2048px) 100vw, 2048px\" \/><figcaption id=\"caption-attachment-83211\" class=\"wp-caption-text\">Quatuor Faur\u00e9 (Photo : Tim Kloecker)<\/figcaption><\/figure>\n<h3>LMMC &#8211; Faur\u00e9 Quartett<\/h3>\n<p>Le Ladies\u2019 Musical Morning Club pr\u00e9sente le <strong>Faur\u00e9 Quartett<\/strong>, ensemble allemand fond\u00e9 en 1995 durant le 150e anniversaire de Gabriel Faur\u00e9. Le quatuor s\u2019illustre \u00e0 l\u2019international par ses propositions musicales audacieuses, comme par exemple des collaborations avec le chanteur, musicien et compositeur montr\u00e9alais <strong>Rufus Wainwright<\/strong>. Pour ce concert montr\u00e9alais, ils vous interpr\u00e9teront des \u0153uvres de Bonis, Brahms et Dvo\u0159\u00e1k.<\/p>\n<p>LE 16 MARS, 15 H 30, SALLE OSCAR-PETERSON\u00a0 <a href=\"https:\/\/www.lmmc.ca\/fr\/faure-quartett-1\" target=\"_blank\" rel=\"noopener\">D\u00c9TAILS ET BILLETS<\/a><\/p>\n<p>&nbsp;<\/p>\n<p><img decoding=\"async\" loading=\"lazy\" class=\"aligncenter size-full wp-image-86664\" src=\"https:\/\/www.ludwig-van.com\/montreal\/wp-content\/uploads\/sites\/3\/2025\/03\/Pianissimo.png\" alt=\"\" width=\"1200\" height=\"1106\" srcset=\"https:\/\/www.ludwig-van.com\/montreal\/wp-content\/uploads\/sites\/3\/2025\/03\/Pianissimo.png 1200w, https:\/\/www.ludwig-van.com\/montreal\/wp-content\/uploads\/sites\/3\/2025\/03\/Pianissimo-300x277.png 300w, https:\/\/www.ludwig-van.com\/montreal\/wp-content\/uploads\/sites\/3\/2025\/03\/Pianissimo-1024x944.png 1024w, https:\/\/www.ludwig-van.com\/montreal\/wp-content\/uploads\/sites\/3\/2025\/03\/Pianissimo-768x708.png 768w\" sizes=\"(max-width: 1200px) 100vw, 1200px\" \/><\/p>\n<h3>Pianissimo &#8211; F\u00e9lix St\u00fcssi invite Taurey Butler<\/h3>\n<p>Le pianiste <b>F\u00e9lix St\u00fcssi<\/b> aime l\u2019aventure et le vent frais et c\u2019est peut-\u00eatre ce qui l\u2019a incit\u00e9 \u00e0 quitter sa Suisse natale pour s\u2019installer au Canada et se consacrer enti\u00e8rement au piano jazz et \u00e0 la composition. Il r\u00eavait depuis longtemps de jouer avec d\u2019autres pianistes, comme le font plusieurs autres instrumentistes, mais rares sont les prestations \u00e0 deux pianos. Il a donc propos\u00e9 l\u2019id\u00e9e \u00e0 Piano Bolduc Montr\u00e9al d\u2019organiser des concerts de duo de pianos \u00e0 queue dans leur salle d\u2019exposition. Pour ce premier concert de 2025, F\u00e9lix St\u00fcssi a invit\u00e9 <strong>Taurey<\/strong> <strong>Butler<\/strong>, pianiste jazz de renom d\u2019origine am\u00e9ricaine ayant \u00e9lu domicile \u00e0 Montr\u00e9al, ville d&rsquo;origine de son h\u00e9ros, Oscar Peterson.<\/p>\n<p>LE 16 MARS, 19 H, PIANOS BOLDUC MONTR\u00c9AL\u00a0 <a href=\"https:\/\/lepointdevente.com\/billets\/792250316001\" target=\"_blank\" rel=\"noopener\">D\u00c9TAILS ET BILLETS<\/a><\/p>\n<p>&nbsp;<\/p>\n<p><img decoding=\"async\" loading=\"lazy\" class=\"aligncenter size-full wp-image-86669\" src=\"https:\/\/www.ludwig-van.com\/montreal\/wp-content\/uploads\/sites\/3\/2025\/03\/Semaine-du-Neuf-2025.jpg\" alt=\"\" width=\"1200\" height=\"983\" srcset=\"https:\/\/www.ludwig-van.com\/montreal\/wp-content\/uploads\/sites\/3\/2025\/03\/Semaine-du-Neuf-2025.jpg 1200w, https:\/\/www.ludwig-van.com\/montreal\/wp-content\/uploads\/sites\/3\/2025\/03\/Semaine-du-Neuf-2025-300x246.jpg 300w, https:\/\/www.ludwig-van.com\/montreal\/wp-content\/uploads\/sites\/3\/2025\/03\/Semaine-du-Neuf-2025-1024x839.jpg 1024w, https:\/\/www.ludwig-van.com\/montreal\/wp-content\/uploads\/sites\/3\/2025\/03\/Semaine-du-Neuf-2025-768x629.jpg 768w\" sizes=\"(max-width: 1200px) 100vw, 1200px\" \/><\/p>\n<h3>SEMAINE DU NEUF &#8211; Festival des musiques de cr\u00e9ation<\/h3>\n<p><strong>Le Vivier, musiques nouvelles<\/strong> pr\u00e9sente la troisi\u00e8me \u00e9dition de la <strong>Semaine du Neuf<\/strong>. Ce festival ayant lieu du 8 au 16 mars met en vedette la musique de cr\u00e9ation \u00e0 travers une programmation \u00e9clectique et festive.. Pour la programmation compl\u00e8te, c\u2019est ici <a href=\"https:\/\/levivier.ca\/fr\/concert\/saison-2024-25\/la-semaine-du-neuf-festival-des-musiques-de-creation-3e-edition\">https:\/\/levivier.ca\/fr\/concert\/saison-2024-25\/la-semaine-du-neuf-festival-des-musiques-de-creation-3e-edition<\/a><\/p>\n<p>&nbsp;<\/p>\n<figure id=\"attachment_85109\" aria-describedby=\"caption-attachment-85109\" style=\"width: 1200px\" class=\"wp-caption aligncenter\"><img decoding=\"async\" loading=\"lazy\" class=\"size-full wp-image-85109\" src=\"https:\/\/www.ludwig-van.com\/montreal\/wp-content\/uploads\/sites\/3\/2024\/11\/Paramirabo-Fall-2024-Group-Photos-3_Brenden-Friesen.jpg\" alt=\"Paramirabo. (Photo : Brenden Friesen)\" width=\"1200\" height=\"800\" srcset=\"https:\/\/www.ludwig-van.com\/montreal\/wp-content\/uploads\/sites\/3\/2024\/11\/Paramirabo-Fall-2024-Group-Photos-3_Brenden-Friesen.jpg 1200w, https:\/\/www.ludwig-van.com\/montreal\/wp-content\/uploads\/sites\/3\/2024\/11\/Paramirabo-Fall-2024-Group-Photos-3_Brenden-Friesen-300x200.jpg 300w, https:\/\/www.ludwig-van.com\/montreal\/wp-content\/uploads\/sites\/3\/2024\/11\/Paramirabo-Fall-2024-Group-Photos-3_Brenden-Friesen-1024x683.jpg 1024w, https:\/\/www.ludwig-van.com\/montreal\/wp-content\/uploads\/sites\/3\/2024\/11\/Paramirabo-Fall-2024-Group-Photos-3_Brenden-Friesen-768x512.jpg 768w\" sizes=\"(max-width: 1200px) 100vw, 1200px\" \/><figcaption id=\"caption-attachment-85109\" class=\"wp-caption-text\">Paramirabo. (Photo : Brenden Friesen)<\/figcaption><\/figure>\n<p><b>Paramirabo \/ MusikFabrik<\/b><\/p>\n<p>Rencontre des deux ensembles <b>Paramirabo<\/b> et <b>MusikFabrik<\/b> qui ont la m\u00eame mission, soit celle d\u2019explorer les nouveaux langages de la musique contemporaine. Le concert sera pr\u00e9c\u00e9d\u00e9 par une discussion avec les artistes sous le th\u00e8me \u00abCrises et enjeux plan\u00e9taires : quelles influences sur la musique?\u00bb<\/p>\n<p>LE 11 MARS, 20 H, ESPACE ORANGE DE L\u2019\u00c9DIFICE WILDER\u00a0 <a href=\"https:\/\/levivier.ca\/fr\/concert\/saison-2024-25\/paramirabo-musikfabrik-semaine-du-neuf\" target=\"_blank\" rel=\"noopener\">D\u00c9TAILS ET BILLETS<\/a><\/p>\n<p>&nbsp;<\/p>\n<figure id=\"attachment_86668\" aria-describedby=\"caption-attachment-86668\" style=\"width: 1200px\" class=\"wp-caption aligncenter\"><img decoding=\"async\" loading=\"lazy\" class=\"size-full wp-image-86668\" src=\"https:\/\/www.ludwig-van.com\/montreal\/wp-content\/uploads\/sites\/3\/2025\/03\/Quatuor-Bozzini_LEffusione-dAmicizia_credit-Philippe-Latour_1200.jpg\" alt=\"Quatuor Bozzini (Photo : Philippe Latour)\" width=\"1200\" height=\"795\" srcset=\"https:\/\/www.ludwig-van.com\/montreal\/wp-content\/uploads\/sites\/3\/2025\/03\/Quatuor-Bozzini_LEffusione-dAmicizia_credit-Philippe-Latour_1200.jpg 1200w, https:\/\/www.ludwig-van.com\/montreal\/wp-content\/uploads\/sites\/3\/2025\/03\/Quatuor-Bozzini_LEffusione-dAmicizia_credit-Philippe-Latour_1200-300x199.jpg 300w, https:\/\/www.ludwig-van.com\/montreal\/wp-content\/uploads\/sites\/3\/2025\/03\/Quatuor-Bozzini_LEffusione-dAmicizia_credit-Philippe-Latour_1200-1024x678.jpg 1024w, https:\/\/www.ludwig-van.com\/montreal\/wp-content\/uploads\/sites\/3\/2025\/03\/Quatuor-Bozzini_LEffusione-dAmicizia_credit-Philippe-Latour_1200-768x509.jpg 768w\" sizes=\"(max-width: 1200px) 100vw, 1200px\" \/><figcaption id=\"caption-attachment-86668\" class=\"wp-caption-text\">Quatuor Bozzini (Photo : Philippe Latour)<\/figcaption><\/figure>\n<p><b>Quatuor Bozzini : Effusione d\u2019Amicizia<\/b><\/p>\n<p>Le <b>Quatuor Bozzini<\/b>, rejoint par deux invit\u00e9\u00b7e\u00b7s pour certaines pi\u00e8ces, c\u00e9l\u00e8bre ses 25 ans en interpr\u00e9tant des cr\u00e9ations de trois compositeurs\u00b7rices d\u2019avant-garde avec qui il entretient des relations de longue date : <strong>Michael Oesterle<\/strong>, <strong>Linda Catlin Smith<\/strong> et <strong>Martin Arnold<\/strong>.<\/p>\n<p>LE 14 MARS, 19 H 30, CIRMMT\u00a0 <a href=\"https:\/\/levivier.ca\/fr\/concert\/saison-2024-25\/quatuor-bozzini-effusione-damicizia-semaine-du-neuf\" target=\"_blank\" rel=\"noopener\">D\u00c9TAILS ET BILLETS<\/a><\/p>\n<p>&nbsp;<\/p>\n<figure id=\"attachment_86671\" aria-describedby=\"caption-attachment-86671\" style=\"width: 1200px\" class=\"wp-caption aligncenter\"><img decoding=\"async\" loading=\"lazy\" class=\"size-full wp-image-86671\" src=\"https:\/\/www.ludwig-van.com\/montreal\/wp-content\/uploads\/sites\/3\/2025\/03\/Bradyworks-SEmaine-du-Neuf-2025.jpg\" alt=\"\" width=\"1200\" height=\"600\" srcset=\"https:\/\/www.ludwig-van.com\/montreal\/wp-content\/uploads\/sites\/3\/2025\/03\/Bradyworks-SEmaine-du-Neuf-2025.jpg 1200w, https:\/\/www.ludwig-van.com\/montreal\/wp-content\/uploads\/sites\/3\/2025\/03\/Bradyworks-SEmaine-du-Neuf-2025-300x150.jpg 300w, https:\/\/www.ludwig-van.com\/montreal\/wp-content\/uploads\/sites\/3\/2025\/03\/Bradyworks-SEmaine-du-Neuf-2025-1024x512.jpg 1024w, https:\/\/www.ludwig-van.com\/montreal\/wp-content\/uploads\/sites\/3\/2025\/03\/Bradyworks-SEmaine-du-Neuf-2025-768x384.jpg 768w\" sizes=\"(max-width: 1200px) 100vw, 1200px\" \/><figcaption id=\"caption-attachment-86671\" class=\"wp-caption-text\">(Photo : courtoisie Semaine du Neuf)<\/figcaption><\/figure>\n<p><b>Bradyworks &#8211; Deux guitares, deux g\u00e9n\u00e9rations : Matthew Warren Ruth et Tim Brady<\/b><\/p>\n<p>En premi\u00e8re partie, le jeune compositeur et guitariste <b>Matthew Warren Ruth<\/b> interpr\u00e9tera ses propres compositions ainsi que d\u2019autres \u0153uvres du r\u00e9pertoire pour guitare \u00e9lectrique solo. La deuxi\u00e8me partie sera assur\u00e9e par <b>Tim Brady<\/b> qui vous pr\u00e9sentera des extraits de sa <i>Symphony in 18 Parts for Solo Electric Guitar<\/i> et vous fera d\u00e9couvrir sa nouvelle cr\u00e9ation <i>For electric Guitar<\/i>.<\/p>\n<p>LE 15 MARS, 15 H, LA CHAPELLE SC\u00c8NES CONTEMPORAINES\u00a0 <a href=\"https:\/\/levivier.ca\/fr\/concert\/saison-2024-25\/bradyworks-deux-guitares-deux-generations-semaine-du-neuf\" target=\"_blank\" rel=\"noopener\">D\u00c9TAILS ET BILLETS<\/a><\/p>\n<p>&nbsp;<\/p>\n<figure id=\"attachment_80046\" aria-describedby=\"caption-attachment-80046\" style=\"width: 1200px\" class=\"wp-caption aligncenter\"><img decoding=\"async\" loading=\"lazy\" class=\"size-full wp-image-80046\" src=\"https:\/\/www.ludwig-van.com\/montreal\/wp-content\/uploads\/sites\/3\/2024\/02\/collectif9_Vagues-et-ombres_tutti-et-ombres_1200.jpg\" alt=\"\" width=\"1200\" height=\"800\" srcset=\"https:\/\/www.ludwig-van.com\/montreal\/wp-content\/uploads\/sites\/3\/2024\/02\/collectif9_Vagues-et-ombres_tutti-et-ombres_1200.jpg 1200w, https:\/\/www.ludwig-van.com\/montreal\/wp-content\/uploads\/sites\/3\/2024\/02\/collectif9_Vagues-et-ombres_tutti-et-ombres_1200-300x200.jpg 300w, https:\/\/www.ludwig-van.com\/montreal\/wp-content\/uploads\/sites\/3\/2024\/02\/collectif9_Vagues-et-ombres_tutti-et-ombres_1200-1024x683.jpg 1024w, https:\/\/www.ludwig-van.com\/montreal\/wp-content\/uploads\/sites\/3\/2024\/02\/collectif9_Vagues-et-ombres_tutti-et-ombres_1200-768x512.jpg 768w\" sizes=\"(max-width: 1200px) 100vw, 1200px\" \/><figcaption id=\"caption-attachment-80046\" class=\"wp-caption-text\">collectif9 dans Vagues et ombres (Photo : Danylo Bobyk)<\/figcaption><\/figure>\n<p><b>Collectif9 \/ Architek Percussion &#8211; <\/b><b><i>Quelque part, mon jardin<\/i><\/b><\/p>\n<p>Ce spectacle multim\u00e9dia tourne autour du po\u00e8me bilingue <i>Across\/Virage<\/i> de <b>Kaie Kellough<\/b>. Alors que ce dernier r\u00e9citera son po\u00e8me, les deux ensembles musicaux <b>Collectif9<\/b> et<b> Architek Percussion<\/b> interpr\u00e9teront des \u0153uvres rejoignant le th\u00e8me, menant ainsi une r\u00e9flexion po\u00e9tique et musicale sur l\u2019identit\u00e9 et l\u2019appartenance. Une rencontre pr\u00e9-concert avec les artistes aura lieu \u00e0 18h30.<\/p>\n<p>LE 15 MARS, 19 H 30, \u00c9DIFICE WILDER\u00a0 <a href=\"https:\/\/levivier.ca\/fr\/concert\/saison-2024-25\/collectif9-architek-percussion-quelque-part-mon-jardin-semaine-du-neuf\" target=\"_blank\" rel=\"noopener\">D\u00c9TAILS ET BILLETS<\/a><\/p>\n<p>&nbsp;<\/p>\n<figure id=\"attachment_86670\" aria-describedby=\"caption-attachment-86670\" style=\"width: 1200px\" class=\"wp-caption aligncenter\"><img decoding=\"async\" loading=\"lazy\" class=\"size-full wp-image-86670\" src=\"https:\/\/www.ludwig-van.com\/montreal\/wp-content\/uploads\/sites\/3\/2025\/03\/TAK_Titilayo-Ayangade.jpg\" alt=\"TAK ensemble (Photo : Titilayo Ayangade)\" width=\"1200\" height=\"600\" srcset=\"https:\/\/www.ludwig-van.com\/montreal\/wp-content\/uploads\/sites\/3\/2025\/03\/TAK_Titilayo-Ayangade.jpg 1200w, https:\/\/www.ludwig-van.com\/montreal\/wp-content\/uploads\/sites\/3\/2025\/03\/TAK_Titilayo-Ayangade-300x150.jpg 300w, https:\/\/www.ludwig-van.com\/montreal\/wp-content\/uploads\/sites\/3\/2025\/03\/TAK_Titilayo-Ayangade-1024x512.jpg 1024w, https:\/\/www.ludwig-van.com\/montreal\/wp-content\/uploads\/sites\/3\/2025\/03\/TAK_Titilayo-Ayangade-768x384.jpg 768w\" sizes=\"(max-width: 1200px) 100vw, 1200px\" \/><figcaption id=\"caption-attachment-86670\" class=\"wp-caption-text\">TAK ensemble (Photo : Titilayo Ayangade)<\/figcaption><\/figure>\n<p><strong>TAK Ensemble : Starmaker \/ Love Songs &#8211; Ana Sokolovic par Kristin Hoff<\/strong><\/p>\n<p><strong>Kristin Hoff<\/strong>, r\u00e9cemment nomm\u00e9es r\u00e9cipiendaire d&rsquo;un substantiel prix Musica M\u00e9cenat, chante l&rsquo;op\u00e9ra intime d&rsquo;<strong>Ana Sokolovic<\/strong> <em>Love Songs<\/em> en premi\u00e8re partie de la prestation de l&rsquo;ensemble new-yorkais <strong>TAK<\/strong>, qui pr\u00e9sente pour sa part <em>Star Maker Fragments<\/em>, une \u0153uvre inspir\u00e9e du roman de science-fiction d&rsquo;Olaf Stapleton.<\/p>\n<p>LE 16 MARS, 18 H, MMR \/ CIRMMT\u00a0 <a href=\"https:\/\/levivier.ca\/fr\/concert\/saison-2024-25\/tak-ensemble-star-maker-love-songs-ana-sokolovic-par-kristin-hoff-semaine-du\" target=\"_blank\" rel=\"noopener\">D\u00c9TAILS ET BILLETS<\/a><\/p>\n<p>&nbsp;<\/p>\n<h3>FIFA &#8211; Festival international du film sur l&rsquo;art<\/h3>\n<p>La programmation de cette 43e \u00e9dition du FIFA, commen\u00e7ant officiellement le 13 mars, offre plusieurs propositions all\u00e9chantes pour les amateurs de musique, dont voici la s\u00e9lection de cette semaine. (Certains films sont \u00e9galement pr\u00e9sent\u00e9s en ligne apr\u00e8s leur pr\u00e9sentation en salle, veuillez consulter l&rsquo;horaire sur les fiches des films.)<\/p>\n<p>&nbsp;<\/p>\n<figure id=\"attachment_86672\" aria-describedby=\"caption-attachment-86672\" style=\"width: 1200px\" class=\"wp-caption aligncenter\"><img decoding=\"async\" loading=\"lazy\" class=\"size-full wp-image-86672\" src=\"https:\/\/www.ludwig-van.com\/montreal\/wp-content\/uploads\/sites\/3\/2025\/03\/AFFICHE_Orlinski_Affiche.jpg\" alt=\"Affiche du film Jakub Josef Orlinski, Music for a While (courtoisie FIFA)\" width=\"1200\" height=\"1715\" srcset=\"https:\/\/www.ludwig-van.com\/montreal\/wp-content\/uploads\/sites\/3\/2025\/03\/AFFICHE_Orlinski_Affiche.jpg 1200w, https:\/\/www.ludwig-van.com\/montreal\/wp-content\/uploads\/sites\/3\/2025\/03\/AFFICHE_Orlinski_Affiche-210x300.jpg 210w, https:\/\/www.ludwig-van.com\/montreal\/wp-content\/uploads\/sites\/3\/2025\/03\/AFFICHE_Orlinski_Affiche-717x1024.jpg 717w, https:\/\/www.ludwig-van.com\/montreal\/wp-content\/uploads\/sites\/3\/2025\/03\/AFFICHE_Orlinski_Affiche-768x1098.jpg 768w, https:\/\/www.ludwig-van.com\/montreal\/wp-content\/uploads\/sites\/3\/2025\/03\/AFFICHE_Orlinski_Affiche-1075x1536.jpg 1075w\" sizes=\"(max-width: 1200px) 100vw, 1200px\" \/><figcaption id=\"caption-attachment-86672\" class=\"wp-caption-text\">Affiche du film Jakub Josef Orlinski, Music for a While (courtoisie FIFA)<\/figcaption><\/figure>\n<p><strong><em>Dale<\/em> \/ <em>Jakub Jozef Orlinski, Music for a While<\/em><\/strong><\/p>\n<p>En premi\u00e8re partie de cette projection, le court m\u00e9trage <em>Dale<\/em> dresse une r\u00e9trospectice de la carri\u00e8re de l&rsquo;altiste <strong>Dale Hikawa<\/strong>, la premi\u00e8re femme asiatique \u00e0 rejoindre les rangs de l&rsquo;Orchestre philharmonique de Los Angeles. Le deuxi\u00e8me film suit les prestations du contre-t\u00e9nor polonais <strong>Jakub Jozef Orlinski<\/strong> au Metropolitan Opera de New York, lors d&rsquo;un r\u00e9cital de lieder \u00e0 Varsovie et en soliste avec l&rsquo;orchestre baroque <strong>Il Pomo d&rsquo;Oro<\/strong> \u00e0 Venise. Le public d\u00e9couvrira \u00e9galement les talents d&rsquo;<strong>Orlinski<\/strong> en tant que danseur de breakdance.<\/p>\n<p>LE 15 MARS, 14 H 15, CIN\u00c9MA DU MUS\u00c9E\u00a0 <a href=\"https:\/\/lefifa.com\/catalogue\/jakub-j-xf3-zef-orlinski-music-for-a-while\" target=\"_blank\" rel=\"noopener\">D\u00c9TAILS ET BILLETS<\/a><\/p>\n<p>&nbsp;<\/p>\n<figure id=\"attachment_86675\" aria-describedby=\"caption-attachment-86675\" style=\"width: 1200px\" class=\"wp-caption aligncenter\"><img decoding=\"async\" loading=\"lazy\" class=\"size-full wp-image-86675\" src=\"https:\/\/www.ludwig-van.com\/montreal\/wp-content\/uploads\/sites\/3\/2025\/03\/Beethoven_s_Nine_-_poster.jpg\" alt=\"Affiche du film Beethoven's Nine: Ode to Humanity (courtoisie FIFA)\" width=\"1200\" height=\"1778\" srcset=\"https:\/\/www.ludwig-van.com\/montreal\/wp-content\/uploads\/sites\/3\/2025\/03\/Beethoven_s_Nine_-_poster.jpg 1200w, https:\/\/www.ludwig-van.com\/montreal\/wp-content\/uploads\/sites\/3\/2025\/03\/Beethoven_s_Nine_-_poster-202x300.jpg 202w, https:\/\/www.ludwig-van.com\/montreal\/wp-content\/uploads\/sites\/3\/2025\/03\/Beethoven_s_Nine_-_poster-691x1024.jpg 691w, https:\/\/www.ludwig-van.com\/montreal\/wp-content\/uploads\/sites\/3\/2025\/03\/Beethoven_s_Nine_-_poster-768x1138.jpg 768w, https:\/\/www.ludwig-van.com\/montreal\/wp-content\/uploads\/sites\/3\/2025\/03\/Beethoven_s_Nine_-_poster-1037x1536.jpg 1037w\" sizes=\"(max-width: 1200px) 100vw, 1200px\" \/><figcaption id=\"caption-attachment-86675\" class=\"wp-caption-text\">Affiche du film Beethoven&rsquo;s Nine: Ode to Humanity (courtoisie FIFA)<\/figcaption><\/figure>\n<p><strong><em>Au travers<\/em> \/ <em>Beethoven&rsquo;s Nine: Ode to Humanity<\/em><\/strong><\/p>\n<p>Le r\u00e9alisateur canadien Larry Weinstein, adepte des sujets musicaux, souhaitait souligner le bicentennaire de la <em>Neuvi\u00e8me symphonie<\/em> de Beethoven en en documentant l&rsquo;h\u00e9ritage intemporel. Cependant, la mort tragique de sa s\u0153ur Judih et du mari de celle-ci aux mains des militants du Hamas lors de l&rsquo;attaque du 7 octobre ont plong\u00e9 le r\u00e9alisateur dans une qu\u00eate d&rsquo;espoir personnelle qui ont transform\u00e9 son film en r\u00e9flexion sur le pouvoir de la musique face \u00e0 l&rsquo;adversit\u00e9. Le film est pr\u00e9c\u00e9d\u00e9 du court m\u00e9trage <em>Au travers<\/em> ayant comme sujet la pratique somatique de danse-th\u00e9rapie de l&rsquo;artiste acadienne <strong>Monique L\u00e9ger<\/strong>.<\/p>\n<p>LE 16 MARS, 15 H, CIN\u00c9MA DU MUS\u00c9E\u00a0 <a href=\"https:\/\/lefifa.com\/catalogue\/beethovens-nine-ode-to-humanity\" target=\"_blank\" rel=\"noopener\">D\u00c9TAILS ET BILLETS<\/a><\/p>\n<p>&nbsp;<\/p>\n<figure id=\"attachment_86676\" aria-describedby=\"caption-attachment-86676\" style=\"width: 1200px\" class=\"wp-caption aligncenter\"><img decoding=\"async\" loading=\"lazy\" class=\"size-full wp-image-86676\" src=\"https:\/\/www.ludwig-van.com\/montreal\/wp-content\/uploads\/sites\/3\/2025\/03\/Ludovic-affiche-v2.jpg\" alt=\"affiche du film Ludovic (courtoisie FIFA)\" width=\"1200\" height=\"1697\" srcset=\"https:\/\/www.ludwig-van.com\/montreal\/wp-content\/uploads\/sites\/3\/2025\/03\/Ludovic-affiche-v2.jpg 1200w, https:\/\/www.ludwig-van.com\/montreal\/wp-content\/uploads\/sites\/3\/2025\/03\/Ludovic-affiche-v2-212x300.jpg 212w, https:\/\/www.ludwig-van.com\/montreal\/wp-content\/uploads\/sites\/3\/2025\/03\/Ludovic-affiche-v2-724x1024.jpg 724w, https:\/\/www.ludwig-van.com\/montreal\/wp-content\/uploads\/sites\/3\/2025\/03\/Ludovic-affiche-v2-768x1086.jpg 768w, https:\/\/www.ludwig-van.com\/montreal\/wp-content\/uploads\/sites\/3\/2025\/03\/Ludovic-affiche-v2-1086x1536.jpg 1086w\" sizes=\"(max-width: 1200px) 100vw, 1200px\" \/><figcaption id=\"caption-attachment-86676\" class=\"wp-caption-text\">affiche du film Ludovic (courtoisie FIFA)<\/figcaption><\/figure>\n<p><strong>Ludovic<\/strong><\/p>\n<p>Les portraits de chanteurs classiques ont la cote cette ann\u00e9e : ce long m\u00e9trage de 88 minutes suit le baryton <strong>Ludovic T\u00e9zier<\/strong> et sa femme, la soprano <strong>Cassandre Berthon<\/strong>, sur les sc\u00e8nes les plus prestigieuses et dans l&rsquo;intimit\u00e9 de leur demeure, \u00e0 travers r\u00e9p\u00e9titions et cours de ma\u00eetres.<\/p>\n<p>LE 16 MARS, 19 H 45, MUS\u00c9E MCCORD STEWART\u00a0 <a href=\"https:\/\/lefifa.com\/catalogue\/ludovic\" target=\"_blank\" rel=\"noopener\">D\u00c9TAILS ET BILLETS<\/a><\/p>\n<p>ERRATUM &#8211; <em>Le concert de l&rsquo;OSJM est bien pr\u00e9sent\u00e9 \u00e0 la salle Claude-Champagne, et non \u00e0 la salle Claude-L\u00e9veill\u00e9e, comme le texte l&rsquo;indiquait auparavant.<\/em><\/p>\n<h2><em>Inscrivez-vous \u00e0 notre infolettre! La musique classique et l\u2019op\u00e9ra en 5 minutes, chaque jour<\/em> <a href=\"https:\/\/ludwig-van.us9.list-manage.com\/subscribe?u=4f785cb3f9058f2393ccad035&amp;id=b9b160c032\" target=\"_blank\" rel=\"noopener noreferrer\">ICI<\/a><\/h2>\n","protected":false},"excerpt":{"rendered":"<p>C\u2019est une semaine charg\u00e9e de concerts o\u00f9 jeunesse et exp\u00e9rience se c\u00f4toient, dialoguent et \u00e9changent sur le pass\u00e9, le pr\u00e9sent et l\u2019avenir. (Re)D\u00e9couvrez de jeunes artistes faisant leur marque \u00e0 l\u2019international, misez sur la maturit\u00e9 de musicien\u00b7ne\u00b7s de renom, lancez-vous dans l\u2019aventure de la musique de cr\u00e9ation, ou soyez conservateur dans vos choix d\u2019\u0153uvres. Cette semaine, tout est possible!<\/p>\n","protected":false},"author":1,"featured_media":86677,"comment_status":"open","ping_status":"open","sticky":false,"template":"","format":"standard","meta":{"om_disable_all_campaigns":false,"jetpack_post_was_ever_published":false},"categories":[42299,10994],"tags":[42300,37964,42168],"yst_prominent_words":[16403,9878,9863,15528,26052,9877,16404,18991,18274,18272],"acf":[],"jetpack_featured_media_url":"https:\/\/www.ludwig-van.com\/montreal\/wp-content\/uploads\/sites\/3\/2025\/03\/Copie-de-CONCERTS3.jpg","jetpack_sharing_enabled":true,"jetpack_shortlink":"https:\/\/wp.me\/p9bdYt-mxC","amp_enabled":true,"_links":{"self":[{"href":"https:\/\/www.ludwig-van.com\/montreal\/wp-json\/wp\/v2\/posts\/86652"}],"collection":[{"href":"https:\/\/www.ludwig-van.com\/montreal\/wp-json\/wp\/v2\/posts"}],"about":[{"href":"https:\/\/www.ludwig-van.com\/montreal\/wp-json\/wp\/v2\/types\/post"}],"author":[{"embeddable":true,"href":"https:\/\/www.ludwig-van.com\/montreal\/wp-json\/wp\/v2\/users\/1"}],"replies":[{"embeddable":true,"href":"https:\/\/www.ludwig-van.com\/montreal\/wp-json\/wp\/v2\/comments?post=86652"}],"version-history":[{"count":10,"href":"https:\/\/www.ludwig-van.com\/montreal\/wp-json\/wp\/v2\/posts\/86652\/revisions"}],"predecessor-version":[{"id":86696,"href":"https:\/\/www.ludwig-van.com\/montreal\/wp-json\/wp\/v2\/posts\/86652\/revisions\/86696"}],"wp:featuredmedia":[{"embeddable":true,"href":"https:\/\/www.ludwig-van.com\/montreal\/wp-json\/wp\/v2\/media\/86677"}],"wp:attachment":[{"href":"https:\/\/www.ludwig-van.com\/montreal\/wp-json\/wp\/v2\/media?parent=86652"}],"wp:term":[{"taxonomy":"category","embeddable":true,"href":"https:\/\/www.ludwig-van.com\/montreal\/wp-json\/wp\/v2\/categories?post=86652"},{"taxonomy":"post_tag","embeddable":true,"href":"https:\/\/www.ludwig-van.com\/montreal\/wp-json\/wp\/v2\/tags?post=86652"},{"taxonomy":"yst_prominent_words","embeddable":true,"href":"https:\/\/www.ludwig-van.com\/montreal\/wp-json\/wp\/v2\/yst_prominent_words?post=86652"}],"curies":[{"name":"wp","href":"https:\/\/api.w.org\/{rel}","templated":true}]}}