{"id":86624,"date":"2025-03-07T15:58:20","date_gmt":"2025-03-07T20:58:20","guid":{"rendered":"https:\/\/www.ludwig-van.com\/montreal\/?p=86624"},"modified":"2025-03-10T14:00:02","modified_gmt":"2025-03-10T18:00:02","slug":"communaute-elans-damities-pour-les-25-ans-du-quatuor-bozzini","status":"publish","type":"post","link":"https:\/\/www.ludwig-van.com\/montreal\/2025\/03\/07\/communaute-elans-damities-pour-les-25-ans-du-quatuor-bozzini\/","title":{"rendered":"COMMUNAUT\u00c9 | \u00c9lans d&rsquo;amiti\u00e9s pour les 25 ans du Quatuor Bozzini"},"content":{"rendered":"<p>&nbsp;<\/p>\n<figure id=\"attachment_86625\" aria-describedby=\"caption-attachment-86625\" style=\"width: 1200px\" class=\"wp-caption aligncenter\"><img decoding=\"async\" loading=\"lazy\" class=\"size-full wp-image-86625\" src=\"https:\/\/www.ludwig-van.com\/montreal\/wp-content\/uploads\/sites\/3\/2025\/03\/Copie-de-NOUVELLE4.jpg\" alt=\"Quatuor Bozzini (Photo : Philippe Latour)\" width=\"1200\" height=\"628\" srcset=\"https:\/\/www.ludwig-van.com\/montreal\/wp-content\/uploads\/sites\/3\/2025\/03\/Copie-de-NOUVELLE4.jpg 1200w, https:\/\/www.ludwig-van.com\/montreal\/wp-content\/uploads\/sites\/3\/2025\/03\/Copie-de-NOUVELLE4-300x157.jpg 300w, https:\/\/www.ludwig-van.com\/montreal\/wp-content\/uploads\/sites\/3\/2025\/03\/Copie-de-NOUVELLE4-1024x536.jpg 1024w, https:\/\/www.ludwig-van.com\/montreal\/wp-content\/uploads\/sites\/3\/2025\/03\/Copie-de-NOUVELLE4-768x402.jpg 768w\" sizes=\"(max-width: 1200px) 100vw, 1200px\" \/><figcaption id=\"caption-attachment-86625\" class=\"wp-caption-text\">Quatuor Bozzini (Photo : Philippe Latour)<\/figcaption><\/figure>\n<h1 style=\"text-align: center\"><del>Un message du Quatuor Bozzini<\/del><\/h1>\n<p>Le <strong>Quatuor Bozzini<\/strong> c\u00e9l\u00e8bre ses 25 ans avec <em>L\u2019Effusione d\u2019Amicizia<\/em>, un concert d\u2019\u0153uvres de trois compositeurs-ices canadiens.nes phares bien repr\u00e9sentatifs de leur r\u00e9pertoire : <strong>Michael<\/strong> <strong>Oesterle<\/strong>, <strong>Linda Catlin Smith<\/strong> et <strong>Martin Arnold<\/strong>. Le concert est pr\u00e9sent\u00e9 dans le cadre de la <strong>Semaine du Neuf<\/strong> du <strong>Vivier<\/strong>, le 14 mars \u00e0 19h30 au MMR \/ CIRMMT.<\/p>\n<p>Avec cet \u00e9v\u00e8nement, on plonge dans ce qui fait la particularit\u00e9 du son Bozzini, puisque depuis ses d\u00e9buts en 1999, l&rsquo;ensemble a tiss\u00e9 des liens \u00e9troits avec cette compositrice et ces compositeurs de musique nouvelle. Il est \u00e0 noter que <strong>Smith<\/strong>, <strong>Oesterle<\/strong> et <strong>Arnold<\/strong> ont tous les trois fait l\u2019objet d\u2019albums-portrait par le <strong>Quatuor Bozzini<\/strong> au fil des ans, scellant davantage ces collaborations musicales.<\/p>\n<p>Le concert sera l&rsquo;occasion d&rsquo;assister \u00e0 la cr\u00e9ation de plusieurs \u0153uvres, notamment <em>3-Way Cotillion<\/em>, un sextuor de <strong>Martin Arnold<\/strong>, o\u00f9 on retrouve la fascination du compositeur pour la musique ancienne, les traditions folks et l\u2019influence des musiques psych\u00e9d\u00e9liques. Deux musiciennes de la rel\u00e8ve se joindront au Quatuor pour le sextuor de Arnold\u00a0:\u00a0 <strong>\u00c9lisa Trudel<\/strong> \u00e0 l\u2019alto et <strong>Audr\u00e9anne Filion<\/strong> au violoncelle.<\/p>\n<p><strong>Michael Oesterle<\/strong>, rencontr\u00e9 par les membres du Quatuor au Forum du <strong>NEM<\/strong> en 1996, est \u00e0 l&rsquo;origine d&rsquo;une longue collaboration avec l&rsquo;ensemble, qui pr\u00e9sentera son <em>Quatuor no 4<\/em>, cinqui\u00e8me \u0153uvre \u00e9crite pour le Bozzini. L\u2019\u0153uvre est une commande du Festival TimeSpans \u00e0 New York et de la Fondation Earle Brown. Apr\u00e8s NY, le Quatuor l\u2019a jou\u00e9e au Centre d\u2019art de Banff, aux Pays-Bas, au Mexique, et en fera finalement la cr\u00e9ation montr\u00e9alaise lors de cet \u00e9v\u00e8nement.<\/p>\n<p><strong>Linda Catlin Smith<\/strong>, compositrice \u00e9tablie \u00e0 Toronto, a \u00e9crit le <em>Quatuor no 7<\/em> sp\u00e9cialement pour l&rsquo;occasion. Sa musique, que le QB a jou\u00e9 \u00e0 travers le monde depuis 2004, se distingue par son raffinement et sa d\u00e9licatesse qui touchent \u00e0 l\u2019essentiel. D\u00e9crite par The Guardian comme \u00ab\u00a0lente et tranquille, mais aussi luxuriante\u00a0\u00bb, elle s&rsquo;inspire de Couperin, de Debussy, et des peintures de Agnes Martin.<\/p>\n<p>Ce concert est une production du Quatuor Bozzini en codiffusion avec Le Vivier.<\/p>\n<p><strong>L\u2019Effusione d\u2019Amicizia <\/strong><\/p>\n<p><strong>14 mars 2025, 19h30<\/strong><\/p>\n<p>MMR-CIRMMT<\/p>\n<p>527 rue Sherbrooke Ouest, Niveau-2<\/p>\n<p>Montr\u00e9al, H3A 1E3<\/p>\n<p>&nbsp;<\/p>\n<p>PROGRAMME :<br \/>\n<a href=\"https:\/\/quatuorbozzini.ca\/fr\/artiste\/arnold_ma\">Martin Arnold<\/a> :<\/p>\n<p><em>3-Way Cotillion<\/em> 2020, CR\u00c9ATION<\/p>\n<p><em>Sextuor \u00e0 cordes<\/em><\/p>\n<p><a href=\"https:\/\/quatuorbozzini.ca\/fr\/artiste\/smith_li\">Linda Catlin Smith<\/a> :<\/p>\n<p><em>R\u00eaverie<\/em> 2025, CR\u00c9ATION<\/p>\n<p><em>Quatuor \u00e0 cordes<\/em><\/p>\n<p><a href=\"https:\/\/quatuorbozzini.ca\/fr\/artiste\/oesterle_mi\">Michael Oesterle<\/a>:<\/p>\n<p><em><a href=\"https:\/\/quatuorbozzini.ca\/fr\/oeuvres\/47296-string-quartet-no-4\">String Quartet No. 4<\/a> <\/em>2019<\/p>\n<p><em>Quatuor \u00e0 cordes<\/em><\/p>\n<p>&nbsp;<\/p>\n<p>Plus d\u2019informations et billetterie\u00a0:<\/p>\n<p><a href=\"https:\/\/quatuorbozzini.ca\/fr\/evenements\/46974-la-semaine-du-neuf-2025-l-effusione-d-amicizia\">https:\/\/quatuorbozzini.ca\/fr\/evenements\/46974-la-semaine-du-neuf-2025-l-effusione-d-amicizia<\/a><\/p>\n<p><a href=\"https:\/\/levivier.ca\/fr\/concert\/saison-2024-25\/quatuor-bozzini-effusione-damicizia-semaine-du-neuf\">https:\/\/levivier.ca\/fr\/concert\/saison-2024-25\/quatuor-bozzini-effusione-damicizia-semaine-du-neuf<\/a><\/p>\n<p>&nbsp;<\/p>\n<p>Le <strong>Quatuor Bozzini<\/strong> a encore et toujours le vent dans les voiles!\u00a0 Innovation, prise de risque, int\u00e9grit\u00e9, engagement dans la communaut\u00e9, d\u00e9passement, partage\u00a0: voil\u00e0 les valeurs qui l&rsquo;inspirent et auxquelles il tend sans rel\u00e2che. Reconnu pour l\u2019audace de ses choix artistiques et son engagement envers la cr\u00e9ation, la dynamique actuelle lui permet d&rsquo;ouvrir les perspectives et de faire \u00e9voluer ses projets \u00e0 travers le monde.<\/p>\n<p>Depuis 1999, le\u00a0<a href=\"https:\/\/quatuorbozzini.ca\/fr\/artiste\/quatuorbozzini_\">Quatuor Bozzini<\/a>\u00a0est une voix originale \u00e0 la d\u00e9fense des musiques nouvelles, exp\u00e9rimentales et classiques. Moteur de la sc\u00e8ne hyper cr\u00e9ative de Montr\u00e9al et au-del\u00e0, le quatuor cultive une approche qui fait la part belle au risque, \u00e0 l\u2019exp\u00e9rimentation et la collaboration, et s\u2019aventure hors des sentiers battus. Par ses crit\u00e8res de qualit\u00e9 rigoureux, il a contribu\u00e9 \u00e0 la cr\u00e9ation d\u2019un r\u00e9pertoire diversifi\u00e9 qui fait fi des tendances et des modes. Au fil des ans, il a command\u00e9 de nombreuses \u0153uvres et en a cr\u00e9\u00e9 pr\u00e8s de 500. Son approche ouverte, collaborative et dirig\u00e9e par des artistes a permis la r\u00e9alisation de nombreuses productions innovantes et tr\u00e8s appr\u00e9ci\u00e9es, y compris des projets interdisciplinaires avec la vid\u00e9o, le th\u00e9\u00e2tre et la danse.<\/p>\n<h2><em>Inscrivez-vous \u00e0 notre infolettre! La musique classique et l\u2019op\u00e9ra en 5 minutes, chaque jour<\/em> <a href=\"https:\/\/ludwig-van.us9.list-manage.com\/subscribe?u=4f785cb3f9058f2393ccad035&amp;id=b9b160c032\" target=\"_blank\" rel=\"noopener noreferrer\">ICI<\/a><\/h2>\n","protected":false},"excerpt":{"rendered":"<p>Un message du Quatuor Bozzini<\/p>\n<p>Le Quatuor Bozzini c\u00e9l\u00e8bre ses 25 ans avec L\u2019Effusione d\u2019Amicizia, un concert d\u2019\u0153uvres de trois compositeurs-ices canadiens.nes phares bien repr\u00e9sentatifs de leur r\u00e9pertoire : Michael Oesterle, Linda Catlin Smith et Martin Arnold. Le concert est pr\u00e9sent\u00e9 dans le cadre de la Semaine du Neuf du Vivier, le 14 mars \u00e0 19h30 au MMR \/ CIRMMT.<\/p>\n","protected":false},"author":1,"featured_media":86625,"comment_status":"open","ping_status":"open","sticky":false,"template":"","format":"standard","meta":{"om_disable_all_campaigns":false,"jetpack_post_was_ever_published":false},"categories":[42299,13504],"tags":[42300,6035,42168,42211],"yst_prominent_words":[30399,29724,11423,7202,10592,11039,12930,40805,9999,10015,11418,13514],"acf":[],"jetpack_featured_media_url":"https:\/\/www.ludwig-van.com\/montreal\/wp-content\/uploads\/sites\/3\/2025\/03\/Copie-de-NOUVELLE4.jpg","jetpack_sharing_enabled":true,"jetpack_shortlink":"https:\/\/wp.me\/p9bdYt-mxa","amp_enabled":true,"_links":{"self":[{"href":"https:\/\/www.ludwig-van.com\/montreal\/wp-json\/wp\/v2\/posts\/86624"}],"collection":[{"href":"https:\/\/www.ludwig-van.com\/montreal\/wp-json\/wp\/v2\/posts"}],"about":[{"href":"https:\/\/www.ludwig-van.com\/montreal\/wp-json\/wp\/v2\/types\/post"}],"author":[{"embeddable":true,"href":"https:\/\/www.ludwig-van.com\/montreal\/wp-json\/wp\/v2\/users\/1"}],"replies":[{"embeddable":true,"href":"https:\/\/www.ludwig-van.com\/montreal\/wp-json\/wp\/v2\/comments?post=86624"}],"version-history":[{"count":25,"href":"https:\/\/www.ludwig-van.com\/montreal\/wp-json\/wp\/v2\/posts\/86624\/revisions"}],"predecessor-version":[{"id":86674,"href":"https:\/\/www.ludwig-van.com\/montreal\/wp-json\/wp\/v2\/posts\/86624\/revisions\/86674"}],"wp:featuredmedia":[{"embeddable":true,"href":"https:\/\/www.ludwig-van.com\/montreal\/wp-json\/wp\/v2\/media\/86625"}],"wp:attachment":[{"href":"https:\/\/www.ludwig-van.com\/montreal\/wp-json\/wp\/v2\/media?parent=86624"}],"wp:term":[{"taxonomy":"category","embeddable":true,"href":"https:\/\/www.ludwig-van.com\/montreal\/wp-json\/wp\/v2\/categories?post=86624"},{"taxonomy":"post_tag","embeddable":true,"href":"https:\/\/www.ludwig-van.com\/montreal\/wp-json\/wp\/v2\/tags?post=86624"},{"taxonomy":"yst_prominent_words","embeddable":true,"href":"https:\/\/www.ludwig-van.com\/montreal\/wp-json\/wp\/v2\/yst_prominent_words?post=86624"}],"curies":[{"name":"wp","href":"https:\/\/api.w.org\/{rel}","templated":true}]}}