{"id":86520,"date":"2025-02-28T11:38:59","date_gmt":"2025-02-28T16:38:59","guid":{"rendered":"https:\/\/www.ludwig-van.com\/montreal\/?p=86520"},"modified":"2025-03-03T07:00:03","modified_gmt":"2025-03-03T12:00:03","slug":"nouvelle-lancement-de-la-saison-2025-2026-de-lopera-de-montreal","status":"publish","type":"post","link":"https:\/\/www.ludwig-van.com\/montreal\/2025\/02\/28\/nouvelle-lancement-de-la-saison-2025-2026-de-lopera-de-montreal\/","title":{"rendered":"NOUVELLE | Lancement de la saison 2025-2026 de l\u2019Op\u00e9ra de Montr\u00e9al"},"content":{"rendered":"<p><img decoding=\"async\" loading=\"lazy\" class=\"aligncenter size-full wp-image-86521\" src=\"https:\/\/www.ludwig-van.com\/montreal\/wp-content\/uploads\/sites\/3\/2025\/02\/Copie-de-NOUVELLE2.jpg\" alt=\"\" width=\"1200\" height=\"628\" srcset=\"https:\/\/www.ludwig-van.com\/montreal\/wp-content\/uploads\/sites\/3\/2025\/02\/Copie-de-NOUVELLE2.jpg 1200w, https:\/\/www.ludwig-van.com\/montreal\/wp-content\/uploads\/sites\/3\/2025\/02\/Copie-de-NOUVELLE2-300x157.jpg 300w, https:\/\/www.ludwig-van.com\/montreal\/wp-content\/uploads\/sites\/3\/2025\/02\/Copie-de-NOUVELLE2-1024x536.jpg 1024w, https:\/\/www.ludwig-van.com\/montreal\/wp-content\/uploads\/sites\/3\/2025\/02\/Copie-de-NOUVELLE2-768x402.jpg 768w\" sizes=\"(max-width: 1200px) 100vw, 1200px\" \/><\/p>\n<p>L\u2019<strong>Op\u00e9ra de Montr\u00e9al<\/strong> a d\u00e9voil\u00e9, le 26 f\u00e9vrier 2025, la programmation de sa 46e saison, qui met en avant les choix humains et leurs r\u00e9percussions. Cette s\u00e9lection artistique refl\u00e8te une volont\u00e9 de questionner notre rapport aux d\u00e9cisions et aux cons\u00e9quences qui en d\u00e9coulent.<\/p>\n<p>La programmation, associant des \u0153uvres du r\u00e9pertoire classique \u00e0 des cr\u00e9ations contemporaines, souhaite illustrer la pertinence et l\u2019effet miroir de cet art dans notre quotidien\u00a0: \u00ab\u00a0L\u2019op\u00e9ra est un art vivant qui continue d\u2019\u00e9voluer et de nous interpeller. Cette saison met en lumi\u00e8re des r\u00e9cits o\u00f9 chaque d\u00e9cision a des cons\u00e9quences profondes, un reflet de notre propre condition humaine\u00a0\u00bb, souligne <strong>Patrick Corrigan<\/strong>, directeur g\u00e9n\u00e9ral de l\u2019Op\u00e9ra de Montr\u00e9al.<\/p>\n<p>\u00c0 travers ces choix, le public est invit\u00e9 \u00e0 une r\u00e9flexion sur la complexit\u00e9 des d\u00e9cisions humaines et de nos responsabilit\u00e9s.<\/p>\n<h3>Une saison entre tradition et modernit\u00e9<\/h3>\n<p>&nbsp;<\/p>\n<p>La saison d\u00e9butera avec un grand classique, <em>Don Giovanni<\/em> de Mozart (27, 30 septembre et 2, 5 octobre 2025, Salle Wilfrid-Pelletier). Cette \u0153uvre o\u00f9 se m\u00ealent l\u00e9g\u00e8ret\u00e9 et gravit\u00e9 sera mise en sc\u00e8ne par<strong> Stephen<\/strong> <strong>Lawless<\/strong>, grand connaisseur de la vie mozartienne, tandis que la direction musicale sera confi\u00e9e \u00e0 <strong>Kensho Watanabe<\/strong> avec l\u2019<strong>Orchestre I Musici de Montr\u00e9al<\/strong>. Le r\u00f4le titre sera tenu par l&rsquo;Am\u00e9ricain <strong>John Brancy<\/strong>, que le public montr\u00e9alais aura l&rsquo;occasion d&rsquo;entendre dans quelques mois dans le r\u00f4le de Marcello lors des repr\u00e9sentations de <em>La Boh\u00e8me.\u00a0<\/em><strong>Ruben Drole<\/strong> sera Leporello, et <strong>Kirsten Leblanc<\/strong> sera Donna Anna, tandis que <strong>Sophie Naubert <\/strong>rev\u00eatera les habits de Zerlina.<\/p>\n<p>En novembre, <em>Jen\u016ffa<\/em> de Jan\u00e1\u010dek (22, 27, 30 novembre 2025, Salle Wilfrid-Pelletier) sera pr\u00e9sent\u00e9 dans une mise en sc\u00e8ne sign\u00e9e par le r\u00e9put\u00e9 cin\u00e9aste canadien<strong> Atom Egoyan<\/strong>. L\u2019<strong>Orchestre M\u00e9tropolitain<\/strong>, sous la direction de la cheffe montr\u00e9alaise \u00e9tablie \u00e0 San Francisco <strong>Nicole Paiement<\/strong>, accompagnera cette \u0153uvre th\u00e9\u00e2trale et musicale qui aborde les tensions familiales et morales. Plusieurs membres de l&rsquo;Atelier lyrique (<strong>Colin Mackey<\/strong>, <strong>Camila Montefusco<\/strong>, <strong>Tessa Fackelmann<\/strong>, <strong>Justine Ledoux<\/strong>, <strong>Bridget Esler<\/strong>, <strong>Odile Portugais<\/strong> et <strong>Ellita<\/strong> <strong>Gagner<\/strong>) monteront sur sc\u00e8ne lors de cette production, dont le r\u00f4le titre sera chant\u00e9 par <strong>Marie-Adeline Henry<\/strong>.<\/p>\n<p>En d\u00e9but d\u2019ann\u00e9e 2026, la cr\u00e9ation contemporaine <em>Clown(s)<\/em>, de la compositrice <strong>Ana Sokolovi\u0107<\/strong>, sera \u00e0 l\u2019affiche (31 janvier, 3, 5 et 8 f\u00e9vrier 2026, Th\u00e9\u00e2tre Maisonneuve). Cette production, combinant musique et arts circassiens \u00e0 la mani\u00e8re d\u2019une fable en musique, sera mise en sc\u00e8ne par <strong>Martin Genest<\/strong> et inspir\u00e9e des univers artistiques de Sand, Fellini, Chaplin et Keaton. La direction musicale sera assur\u00e9e par le chef tch\u00e8que <strong>Ji\u0159\u00ed Ro\u017ee\u0148<\/strong> (par ailleurs un ardent d\u00e9fenseur de la musique de son compatriote Jan\u00e1\u010dek). Les quatre r\u00f4les chant\u00e9s seront tenus par <strong>Aline Kutan<\/strong>, <strong>Mireille Lebel<\/strong>, <strong>Andrew Haji<\/strong> et <strong>Bruno Roy<\/strong>. L&rsquo;ensemble musical 100 % masculin sera compos\u00e9 de <strong>St\u00e9phane Beaulac<\/strong> (trompette), <strong>Louis-Philippe Marsolais<\/strong> (cor fran\u00e7ais),<strong> Chris Lee<\/strong> (tuba), <strong>Blair Mackay<\/strong> (percussions), <strong>Patrice Richer<\/strong> (trombone) et <strong>Wesley Shen<\/strong> (ondes Martenot).<\/p>\n<p>La saison se cl\u00f4turera avec une autre grande \u0153uvre, <em>Carmen<\/em> de Bizet (2, 5, 7 et 10 mai 2026, Salle Wilfrid-Pelletier). Cette production r\u00e9unira <strong>Rihab Chaieb<\/strong> (Carmen), <strong>Arturo Chac\u00f3n-Cruz<\/strong> (Don Jos\u00e9) et <strong>Magali Simard-Gald\u00e8s<\/strong> (Mica\u00ebla), avec l\u2019<strong>Orchestre M\u00e9tropolitain<\/strong> et le <strong>Ch\u0153ur de l\u2019Op\u00e9ra de Montr\u00e9al<\/strong>, sous la direction du chef montr\u00e9alais <strong>Jean-Marie<\/strong> <strong>Zeitouni<\/strong>, <a href=\"https:\/\/www.ludwig-van.com\/montreal\/2025\/02\/24\/nouvelle-jean-marie-zeitouni-nomme-directeur-musical-du-edmonton-symphony-orchestra\/\" target=\"_blank\" rel=\"noopener\">r\u00e9cemment nomm\u00e9 directeur musical \u00e0 Edmonton<\/a>.<\/p>\n<h3>Un engagement philanthropique exceptionnel<\/h3>\n<p>Un don de 5 000 000 $, offert par <strong>Vickie Zhao<\/strong> et <strong>Alex Ionescu<\/strong>, viendra soutenir la cr\u00e9ation artistique. Ce financement contribuera au d\u00e9veloppement de nouvelles productions et \u00e0 la mise en avant des talents lyriques montr\u00e9alais. En reconnaissance de ce geste, la direction artistique de l\u2019Op\u00e9ra de Montr\u00e9al portera le nom de \u00ab Direction artistique &#8211; Famille Zhao-Ionescu \u00bb pour les cinq prochaines saisons. Une belle nouvelle pour le milieu culturel et de la philanthropie.<\/p>\n<p>Pour plus de d\u00e9tails sur la saison et les spectacles, consultez <a href=\"https:\/\/www.operademontreal.com\/laffiche\/saison-25-26\">https:\/\/www.operademontreal.com\/laffiche\/saison-25-26<\/a><\/p>\n<h2><em>Inscrivez-vous \u00e0 notre infolettre! La musique classique et l\u2019op\u00e9ra en 5 minutes, chaque jour<\/em> <a href=\"https:\/\/ludwig-van.us9.list-manage.com\/subscribe?u=4f785cb3f9058f2393ccad035&amp;id=b9b160c032\" target=\"_blank\" rel=\"noopener noreferrer\">ICI\u00a0<\/a><\/h2>\n","protected":false},"excerpt":{"rendered":"<p>L\u2019Op\u00e9ra de Montr\u00e9al a d\u00e9voil\u00e9, le 26 f\u00e9vrier 2025, la programmation de sa 46e saison, qui met en avant les choix humains et leurs r\u00e9percussions. Cette s\u00e9lection artistique refl\u00e8te une volont\u00e9 de questionner notre rapport aux d\u00e9cisions et aux cons\u00e9quences qui en d\u00e9coulent.<\/p>\n","protected":false},"author":86,"featured_media":86521,"comment_status":"open","ping_status":"open","sticky":false,"template":"","format":"standard","meta":{"om_disable_all_campaigns":false,"jetpack_post_was_ever_published":false},"categories":[42299],"tags":[42300,2498],"yst_prominent_words":[9840,11678,27143,38179,10538,10519,11152,11145,7694,9811,11452,10546,22592,10541],"acf":[],"jetpack_featured_media_url":"https:\/\/www.ludwig-van.com\/montreal\/wp-content\/uploads\/sites\/3\/2025\/02\/Copie-de-NOUVELLE2.jpg","jetpack_sharing_enabled":true,"jetpack_shortlink":"https:\/\/wp.me\/p9bdYt-mvu","amp_enabled":true,"_links":{"self":[{"href":"https:\/\/www.ludwig-van.com\/montreal\/wp-json\/wp\/v2\/posts\/86520"}],"collection":[{"href":"https:\/\/www.ludwig-van.com\/montreal\/wp-json\/wp\/v2\/posts"}],"about":[{"href":"https:\/\/www.ludwig-van.com\/montreal\/wp-json\/wp\/v2\/types\/post"}],"author":[{"embeddable":true,"href":"https:\/\/www.ludwig-van.com\/montreal\/wp-json\/wp\/v2\/users\/86"}],"replies":[{"embeddable":true,"href":"https:\/\/www.ludwig-van.com\/montreal\/wp-json\/wp\/v2\/comments?post=86520"}],"version-history":[{"count":27,"href":"https:\/\/www.ludwig-van.com\/montreal\/wp-json\/wp\/v2\/posts\/86520\/revisions"}],"predecessor-version":[{"id":86550,"href":"https:\/\/www.ludwig-van.com\/montreal\/wp-json\/wp\/v2\/posts\/86520\/revisions\/86550"}],"wp:featuredmedia":[{"embeddable":true,"href":"https:\/\/www.ludwig-van.com\/montreal\/wp-json\/wp\/v2\/media\/86521"}],"wp:attachment":[{"href":"https:\/\/www.ludwig-van.com\/montreal\/wp-json\/wp\/v2\/media?parent=86520"}],"wp:term":[{"taxonomy":"category","embeddable":true,"href":"https:\/\/www.ludwig-van.com\/montreal\/wp-json\/wp\/v2\/categories?post=86520"},{"taxonomy":"post_tag","embeddable":true,"href":"https:\/\/www.ludwig-van.com\/montreal\/wp-json\/wp\/v2\/tags?post=86520"},{"taxonomy":"yst_prominent_words","embeddable":true,"href":"https:\/\/www.ludwig-van.com\/montreal\/wp-json\/wp\/v2\/yst_prominent_words?post=86520"}],"curies":[{"name":"wp","href":"https:\/\/api.w.org\/{rel}","templated":true}]}}