{"id":86231,"date":"2025-02-10T13:22:28","date_gmt":"2025-02-10T18:22:28","guid":{"rendered":"https:\/\/www.ludwig-van.com\/montreal\/?p=86231"},"modified":"2025-02-10T13:22:28","modified_gmt":"2025-02-10T18:22:28","slug":"choix-de-la-redaction-bouquet-de-sorties-musicales-pour-la-saint-valentin","status":"publish","type":"post","link":"https:\/\/www.ludwig-van.com\/montreal\/2025\/02\/10\/choix-de-la-redaction-bouquet-de-sorties-musicales-pour-la-saint-valentin\/","title":{"rendered":"CHOIX DE LA R\u00c9DACTION | Bouquet de sorties musicales pour la Saint-Valentin"},"content":{"rendered":"<figure id=\"attachment_86239\" aria-describedby=\"caption-attachment-86239\" style=\"width: 1200px\" class=\"wp-caption aligncenter\"><img decoding=\"async\" loading=\"lazy\" class=\"size-full wp-image-86239\" src=\"https:\/\/www.ludwig-van.com\/montreal\/wp-content\/uploads\/sites\/3\/2025\/02\/Copie-de-CONCERTS10.jpg\" alt=\"Steven Isserlis (Jean-Baptiste Millot); Val\u00e9rie Milot (Photo : Julie Antacho); Sophia Shuya Liu (Photo : Kiyusaki Hiroaki)\" width=\"1200\" height=\"628\" srcset=\"https:\/\/www.ludwig-van.com\/montreal\/wp-content\/uploads\/sites\/3\/2025\/02\/Copie-de-CONCERTS10.jpg 1200w, https:\/\/www.ludwig-van.com\/montreal\/wp-content\/uploads\/sites\/3\/2025\/02\/Copie-de-CONCERTS10-300x157.jpg 300w, https:\/\/www.ludwig-van.com\/montreal\/wp-content\/uploads\/sites\/3\/2025\/02\/Copie-de-CONCERTS10-1024x536.jpg 1024w, https:\/\/www.ludwig-van.com\/montreal\/wp-content\/uploads\/sites\/3\/2025\/02\/Copie-de-CONCERTS10-768x402.jpg 768w\" sizes=\"(max-width: 1200px) 100vw, 1200px\" \/><figcaption id=\"caption-attachment-86239\" class=\"wp-caption-text\">Steven Isserlis (Jean-Baptiste Millot); Val\u00e9rie Milot (Photo : Julie Antacho); Sophia Shuya Liu (Photo : Kinosaki Hiroaki)<\/figcaption><\/figure>\n<p>La Saint-Valentin est \u00e0 nos portes, et c&rsquo;est l&rsquo;occasion id\u00e9ale pour une sortie musicale, \u00e0 offrir ou \u00e0 s&rsquo;offrir! C\u2019est bien meilleur que du chocolat, autant pour votre sant\u00e9 que pour celle de la sc\u00e8ne culturelle!<\/p>\n<h3><\/h3>\n<figure id=\"attachment_86238\" aria-describedby=\"caption-attachment-86238\" style=\"width: 1200px\" class=\"wp-caption aligncenter\"><img decoding=\"async\" loading=\"lazy\" class=\"size-full wp-image-86238\" src=\"https:\/\/www.ludwig-van.com\/montreal\/wp-content\/uploads\/sites\/3\/2025\/02\/Isserlis_Steven_pc_Jean_Baptiste_Millot.jpg\" alt=\"Steven Isserlis (Photo : Jean-Baptiste Millot)\" width=\"1200\" height=\"798\" srcset=\"https:\/\/www.ludwig-van.com\/montreal\/wp-content\/uploads\/sites\/3\/2025\/02\/Isserlis_Steven_pc_Jean_Baptiste_Millot.jpg 1200w, https:\/\/www.ludwig-van.com\/montreal\/wp-content\/uploads\/sites\/3\/2025\/02\/Isserlis_Steven_pc_Jean_Baptiste_Millot-300x200.jpg 300w, https:\/\/www.ludwig-van.com\/montreal\/wp-content\/uploads\/sites\/3\/2025\/02\/Isserlis_Steven_pc_Jean_Baptiste_Millot-1024x681.jpg 1024w, https:\/\/www.ludwig-van.com\/montreal\/wp-content\/uploads\/sites\/3\/2025\/02\/Isserlis_Steven_pc_Jean_Baptiste_Millot-768x511.jpg 768w\" sizes=\"(max-width: 1200px) 100vw, 1200px\" \/><figcaption id=\"caption-attachment-86238\" class=\"wp-caption-text\">Steven Isserlis (Photo : Jean-Baptiste Millot)<\/figcaption><\/figure>\n<h3>Steven Isserlis, violoncelle et Connie Shih, piano<\/h3>\n<p>Pour leur retour \u00e0 la Salle Bourgie, <b>Steven Isserlis<\/b>, violoncelle, et <b>Connie Shih<\/b>, piano, vous interpr\u00e9teront deux incontournables du r\u00e9pertoire pour violoncelle et piano, les sonates pour violoncelle en <i>sol<\/i> mineur et en <i>la<\/i> majeur de Beethoven. S\u2019ajoutent \u00e9galement \u00e0 la programmation deux raret\u00e9s de figures musicales du XXe si\u00e8cle, l\u2019une de Nadia Boulanger et l\u2019autre de Bohuslav Martin\u016f.<\/p>\n<p>LE 11 F\u00c9VRIER, 19 H 30, SALLE BOURGIE\u00a0 <a href=\"https:\/\/www.mbam.qc.ca\/fr\/activites\/steven-isserlis-violoncelle-connie-shih-piano\/\" target=\"_blank\" rel=\"noopener\">D\u00c9TAILS ET BILLETS<\/a><\/p>\n<p>&nbsp;<\/p>\n<figure id=\"attachment_86235\" aria-describedby=\"caption-attachment-86235\" style=\"width: 1200px\" class=\"wp-caption aligncenter\"><img decoding=\"async\" loading=\"lazy\" class=\"size-full wp-image-86235\" src=\"https:\/\/www.ludwig-van.com\/montreal\/wp-content\/uploads\/sites\/3\/2025\/02\/Sophia_shuya_liu_Kinosaki-Horiyaki.png\" alt=\"Sophia Shuya Liu (Photo : Kinosaki Hiroaki)\" width=\"1200\" height=\"601\" srcset=\"https:\/\/www.ludwig-van.com\/montreal\/wp-content\/uploads\/sites\/3\/2025\/02\/Sophia_shuya_liu_Kinosaki-Horiyaki.png 1200w, https:\/\/www.ludwig-van.com\/montreal\/wp-content\/uploads\/sites\/3\/2025\/02\/Sophia_shuya_liu_Kinosaki-Horiyaki-300x150.png 300w, https:\/\/www.ludwig-van.com\/montreal\/wp-content\/uploads\/sites\/3\/2025\/02\/Sophia_shuya_liu_Kinosaki-Horiyaki-1024x513.png 1024w, https:\/\/www.ludwig-van.com\/montreal\/wp-content\/uploads\/sites\/3\/2025\/02\/Sophia_shuya_liu_Kinosaki-Horiyaki-768x385.png 768w\" sizes=\"(max-width: 1200px) 100vw, 1200px\" \/><figcaption id=\"caption-attachment-86235\" class=\"wp-caption-text\">Sophia Shuya Liu (Photo : Kinosaki Hiroaki)<\/figcaption><\/figure>\n<h3>Sophia Shuya Liu, piano<\/h3>\n<p>La jeune pianiste de 16 ans <b>Sophia Shuya Liu<\/b> a commenc\u00e9 \u00e0 apprendre le piano \u00e0 l\u2019\u00e2ge de 4 ans et s\u2019est pr\u00e9sent\u00e9e \u00e0 des concours internationaux d\u00e8s l\u2019\u00e2ge de 5 ans. N\u00e9e \u00e0 Shanghai pour ensuite d\u00e9m\u00e9nager avec ses parents au Japon, la montr\u00e9alaise d\u2019adoption a gagn\u00e9 d\u2019innombrables prix \u00e0 l\u2019international et, malgr\u00e9 son jeune \u00e2ge, a d\u00e9j\u00e0 partag\u00e9 la sc\u00e8ne avec plusieurs pianistes de renom et collabor\u00e9 avec des orchestres symphoniques. Pour ce r\u00e9cital, elle a choisi de vous interpr\u00e9ter du Tcha\u00efkovski, du Liszt et du Chopin.<\/p>\n<p>LE 12 F\u00c9VRIER, 12 H 10, SALLE CLAUDE-L\u00c9VEILL\u00c9E\u00a0 <a href=\"https:\/\/www.placedesarts.com\/evenement\/sophia-shuya-liu\" target=\"_blank\" rel=\"noopener\">D\u00c9TAILS ET BILLETS <\/a><\/p>\n<h3><\/h3>\n<figure id=\"attachment_77330\" aria-describedby=\"caption-attachment-77330\" style=\"width: 1200px\" class=\"wp-caption aligncenter\"><img decoding=\"async\" loading=\"lazy\" class=\"size-full wp-image-77330\" src=\"https:\/\/www.ludwig-van.com\/montreal\/wp-content\/uploads\/sites\/3\/2023\/08\/Alisa-Weilerstein.jpg\" alt=\"Alisa Weilerstein (Photo: courtoisie de l'OSM)\" width=\"1200\" height=\"381\" \/><figcaption id=\"caption-attachment-77330\" class=\"wp-caption-text\">Alisa Weilerstein (Photo : courtoisie de l&rsquo;OSM)<\/figcaption><\/figure>\n<h3>OSM &#8211; Ravel et Prokofiev par Weilerstein et Payare<\/h3>\n<p><strong>Places limit\u00e9es!<\/strong><\/p>\n<p>En cette semaine de la St-Valentin, l\u2019<b>Orchestre symphonique de Montr\u00e9al<\/b>, dirig\u00e9 par <b>Rafael Payare<\/b>, vous offre une \u0153uvre tout en sensualit\u00e9, la musique du ballet <i>Daphnis et Chlo\u00e9<\/i> de Ravel. \u00c9galement au programme de la soir\u00e9e, la <i>Sinfonia concertante<\/i> de Prokofiev, teint\u00e9e d\u2019un humour sarcastique, qui sera interpr\u00e9t\u00e9e par la violoncelliste <b>Alisa Weilerstein<\/b>.<\/p>\n<p>LES 12 ET 13 F\u00c9VRIER, 19 H 30, MAISON SYMPHONIQUE\u00a0 <a href=\"https:\/\/www.placedesarts.com\/evenement\/ravel-et-prokofiev-par-weilerstein-et-payare\" target=\"_blank\" rel=\"noopener\">D\u00c9TAILS ET BILLETS<\/a><\/p>\n<h3><\/h3>\n<figure id=\"attachment_83365\" aria-describedby=\"caption-attachment-83365\" style=\"width: 1200px\" class=\"wp-caption aligncenter\"><img decoding=\"async\" loading=\"lazy\" class=\"size-full wp-image-83365\" src=\"https:\/\/www.ludwig-van.com\/montreal\/wp-content\/uploads\/sites\/3\/2024\/08\/Benjamin-Appl_Eric-Lu.jpg\" alt=\"Benjamin Appl, baryton; Eric Lu, pianiste (Photos : courtoisie Salle Bourgie)\" width=\"1200\" height=\"1200\" srcset=\"https:\/\/www.ludwig-van.com\/montreal\/wp-content\/uploads\/sites\/3\/2024\/08\/Benjamin-Appl_Eric-Lu.jpg 1200w, https:\/\/www.ludwig-van.com\/montreal\/wp-content\/uploads\/sites\/3\/2024\/08\/Benjamin-Appl_Eric-Lu-300x300.jpg 300w, https:\/\/www.ludwig-van.com\/montreal\/wp-content\/uploads\/sites\/3\/2024\/08\/Benjamin-Appl_Eric-Lu-1024x1024.jpg 1024w, https:\/\/www.ludwig-van.com\/montreal\/wp-content\/uploads\/sites\/3\/2024\/08\/Benjamin-Appl_Eric-Lu-150x150.jpg 150w, https:\/\/www.ludwig-van.com\/montreal\/wp-content\/uploads\/sites\/3\/2024\/08\/Benjamin-Appl_Eric-Lu-768x768.jpg 768w\" sizes=\"(max-width: 1200px) 100vw, 1200px\" \/><figcaption id=\"caption-attachment-83365\" class=\"wp-caption-text\">Benjamin Appl, baryton; Eric Lu, pianiste (Photos : courtoisie Salle Bourgie)<\/figcaption><\/figure>\n<h3>Benjamin Appl, baryton &amp; Eric Lu, piano &#8211; Le Chant du cygne de Schubert<\/h3>\n<p>Le baryton germano-britannique <b>Benjamin Appl<\/b> et le pianiste am\u00e9ricain <b>Eric Lu<\/b> joignent leurs forces pour vous pr\u00e9senter le <i>Chant du cygne<\/i> de Schubert ainsi que <i>\u00c0 la bien-aim\u00e9e<\/i> de Beethoven. Tout d\u2019abord int\u00e9ress\u00e9 \u00e0 faire carri\u00e8re dans les banques, Benjamin Appl a finalement choisi de poursuivre sa carri\u00e8re vocale et est maintenant surtout reconnu comme chanteur de lieder.<\/p>\n<p>LE 13 F\u00c9VRIER, 19 H 30, SALLE BOURGIE\u00a0<a href=\"https:\/\/www.mbam.qc.ca\/fr\/activites\/benjamin-appl-baryton-eric-lu-piano-le-chant-du-cygne-de-schubert\/\" target=\"_blank\" rel=\"noopener\"> D\u00c9TAILS ET BILLETS<\/a><\/p>\n<p>&nbsp;<\/p>\n<figure id=\"attachment_86234\" aria-describedby=\"caption-attachment-86234\" style=\"width: 1200px\" class=\"wp-caption aligncenter\"><img decoding=\"async\" loading=\"lazy\" class=\"size-full wp-image-86234\" src=\"https:\/\/www.ludwig-van.com\/montreal\/wp-content\/uploads\/sites\/3\/2025\/02\/OSQ_Brel.png\" alt=\"Pierrot Fournier chante Brel. (Photo : courtoisie OSQ)\" width=\"1200\" height=\"778\" srcset=\"https:\/\/www.ludwig-van.com\/montreal\/wp-content\/uploads\/sites\/3\/2025\/02\/OSQ_Brel.png 1200w, https:\/\/www.ludwig-van.com\/montreal\/wp-content\/uploads\/sites\/3\/2025\/02\/OSQ_Brel-300x195.png 300w, https:\/\/www.ludwig-van.com\/montreal\/wp-content\/uploads\/sites\/3\/2025\/02\/OSQ_Brel-1024x664.png 1024w, https:\/\/www.ludwig-van.com\/montreal\/wp-content\/uploads\/sites\/3\/2025\/02\/OSQ_Brel-768x498.png 768w\" sizes=\"(max-width: 1200px) 100vw, 1200px\" \/><figcaption id=\"caption-attachment-86234\" class=\"wp-caption-text\">Pierrot Fournier chante Brel. (Photo : courtoisie OSQ)<\/figcaption><\/figure>\n<h3>\u00c0 Qu\u00e9bec : OSQ &#8211; Une Saint-Valentin avec Brel<\/h3>\n<p>Passez la St-Valentin \u00e0 Qu\u00e9bec! Dans le cadre de la programmation du Carnaval de Qu\u00e9bec, l\u2019<b>Orchestre symphonique de Qu\u00e9bec<\/b> pr\u00e9sente un hommage \u00e0 l\u2019immortel auteur-compositeur-interpr\u00e8te belge, Jacques Brel. Sous la direction de <b>Simon Rivard<\/b>, le chanteur <b>Pierrot Fournier<\/b> se joint \u00e0 l\u2019Orchestre pour partager son amour de la chanson fran\u00e7aise gr\u00e2ce aux arrangements de <b>Gilles Bellemare<\/b>.<\/p>\n<p>LES 13 ET 14 F\u00c9VRIER, 20 H, GRAND TH\u00c9\u00c2TRE DE QU\u00c9BEC\u00a0 <a href=\"https:\/\/www.osq.org\/concerts\/une-saint-valentin-avec-brel\/\" target=\"_blank\" rel=\"noopener\">D\u00c9TAILS ET BILLETS<\/a><\/p>\n<p>&nbsp;<\/p>\n<figure id=\"attachment_75857\" aria-describedby=\"caption-attachment-75857\" style=\"width: 1200px\" class=\"wp-caption aligncenter\"><img decoding=\"async\" loading=\"lazy\" class=\"wp-image-75857 size-full\" src=\"https:\/\/www.ludwig-van.com\/montreal\/wp-content\/uploads\/sites\/3\/2023\/04\/Ensemble-Caprice.jpg\" alt=\"Matthias Maute et l'Ensemble Caprice (Photo : Tam Lan Truong)\" width=\"1200\" height=\"1200\" \/><figcaption id=\"caption-attachment-75857\" class=\"wp-caption-text\">Matthias Maute et l&rsquo;Ensemble Caprice (Photo : Tam Lan Truong)<\/figcaption><\/figure>\n<h3>Ensemble Caprice et Ensemble ArtChoral &#8211; La Neuvi\u00e8me de Beethoven<\/h3>\n<p>Pour la Saint-Valentin, l\u2019<b>Ensemble Caprice<\/b> et l\u2019<b>Ensemble ArtChoral <\/b>embrassent l&rsquo;humanit\u00e9 enti\u00e8re et offrent la c\u00e9l\u00e8bre <i>Symphonie no 9<\/i> de Beethoven avec, bien entendu, son mouvement final symbole de paix et de fraternit\u00e9 humaine. Sous la direction de <b>Matthias Maute<\/b>, les deux ensembles interpr\u00e9teront \u00e9galement <i>Hiob<\/i> de Fanny Mendelssohn-Hensel et une premi\u00e8re du compositeur <b>William Kraushaar<\/b>.<\/p>\n<p>LE 14 F\u00c9VRIER, 19 H 30, MAISON SYMPHONIQUE\u00a0 <a href=\"https:\/\/www.placedesarts.com\/evenement\/la-neuvieme-de-beethoven\" target=\"_blank\" rel=\"noopener\">D\u00c9TAILS ET BILLETS<\/a><\/p>\n<h3><\/h3>\n<figure id=\"attachment_82188\" aria-describedby=\"caption-attachment-82188\" style=\"width: 1200px\" class=\"wp-caption aligncenter\"><img decoding=\"async\" loading=\"lazy\" class=\"size-full wp-image-82188\" src=\"https:\/\/www.ludwig-van.com\/montreal\/wp-content\/uploads\/sites\/3\/2024\/06\/Kerson-Leong_Marco-Borggreve_cropped_1200.jpg\" alt=\"Kerson Leong (Photo : Marco Borggreve)\" width=\"1200\" height=\"700\" srcset=\"https:\/\/www.ludwig-van.com\/montreal\/wp-content\/uploads\/sites\/3\/2024\/06\/Kerson-Leong_Marco-Borggreve_cropped_1200.jpg 1200w, https:\/\/www.ludwig-van.com\/montreal\/wp-content\/uploads\/sites\/3\/2024\/06\/Kerson-Leong_Marco-Borggreve_cropped_1200-300x175.jpg 300w, https:\/\/www.ludwig-van.com\/montreal\/wp-content\/uploads\/sites\/3\/2024\/06\/Kerson-Leong_Marco-Borggreve_cropped_1200-1024x597.jpg 1024w, https:\/\/www.ludwig-van.com\/montreal\/wp-content\/uploads\/sites\/3\/2024\/06\/Kerson-Leong_Marco-Borggreve_cropped_1200-768x448.jpg 768w\" sizes=\"(max-width: 1200px) 100vw, 1200px\" \/><figcaption id=\"caption-attachment-82188\" class=\"wp-caption-text\">Kerson Leong (Photo : Marco Borggreve)<\/figcaption><\/figure>\n<h3>Les Violons du Roy &#8211; Un violon hors du temps<\/h3>\n<p><strong>Place limit\u00e9es!<\/strong><\/p>\n<p>Le violoniste <b>Kerson Leong<\/b>, les <b>Violons du Roy<\/b> et le chef <b>Nicolas Ellis<\/b> sont de nouveau r\u00e9unis dans ce concert qui ouvrira avec une \u0153uvre tout sp\u00e9cialement cr\u00e9\u00e9e pour eux par <b>Kelly-Marie Murphy<\/b>. Vous pourrez en plus y entendre un choral de Bach ainsi qu\u2019une symphonie pour cordes et un quatuor \u00e0 cordes de Felix Mendelssohn.<\/p>\n<p>LE 14 F\u00c9VRIER, 19 H 30, SALLE BOURGIE\u00a0 <a href=\"https:\/\/www.mbam.qc.ca\/fr\/activites\/un-violon-hors-du-temps\/\" target=\"_blank\" rel=\"noopener\">D\u00c9TAILS ET BILLETS<\/a><\/p>\n<p>&nbsp;<\/p>\n<figure id=\"attachment_86233\" aria-describedby=\"caption-attachment-86233\" style=\"width: 1200px\" class=\"wp-caption aligncenter\"><img decoding=\"async\" loading=\"lazy\" class=\"size-full wp-image-86233\" src=\"https:\/\/www.ludwig-van.com\/montreal\/wp-content\/uploads\/sites\/3\/2025\/02\/Emmanuel-Bilodeau_Carl-Lessard.png\" alt=\"Emmanuel Bilodeau (Photo : Carl Lessard)\" width=\"1200\" height=\"873\" srcset=\"https:\/\/www.ludwig-van.com\/montreal\/wp-content\/uploads\/sites\/3\/2025\/02\/Emmanuel-Bilodeau_Carl-Lessard.png 1200w, https:\/\/www.ludwig-van.com\/montreal\/wp-content\/uploads\/sites\/3\/2025\/02\/Emmanuel-Bilodeau_Carl-Lessard-300x218.png 300w, https:\/\/www.ludwig-van.com\/montreal\/wp-content\/uploads\/sites\/3\/2025\/02\/Emmanuel-Bilodeau_Carl-Lessard-1024x745.png 1024w, https:\/\/www.ludwig-van.com\/montreal\/wp-content\/uploads\/sites\/3\/2025\/02\/Emmanuel-Bilodeau_Carl-Lessard-768x559.png 768w\" sizes=\"(max-width: 1200px) 100vw, 1200px\" \/><figcaption id=\"caption-attachment-86233\" class=\"wp-caption-text\">Emmanuel Bilodeau (Photo : Carl Lessard)<\/figcaption><\/figure>\n<h3>Concerts famille &#8211; Cupidon et la m\u00e9lodie des c\u0153urs<\/h3>\n<p>Dans ce conte musical ayant comme public cible les 5 ans et plus, Cupidon r\u00e9pond aux questions de M\u00e9lodie, une petite fille craignant que son c\u0153ur \u00e9clate d\u2019amour. C\u2019est gr\u00e2ce au com\u00e9dien <b>Emmanuel Bilodeau<\/b> et aux interpr\u00e8tes de l\u2019<b>Orchestre M\u00e9tropolitain<\/b> <b>Oleg Larshin<\/b>, violon, <b>Fr\u00e9d\u00e9ric Lambert<\/b>, alto, <b>Agn\u00e8s Langlois<\/b>, violoncelle, et <b>Julien B\u00e9langer<\/b>, percussions que ce conte prendra vie pour ravir toute la famille.<\/p>\n<p>LE 16 F\u00c9VRIER, 14 H 30, SALLE BOURGIE<a href=\"https:\/\/www.mbam.qc.ca\/fr\/activites\/cupidon-et-la-melodie-des-curs\/\" target=\"_blank\" rel=\"noopener\">\u00a0 D\u00c9TAILS ET BILLETS<\/a><\/p>\n<p>&nbsp;<\/p>\n<figure id=\"attachment_86232\" aria-describedby=\"caption-attachment-86232\" style=\"width: 1121px\" class=\"wp-caption aligncenter\"><img decoding=\"async\" loading=\"lazy\" class=\"size-full wp-image-86232\" src=\"https:\/\/www.ludwig-van.com\/montreal\/wp-content\/uploads\/sites\/3\/2025\/02\/Valerie-Milot_Julie-Artacho-2022.jpg\" alt=\"Val\u00e9rie Milot (Photo : Julie Artacho)\" width=\"1121\" height=\"801\" srcset=\"https:\/\/www.ludwig-van.com\/montreal\/wp-content\/uploads\/sites\/3\/2025\/02\/Valerie-Milot_Julie-Artacho-2022.jpg 1121w, https:\/\/www.ludwig-van.com\/montreal\/wp-content\/uploads\/sites\/3\/2025\/02\/Valerie-Milot_Julie-Artacho-2022-300x214.jpg 300w, https:\/\/www.ludwig-van.com\/montreal\/wp-content\/uploads\/sites\/3\/2025\/02\/Valerie-Milot_Julie-Artacho-2022-1024x732.jpg 1024w, https:\/\/www.ludwig-van.com\/montreal\/wp-content\/uploads\/sites\/3\/2025\/02\/Valerie-Milot_Julie-Artacho-2022-768x549.jpg 768w\" sizes=\"(max-width: 1121px) 100vw, 1121px\" \/><figcaption id=\"caption-attachment-86232\" class=\"wp-caption-text\">Val\u00e9rie Milot (Photo : Julie Artacho)<\/figcaption><\/figure>\n<h3>\u00c0 Shawinigan : OSTR &#8211; Danses c\u00e9lestes<\/h3>\n<p>L\u2019<b>Orchestre symphonique de Trois-Rivi\u00e8res<\/b> et son chef <b>Alain Trudel<\/b> vous pr\u00e9sentent une immersion dans la musique fran\u00e7aise gr\u00e2ce \u00e0 des \u0153uvres de Maurice Ravel et Claude Debussy mettant en vedette la harpiste <b>Val\u00e9rie Milot<\/b>. Ils poursuivent \u00e9galement leur exploration du r\u00e9pertoire du compositeur trifluvien Jacques H\u00e9tu en interpr\u00e9tant sa premi\u00e8re symphonie.<\/p>\n<p>LE 16 F\u00c9VRIER, 14 H 30, CENTRE DES ARTS DE SHAWINIGAN\u00a0 <a href=\"https:\/\/ostr.ca\/programmation\/grands-concerts\/danses-celestes\/\" target=\"_blank\" rel=\"noopener\">D\u00c9TAILS ET BILLETS<\/a><\/p>\n<h2><em>Inscrivez-vous \u00e0 notre infolettre! La musique classique et l\u2019op\u00e9ra en 5 minutes, chaque jour<\/em> <a href=\"https:\/\/ludwig-van.us9.list-manage.com\/subscribe?u=4f785cb3f9058f2393ccad035&amp;id=b9b160c032\" target=\"_blank\" rel=\"noopener noreferrer\">ICI\u00a0<\/a><\/h2>\n","protected":false},"excerpt":{"rendered":"<p>La Saint-Valentin est \u00e0 nos portes, et c&rsquo;est l&rsquo;occasion id\u00e9ale pour une sortie musicale, \u00e0 offrir ou \u00e0 s&rsquo;offrir! C\u2019est bien meilleur que du chocolat, autant pour votre sant\u00e9 que pour celle de la sc\u00e8ne culturelle!<\/p>\n","protected":false},"author":1,"featured_media":86239,"comment_status":"open","ping_status":"open","sticky":false,"template":"","format":"standard","meta":{"om_disable_all_campaigns":false,"jetpack_post_was_ever_published":false},"categories":[42299,10994],"tags":[42300,2542,30481,42244,42308],"yst_prominent_words":[18612,37812,9863,18022,13120,13117,33504,31965,26052,16844,16842,16843,18329,21882,13119,33503,31964],"acf":[],"jetpack_featured_media_url":"https:\/\/www.ludwig-van.com\/montreal\/wp-content\/uploads\/sites\/3\/2025\/02\/Copie-de-CONCERTS10.jpg","jetpack_sharing_enabled":true,"jetpack_shortlink":"https:\/\/wp.me\/p9bdYt-mqP","amp_enabled":true,"_links":{"self":[{"href":"https:\/\/www.ludwig-van.com\/montreal\/wp-json\/wp\/v2\/posts\/86231"}],"collection":[{"href":"https:\/\/www.ludwig-van.com\/montreal\/wp-json\/wp\/v2\/posts"}],"about":[{"href":"https:\/\/www.ludwig-van.com\/montreal\/wp-json\/wp\/v2\/types\/post"}],"author":[{"embeddable":true,"href":"https:\/\/www.ludwig-van.com\/montreal\/wp-json\/wp\/v2\/users\/1"}],"replies":[{"embeddable":true,"href":"https:\/\/www.ludwig-van.com\/montreal\/wp-json\/wp\/v2\/comments?post=86231"}],"version-history":[{"count":2,"href":"https:\/\/www.ludwig-van.com\/montreal\/wp-json\/wp\/v2\/posts\/86231\/revisions"}],"predecessor-version":[{"id":86241,"href":"https:\/\/www.ludwig-van.com\/montreal\/wp-json\/wp\/v2\/posts\/86231\/revisions\/86241"}],"wp:featuredmedia":[{"embeddable":true,"href":"https:\/\/www.ludwig-van.com\/montreal\/wp-json\/wp\/v2\/media\/86239"}],"wp:attachment":[{"href":"https:\/\/www.ludwig-van.com\/montreal\/wp-json\/wp\/v2\/media?parent=86231"}],"wp:term":[{"taxonomy":"category","embeddable":true,"href":"https:\/\/www.ludwig-van.com\/montreal\/wp-json\/wp\/v2\/categories?post=86231"},{"taxonomy":"post_tag","embeddable":true,"href":"https:\/\/www.ludwig-van.com\/montreal\/wp-json\/wp\/v2\/tags?post=86231"},{"taxonomy":"yst_prominent_words","embeddable":true,"href":"https:\/\/www.ludwig-van.com\/montreal\/wp-json\/wp\/v2\/yst_prominent_words?post=86231"}],"curies":[{"name":"wp","href":"https:\/\/api.w.org\/{rel}","templated":true}]}}