{"id":86055,"date":"2025-01-28T16:36:01","date_gmt":"2025-01-28T21:36:01","guid":{"rendered":"https:\/\/www.ludwig-van.com\/montreal\/?p=86055"},"modified":"2025-02-03T07:00:03","modified_gmt":"2025-02-03T12:00:03","slug":"choix-de-la-redaction-tradition-et-extravagance","status":"publish","type":"post","link":"https:\/\/www.ludwig-van.com\/montreal\/2025\/01\/28\/choix-de-la-redaction-tradition-et-extravagance\/","title":{"rendered":"CHOIX DE LA R\u00c9DACTION | Tradition et extravagance"},"content":{"rendered":"<figure id=\"attachment_86073\" aria-describedby=\"caption-attachment-86073\" style=\"width: 1200px\" class=\"wp-caption aligncenter\"><img decoding=\"async\" loading=\"lazy\" class=\"size-full wp-image-86073\" src=\"https:\/\/www.ludwig-van.com\/montreal\/wp-content\/uploads\/sites\/3\/2025\/01\/Copie-de-CONCERTS7.jpg\" alt=\"Voivod symphonique, Christian Gerhaher et Gerold Huber (photo : Nikolaj Lund) , Godwin Friesen, Malena Lorenson et Leland Ko (photo : courtoisie OSM)\" width=\"1200\" height=\"628\" srcset=\"https:\/\/www.ludwig-van.com\/montreal\/wp-content\/uploads\/sites\/3\/2025\/01\/Copie-de-CONCERTS7.jpg 1200w, https:\/\/www.ludwig-van.com\/montreal\/wp-content\/uploads\/sites\/3\/2025\/01\/Copie-de-CONCERTS7-300x157.jpg 300w, https:\/\/www.ludwig-van.com\/montreal\/wp-content\/uploads\/sites\/3\/2025\/01\/Copie-de-CONCERTS7-1024x536.jpg 1024w, https:\/\/www.ludwig-van.com\/montreal\/wp-content\/uploads\/sites\/3\/2025\/01\/Copie-de-CONCERTS7-768x402.jpg 768w\" sizes=\"(max-width: 1200px) 100vw, 1200px\" \/><figcaption id=\"caption-attachment-86073\" class=\"wp-caption-text\">Voivod symphonique, Christian Gerhaher et Gerold Huber (photo : Nikolaj Lund) , Godwin Friesen, Malena Lorenson et Leland Ko (photo : courtoisie OSM)<\/figcaption><\/figure>\n<p>Cette semaine, aux c\u00f4t\u00e9s d&rsquo;\u0153uvres de Schumann, Haydn ou Beethoven, plusieurs concerts offrent des alternatives int\u00e9ressantes au canon \u00e9tabli, dont les prestations d&rsquo;un certain groupe montr\u00e9alais mythique d&rsquo;un style qui d\u00e9coiffe, mais qui a plus en commun avec la musique classique que vous pourriez penser! D\u00e9couvrez lequel dans nos s\u00e9lections de concerts de cette semaine!<\/p>\n<p>&nbsp;<\/p>\n<figure id=\"attachment_83391\" aria-describedby=\"caption-attachment-83391\" style=\"width: 1200px\" class=\"wp-caption aligncenter\"><img decoding=\"async\" loading=\"lazy\" class=\"size-full wp-image-83391\" src=\"https:\/\/www.ludwig-van.com\/montreal\/wp-content\/uploads\/sites\/3\/2024\/08\/Christian-Gerhaher-et-Gerold-Huber_Nikolaj-Lund.png\" alt=\"Christian Gerhaher, baryton et Gerold Huber, piano. (Photo : Nikolaj Lund)\" width=\"1200\" height=\"600\" srcset=\"https:\/\/www.ludwig-van.com\/montreal\/wp-content\/uploads\/sites\/3\/2024\/08\/Christian-Gerhaher-et-Gerold-Huber_Nikolaj-Lund.png 1200w, https:\/\/www.ludwig-van.com\/montreal\/wp-content\/uploads\/sites\/3\/2024\/08\/Christian-Gerhaher-et-Gerold-Huber_Nikolaj-Lund-300x150.png 300w, https:\/\/www.ludwig-van.com\/montreal\/wp-content\/uploads\/sites\/3\/2024\/08\/Christian-Gerhaher-et-Gerold-Huber_Nikolaj-Lund-1024x512.png 1024w, https:\/\/www.ludwig-van.com\/montreal\/wp-content\/uploads\/sites\/3\/2024\/08\/Christian-Gerhaher-et-Gerold-Huber_Nikolaj-Lund-768x384.png 768w\" sizes=\"(max-width: 1200px) 100vw, 1200px\" \/><figcaption id=\"caption-attachment-83391\" class=\"wp-caption-text\">Christian Gerhaher, baryton et Gerold Huber, piano. (Photo : Nikolaj Lund)<\/figcaption><\/figure>\n<h3>Christian Gerhaher, baryton &amp; Gerald Huber, piano &#8211; R\u00e9cital Schumann<\/h3>\n<p>La Salle Bourgie accueille le baryton allemand <b>Christian Gerhaher<\/b> accompagn\u00e9 au piano par <b>Gerald Huber<\/b> pour cette repr\u00e9sentation unique au Canada. Ces deux complices depuis plus de 30 ans interpr\u00e9teront un programme compos\u00e9 uniquement de lieder de Schumann.<\/p>\n<p>LE 28 JANVIER, 19 H 30, SALLE BOURGIE\u00a0 <a href=\"https:\/\/www.mbam.qc.ca\/fr\/activites\/christian-gerhaher-baryton-gerold-huber-piano-recital-schumann\/\" target=\"_blank\" rel=\"noopener\">D\u00c9TAILS ET BILLETS<\/a><\/p>\n<p>&nbsp;<\/p>\n<p><img decoding=\"async\" loading=\"lazy\" class=\"aligncenter size-full wp-image-86067\" src=\"https:\/\/www.ludwig-van.com\/montreal\/wp-content\/uploads\/sites\/3\/2025\/01\/Voivod-symphonique_carre.png\" alt=\"\" width=\"1000\" height=\"1000\" srcset=\"https:\/\/www.ludwig-van.com\/montreal\/wp-content\/uploads\/sites\/3\/2025\/01\/Voivod-symphonique_carre.png 1000w, https:\/\/www.ludwig-van.com\/montreal\/wp-content\/uploads\/sites\/3\/2025\/01\/Voivod-symphonique_carre-300x300.png 300w, https:\/\/www.ludwig-van.com\/montreal\/wp-content\/uploads\/sites\/3\/2025\/01\/Voivod-symphonique_carre-150x150.png 150w, https:\/\/www.ludwig-van.com\/montreal\/wp-content\/uploads\/sites\/3\/2025\/01\/Voivod-symphonique_carre-768x768.png 768w\" sizes=\"(max-width: 1000px) 100vw, 1000px\" \/><\/p>\n<h3>OSM &#8211; Vo\u00efvod symphonique<\/h3>\n<p>Et non, vous n\u2019hallucinez pas! Les classiques du mythique groupe qu\u00e9b\u00e9cois de m\u00e9tal <b>Vo\u00efvod<\/b> seront bel et bien pr\u00e9sent\u00e9s en version symphonique avec l\u2019<b>Orchestre symphonique de Montr\u00e9al<\/b> dirig\u00e9 par <b>Dina Gilbert<\/b>! Deux concerts qui ne laisseront certainement personne indiff\u00e9rent! (Pour en savoir plus sur les rapprochements entre musique classique et metal, nous vous recommandons l<a href=\"https:\/\/panm360.com\/dossiers-360\/affinites-meconnues-entre-metal-et-classique-revendication-dun-heritage-cousins-dans-lepique-1\/\" target=\"_blank\" rel=\"noopener\">a s\u00e9rie d&rsquo;articles par Laurent Bellemare chez nos coll\u00e8gues de Pan M 360<\/a>.)<\/p>\n<p>LES 29 ET 30 JANVIER, 20 H, SALLE WILFRID-PELLETIER\u00a0 <a href=\"https:\/\/www.osm.ca\/fr\/concert\/voivod-symphonique\/\" target=\"_blank\" rel=\"noopener\">D\u00c9TAILS ET BILLETS<\/a><\/p>\n<h3><\/h3>\n<figure id=\"attachment_86068\" aria-describedby=\"caption-attachment-86068\" style=\"width: 1200px\" class=\"wp-caption aligncenter\"><img decoding=\"async\" loading=\"lazy\" class=\"size-full wp-image-86068\" src=\"https:\/\/www.ludwig-van.com\/montreal\/wp-content\/uploads\/sites\/3\/2025\/01\/Imogen-Cooper_Sim-Canetty-Clarke_1200.jpg\" alt=\"La pianiste Imogen Cooper (Photo : Sim Canetty-Clarke)\" width=\"1200\" height=\"753\" srcset=\"https:\/\/www.ludwig-van.com\/montreal\/wp-content\/uploads\/sites\/3\/2025\/01\/Imogen-Cooper_Sim-Canetty-Clarke_1200.jpg 1200w, https:\/\/www.ludwig-van.com\/montreal\/wp-content\/uploads\/sites\/3\/2025\/01\/Imogen-Cooper_Sim-Canetty-Clarke_1200-300x188.jpg 300w, https:\/\/www.ludwig-van.com\/montreal\/wp-content\/uploads\/sites\/3\/2025\/01\/Imogen-Cooper_Sim-Canetty-Clarke_1200-1024x643.jpg 1024w, https:\/\/www.ludwig-van.com\/montreal\/wp-content\/uploads\/sites\/3\/2025\/01\/Imogen-Cooper_Sim-Canetty-Clarke_1200-768x482.jpg 768w\" sizes=\"(max-width: 1200px) 100vw, 1200px\" \/><figcaption id=\"caption-attachment-86068\" class=\"wp-caption-text\">La pianiste Imogen Cooper (Photo : Sim Canetty-Clarke)<\/figcaption><\/figure>\n<h3>Imogen Cooper &#8211; Les trois derni\u00e8res sonates de Beethoven<\/h3>\n<p>Reconnue pour sa sensibilit\u00e9 et son lyrisme, la pianiste <b>Imogen Cooper<\/b> est consid\u00e9r\u00e9e comme l\u2019une des plus remarquables musiciens\u00b7nes originaire d\u2019Angleterre. Ce sont les sonates num\u00e9ro 30, 31 et 32 de Beethoven qu\u2019elle interpr\u00e9tera lors de ce concert de la s\u00e9rie Pianiste d\u2019exception de la Salle Bourgie.<\/p>\n<p>LE 30 JANVIER, 19 H 30, SALLE BOURGIE\u00a0 <a href=\"https:\/\/www.mbam.qc.ca\/fr\/activites\/imogen-cooper-piano-les-trois-dernieres-sonates-de-beethoven\/\" target=\"_blank\" rel=\"noopener\">D\u00c9TAILS ET BILLETS<\/a><\/p>\n<p>&nbsp;<\/p>\n<figure id=\"attachment_86069\" aria-describedby=\"caption-attachment-86069\" style=\"width: 1000px\" class=\"wp-caption aligncenter\"><img decoding=\"async\" loading=\"lazy\" class=\"size-full wp-image-86069\" src=\"https:\/\/www.ludwig-van.com\/montreal\/wp-content\/uploads\/sites\/3\/2025\/01\/Pipa_Concerto_Credit_Yuxuan-Kong.jpg\" alt=\"(Illustration : Yuxuan Kong)\" width=\"1000\" height=\"1000\" srcset=\"https:\/\/www.ludwig-van.com\/montreal\/wp-content\/uploads\/sites\/3\/2025\/01\/Pipa_Concerto_Credit_Yuxuan-Kong.jpg 1000w, https:\/\/www.ludwig-van.com\/montreal\/wp-content\/uploads\/sites\/3\/2025\/01\/Pipa_Concerto_Credit_Yuxuan-Kong-300x300.jpg 300w, https:\/\/www.ludwig-van.com\/montreal\/wp-content\/uploads\/sites\/3\/2025\/01\/Pipa_Concerto_Credit_Yuxuan-Kong-150x150.jpg 150w, https:\/\/www.ludwig-van.com\/montreal\/wp-content\/uploads\/sites\/3\/2025\/01\/Pipa_Concerto_Credit_Yuxuan-Kong-768x768.jpg 768w\" sizes=\"(max-width: 1000px) 100vw, 1000px\" \/><figcaption id=\"caption-attachment-86069\" class=\"wp-caption-text\">(Illustration : Yuxuan Kong)<\/figcaption><\/figure>\n<h3>L\u2019Orchestre FILMharmonique &#8211; <i>Les Amants Papillons<\/i><\/h3>\n<p>Sous la direction de <b>Fran\u00e7ois Choini\u00e8re<\/b>, l\u2019<b>Orchestre FILMharmonique<\/b> pr\u00e9sentera une \u0153uvre embl\u00e9matique du r\u00e9pertoire chinois, <i>Les Amants Papillons<\/i>. Ce concerto pour violon, dialogue entre la tradition orientale et occidentale inspir\u00e9 de deux amants maudits, mettra en valeur le violoniste <b>Guillaume Villeneuve<\/b>. \u00c9galement au programme, la premi\u00e8re mondiale du <i>Concerto pour Pipa et Orchestre <\/i>\u00abDragon\u00bb du compositeur qu\u00e9b\u00e9cois <b>Christian Thomas<\/b> interpr\u00e9t\u00e9 par <b>Liu Fang<\/b>.<\/p>\n<p>LE 30 JANVIER, 19 H 30, LA MAISON SYMPHONIQUE\u00a0 <a href=\"https:\/\/gfnproductions.ca\/fr\/productions\/les-amants-papillons\/\" target=\"_blank\" rel=\"noopener\">D\u00c9TAILS ET BILLETS<\/a><\/p>\n<p>&nbsp;<\/p>\n<figure id=\"attachment_50760\" aria-describedby=\"caption-attachment-50760\" style=\"width: 1024px\" class=\"wp-caption aligncenter\"><img decoding=\"async\" loading=\"lazy\" class=\"size-full wp-image-50760\" src=\"https:\/\/www.ludwig-van.com\/montreal\/wp-content\/uploads\/sites\/3\/2018\/01\/Choeur-classique-photo-principale-credit-Pierre-E\u0301tienne-Bergeron.jpg\" alt=\"Choeur classique de Montreal\" width=\"1024\" height=\"428\" srcset=\"https:\/\/www.ludwig-van.com\/montreal\/wp-content\/uploads\/sites\/3\/2018\/01\/Choeur-classique-photo-principale-credit-Pierre-E\u0301tienne-Bergeron.jpg 1024w, https:\/\/www.ludwig-van.com\/montreal\/wp-content\/uploads\/sites\/3\/2018\/01\/Choeur-classique-photo-principale-credit-Pierre-E\u0301tienne-Bergeron-300x125.jpg 300w, https:\/\/www.ludwig-van.com\/montreal\/wp-content\/uploads\/sites\/3\/2018\/01\/Choeur-classique-photo-principale-credit-Pierre-E\u0301tienne-Bergeron-768x321.jpg 768w\" sizes=\"(max-width: 1024px) 100vw, 1024px\" \/><figcaption id=\"caption-attachment-50760\" class=\"wp-caption-text\">Le Ch\u0153ur classique de Montr\u00e9al (Cr\u00e9dit: Pierre-\u00c9tienne Bergeron)<\/figcaption><\/figure>\n<h3>Ch\u0153ur classique de Montr\u00e9al &#8211; <i>La Cr\u00e9ation<\/i><\/h3>\n<p>C\u2019est accompagn\u00e9 par les instrumentistes de <b>Sinfonia de Montr\u00e9al<\/b> que les solistes <strong>Carole-Anne Roussel<\/strong>, <strong>Jean-Michel Richer<\/strong>, <strong>Matthew Li<\/strong>, <strong>Andr\u00e9anne Brisson-Paquin<\/strong> et <strong>Hugo Laporte<\/strong>, ainsi que les 75 choristes du <b>Ch\u0153ur classique de Montr\u00e9al<\/b> interpr\u00e9teront <i>La Cr\u00e9ation<\/i> de Joseph Haydn sous la direction de <strong>Louis Lavigueur<\/strong>. D\u00e9couvrez ou red\u00e9couvrez cette \u0153uvre o\u00f9 les trois parties &#8211; les \u00e9l\u00e9ments, la faune et l\u2019\u00eatre humain &#8211; racontent les d\u00e9buts de l\u2019Histoire.<\/p>\n<p>LE 31 JANVIER, 19 H 30, MAISON SYMPHONIQUE\u00a0 <a href=\"https:\/\/placedesarts.com\/fr\/evenement\/la-creation\" target=\"_blank\" rel=\"noopener\">D\u00c9TAILS ET BILLETS<\/a><\/p>\n<p>&nbsp;<\/p>\n<figure id=\"attachment_86072\" aria-describedby=\"caption-attachment-86072\" style=\"width: 1200px\" class=\"wp-caption aligncenter\"><img decoding=\"async\" loading=\"lazy\" class=\"size-full wp-image-86072\" src=\"https:\/\/www.ludwig-van.com\/montreal\/wp-content\/uploads\/sites\/3\/2025\/01\/Mon-beau-concerto_OSM.png\" alt=\"Godwin Friesen, Malena Lorenson, Leland Ko (Photos : courtoisie OSM)\" width=\"1200\" height=\"671\" srcset=\"https:\/\/www.ludwig-van.com\/montreal\/wp-content\/uploads\/sites\/3\/2025\/01\/Mon-beau-concerto_OSM.png 1200w, https:\/\/www.ludwig-van.com\/montreal\/wp-content\/uploads\/sites\/3\/2025\/01\/Mon-beau-concerto_OSM-300x168.png 300w, https:\/\/www.ludwig-van.com\/montreal\/wp-content\/uploads\/sites\/3\/2025\/01\/Mon-beau-concerto_OSM-1024x573.png 1024w, https:\/\/www.ludwig-van.com\/montreal\/wp-content\/uploads\/sites\/3\/2025\/01\/Mon-beau-concerto_OSM-768x429.png 768w\" sizes=\"(max-width: 1200px) 100vw, 1200px\" \/><figcaption id=\"caption-attachment-86072\" class=\"wp-caption-text\">Godwin Friesen, Malena Lorenson, Leland Ko (Photos : courtoisie OSM)<\/figcaption><\/figure>\n<h3>OSM &#8211; Mon beau concerto!<\/h3>\n<p>Ce concert anim\u00e9 pour un public de 8 ans et plus met l\u2019emphase sur la forme musicale qu\u2019est le concerto. Venez en d\u00e9couvrir tous ses secrets gr\u00e2ce \u00e0 l\u2019animatrice <b>Julie Daoust<\/b>, le chef d\u2019orchestre <b>Thomas Le Duc-Moreau<\/b>, ainsi que les laur\u00e9ats du Concours OSM <b>Godwin Friesen<\/b>, piano (laur\u00e9at 2022), <b>Leland Ko<\/b>, violoncelle (laur\u00e9at 2023), et <b>Malena Lorenson<\/b>, trombone basse (deuxi\u00e8me prix \u00e9dition 2024).<\/p>\n<p>LE 2 F\u00c9VRIER, 14 H, MAISON SYMPHONIQUE\u00a0<a href=\"https:\/\/www.osm.ca\/fr\/concert\/mon-beau-concerto\/?gad_source=1&amp;gclid=CjwKCAiAtNK8BhBBEiwA8wVt96yhBTKmPg2aELNJMGFwX-UeL_t_8Ajuln83-LAHpZeZHU1NmQAO7hoC9dQQAvD_BwE\" target=\"_blank\" rel=\"noopener\"> D\u00c9TAILS ET BILLETS<\/a><\/p>\n<h2><em>Inscrivez-vous \u00e0 notre infolettre! La musique classique et l\u2019op\u00e9ra en 5 minutes, chaque jour<\/em> <a href=\"https:\/\/ludwig-van.us9.list-manage.com\/subscribe?u=4f785cb3f9058f2393ccad035&amp;id=b9b160c032\" target=\"_blank\" rel=\"noopener noreferrer\">ICI\u00a0<\/a><\/h2>\n","protected":false},"excerpt":{"rendered":"<p>Cette semaine, aux c\u00f4t\u00e9s d&rsquo;\u0153uvres de Schumann, Haydn ou Beethoven, plusieurs concerts offrent des alternatives int\u00e9ressantes au canon \u00e9tabli, dont les prestations d&rsquo;un certain groupe montr\u00e9alais mythique d&rsquo;un style \u00e0 prime abord bien \u00e9loign\u00e9 de la musique classique! D\u00e9couvrez lequel dans nos s\u00e9lections de concerts de cette semaine!<\/p>\n","protected":false},"author":1,"featured_media":86073,"comment_status":"open","ping_status":"open","sticky":false,"template":"","format":"standard","meta":{"om_disable_all_campaigns":false,"jetpack_post_was_ever_published":false},"categories":[42299,10994],"tags":[42300,18011,2542],"yst_prominent_words":[9863,13120,13117,37650,33504,31965,16931,16932,26052,13119,33503,17138,17134,17133,26055,26053,31964,26054],"acf":[],"jetpack_featured_media_url":"https:\/\/www.ludwig-van.com\/montreal\/wp-content\/uploads\/sites\/3\/2025\/01\/Copie-de-CONCERTS7.jpg","jetpack_sharing_enabled":true,"jetpack_shortlink":"https:\/\/wp.me\/p9bdYt-mnZ","amp_enabled":true,"_links":{"self":[{"href":"https:\/\/www.ludwig-van.com\/montreal\/wp-json\/wp\/v2\/posts\/86055"}],"collection":[{"href":"https:\/\/www.ludwig-van.com\/montreal\/wp-json\/wp\/v2\/posts"}],"about":[{"href":"https:\/\/www.ludwig-van.com\/montreal\/wp-json\/wp\/v2\/types\/post"}],"author":[{"embeddable":true,"href":"https:\/\/www.ludwig-van.com\/montreal\/wp-json\/wp\/v2\/users\/1"}],"replies":[{"embeddable":true,"href":"https:\/\/www.ludwig-van.com\/montreal\/wp-json\/wp\/v2\/comments?post=86055"}],"version-history":[{"count":50,"href":"https:\/\/www.ludwig-van.com\/montreal\/wp-json\/wp\/v2\/posts\/86055\/revisions"}],"predecessor-version":[{"id":86133,"href":"https:\/\/www.ludwig-van.com\/montreal\/wp-json\/wp\/v2\/posts\/86055\/revisions\/86133"}],"wp:featuredmedia":[{"embeddable":true,"href":"https:\/\/www.ludwig-van.com\/montreal\/wp-json\/wp\/v2\/media\/86073"}],"wp:attachment":[{"href":"https:\/\/www.ludwig-van.com\/montreal\/wp-json\/wp\/v2\/media?parent=86055"}],"wp:term":[{"taxonomy":"category","embeddable":true,"href":"https:\/\/www.ludwig-van.com\/montreal\/wp-json\/wp\/v2\/categories?post=86055"},{"taxonomy":"post_tag","embeddable":true,"href":"https:\/\/www.ludwig-van.com\/montreal\/wp-json\/wp\/v2\/tags?post=86055"},{"taxonomy":"yst_prominent_words","embeddable":true,"href":"https:\/\/www.ludwig-van.com\/montreal\/wp-json\/wp\/v2\/yst_prominent_words?post=86055"}],"curies":[{"name":"wp","href":"https:\/\/api.w.org\/{rel}","templated":true}]}}