{"id":85758,"date":"2025-01-06T15:53:55","date_gmt":"2025-01-06T20:53:55","guid":{"rendered":"https:\/\/www.ludwig-van.com\/montreal\/?p=85758"},"modified":"2025-01-10T07:00:02","modified_gmt":"2025-01-10T12:00:02","slug":"survol-2025-femmes-cheffes-dorchestre-en-concert","status":"publish","type":"post","link":"https:\/\/www.ludwig-van.com\/montreal\/2025\/01\/06\/survol-2025-femmes-cheffes-dorchestre-en-concert\/","title":{"rendered":"SURVOL 2025 | Femmes cheffes d&rsquo;orchestre en concert"},"content":{"rendered":"<figure id=\"attachment_85759\" aria-describedby=\"caption-attachment-85759\" style=\"width: 1200px\" class=\"wp-caption aligncenter\"><img decoding=\"async\" loading=\"lazy\" class=\"size-full wp-image-85759\" src=\"https:\/\/www.ludwig-van.com\/montreal\/wp-content\/uploads\/sites\/3\/2025\/01\/Copie-de-CONCERTS2.jpg\" alt=\"Dina Gilbert, Oksana Lyniv, Marie Jacquot.\" width=\"1200\" height=\"628\" srcset=\"https:\/\/www.ludwig-van.com\/montreal\/wp-content\/uploads\/sites\/3\/2025\/01\/Copie-de-CONCERTS2.jpg 1200w, https:\/\/www.ludwig-van.com\/montreal\/wp-content\/uploads\/sites\/3\/2025\/01\/Copie-de-CONCERTS2-300x157.jpg 300w, https:\/\/www.ludwig-van.com\/montreal\/wp-content\/uploads\/sites\/3\/2025\/01\/Copie-de-CONCERTS2-1024x536.jpg 1024w, https:\/\/www.ludwig-van.com\/montreal\/wp-content\/uploads\/sites\/3\/2025\/01\/Copie-de-CONCERTS2-768x402.jpg 768w\" sizes=\"(max-width: 1200px) 100vw, 1200px\" \/><figcaption id=\"caption-attachment-85759\" class=\"wp-caption-text\">Dina Gilbert, Oksana Lyniv, Marie Jacquot.<\/figcaption><\/figure>\n<p>Bien que ce ne soit d\u00e9j\u00e0 presque plus un \u00e9v\u00e9nement hors du commun lorsqu&rsquo;une femme monte sur le podium pour diriger un orchestre, nous avons pens\u00e9 r\u00e9unir ici les concerts des prochains mois aux cours desquels vous aurez l&rsquo;occasion de d\u00e9couvrir les talents f\u00e9minins de l&rsquo;heure en direction d&rsquo;orchestre.<\/p>\n<h3>\u00c0 l&rsquo;OSM<\/h3>\n<p>Les 22 et 23 janvier, la cheffe <strong>Dalia Stasevska<\/strong> fait un retour devant l&rsquo;OSM. Elle dirigera <em>Archora<\/em>, une pi\u00e8ce de la compositrice <strong>Anna Thorvaldsdottir<\/strong>; le <em>Concerto pour violon no 1<\/em> de Max Bruch et <em>Adoration<\/em> pour violon et orchestre de Florence Price avec <strong>Randall Goosby<\/strong> au violon, et la Huiti\u00e8me symphonie d&rsquo;Antonin Dvorak.<\/p>\n<p>Les 12 et 13 mars, c&rsquo;est au tour de<strong> Tianyi Lu<\/strong> d&rsquo;\u00eatre r\u00e9-invit\u00e9e sur le podium de l&rsquo;OSM. Apr\u00e8s <em>Nocturne<\/em> de Samy Moussa, la cheffe sera rejointe par le pianiste fran\u00e7ais <strong>Pierre-Laurent Aymard<\/strong> pour interpr\u00e9ter le Troisi\u00e8me concerto pour piano de B\u00e9la Bartok, suivi apr\u00e8s l&rsquo;entracte de la Cinqui\u00e8me symphonie de Tcha\u00efkovski.<\/p>\n<p>La semaine suivante, <strong>Elena Schwarz<\/strong> dirigera un programme combinant la suite de <em>La petite renarde rus\u00e9e<\/em> de Leos Janacek avec la <em>Symphonie pastorale<\/em> de Beethoven et <em>If\u00e9<\/em>, une pi\u00e8ce de Philip Glass inspir\u00e9e de po\u00e8mes africains, chant\u00e9e par <strong>Ang\u00e9lique Kidjo<\/strong>. <strong>Schwarz<\/strong> reprendra la symphonie le lendemain dans un programme modifi\u00e9.<\/p>\n<p>La cheffe fran\u00e7aise <strong>Marie Jacquot<\/strong> sera pr\u00e9sente au mois de mai pour un concert avec la pianiste <strong>Marie-Ange Nguci<\/strong>. Au programme : le <em>Troisi\u00e8me concerto pour piano<\/em> de Rachmaninov et la <em>Symphonie ga\u00e9lique<\/em> d&rsquo;Amy Beach.<\/p>\n<p>La cheffe <strong>Xian Zhang<\/strong>, dont la pr\u00e9sence la plus r\u00e9cente \u00e0 Montr\u00e9al remonte aux finales du CMIM &#8211; Piano en mai dernier, revient diriger des extraits du <em>Rom\u00e9o et Juliette<\/em> de Prokofiev et la suite <em>Ma m\u00e8re l&rsquo;Oye<\/em> de Maurice Ravel les 21 et 22 mai. Le soliste est le violoncelliste et chanteur <strong>Abel Selacoe<\/strong>, qui intepr\u00e9tera <em>Four<\/em> <em>Spirits<\/em>, une pi\u00e8ce de sa composition.<\/p>\n<h3>\u00c0 l&rsquo;OM<\/h3>\n<p>Le 25 janvier marque le retour du concert Tutti, au cours duquel les instrumentistes amateurs sont invit\u00e9\u00b7e\u00b7s \u00e0 se joindre aux membres de l&rsquo;<strong>Orchestre M\u00e9tropolitain<\/strong>. Ce grand rassemblement sera dirig\u00e9 par la partenaire artistique de l&rsquo;OM <strong>Naomi Woo<\/strong>, qui est \u00e9galement cheffe-assistante \u00e0 Philadelphie aupr\u00e8s de <strong>Yannick N\u00e9zet-S\u00e9guin<\/strong> et directrice musicale de l&rsquo;<strong>Orchestre national des jeunes du Canada<\/strong>.<\/p>\n<p>Les 1 et 2 mai, l&rsquo;OM accueille la cheffe ukrainienne <strong>Oksana Lyniv<\/strong> pour un programme aux couleurs de l&rsquo;Europe de l&rsquo;Est : Dvorak y est repr\u00e9sent\u00e9 avec <em>Le rouet d&rsquo;or<\/em> et le <em>Concerto pour violon<\/em> jou\u00e9 par le soliste<strong> Valeriy Sokolov<\/strong>. La c\u00e9l\u00e8bre <em>Moldau<\/em> de Smetana et un po\u00e8me symphonique nomm\u00e9 <em>R\u00e9unification<\/em> du compositeur ukrainien Boris Lyatoshinsky compl\u00e8tent la soir\u00e9e.<\/p>\n<p>Le 16 mai, c&rsquo;est \u00e0 une soir\u00e9e endiabl\u00e9e aux rythmes de la musique latine que convie l&rsquo;OM, avec les invit\u00e9es <strong>Joana Carneiro<\/strong> \u00e0 la direction, et la pianiste et compositrice <strong>Gabriela Montero\u00a0<\/strong>qui fera d\u00e9couvrir au public un concerto pour piano \u00ab\u00a0latin\u00a0\u00bb de sa composition.<\/p>\n<h3>\u00c0 l&rsquo;OCM<\/h3>\n<p>Dans le cadre de sa recherche de la personne pour succ\u00e9der \u00e0 <strong>Jacques Lacombe<\/strong> \u00e0 la direction musicale, l&rsquo;<strong>OCM<\/strong> re\u00e7oit deux cheffes d&rsquo;orchestre en cette deuxi\u00e8me moiti\u00e9 de saison. Le 6 f\u00e9vrier, le programme <em>\u00c9chos lointains d&rsquo;Afrique<\/em> sera dirig\u00e9 par la cheffe panam\u00e9enne-am\u00e9ricaine <strong>Kalena Bovell<\/strong>. Du 12 au 14 mai, ce sera au tour de <strong>M\u00e9lanie L\u00e9onard<\/strong> de mener l&rsquo;ensemble dans un programme d\u00e9di\u00e9 \u00e0 des \u0153uvres de Leonard Bernstein.<\/p>\n<h3>Cheffes d&rsquo;ici<\/h3>\n<p><strong>Dina Gilbert<\/strong> est \u00e0 la t\u00eate de l&rsquo;OSM cette semaine pour le cin\u00e9-concert <em>Le violon rouge<\/em>, au cours duquel l&rsquo;orchestre interpr\u00e9tera la musique de John Corigliano. \u00c0 la fin de mois, elle revient pour des concerts qui promettent de faire \u00e9v\u00e9nement, alors que le mythique groupe montr\u00e9alais <strong>Vo\u00efvod<\/strong> et les intrumentistes de l&rsquo;OSM se r\u00e9unissent sur la sc\u00e8ne de la Maison symphonique. Aux <strong>Grands Ballets Canadiens<\/strong>, Gilbert accompagnera deux productions : du 19 au 23 f\u00e9vrier, l&rsquo;Orchestre des Grands Ballets interpr\u00e9tera sous sa direction la musique compos\u00e9e par Tcha\u00efkovski pour l&rsquo;histoire de la <em>Belle au Bois dormant<\/em>, et du 29 mai au 7 juin, ce sont les aventures de Don Quixote qui prendront vie sur sc\u00e8ne tandis que dans la fosse, l&rsquo;orchestre jouera la musique de Ludwig Minkus.<\/p>\n<p>Additionnellement \u00e0 sa pr\u00e9sence \u00e0 l&rsquo;OCM mentionn\u00e9e ci-haut,<strong> M\u00e9lanie L\u00e9onard<\/strong> dirigera l&rsquo;<strong>Ensemble de musique contemporaine de McGill<\/strong> le 17 janvier dans un programme d&rsquo;\u0153uvres de Vaage, Sokolovic et Boulez, ainsi que le 14 f\u00e9vrier dans des \u0153uvres de Barnes, Tao et Gubaidulina.<\/p>\n<p><strong>V\u00e9ronique Lussier<\/strong> est \u00e9galement l&rsquo;invit\u00e9e de l&rsquo;<strong>OCM<\/strong>, pour diriger le concert-famille <em>L&rsquo;aventure gourmande d&rsquo;Hansel et Gretel<\/em> le 6 avril prochain. Le mois pr\u00e9c\u00e9dent, dans le cadre du <strong>Festival Montr\u00e9al \/ Nouvelles musiques<\/strong>, <strong>Lussier<\/strong> fera partie des six chef\u00b7fe\u00b7s d&rsquo;orchestre requis pour cr\u00e9er <em>La grande acc\u00e9l\u00e9ration : Symphonie no 12<\/em> du compositeur <strong>Tim Brady<\/strong> \u00e0 l&rsquo;Oratoire Saint-Joseph.<\/p>\n<p><strong>L\u00e9a Moisan-Perrier<\/strong>, directrice musicale de l&rsquo;<strong>Orchestre symphonique de l&rsquo;Estuaire<\/strong>, est \u00e9galement la cheffe du <strong>Ch\u0153ur de St. Andrew and St. Paul<\/strong>. Des prestations publiques du ch\u0153ur accompagn\u00e9 d&rsquo;un ensemble musical sont pr\u00e9vues le 21 f\u00e9vrier et le 18 avril.<\/p>\n<h2><em>Inscrivez-vous \u00e0 notre infolettre! La musique classique et l\u2019op\u00e9ra en 5 minutes, chaque jour<\/em>\u00a0<a href=\"https:\/\/ludwig-van.us9.list-manage.com\/subscribe?u=4f785cb3f9058f2393ccad035&amp;id=b9b160c032\" target=\"_blank\" rel=\"noopener noreferrer\">ICI<\/a><\/h2>\n","protected":false},"excerpt":{"rendered":"<p>Bien que ce ne soit d\u00e9j\u00e0 presque plus un \u00e9v\u00e9nement hors du commun lorsqu&rsquo;une femme monte sur le podium pour diriger un orchestre, nous avons pens\u00e9 r\u00e9unir ici les concerts des prochains mois aux cours desquels vous aurez l&rsquo;occasion de d\u00e9couvrir les talents f\u00e9minins de l&rsquo;heure en direction d&rsquo;orchestre.<\/p>\n","protected":false},"author":55,"featured_media":85759,"comment_status":"open","ping_status":"open","sticky":false,"template":"","format":"standard","meta":{"om_disable_all_campaigns":false,"jetpack_post_was_ever_published":false},"categories":[42299,10994],"tags":[42300,42301],"yst_prominent_words":[34615,7261,9906,10457,18300,11678,28614,25351,10443,12496,19450,9811,10001,8313,10109,25931,9963],"acf":[],"jetpack_featured_media_url":"https:\/\/www.ludwig-van.com\/montreal\/wp-content\/uploads\/sites\/3\/2025\/01\/Copie-de-CONCERTS2.jpg","jetpack_sharing_enabled":true,"jetpack_shortlink":"https:\/\/wp.me\/p9bdYt-mjc","amp_enabled":true,"_links":{"self":[{"href":"https:\/\/www.ludwig-van.com\/montreal\/wp-json\/wp\/v2\/posts\/85758"}],"collection":[{"href":"https:\/\/www.ludwig-van.com\/montreal\/wp-json\/wp\/v2\/posts"}],"about":[{"href":"https:\/\/www.ludwig-van.com\/montreal\/wp-json\/wp\/v2\/types\/post"}],"author":[{"embeddable":true,"href":"https:\/\/www.ludwig-van.com\/montreal\/wp-json\/wp\/v2\/users\/55"}],"replies":[{"embeddable":true,"href":"https:\/\/www.ludwig-van.com\/montreal\/wp-json\/wp\/v2\/comments?post=85758"}],"version-history":[{"count":33,"href":"https:\/\/www.ludwig-van.com\/montreal\/wp-json\/wp\/v2\/posts\/85758\/revisions"}],"predecessor-version":[{"id":85801,"href":"https:\/\/www.ludwig-van.com\/montreal\/wp-json\/wp\/v2\/posts\/85758\/revisions\/85801"}],"wp:featuredmedia":[{"embeddable":true,"href":"https:\/\/www.ludwig-van.com\/montreal\/wp-json\/wp\/v2\/media\/85759"}],"wp:attachment":[{"href":"https:\/\/www.ludwig-van.com\/montreal\/wp-json\/wp\/v2\/media?parent=85758"}],"wp:term":[{"taxonomy":"category","embeddable":true,"href":"https:\/\/www.ludwig-van.com\/montreal\/wp-json\/wp\/v2\/categories?post=85758"},{"taxonomy":"post_tag","embeddable":true,"href":"https:\/\/www.ludwig-van.com\/montreal\/wp-json\/wp\/v2\/tags?post=85758"},{"taxonomy":"yst_prominent_words","embeddable":true,"href":"https:\/\/www.ludwig-van.com\/montreal\/wp-json\/wp\/v2\/yst_prominent_words?post=85758"}],"curies":[{"name":"wp","href":"https:\/\/api.w.org\/{rel}","templated":true}]}}