{"id":85693,"date":"2025-01-07T14:07:53","date_gmt":"2025-01-07T19:07:53","guid":{"rendered":"https:\/\/www.ludwig-van.com\/montreal\/?p=85693"},"modified":"2025-01-07T14:23:42","modified_gmt":"2025-01-07T19:23:42","slug":"survol-2025-les-concerts-voir-en-2025","status":"publish","type":"post","link":"https:\/\/www.ludwig-van.com\/montreal\/2025\/01\/07\/survol-2025-les-concerts-voir-en-2025\/","title":{"rendered":"SURVOL 2025 | Les concerts \u00e0 voir en 2025"},"content":{"rendered":"<figure id=\"attachment_85773\" aria-describedby=\"caption-attachment-85773\" style=\"width: 1200px\" class=\"wp-caption aligncenter\"><img decoding=\"async\" loading=\"lazy\" class=\"size-full wp-image-85773\" src=\"https:\/\/www.ludwig-van.com\/montreal\/wp-content\/uploads\/sites\/3\/2025\/01\/Copie-de-CONCERTS4.jpg\" alt=\"Antoine Tamestit (Photo : courtoisie Salle Bourgie); l'OSM (Photo : Antoine Saito); le SMAM (Photo : Annie \u00c9thier)\" width=\"1200\" height=\"628\" srcset=\"https:\/\/www.ludwig-van.com\/montreal\/wp-content\/uploads\/sites\/3\/2025\/01\/Copie-de-CONCERTS4.jpg 1200w, https:\/\/www.ludwig-van.com\/montreal\/wp-content\/uploads\/sites\/3\/2025\/01\/Copie-de-CONCERTS4-300x157.jpg 300w, https:\/\/www.ludwig-van.com\/montreal\/wp-content\/uploads\/sites\/3\/2025\/01\/Copie-de-CONCERTS4-1024x536.jpg 1024w, https:\/\/www.ludwig-van.com\/montreal\/wp-content\/uploads\/sites\/3\/2025\/01\/Copie-de-CONCERTS4-768x402.jpg 768w\" sizes=\"(max-width: 1200px) 100vw, 1200px\" \/><figcaption id=\"caption-attachment-85773\" class=\"wp-caption-text\">Antoine Tamestit (Photo : courtoisie Salle Bourgie); l&rsquo;OSM (Photo : Antoine Saito); le SMAM (Photo : Annie \u00c9thier)<\/figcaption><\/figure>\n<p>Vous avez pris comme r\u00e9solution d&rsquo;assister \u00e0 plus de concerts? Excellent! Pour vous aider \u00e0 y arriver, voici nos choix de concerts \u00e0 ne pas manquer en cette premi\u00e8re moiti\u00e9 de 2025.<\/p>\n<h3>Orchestre symphonique de Montr\u00e9al<\/h3>\n<p>Les amateurs de musique \u00e9pique peuvent s&rsquo;offrir un doubl\u00e9 Mahler \u00e0 l&rsquo;<strong>OSM<\/strong>, en commen\u00e7ant par la Sixi\u00e8me symphonie les 16, 17 et 18 janvier. Ce sera \u00e9galement l&rsquo;occasion de d\u00e9couvrir quelques lieder compos\u00e9s par Alma Mahler chant\u00e9s par la mezzo-soprano <strong>Beth Taylor<\/strong>.<\/p>\n<p>Puis, en fin de saison, l&rsquo;orchestre et son chef <strong>Rafael Payare<\/strong> poursuivent leur int\u00e9grale Mahler en s&rsquo;attaquant \u00e0 <em>Das Lied von der Erde<\/em> (<em>Le chant de la terre<\/em>), qui sera pr\u00e9c\u00e9d\u00e9 de deux cr\u00e9ations pour soprano et orchestre, l&rsquo;une d&rsquo;<strong>Ana Sokolovic<\/strong> sur un livret de <strong>Michelle Sylliboy<\/strong>&#8211; <em>You can die properly now<\/em>, pour soprano et orchestre &#8211; et l&rsquo;autre de <strong>Ian Cusson<\/strong> sur un livret en langue crie de <strong>Natasha Kanap\u00e9-Fontaine<\/strong> &#8211; <em>Un cri s&rsquo;\u00e9l\u00e8ve en moi<\/em>.<\/p>\n<h3>Orchestre M\u00e9tropolitain<\/h3>\n<p>Le 9 f\u00e9vrier, le concert <em>Envol\u00e9e flamboyante<\/em> de l&rsquo;<strong>Orchestre M\u00e9tropolitain<\/strong> r\u00e9unit un programme all\u00e9chant rempli d&rsquo;\u0153uvres magistrales : avec <em>L&rsquo;Oiseau de feu<\/em> de Stravinsky et le <em>Concerto pour orchestre<\/em> de Bartok, le public assistera \u00e0 une d\u00e9monstration grandiose de toutes les couleurs de la palette orchestrale. Entre les deux, l&rsquo;altiste qu\u00e9b\u00e9coise <strong>Marina Thibeault<\/strong> fera la cr\u00e9ation d&rsquo;un nouveau concerto pour alto intitul\u00e9 <em>Unearth, Release<\/em>, par <strong>Julia Adolphe<\/strong>.<\/p>\n<p>Le 15 juin, l&rsquo;OM cl\u00f4t sa saison montr\u00e9alaise par un concert intitul\u00e9 <em>Invitation au voyage<\/em> qui lui permettra de pr\u00e9senter \u00e0 son fid\u00e8le public le programme qu&rsquo;il emporte en Europe pour sa deuxi\u00e8me tourn\u00e9e \u00e0 l&rsquo;\u00e9tranger. Apr\u00e8s <em>La valse<\/em> de Maurice Ravel et <em>Eko-Bmijwang<\/em> (<em>Aussi longtemps que la rivi\u00e8re coule<\/em>) de Barbara Assiginaak, le soliste <strong>Alexandre Kantorow<\/strong> pr\u00e9sentera sa vision du <em>Deuxi\u00e8me concerto pour piano<\/em> de Camille Saint-Saens. En deuxi\u00e8me partie, Yannick N\u00e9zet-S\u00e9guin mesure le chemin parcouru depuis 25 ans en reprenant la <em>Sixi\u00e8me <\/em><em>symphonie<\/em>, dite Path\u00e9tique, de Tcha\u00efkovski, qui se trouvait au programme de son premier concert en tant que directeur artistique de l&rsquo;<strong>OM<\/strong>.<\/p>\n<h3>Salle Bourgie<\/h3>\n<p>On se r\u00e9jouit fort du retour d&rsquo;<strong>Antoine Tamestit<\/strong> aupr\u00e8s des <strong>Violons du Roy<\/strong> le 4 avril : leur collaboration en 2023 avait men\u00e9 \u00e0 un concert \u00e9clatant, leur m\u00e9ritant d&rsquo;ailleurs le prix Opus de concert de l&rsquo;ann\u00e9e. Ensemble, ils interpr\u00e9teront un arrangement pour orchestre \u00e0 cordes du <em>Quinzi\u00e8me quatuor<\/em> de Chostakovitch, poursuivant sur la lanc\u00e9e qui leur avait r\u00e9ussi la premi\u00e8re fois alors que leur ex\u00e9cution coup de poing du <em>Huiti\u00e8me quatuor<\/em> avait fait vibrer les murs de la Salle Bourgie.<\/p>\n<p>Dans le genre du r\u00e9cital, nos vues sont fix\u00e9es sur celui du violoncelliste <strong>Steven Isserlis<\/strong> et de la pianiste <strong>Connie Shih<\/strong> le 11 f\u00e9vrier et, pour le genre vocal, sur celui d&rsquo;<strong>Ian Bostridge<\/strong> avec le pianiste <strong>Julius Drake<\/strong>, qui fait partie de l&rsquo;int\u00e9grale des lieder de Schubert entam\u00e9e \u00e0 l&rsquo;automne. Le groupe <strong>Stile antico<\/strong>, lui, propose en avril le programme <em>Le Prince de la musique : Palestrina dans la Cit\u00e9 \u00e9ternelle<\/em>.<\/p>\n<h3>Musique de chambre<\/h3>\n<p>Ceux et celles qui, comme moi, ont manqu\u00e9 le <strong>Trio Wanderer<\/strong> lors de son passage \u00e0 la Salle Bourgie au printemps dernier peuvent se reprendre le 27 avril alors que l&rsquo;ensemble sera \u00e0 la Salle Oscar-Peterson dans le cadre de la s\u00e9rie du <strong>Ladies&rsquo; Morning Musical Club<\/strong>. Le trio fran\u00e7ais interpr\u00e9tera des \u0153uvres de Boulanger, Mendelssohn et Ravel.<\/p>\n<h3>CMIM<\/h3>\n<p>Le <strong>Concours musical international de Montr\u00e9al<\/strong> est consacr\u00e9 cette ann\u00e9e au chant : du 25 mai au 6 juin, les voix les plus prometteuses d&rsquo;\u00e0 travers le monde sont invit\u00e9es \u00e0 se produire \u00e0 la Salle Bourgie et \u00e0 la Maison symphonique.<\/p>\n<h3>Chapelle historique du Bon-Pasteur<\/h3>\n<p>Notre exp\u00e9rience du<a href=\"https:\/\/www.ludwig-van.com\/montreal\/2024\/10\/17\/critique-13\/\" target=\"_blank\" rel=\"noopener\"> premier concert de l&rsquo;int\u00e9grale des quatuors \u00e0 cordes de Schubert<\/a> produite par la Chapelle historique du Bon-Pasteur et donn\u00e9e par le <strong>Quatuor Cobalt<\/strong> nous a mis l&rsquo;eau \u00e0 la bouche pour la suite. Le deuxi\u00e8me concert de cette s\u00e9rie \u00e0 longue haleine aura lieu le 16 mars.<\/p>\n<h3>D\u00e9couvertes<\/h3>\n<p>Le <strong>Quatuor Molinari<\/strong>, habitu\u00e9 des int\u00e9grales, pr\u00e9sente en une soir\u00e9e le 15 f\u00e9vrier l&rsquo;ensemble des \u0153uvres pour quatuor \u00e0 cordes de l&rsquo;illustre compositrice az\u00e9rie <strong>Franghiz Ali-Zadeh<\/strong>, incluant la cr\u00e9ation de son septi\u00e8me quatuor, dont il est le d\u00e9dicataire. Les \u0153uvres d&rsquo;Ali-Zadeh font le pont entre les musiques de sa r\u00e9gion natale de l\u2019Asie du sud-ouest et la musique occidentale.<\/p>\n<p>Le 22 mars, le <strong>Ch\u0153ur St-Laurent<\/strong> dirig\u00e9 par <strong>Philippe Bourque<\/strong> pr\u00e9sente deux \u0153uvres pour ch\u0153ur et orchestre de compositeurs britanniques rarement interpr\u00e9t\u00e9es, certainement de ce c\u00f4t\u00e9-ci de l&rsquo;Atlantique. L&rsquo;\u00e9pique fresque biblique <em>Belshazzar&rsquo;s Feast <\/em>de William Walton est l&rsquo;antith\u00e8se de la retenue britannique : l&#8217;emploi abondant des cuivres et percussions, et les ch\u0153urs massifs cr\u00e9ent un d\u00e9ferlement sonore ne laissant rien \u00e0 envier aux trames sonores de film \u00e0 grand d\u00e9ploiement d&rsquo;aujourd&rsquo;hui. Ce sera \u00e9galement l&rsquo;occasion de d\u00e9couvrir le baryton <strong>Jorell Williams<\/strong>. L&rsquo;autre \u0153uvre au programme est <em>The Music Makers<\/em> d&rsquo;Edward Elgar, une ode chorale sur un po\u00e8me d&rsquo;Arthur O&rsquo;Shaughnessy c\u00e9l\u00e9brant l&rsquo;apport des artistes et des r\u00eaveurs \u00e0 la construction d&rsquo;une soci\u00e9t\u00e9. Elgar y inclut des citations de plusieurs de ses propres \u0153uvres, dont le c\u00e9l\u00e8bre th\u00e8me de la variation Nimrod des <em>Variations Enigma<\/em>. La partie solo est confi\u00e9e \u00e0 <strong>Rose Naggar-Tremblay<\/strong>.<\/p>\n<p>Le <strong>Studio de musique ancienne de Montr\u00e9al<\/strong> continue de marquer sa 50e saison par des projets d&rsquo;envergure. Le concert du 30 mars est consacr\u00e9 aux <em>V\u00eapres<\/em> de Chiara Margariata Cozzolani (1602-1677), une abbesse b\u00e9n\u00e9dictine de Milan d\u00e9mise de ses fonctions par le s\u00e9v\u00e8re archev\u00eaque Alfonso Litta en r\u00e9tribution d&rsquo;avoir compos\u00e9 de la musique polyphonique, jug\u00e9e immorale.<\/p>\n<p>Pour ceux et celles aimant d\u00e9couvrir les \u00e9toiles montantes de la prochaine g\u00e9n\u00e9ration, le violoniste <strong>Justin Saulnier<\/strong>, en r\u00e9cital le 26 f\u00e9vrier \u00e0 la salle Paul-Desmarais, est d\u00e9finitivememt \u00e0 surveiller. L&rsquo;ann\u00e9e 2024 a \u00e9t\u00e9 faste pour le jeune violoniste d&rsquo;\u00e0 peine 19 ans : il donne ce r\u00e9cital en tant que laur\u00e9at du Prix du Violon d&rsquo;Or de l&rsquo;\u00e9cole Schulich, mais il est \u00e9galement r\u00e9cipiendaire du prix Peter-Mendell 2024 et a remport\u00e9 le premier prix au Concours Eckhardt-Gramatt\u00e9. L&rsquo;an dernier, il avait remport\u00e9 le deuxi\u00e8me prix du Concours OSM 2023. La CBC l&rsquo;avait inclus sur sa liste des artistes de moins de 30 ans \u00e0 surveiller.<\/p>\n<p>En conclusion de sa saison, l&rsquo;<strong>Orchestre symphonique de Laval<\/strong> re\u00e7oit le violoncelliste <strong>Bryan Cheng<\/strong>, qui fera d\u00e9couvrir au public le lyrique <em>Concerto pour violoncelle<\/em> de la compositrice et pianiste Marie Ja\u00ebll (1846-1925). Enfant prodige ayant r\u00e9ussie le passage \u00e0 interpr\u00e8te et compositrice reconnue, Ja\u00ebll a \u00e9t\u00e9 form\u00e9e en composition par C\u00e9sar Franck et Camille Saint-Sa\u00ebns au Conservatoire de Paris.<\/p>\n<h2><em>Inscrivez-vous \u00e0 notre infolettre! La musique classique et l\u2019op\u00e9ra en 5 minutes, chaque jour<\/em> <a href=\"https:\/\/ludwig-van.us9.list-manage.com\/subscribe?u=4f785cb3f9058f2393ccad035&amp;id=b9b160c032\" target=\"_blank\" rel=\"noopener noreferrer\">ICI<\/a><\/h2>\n","protected":false},"excerpt":{"rendered":"<p>Vous avez pris comme r\u00e9solution d&rsquo;assister \u00e0 plus de concerts? Excellent! Pour vous aider \u00e0 y arriver, voici nos choix de concerts \u00e0 ne pas manquer en cette premi\u00e8re moiti\u00e9 de 2025.<\/p>\n","protected":false},"author":55,"featured_media":85773,"comment_status":"open","ping_status":"open","sticky":false,"template":"","format":"standard","meta":{"om_disable_all_campaigns":false,"jetpack_post_was_ever_published":false},"categories":[42299,10994],"tags":[42300,22006,34470,42165,42121,2542,28803,3503],"yst_prominent_words":[9943,9806,9792,7202,9799,9811,10497,10001,11452,11111,14485,9857,8313,9999,10710,9956,37844],"acf":[],"jetpack_featured_media_url":"https:\/\/www.ludwig-van.com\/montreal\/wp-content\/uploads\/sites\/3\/2025\/01\/Copie-de-CONCERTS4.jpg","jetpack_sharing_enabled":true,"jetpack_shortlink":"https:\/\/wp.me\/p9bdYt-mi9","amp_enabled":true,"_links":{"self":[{"href":"https:\/\/www.ludwig-van.com\/montreal\/wp-json\/wp\/v2\/posts\/85693"}],"collection":[{"href":"https:\/\/www.ludwig-van.com\/montreal\/wp-json\/wp\/v2\/posts"}],"about":[{"href":"https:\/\/www.ludwig-van.com\/montreal\/wp-json\/wp\/v2\/types\/post"}],"author":[{"embeddable":true,"href":"https:\/\/www.ludwig-van.com\/montreal\/wp-json\/wp\/v2\/users\/55"}],"replies":[{"embeddable":true,"href":"https:\/\/www.ludwig-van.com\/montreal\/wp-json\/wp\/v2\/comments?post=85693"}],"version-history":[{"count":2,"href":"https:\/\/www.ludwig-van.com\/montreal\/wp-json\/wp\/v2\/posts\/85693\/revisions"}],"predecessor-version":[{"id":85775,"href":"https:\/\/www.ludwig-van.com\/montreal\/wp-json\/wp\/v2\/posts\/85693\/revisions\/85775"}],"wp:featuredmedia":[{"embeddable":true,"href":"https:\/\/www.ludwig-van.com\/montreal\/wp-json\/wp\/v2\/media\/85773"}],"wp:attachment":[{"href":"https:\/\/www.ludwig-van.com\/montreal\/wp-json\/wp\/v2\/media?parent=85693"}],"wp:term":[{"taxonomy":"category","embeddable":true,"href":"https:\/\/www.ludwig-van.com\/montreal\/wp-json\/wp\/v2\/categories?post=85693"},{"taxonomy":"post_tag","embeddable":true,"href":"https:\/\/www.ludwig-van.com\/montreal\/wp-json\/wp\/v2\/tags?post=85693"},{"taxonomy":"yst_prominent_words","embeddable":true,"href":"https:\/\/www.ludwig-van.com\/montreal\/wp-json\/wp\/v2\/yst_prominent_words?post=85693"}],"curies":[{"name":"wp","href":"https:\/\/api.w.org\/{rel}","templated":true}]}}