{"id":85562,"date":"2024-12-23T14:04:22","date_gmt":"2024-12-23T19:04:22","guid":{"rendered":"https:\/\/www.ludwig-van.com\/montreal\/?p=85562"},"modified":"2025-01-01T07:00:08","modified_gmt":"2025-01-01T12:00:08","slug":"choix-de-la-redaction-des-activites-de-tous-genres-pour-petits-et-grands-pendant-le-temps-des-fetes","status":"publish","type":"post","link":"https:\/\/www.ludwig-van.com\/montreal\/2024\/12\/23\/choix-de-la-redaction-des-activites-de-tous-genres-pour-petits-et-grands-pendant-le-temps-des-fetes\/","title":{"rendered":"CHOIX DE LA R\u00c9DACTION | Des activit\u00e9s de tous genres pour petits et grands pendant le temps des F\u00eates"},"content":{"rendered":"<figure id=\"attachment_85574\" aria-describedby=\"caption-attachment-85574\" style=\"width: 1200px\" class=\"wp-caption aligncenter\"><img decoding=\"async\" loading=\"lazy\" class=\"size-full wp-image-85574\" src=\"https:\/\/www.ludwig-van.com\/montreal\/wp-content\/uploads\/sites\/3\/2024\/12\/Copie-de-CONCERTS.jpg\" alt=\"Ravel Ravel interval (Photo : courtoisie MBAM); Marie-\u00c8ve Janvier et Marc Hervieux (Photo : courtoisie Quartier des spectacles); D\u00e9cembre de Qu\u00e9bec Issime (Photo : courtoisie de Qu\u00e9bec Issime)\" width=\"1200\" height=\"628\" srcset=\"https:\/\/www.ludwig-van.com\/montreal\/wp-content\/uploads\/sites\/3\/2024\/12\/Copie-de-CONCERTS.jpg 1200w, https:\/\/www.ludwig-van.com\/montreal\/wp-content\/uploads\/sites\/3\/2024\/12\/Copie-de-CONCERTS-300x157.jpg 300w, https:\/\/www.ludwig-van.com\/montreal\/wp-content\/uploads\/sites\/3\/2024\/12\/Copie-de-CONCERTS-1024x536.jpg 1024w, https:\/\/www.ludwig-van.com\/montreal\/wp-content\/uploads\/sites\/3\/2024\/12\/Copie-de-CONCERTS-768x402.jpg 768w\" sizes=\"(max-width: 1200px) 100vw, 1200px\" \/><figcaption id=\"caption-attachment-85574\" class=\"wp-caption-text\">Ravel Ravel interval (Photo : courtoisie MBAM); Marie-\u00c8ve Janvier et Marc Hervieux (Photo : courtoisie Quartier des spectacles); D\u00e9cembre de Qu\u00e9bec Issime (Photo : courtoisie de Qu\u00e9bec Issime)<\/figcaption><\/figure>\n<p>Nos Choix de la r\u00e9daction prennent une orientation plus familiale cette semaine en ajoutant des suggestions de sorties de tous genres : parents, grands-parents et tous nos lecteurs\u00b7rices au c\u0153ur d&rsquo;enfant sauront y trouver des activit\u00e9s pour ajouter de l&rsquo;enchantement au cong\u00e9 des F\u00eates!<\/p>\n<p><img decoding=\"async\" loading=\"lazy\" class=\"aligncenter size-full wp-image-85563\" src=\"https:\/\/www.ludwig-van.com\/montreal\/wp-content\/uploads\/sites\/3\/2024\/12\/Bandeau_Chemin-de-Noel-2024.png\" alt=\"\" width=\"1200\" height=\"400\" srcset=\"https:\/\/www.ludwig-van.com\/montreal\/wp-content\/uploads\/sites\/3\/2024\/12\/Bandeau_Chemin-de-Noel-2024.png 1200w, https:\/\/www.ludwig-van.com\/montreal\/wp-content\/uploads\/sites\/3\/2024\/12\/Bandeau_Chemin-de-Noel-2024-300x100.png 300w, https:\/\/www.ludwig-van.com\/montreal\/wp-content\/uploads\/sites\/3\/2024\/12\/Bandeau_Chemin-de-Noel-2024-1024x341.png 1024w, https:\/\/www.ludwig-van.com\/montreal\/wp-content\/uploads\/sites\/3\/2024\/12\/Bandeau_Chemin-de-Noel-2024-768x256.png 768w\" sizes=\"(max-width: 1200px) 100vw, 1200px\" \/><\/p>\n<h3>\u00c0 Qu\u00e9bec : <i>Le chemin de No\u00ebl<\/i><\/h3>\n<p>Si vous \u00eates \u00e0 Qu\u00e9bec aujourd\u2019hui, rendez-vous dans le Vieux Qu\u00e9bec pour un apr\u00e8s-midi et une soir\u00e9e de r\u00e9jouissances en cette derni\u00e8re journ\u00e9e du March\u00e9 de No\u00ebl alleamnd. \u00c0 13h, au Kinderchalet, assistez \u00e0 un atelier de po\u00e9sie et d\u2019\u00e9criture de souhaits de No\u00ebl qui sera suivi \u00e0 16h d\u2019une prestation d\u2019une quarantaine de choristes du <b>Ch\u0153ur No\u00ebl Ancien<\/b> dans les diff\u00e9rents sites du March\u00e9. D\u00e8s 17h30, le Ch\u0153ur sera \u00e0 Place d\u2019Youville, dans les marches menant au Palais Montcalm, pour une prestation finale illumin\u00e9e aux lampions. Pour compl\u00e9ter la journ\u00e9e, \u00e0 18h, l\u2019audio du concert pr\u00e9sent\u00e9 dans la Salle Raoul-Jobin (complet) offert par <b>La Chapelle de Qu\u00e9bec<\/b> sous la direction de <b>Bernard Labadie<\/b> avec des lectures de <b>Doroth\u00e9e Berryman<\/b> sera diffus\u00e9 en direct \u00e0 l\u2019ext\u00e9rieur sur la Place d\u2019Youville. Vous pouvez \u00e9galement entendre ce concert dans le confort de votre foyer puisqu\u2019il sera \u00e9galement diffus\u00e9 sur Ici Musique Classique ainsi que sur la page web r\u00e9gionale de Radio-Canada \u00e0 Qu\u00e9bec.<\/p>\n<p>LE 23 D\u00c9CEMBRE, \u00c0 COMPTER DE 13 H, MARCH\u00c9 DE NO\u00cbL ALLEMAND\u00a0 <a href=\"https:\/\/www.palaismontcalm.ca\/concert-spectacle-quebec\/le-chemin-de-noel-23-decembre-2024\/\" target=\"_blank\" rel=\"noopener\">D\u00c9TAILS<\/a><\/p>\n<p>&nbsp;<\/p>\n<p><img decoding=\"async\" loading=\"lazy\" class=\"aligncenter size-full wp-image-85565\" src=\"https:\/\/www.ludwig-van.com\/montreal\/wp-content\/uploads\/sites\/3\/2024\/12\/Marche-de-Noel-de-Montreal_1000.jpg\" alt=\"\" width=\"1000\" height=\"667\" srcset=\"https:\/\/www.ludwig-van.com\/montreal\/wp-content\/uploads\/sites\/3\/2024\/12\/Marche-de-Noel-de-Montreal_1000.jpg 1000w, https:\/\/www.ludwig-van.com\/montreal\/wp-content\/uploads\/sites\/3\/2024\/12\/Marche-de-Noel-de-Montreal_1000-300x200.jpg 300w, https:\/\/www.ludwig-van.com\/montreal\/wp-content\/uploads\/sites\/3\/2024\/12\/Marche-de-Noel-de-Montreal_1000-768x512.jpg 768w\" sizes=\"(max-width: 1000px) 100vw, 1000px\" \/><\/p>\n<h3><i>Royaume des lutins<\/i> au Grand March\u00e9 de No\u00ebl de Montr\u00e9al<\/h3>\n<p>D\u00e9couvrez l\u2019authentique histoire du Royaume des lutins au Grand March\u00e9 de No\u00ebl dans ce spectacle musical ext\u00e9rieur d\u2019une dur\u00e9e de pr\u00e8s d\u2019une heure. Habillez-vous chaudement et plongez dans cet univers compos\u00e9 de chansons et musiques originales. Un moment \u00e0 partager avec tous ceux et celles qui portent la magie de No\u00ebl dans leur c\u0153ur!<\/p>\n<p>LES 23 ET 24 D\u00c9CEMBRE, 17 H, PLACE DES FESTIVALS\u00a0 <a href=\"https:\/\/www.quartierdesspectacles.com\/fr\/activite\/40537\/le-spectacle-signature-noel-a-montreal?utm_source=Newsletter&amp;utm_medium=email&amp;utm_content=Vivez%20le%20temps%20des%20F%C3%AAtes%20dans%20le%20Quartier%20des%20spectacles%20%21&amp;utm_campaign=Tout%20est%20Quartier%20FR%20%7C%2013%20d%C3%A9cembre%202024\" target=\"_blank\" rel=\"noopener\">D\u00c9TAILS<\/a><\/p>\n<p>&nbsp;<\/p>\n<figure id=\"attachment_85319\" aria-describedby=\"caption-attachment-85319\" style=\"width: 1200px\" class=\"wp-caption aligncenter\"><img decoding=\"async\" loading=\"lazy\" class=\"size-full wp-image-85319\" src=\"https:\/\/www.ludwig-van.com\/montreal\/wp-content\/uploads\/sites\/3\/2024\/12\/grandsballets-casse-noisette-2023-photo-michel-trahan-3.jpg\" alt=\"\" width=\"1200\" height=\"800\" srcset=\"https:\/\/www.ludwig-van.com\/montreal\/wp-content\/uploads\/sites\/3\/2024\/12\/grandsballets-casse-noisette-2023-photo-michel-trahan-3.jpg 1200w, https:\/\/www.ludwig-van.com\/montreal\/wp-content\/uploads\/sites\/3\/2024\/12\/grandsballets-casse-noisette-2023-photo-michel-trahan-3-300x200.jpg 300w, https:\/\/www.ludwig-van.com\/montreal\/wp-content\/uploads\/sites\/3\/2024\/12\/grandsballets-casse-noisette-2023-photo-michel-trahan-3-1024x683.jpg 1024w, https:\/\/www.ludwig-van.com\/montreal\/wp-content\/uploads\/sites\/3\/2024\/12\/grandsballets-casse-noisette-2023-photo-michel-trahan-3-768x512.jpg 768w\" sizes=\"(max-width: 1200px) 100vw, 1200px\" \/><figcaption id=\"caption-attachment-85319\" class=\"wp-caption-text\">(Photo : Michel Trahan)<\/figcaption><\/figure>\n<h3>Grands Ballets &#8211; <i>Casse-Noisette<\/i><\/h3>\n<p>Derni\u00e8re semaine pour voir ce grand classique du temps des F\u00eates pr\u00e9sent\u00e9 par les Grands Ballets. Saviez-vous qu\u2019il y a plusieurs versions de cette c\u00e9l\u00e8bre histoire? Selon la version, la jeune fille s\u2019appelle Mary, Clara ou Misha et elle visite diff\u00e9rents mondes avec soit son fr\u00e8re ou un prince! D\u00e9couvrez la version de Fernand Nault interpr\u00e9t\u00e9e par les <b>Grands Ballets<\/b> depuis plus de 50 ans!<\/p>\n<p>LES 23, 26, 27, 28, 29 ET 30 D\u00c9CEMBRE,14 H ET LES 21 ET 28 D\u00c9CEMBRE, 19 H 30, SALLE WILFRID-PELLETIER\u00a0 <a href=\"https:\/\/www.quartierdesspectacles.com\/fr\/activite\/40537\/le-spectacle-signature-noel-a-montreal?utm_source=Newsletter&amp;utm_medium=email&amp;utm_content=Vivez%20le%20temps%20des%20F%C3%AAtes%20dans%20le%20Quartier%20des%20spectacles%20%21&amp;utm_campaign=Tout%20est%20Quartier%20FR%20%7C%2013%20d%C3%A9cembre%202024\" target=\"_blank\" rel=\"noopener\">D\u00c9TAILS ET BILLETS<\/a><\/p>\n<p>&nbsp;<\/p>\n<h3>Mus\u00e9e des Beaux-Arts de Montr\u00e9al<\/h3>\n<p>Du 24 au 31 d\u00e9cembre, l&rsquo;acc\u00e8s au Mus\u00e9e des beaux-arts est gratuit! Il faut cependant r\u00e9server les billets \u00e0 l&rsquo;avance sur le site du MBAM en choisissant une date. Profitez-en pour d\u00e9couvrir l&rsquo;installation vid\u00e9o immersive <em>Ravel Ravel Interval<\/em> de l&rsquo;artiste albano-fran\u00e7ais <strong>Anri Sala<\/strong>. Deux interpr\u00e9tations du <em>Concerto pour la main gauche<\/em>, jou\u00e9es par <strong>Louis Lortie<\/strong> et par <strong>Jean-Efflam Bavouzet<\/strong>, sont jou\u00e9es en parall\u00e8le, faisant ressortir les rapprochements et les \u00e9carts entre les deux. Sala cherche ainsi \u00e0 mettre en lumi\u00e8re l&rsquo;expression unique de la sensibilit\u00e9 humains et invite le spectateur\u00b7ice \u00e0 accueillir le flottement comme une composante essentielle de notre exp\u00e9rience artisitque et personnelle.<\/p>\n<p>ADMISSION GRATUITE : DU 24 AU 31 D\u00c9CEMBRE, MUS\u00c9E DES BEAUX-ARTS DE MONTR\u00c9AL\u00a0 <a href=\"https:\/\/www.mbam.qc.ca\/fr\/expositions\/\" target=\"_blank\" rel=\"noopener\">D\u00c9TAILS ET BILLETS<\/a><\/p>\n<p>EXPOSITION RAVEL RAVEL INTERVAL : JUSQU&rsquo;AU 27 AVRIL 2025<\/p>\n<p>&nbsp;<\/p>\n<p><img decoding=\"async\" loading=\"lazy\" class=\"aligncenter size-full wp-image-85566\" src=\"https:\/\/www.ludwig-van.com\/montreal\/wp-content\/uploads\/sites\/3\/2024\/12\/Decembre_Quebecissime.jpg\" alt=\"\" width=\"1000\" height=\"547\" srcset=\"https:\/\/www.ludwig-van.com\/montreal\/wp-content\/uploads\/sites\/3\/2024\/12\/Decembre_Quebecissime.jpg 1000w, https:\/\/www.ludwig-van.com\/montreal\/wp-content\/uploads\/sites\/3\/2024\/12\/Decembre_Quebecissime-300x164.jpg 300w, https:\/\/www.ludwig-van.com\/montreal\/wp-content\/uploads\/sites\/3\/2024\/12\/Decembre_Quebecissime-768x420.jpg 768w\" sizes=\"(max-width: 1000px) 100vw, 1000px\" \/><\/p>\n<h3>Qu\u00e9bec Issime &#8211; <i>D\u00e9cembre<\/i><\/h3>\n<p>Il n\u2019y a pas que <i>Casse-Noisette<\/i> qui est une tradition de No\u00ebl depuis longtemps! Le spectacle <i>D\u00e9cembre<\/i> de <b>Qu\u00e9bec Issime<\/b> est applaudi depuis plus de 20 ans! La grande fresque musicale du temps des F\u00eates a mis \u00e0 profit la pause de l&rsquo;an dernier pour se refaire une beaut\u00e9, mais reste fid\u00e8le aux 12 tableaux qui conduisent le spectateur de l\u2019arriv\u00e9e de l\u2019hiver jusqu\u2019au jour de l\u2019an au travers 60 chansons interpr\u00e9t\u00e9es par 24 artistes.<\/p>\n<p>DU 26 AU 28 D\u00c9CEMBRE, 19 H 30 ET LES 28, 29 D\u00c9CEMBRE, 14 H, SALLE PIERRE-MERCURE \u00a0 <a href=\"https:\/\/www.quartierdesspectacles.com\/fr\/activite\/40009\/quebec-issime-decembre?utm_source=Newsletter&amp;utm_medium=email&amp;utm_content=Vivez%20le%20temps%20des%20F%C3%AAtes%20dans%20le%20Quartier%20des%20spectacles%20%21&amp;utm_campaign=Tout%20est%20Quartier%20FR%20%7C%2013%20d%C3%A9cembre%202024\" target=\"_blank\" rel=\"noopener\">D\u00c9TAILS ET BILLETS<\/a><\/p>\n<p>&nbsp;<\/p>\n<figure id=\"attachment_85567\" aria-describedby=\"caption-attachment-85567\" style=\"width: 1200px\" class=\"wp-caption aligncenter\"><img decoding=\"async\" loading=\"lazy\" class=\"size-full wp-image-85567\" src=\"https:\/\/www.ludwig-van.com\/montreal\/wp-content\/uploads\/sites\/3\/2024\/12\/Parapapam_1200.png\" alt=\"Marie-\u00c8ve Janvier et Marc Hervieux. (Photo : courtoisie Place des Arts)\" width=\"1200\" height=\"700\" srcset=\"https:\/\/www.ludwig-van.com\/montreal\/wp-content\/uploads\/sites\/3\/2024\/12\/Parapapam_1200.png 1200w, https:\/\/www.ludwig-van.com\/montreal\/wp-content\/uploads\/sites\/3\/2024\/12\/Parapapam_1200-300x175.png 300w, https:\/\/www.ludwig-van.com\/montreal\/wp-content\/uploads\/sites\/3\/2024\/12\/Parapapam_1200-1024x597.png 1024w, https:\/\/www.ludwig-van.com\/montreal\/wp-content\/uploads\/sites\/3\/2024\/12\/Parapapam_1200-768x448.png 768w\" sizes=\"(max-width: 1200px) 100vw, 1200px\" \/><figcaption id=\"caption-attachment-85567\" class=\"wp-caption-text\">Marie-\u00c8ve Janvier et Marc Hervieux. (Photo : courtoisie Place des Arts)<\/figcaption><\/figure>\n<h3>Marie-\u00c8ve Janvier et Marc Hervieux &#8211; <i>Parapapam<\/i><\/h3>\n<p>C\u2019est accompagn\u00e9 de 30 musiciens de l\u2019<b>Orchestre FILMharmonique<\/b> et d\u2019un ch\u0153ur de plus de 60 choristes dirig\u00e9s par <b>Francis Choini\u00e8re<\/b> que <b>Marie-\u00c8ve Janvier<\/b> et <b>Marc Hervieux<\/b> interpr\u00e9teront les plus beaux chants de No\u00ebl.<\/p>\n<p>LE 26 D\u00c9CEMBRE, 20 H ; LES 27, 28 D\u00c9CEMBRE, 19 ; LES 28, 29 D\u00c9CEMBRE, 14 H, MAISON SYMPHONIQUE\u00a0<a href=\"https:\/\/placedesarts.com\/fr\/evenement\/parapapam\" target=\"_blank\" rel=\"noopener\"> D\u00c9TAILS ET BILLETS<\/a><\/p>\n<p>&nbsp;<\/p>\n<p><img decoding=\"async\" loading=\"lazy\" class=\"aligncenter size-full wp-image-85573\" src=\"https:\/\/www.ludwig-van.com\/montreal\/wp-content\/uploads\/sites\/3\/2024\/12\/Nicolas-Noel_1200.jpg\" alt=\"\" width=\"1200\" height=\"675\" srcset=\"https:\/\/www.ludwig-van.com\/montreal\/wp-content\/uploads\/sites\/3\/2024\/12\/Nicolas-Noel_1200.jpg 1200w, https:\/\/www.ludwig-van.com\/montreal\/wp-content\/uploads\/sites\/3\/2024\/12\/Nicolas-Noel_1200-300x169.jpg 300w, https:\/\/www.ludwig-van.com\/montreal\/wp-content\/uploads\/sites\/3\/2024\/12\/Nicolas-Noel_1200-1024x576.jpg 1024w, https:\/\/www.ludwig-van.com\/montreal\/wp-content\/uploads\/sites\/3\/2024\/12\/Nicolas-Noel_1200-768x432.jpg 768w\" sizes=\"(max-width: 1200px) 100vw, 1200px\" \/><\/p>\n<h3><i>Nicolas No\u00ebl &#8211; Le cristal du temps<\/i><\/h3>\n<p>Dans ce spectacle familial, les lutins Tr\u00e9maline et Pamalin accompagnent le v\u00e9ritable P\u00e8re Nicolas No\u00ebl dans ses chants et ses histoires pour un moment d\u2019\u00e9merveillement pour tous.<\/p>\n<p>LES 27 ET 28 D\u00c9CEMBRE,15 H ET LE 28 D\u00c9CEMBRE, 11 H, TH\u00c9\u00c2TRE JEAN-DUCEPPE\u00a0 <a href=\"https:\/\/placedesarts.com\/fr\/evenement\/nicolas-noel-cristal-du-temps\" target=\"_blank\" rel=\"noopener\">D\u00c9TAILS ET BILLETS<\/a><\/p>\n<p>&nbsp;<\/p>\n<figure id=\"attachment_85572\" aria-describedby=\"caption-attachment-85572\" style=\"width: 1200px\" class=\"wp-caption aligncenter\"><img decoding=\"async\" loading=\"lazy\" class=\"size-full wp-image-85572\" src=\"https:\/\/www.ludwig-van.com\/montreal\/wp-content\/uploads\/sites\/3\/2024\/12\/La-Bas-laubergine_1200.jpg\" alt=\"\" width=\"1200\" height=\"800\" srcset=\"https:\/\/www.ludwig-van.com\/montreal\/wp-content\/uploads\/sites\/3\/2024\/12\/La-Bas-laubergine_1200.jpg 1200w, https:\/\/www.ludwig-van.com\/montreal\/wp-content\/uploads\/sites\/3\/2024\/12\/La-Bas-laubergine_1200-300x200.jpg 300w, https:\/\/www.ludwig-van.com\/montreal\/wp-content\/uploads\/sites\/3\/2024\/12\/La-Bas-laubergine_1200-1024x683.jpg 1024w, https:\/\/www.ludwig-van.com\/montreal\/wp-content\/uploads\/sites\/3\/2024\/12\/La-Bas-laubergine_1200-768x512.jpg 768w\" sizes=\"(max-width: 1200px) 100vw, 1200px\" \/><figcaption id=\"caption-attachment-85572\" class=\"wp-caption-text\">Sc\u00e8ne de L\u00e0-Bas de l&rsquo;Aubergine. (Courtoisie : Quartier des spectacles)<\/figcaption><\/figure>\n<h3>L\u2019Aubergine &#8211; <i>L\u00e0-bas<\/i><\/h3>\n<p>Une plaisante aventure remplie de rires et de l\u00e9g\u00e8ret\u00e9 attend les jeunes dans ce spectacle loufoque sur une id\u00e9e originale de <strong>Veronika Makdissi-Warren<\/strong> et destin\u00e9 principalement au 4 \u00e0 10 ans dans lequel trois comparses avancent vers un avenir meilleur en traversant une s\u00e9rie de p\u00e9rip\u00e9ties coquasses.<\/p>\n<p>LES 27 ET 30 D\u00c9CEMBRE, 13 H; LE 28 D\u00c9CEMBRE, 10 H; LE 29 D\u00c9CEMBRE,16 H, MAISON TH\u00c9\u00c2TRE\u00a0 <a href=\"https:\/\/www.quartierdesspectacles.com\/fr\/activite\/39597\/la-bas\" target=\"_blank\" rel=\"noopener\">D\u00c9TAILS ET BILLETS<\/a><\/p>\n<p>&nbsp;<\/p>\n<p><img decoding=\"async\" loading=\"lazy\" class=\"aligncenter size-full wp-image-85571\" src=\"https:\/\/www.ludwig-van.com\/montreal\/wp-content\/uploads\/sites\/3\/2024\/12\/esplanade-tranquille-qds-inauguration-c-ulysse-lemerise-osa-hr-12-852x350-1.jpg\" alt=\"\" width=\"852\" height=\"350\" srcset=\"https:\/\/www.ludwig-van.com\/montreal\/wp-content\/uploads\/sites\/3\/2024\/12\/esplanade-tranquille-qds-inauguration-c-ulysse-lemerise-osa-hr-12-852x350-1.jpg 852w, https:\/\/www.ludwig-van.com\/montreal\/wp-content\/uploads\/sites\/3\/2024\/12\/esplanade-tranquille-qds-inauguration-c-ulysse-lemerise-osa-hr-12-852x350-1-300x123.jpg 300w, https:\/\/www.ludwig-van.com\/montreal\/wp-content\/uploads\/sites\/3\/2024\/12\/esplanade-tranquille-qds-inauguration-c-ulysse-lemerise-osa-hr-12-852x350-1-768x315.jpg 768w\" sizes=\"(max-width: 852px) 100vw, 852px\" \/><\/p>\n<h3>Patinoire de l\u2019Esplanade tranquille<\/h3>\n<p>Profitez de la saison froide! La patinoire r\u00e9frig\u00e9r\u00e9e de l\u2019Esplanade tranquille vous attend du dimanche au mercredi de 9h \u00e0 22h et du jeudi au samedi de 9h \u00e0 23h. Un kiosque de location et d&rsquo;aiguisage ainsi qu\u2019un vestiaire sont disponibles sur place. Consulter<a href=\"https:\/\/www.quartierdesspectacles.com\/fr\/lieu\/284\/esplanade-tranquille\/\" target=\"_blank\" rel=\"noopener\"> le site de l&rsquo;Esplanade<\/a> pour plus de d\u00e9tails.<\/p>\n<p>&nbsp;<\/p>\n<p><img decoding=\"async\" loading=\"lazy\" class=\"aligncenter size-full wp-image-85570\" src=\"https:\/\/www.ludwig-van.com\/montreal\/wp-content\/uploads\/sites\/3\/2024\/12\/lumino.jpg\" alt=\"\" width=\"850\" height=\"450\" srcset=\"https:\/\/www.ludwig-van.com\/montreal\/wp-content\/uploads\/sites\/3\/2024\/12\/lumino.jpg 850w, https:\/\/www.ludwig-van.com\/montreal\/wp-content\/uploads\/sites\/3\/2024\/12\/lumino-300x159.jpg 300w, https:\/\/www.ludwig-van.com\/montreal\/wp-content\/uploads\/sites\/3\/2024\/12\/lumino-768x407.jpg 768w\" sizes=\"(max-width: 850px) 100vw, 850px\" \/><\/p>\n<h3>Lumino<\/h3>\n<p>Situ\u00e9e sur la rue Ste-Catherine entre les rues Mansfield et la rue St-Hubert, la 15e \u00e9dition de Lumino se poursuit tous les jours de 16h \u00e0 23h. Illuminez votre temps des F\u00eates en allant y faire un tour!<\/p>\n<h2><em>Inscrivez-vous \u00e0 notre infolettre! La musique classique et l\u2019op\u00e9ra en 5 minutes, chaque jour<\/em> <a href=\"https:\/\/ludwig-van.us9.list-manage.com\/subscribe?u=4f785cb3f9058f2393ccad035&amp;id=b9b160c032\" target=\"_blank\" rel=\"noopener noreferrer\">ICI<\/a><\/h2>\n","protected":false},"excerpt":{"rendered":"<p>Nos Choix de la r\u00e9daction prennent une orientation plus familiale cette semaine en ajoutant des suggestions de sorties de tous genres : parents, grands-parents et tous nos lecteurs\u00b7rices au c\u0153ur d&rsquo;enfant sauront y trouver des activit\u00e9s pour ajouter de l&rsquo;enchantement au cong\u00e9 des F\u00eates!<\/p>\n","protected":false},"author":1,"featured_media":85574,"comment_status":"open","ping_status":"open","sticky":false,"template":"","format":"standard","meta":{"om_disable_all_campaigns":false,"jetpack_post_was_ever_published":false},"categories":[42107,10994],"tags":[42106,42198,11809,42295],"yst_prominent_words":[9863,9946,9945,26052,10364,10356,17072],"acf":[],"jetpack_featured_media_url":"https:\/\/www.ludwig-van.com\/montreal\/wp-content\/uploads\/sites\/3\/2024\/12\/Copie-de-CONCERTS.jpg","jetpack_sharing_enabled":true,"jetpack_shortlink":"https:\/\/wp.me\/p9bdYt-mg2","amp_enabled":true,"_links":{"self":[{"href":"https:\/\/www.ludwig-van.com\/montreal\/wp-json\/wp\/v2\/posts\/85562"}],"collection":[{"href":"https:\/\/www.ludwig-van.com\/montreal\/wp-json\/wp\/v2\/posts"}],"about":[{"href":"https:\/\/www.ludwig-van.com\/montreal\/wp-json\/wp\/v2\/types\/post"}],"author":[{"embeddable":true,"href":"https:\/\/www.ludwig-van.com\/montreal\/wp-json\/wp\/v2\/users\/1"}],"replies":[{"embeddable":true,"href":"https:\/\/www.ludwig-van.com\/montreal\/wp-json\/wp\/v2\/comments?post=85562"}],"version-history":[{"count":71,"href":"https:\/\/www.ludwig-van.com\/montreal\/wp-json\/wp\/v2\/posts\/85562\/revisions"}],"predecessor-version":[{"id":85661,"href":"https:\/\/www.ludwig-van.com\/montreal\/wp-json\/wp\/v2\/posts\/85562\/revisions\/85661"}],"wp:featuredmedia":[{"embeddable":true,"href":"https:\/\/www.ludwig-van.com\/montreal\/wp-json\/wp\/v2\/media\/85574"}],"wp:attachment":[{"href":"https:\/\/www.ludwig-van.com\/montreal\/wp-json\/wp\/v2\/media?parent=85562"}],"wp:term":[{"taxonomy":"category","embeddable":true,"href":"https:\/\/www.ludwig-van.com\/montreal\/wp-json\/wp\/v2\/categories?post=85562"},{"taxonomy":"post_tag","embeddable":true,"href":"https:\/\/www.ludwig-van.com\/montreal\/wp-json\/wp\/v2\/tags?post=85562"},{"taxonomy":"yst_prominent_words","embeddable":true,"href":"https:\/\/www.ludwig-van.com\/montreal\/wp-json\/wp\/v2\/yst_prominent_words?post=85562"}],"curies":[{"name":"wp","href":"https:\/\/api.w.org\/{rel}","templated":true}]}}