{"id":85479,"date":"2024-12-17T16:57:24","date_gmt":"2024-12-17T21:57:24","guid":{"rendered":"https:\/\/www.ludwig-van.com\/montreal\/?p=85479"},"modified":"2024-12-19T07:00:03","modified_gmt":"2024-12-19T12:00:03","slug":"disques-2","status":"publish","type":"post","link":"https:\/\/www.ludwig-van.com\/montreal\/2024\/12\/17\/disques-2\/","title":{"rendered":"DISQUES | Les esprits du pass\u00e9, du pr\u00e9sent et de l&rsquo;avenir font leurs recommandations d&rsquo;albums!"},"content":{"rendered":"<p><img decoding=\"async\" loading=\"lazy\" class=\"aligncenter size-full wp-image-85484\" src=\"https:\/\/www.ludwig-van.com\/montreal\/wp-content\/uploads\/sites\/3\/2024\/12\/Copie-de-CONCERTS3-1.jpg\" alt=\"\" width=\"1200\" height=\"628\" srcset=\"https:\/\/www.ludwig-van.com\/montreal\/wp-content\/uploads\/sites\/3\/2024\/12\/Copie-de-CONCERTS3-1.jpg 1200w, https:\/\/www.ludwig-van.com\/montreal\/wp-content\/uploads\/sites\/3\/2024\/12\/Copie-de-CONCERTS3-1-300x157.jpg 300w, https:\/\/www.ludwig-van.com\/montreal\/wp-content\/uploads\/sites\/3\/2024\/12\/Copie-de-CONCERTS3-1-1024x536.jpg 1024w, https:\/\/www.ludwig-van.com\/montreal\/wp-content\/uploads\/sites\/3\/2024\/12\/Copie-de-CONCERTS3-1-768x402.jpg 768w\" sizes=\"(max-width: 1200px) 100vw, 1200px\" \/><\/p>\n<p>&nbsp;<\/p>\n<p>Toujours afin de vous aider \u00e0 compl\u00e9ter vos achats de cadeaux, nous vous pr\u00e9sentons de nouveau trois albums parus r\u00e9cemment, de trois genres bien diff\u00e9rents, afin de rejoindre tous les types de m\u00e9lomanes sur votre liste. La s\u00e9lection d&rsquo;aujourd&rsquo;hui pourrait avoir \u00e9t\u00e9 recommand\u00e9e par les esprits du pass\u00e9, du pr\u00e9sent et de l&rsquo;avenir : une r\u00e9trospective posthume du pionnier de l&rsquo;animation et compositeur <strong>Norman McLaren<\/strong>, un album s&rsquo;inscrivant dans la continuit\u00e9 et repr\u00e9sentant le raffinement exemplaire du travail d&rsquo;<strong>Oktoecho<\/strong> et de la compositrice <strong>Katia Makdissi-Warren<\/strong>, et celui d&rsquo;une jeune artiste se b\u00e2tissant de plus en plus un avenir rayonnant, <strong>\u00c9lisabeth St-Gelais<\/strong>.<\/p>\n<h2><\/h2>\n<h2>MUSIQUE VOCALE<\/h2>\n<p>&nbsp;<\/p>\n<p><img decoding=\"async\" loading=\"lazy\" class=\"aligncenter size-full wp-image-85482\" src=\"https:\/\/www.ludwig-van.com\/montreal\/wp-content\/uploads\/sites\/3\/2024\/12\/Elisabeth-St-Gelais_couverture-album_infini.jpg\" alt=\"\" width=\"1200\" height=\"1200\" srcset=\"https:\/\/www.ludwig-van.com\/montreal\/wp-content\/uploads\/sites\/3\/2024\/12\/Elisabeth-St-Gelais_couverture-album_infini.jpg 1200w, https:\/\/www.ludwig-van.com\/montreal\/wp-content\/uploads\/sites\/3\/2024\/12\/Elisabeth-St-Gelais_couverture-album_infini-300x300.jpg 300w, https:\/\/www.ludwig-van.com\/montreal\/wp-content\/uploads\/sites\/3\/2024\/12\/Elisabeth-St-Gelais_couverture-album_infini-1024x1024.jpg 1024w, https:\/\/www.ludwig-van.com\/montreal\/wp-content\/uploads\/sites\/3\/2024\/12\/Elisabeth-St-Gelais_couverture-album_infini-150x150.jpg 150w, https:\/\/www.ludwig-van.com\/montreal\/wp-content\/uploads\/sites\/3\/2024\/12\/Elisabeth-St-Gelais_couverture-album_infini-768x768.jpg 768w\" sizes=\"(max-width: 1200px) 100vw, 1200px\" \/><\/p>\n<h2><\/h2>\n<h3>\u00c9lisabeth St-Gelais, soprano et Louise Pelletier, piano &#8211; <em>Infini<\/em><\/h3>\n<p><em>par B\u00e9atrice Cadrin<\/em><\/p>\n<p>\u00c9tiquette : ATMA Classique<\/p>\n<p>Pour ses d\u00e9buts chez ATMA Classique, la soprano acclam\u00e9e <strong>\u00c9lisabeth St-Gelais<\/strong>, tout r\u00e9cemment nomm\u00e9e <a href=\"https:\/\/www.ludwig-van.com\/montreal\/2024\/12\/12\/nouvelle-la-fondation-pere-lindsay-procede-la-remise-de-ses-trois-bourses\/\" target=\"_blank\" rel=\"noopener\">r\u00e9cipiendaire du prix Fernand-Lindsay<\/a>, fait d\u00e9couvrir aux auditeurs\u00b7ices une s\u00e9lection de m\u00e9lodies fran\u00e7aises de Chaminade, Bizet, Poulenc, Saint-Sa\u00ebns et Duparc. Le go\u00fbt aiguis\u00e9 de <strong>St-Gelais<\/strong> pour le genre de la m\u00e9lodie fran\u00e7aise transpara\u00eet autant dans le soin mis \u00e0 assembler ce floril\u00e8ge que dans l&rsquo;investissement manifeste des interpr\u00e9tations. La voix pleine et vibrante de <strong>St-Gelais<\/strong> s&rsquo;y d\u00e9ploie \u00e0 l&rsquo;aise, m\u00eame dans les aigus qui restent souples et ouverts. La chanteuse est soutenue par le jeu diff\u00e9renci\u00e9 de l&rsquo;excellente <strong>Louise Pelletier<\/strong> au piano. L&rsquo;\u0153uvre de Chaminade qui donne son titre \u00e0 l&rsquo;album, une d\u00e9couverte charmante sur un po\u00e8me de Charles Fuster, m\u00e9rite sa place d&rsquo;honneur en ouverture d&rsquo;album.<\/p>\n<p>La pr\u00e9sentation graphique de la pochette est plut\u00f4t fantaisiste, avec la pr\u00e9sentation intentionnellement d\u00e9sordonn\u00e9e des paroles de chaque plage. Prenons-le comme une fa\u00e7on de prolonger le plaisir de notre calendrier de l&rsquo;avent, o\u00f9 plut\u00f4t que de chercher la fen\u00eatre portant le bon chiffre, il faut chercher le texte correspondant \u00e0 chaque chant &#8230;<\/p>\n<p>\u00c0 offrir aux inconditionnel\u00b7le\u00b7s d&rsquo;<strong>\u00c9lisabeth St-Gelais<\/strong> comme aux n\u00e9ophytes pour leur faire d\u00e9couvrir la voix de cette jeune artiste.<\/p>\n<p>&nbsp;<\/p>\n<div class=\"jetpack-video-wrapper\"><span class=\"embed-youtube\" style=\"text-align:center; display: block;\"><iframe loading=\"lazy\" class=\"youtube-player\" width=\"640\" height=\"360\" src=\"https:\/\/www.youtube.com\/embed\/NNTsSwRZz-M?version=3&#038;rel=1&#038;showsearch=0&#038;showinfo=1&#038;iv_load_policy=1&#038;fs=1&#038;hl=fr-FR&#038;autohide=2&#038;wmode=transparent\" allowfullscreen=\"true\" style=\"border:0;\" sandbox=\"allow-scripts allow-same-origin allow-popups allow-presentation\"><\/iframe><\/span><\/div>\n<p>&nbsp;<\/p>\n<h3>MUSIQUE ET IMAGE<\/h3>\n<p><img decoding=\"async\" loading=\"lazy\" class=\"aligncenter size-full wp-image-85481\" src=\"https:\/\/www.ludwig-van.com\/montreal\/wp-content\/uploads\/sites\/3\/2024\/12\/Norman-McLaren-Rythmetic_Artwork.jpg\" alt=\"\" width=\"1200\" height=\"1200\" srcset=\"https:\/\/www.ludwig-van.com\/montreal\/wp-content\/uploads\/sites\/3\/2024\/12\/Norman-McLaren-Rythmetic_Artwork.jpg 1200w, https:\/\/www.ludwig-van.com\/montreal\/wp-content\/uploads\/sites\/3\/2024\/12\/Norman-McLaren-Rythmetic_Artwork-300x300.jpg 300w, https:\/\/www.ludwig-van.com\/montreal\/wp-content\/uploads\/sites\/3\/2024\/12\/Norman-McLaren-Rythmetic_Artwork-1024x1024.jpg 1024w, https:\/\/www.ludwig-van.com\/montreal\/wp-content\/uploads\/sites\/3\/2024\/12\/Norman-McLaren-Rythmetic_Artwork-150x150.jpg 150w, https:\/\/www.ludwig-van.com\/montreal\/wp-content\/uploads\/sites\/3\/2024\/12\/Norman-McLaren-Rythmetic_Artwork-768x768.jpg 768w\" sizes=\"(max-width: 1200px) 100vw, 1200px\" \/><\/p>\n<h3><em>Rythmetic\u00a0<\/em>: Les compositions de Norman McLaren<\/h3>\n<p><em>par \u00c9ric Champagne<\/em><\/p>\n<p>\u00c9tiquettes : We Are Busy Bodies \/ Phantom Limb \/ Office national du Film<\/p>\n<p>L&rsquo;<strong>Office national du film du Canada<\/strong> propose ici un petit tr\u00e9sor de notre patrimoine musical &#8230; insoup\u00e7onn\u00e9! Car si l\u2019\u0153uvre visuelle de <strong>Norman McLaren<\/strong> est bien connue, son apport musical est rel\u00e9gu\u00e9 au second plan quand il n&rsquo;est pas carr\u00e9ment ignor\u00e9. Pourtant, en plus d&rsquo;innover sur le plan de l&rsquo;animation, <strong>McLaren<\/strong> travaillait les bandes sonores de ses films avec une attention toute particuli\u00e8re et avec des techniques tout \u00e0 fait novatrices pour l&rsquo;\u00e9poque.<\/p>\n<p>L\u2019\u0153uvre sonore de <strong>Norman McLaren<\/strong> est de celle qui ouvrira la voie aux musiques \u00e9lectroniques au pays, au m\u00eame titre que le travail d&rsquo;inventeur et de cr\u00e9ateur de <strong>Hugh Le Caine<\/strong>, au point o\u00f9 le compositeur am\u00e9ricain<strong> Milton Babbitt<\/strong> d\u00e9crira <strong>McLaren<\/strong> comme le \u00ab premier musicien \u00e9lectronique \u00bb (une d\u00e9claration qu&rsquo;il faut un peu nuancer, mais qui consolide n\u00e9anmoins l&rsquo;aspect novateur des cr\u00e9ations de <strong>McLaren<\/strong>).<\/p>\n<p>Exp\u00e9rimentale et avant-gardiste, sa musique est n\u00e9anmoins tr\u00e8s ludique et amusante. Son imaginaire d\u00e9bordant et son inventivit\u00e9 vivante insufflent \u00e0 ses compositions un caract\u00e8re toujours coquin et goguenard. Il en r\u00e9sulte une musique fondamentalement cin\u00e9matographique, c&rsquo;est-\u00e0-dire qu&rsquo;en plus d&rsquo;\u00eatre con\u00e7ue pour l&rsquo;image, elle \u00e9voque l&rsquo;image. \u00c9couter ces \u0153uvres sans support visuel devient une exp\u00e9rience tr\u00e8s stimulante pour l&rsquo;imagination : il est impossible pour notre esprit de ne pas voir des images \u2013 abstraites ou pas \u2013 qui virevoltent sur ces sons saugrenus.<\/p>\n<p>L&rsquo;album est constitu\u00e9 de bandes-son de ses plus c\u00e9l\u00e8bres films d&rsquo;animation, mais aussi de r\u00e9alisations sonores in\u00e9dites qui sont ici accessibles pour la premi\u00e8re fois. Vivace et fantaisiste, cet album plaira aux cin\u00e9philes, mais aussi \u00e0 toute personne qui d\u00e9sire explorer un univers stimulant, part importante de notre imaginaire collectif.<\/p>\n<p>&nbsp;<\/p>\n<h2>MUSIQUE DU MONDE \/ MUSIQUE CONTEMPORAINE<\/h2>\n<p>&nbsp;<\/p>\n<figure id=\"attachment_85483\" aria-describedby=\"caption-attachment-85483\" style=\"width: 1200px\" class=\"wp-caption aligncenter\"><img decoding=\"async\" loading=\"lazy\" class=\"size-full wp-image-85483\" src=\"https:\/\/www.ludwig-van.com\/montreal\/wp-content\/uploads\/sites\/3\/2024\/12\/Oktoecho_Credit_Damian-Siqueiros.jpg\" alt=\"Oktoecho. (Photo : Damian Siqueiros)\" width=\"1200\" height=\"800\" srcset=\"https:\/\/www.ludwig-van.com\/montreal\/wp-content\/uploads\/sites\/3\/2024\/12\/Oktoecho_Credit_Damian-Siqueiros.jpg 1200w, https:\/\/www.ludwig-van.com\/montreal\/wp-content\/uploads\/sites\/3\/2024\/12\/Oktoecho_Credit_Damian-Siqueiros-300x200.jpg 300w, https:\/\/www.ludwig-van.com\/montreal\/wp-content\/uploads\/sites\/3\/2024\/12\/Oktoecho_Credit_Damian-Siqueiros-1024x683.jpg 1024w, https:\/\/www.ludwig-van.com\/montreal\/wp-content\/uploads\/sites\/3\/2024\/12\/Oktoecho_Credit_Damian-Siqueiros-768x512.jpg 768w\" sizes=\"(max-width: 1200px) 100vw, 1200px\" \/><figcaption id=\"caption-attachment-85483\" class=\"wp-caption-text\">Oktoecho. (Photo : Damian Siqueiros)<\/figcaption><\/figure>\n<h3>Oktoecho\u00a0 &#8211; <em>Saimaniq Simuvut<\/em><\/h3>\n<p><em>par \u00c9ric Champagne<\/em><\/p>\n<p>L&rsquo;ensemble <strong>Okotecho<\/strong>, dirig\u00e9 par la compositrice <strong>Katia Makdissi-Warren<\/strong>, pr\u00e9sente son nouvel album dont le titre signifie \u00ab paix, vers l&rsquo;avenir \u00bb. Le travail de m\u00e9tissage et d&rsquo;inter-influences typique des cr\u00e9ations de cet ensemble atteint un point de raffinement exemplaire avec cet album. C&rsquo;est la culture inuit qui est ici \u00e0 l&rsquo;avant-plan, avec l&rsquo;apport des artistes autochtones <strong>Lydia Etok<\/strong> et <strong>Nina Segalowitz<\/strong> qui nous font d\u00e9couvrir \u00e0 travers un r\u00e9pertoire original le <em>katajjaq<\/em>, le tambour inuit et le chant Ayaya. La chanteuse <strong>H\u00e9l\u00e8ne Martel<\/strong> et les instrumentistes <strong>Bertil Schulrabe<\/strong>,<strong> Michel Dubeau<\/strong>, <strong>Eryk Warren<\/strong> et\u00a0 <strong>Carla Antoun<\/strong> y greffent des influences des polyrythmies arabes, le son des fl\u00fbtes japonaise et irlandaise et des relents de musique \u00e9lectronique.<\/p>\n<p>Aussi bigarr\u00e9 que puissent \u00eatre ces diverses influences, le r\u00e9sultat en est paradoxalement des plus unis. C&rsquo;est que la cr\u00e9ativit\u00e9 est si riche qu&rsquo;elle amalgame le tout pour cr\u00e9er un univers vibrant et communicatif.<\/p>\n<p>Surprenant et vivant, cet album est une belle r\u00e9ussite qui saura plaire aux esprits curieux.<\/p>\n<h2><em>Inscrivez-vous \u00e0 notre infolettre! La musique classique et l\u2019op\u00e9ra en 5 minutes, chaque jour<\/em> <a href=\"https:\/\/ludwig-van.us9.list-manage.com\/subscribe?u=4f785cb3f9058f2393ccad035&amp;id=b9b160c032\" target=\"_blank\" rel=\"noopener noreferrer\">ICI<\/a><\/h2>\n","protected":false},"excerpt":{"rendered":"<p>Toujours afin de vous aider \u00e0 compl\u00e9ter vos achats de cadeaux, nous vous pr\u00e9sentons de nouveau trois albums parus r\u00e9cemment, de trois genres bien diff\u00e9rents, afin de rejoindre tous les types de m\u00e9lomanes sur votre liste. La s\u00e9lection d&rsquo;aujourd&rsquo;hui pourrait avoir \u00e9t\u00e9 recommand\u00e9e par les esprits du pass\u00e9, du pr\u00e9sent et de l&rsquo;avenir : une r\u00e9trospective posthume du pionnier de l&rsquo;animation et compositeur Norman McLaren, un album s&rsquo;inscrivant dans la continuit\u00e9 et repr\u00e9sentant le raffinement exemplaire du travail d&rsquo;Oktoecho et de la compositrice Katia Makdissi-Warren, et une jeune artiste se b\u00e2tissant de plus en plus un avenir rayonnant, \u00c9lisabeth St-Gelais, et son premier album Infini.<\/p>\n","protected":false},"author":1,"featured_media":85484,"comment_status":"open","ping_status":"open","sticky":false,"template":"","format":"standard","meta":{"om_disable_all_campaigns":false,"jetpack_post_was_ever_published":false},"categories":[42107,13965],"tags":[42106,35677,42294,42056],"yst_prominent_words":[7004,10411,25425,25424,11222,10548,25426,27290,9811,7013,10898],"acf":[],"jetpack_featured_media_url":"https:\/\/www.ludwig-van.com\/montreal\/wp-content\/uploads\/sites\/3\/2024\/12\/Copie-de-CONCERTS3-1.jpg","jetpack_sharing_enabled":true,"jetpack_shortlink":"https:\/\/wp.me\/p9bdYt-meH","amp_enabled":true,"_links":{"self":[{"href":"https:\/\/www.ludwig-van.com\/montreal\/wp-json\/wp\/v2\/posts\/85479"}],"collection":[{"href":"https:\/\/www.ludwig-van.com\/montreal\/wp-json\/wp\/v2\/posts"}],"about":[{"href":"https:\/\/www.ludwig-van.com\/montreal\/wp-json\/wp\/v2\/types\/post"}],"author":[{"embeddable":true,"href":"https:\/\/www.ludwig-van.com\/montreal\/wp-json\/wp\/v2\/users\/1"}],"replies":[{"embeddable":true,"href":"https:\/\/www.ludwig-van.com\/montreal\/wp-json\/wp\/v2\/comments?post=85479"}],"version-history":[{"count":25,"href":"https:\/\/www.ludwig-van.com\/montreal\/wp-json\/wp\/v2\/posts\/85479\/revisions"}],"predecessor-version":[{"id":85512,"href":"https:\/\/www.ludwig-van.com\/montreal\/wp-json\/wp\/v2\/posts\/85479\/revisions\/85512"}],"wp:featuredmedia":[{"embeddable":true,"href":"https:\/\/www.ludwig-van.com\/montreal\/wp-json\/wp\/v2\/media\/85484"}],"wp:attachment":[{"href":"https:\/\/www.ludwig-van.com\/montreal\/wp-json\/wp\/v2\/media?parent=85479"}],"wp:term":[{"taxonomy":"category","embeddable":true,"href":"https:\/\/www.ludwig-van.com\/montreal\/wp-json\/wp\/v2\/categories?post=85479"},{"taxonomy":"post_tag","embeddable":true,"href":"https:\/\/www.ludwig-van.com\/montreal\/wp-json\/wp\/v2\/tags?post=85479"},{"taxonomy":"yst_prominent_words","embeddable":true,"href":"https:\/\/www.ludwig-van.com\/montreal\/wp-json\/wp\/v2\/yst_prominent_words?post=85479"}],"curies":[{"name":"wp","href":"https:\/\/api.w.org\/{rel}","templated":true}]}}