{"id":85448,"date":"2024-12-16T11:56:58","date_gmt":"2024-12-16T16:56:58","guid":{"rendered":"https:\/\/www.ludwig-van.com\/montreal\/?p=85448"},"modified":"2024-12-17T13:00:02","modified_gmt":"2024-12-17T18:00:02","slug":"85448","status":"publish","type":"post","link":"https:\/\/www.ludwig-van.com\/montreal\/2024\/12\/16\/85448\/","title":{"rendered":"CHOIX DE LA R\u00c9DACTION | Espoir, souvenirs, c\u00e9l\u00e9bration et communaut\u00e9 : les concerts de No\u00ebl c\u00e9l\u00e8brent nos valeurs"},"content":{"rendered":"<figure id=\"attachment_85457\" aria-describedby=\"caption-attachment-85457\" style=\"width: 1200px\" class=\"wp-caption aligncenter\"><img decoding=\"async\" loading=\"lazy\" class=\"size-full wp-image-85457\" src=\"https:\/\/www.ludwig-van.com\/montreal\/wp-content\/uploads\/sites\/3\/2024\/12\/Copie-de-CONCERTS9.jpg\" alt=\"Anna-Sophie Neher (Photo : courtoisie I Musici); Casse-Noisette aux Grands Ballets canadiens (Photo : Michel Trahan); Cantiques aux chandelles du Ch\u0153ur A &amp; P (Photo : Tam Photography)\" width=\"1200\" height=\"628\" srcset=\"https:\/\/www.ludwig-van.com\/montreal\/wp-content\/uploads\/sites\/3\/2024\/12\/Copie-de-CONCERTS9.jpg 1200w, https:\/\/www.ludwig-van.com\/montreal\/wp-content\/uploads\/sites\/3\/2024\/12\/Copie-de-CONCERTS9-300x157.jpg 300w, https:\/\/www.ludwig-van.com\/montreal\/wp-content\/uploads\/sites\/3\/2024\/12\/Copie-de-CONCERTS9-1024x536.jpg 1024w, https:\/\/www.ludwig-van.com\/montreal\/wp-content\/uploads\/sites\/3\/2024\/12\/Copie-de-CONCERTS9-768x402.jpg 768w\" sizes=\"(max-width: 1200px) 100vw, 1200px\" \/><figcaption id=\"caption-attachment-85457\" class=\"wp-caption-text\">Anna-Sophie Neher (Photo : courtoisie I Musici); Casse-Noisette aux Grands Ballets canadiens (Photo : Michel Trahan); Cantiques aux chandelles du Ch\u0153ur A &amp; P (Photo : Tam Photography)<\/figcaption><\/figure>\n<p>Cette semaine est plus tranquille que la semaine pass\u00e9e en nombre de concerts. Heureusement, car la f\u00eate tant attendue approche \u00e0 grands pas et du point de vue pr\u00e9paratifs, c\u2019est le sprint final! Prenez tout de m\u00eame le temps d\u2019assister \u00e0 au moins un des concerts, question de ne pas \u00eatre essouffl\u00e9\u00b7e et grincheux\u00b7euse lors du grand jour!<\/p>\n<p>&nbsp;<\/p>\n<figure id=\"attachment_85455\" aria-describedby=\"caption-attachment-85455\" style=\"width: 1200px\" class=\"wp-caption aligncenter\"><img decoding=\"async\" loading=\"lazy\" class=\"size-full wp-image-85455\" src=\"https:\/\/www.ludwig-van.com\/montreal\/wp-content\/uploads\/sites\/3\/2024\/12\/Chants-despoir_cropped_1200.jpg\" alt=\"\" width=\"1200\" height=\"703\" srcset=\"https:\/\/www.ludwig-van.com\/montreal\/wp-content\/uploads\/sites\/3\/2024\/12\/Chants-despoir_cropped_1200.jpg 1200w, https:\/\/www.ludwig-van.com\/montreal\/wp-content\/uploads\/sites\/3\/2024\/12\/Chants-despoir_cropped_1200-300x176.jpg 300w, https:\/\/www.ludwig-van.com\/montreal\/wp-content\/uploads\/sites\/3\/2024\/12\/Chants-despoir_cropped_1200-1024x600.jpg 1024w, https:\/\/www.ludwig-van.com\/montreal\/wp-content\/uploads\/sites\/3\/2024\/12\/Chants-despoir_cropped_1200-768x450.jpg 768w\" sizes=\"(max-width: 1200px) 100vw, 1200px\" \/><figcaption id=\"caption-attachment-85455\" class=\"wp-caption-text\">(Photo : courtoisie)<\/figcaption><\/figure>\n<h3><em>Chants d\u2019espoir<\/em> avec Kayhan Kalhor<\/h3>\n<p>Principal ambassadeur de la musique persane et ma\u00eetre du kamancheh, la vi\u00e8le persane, <b>Kayhan Kalhor<\/b> revient \u00e0 Montr\u00e9al accompagn\u00e9 cette fois de <b>Kiya Tabassian<\/b>, s\u00e9tar, de <b>Hadi Hosseini<\/b>, chant, et de <b>Hamin Honari<\/b>, tombak, dans un concert de musique et de po\u00e9sie persanes, une pr\u00e9sentation du Centre des Musiciens du Monde et de Constantinople.<\/p>\n<p>LE 16 D\u00c9CEMBRE, 20 H, \u00c9GLISE ST-ENFANT-J\u00c9SUS DU MILE END\u00a0 <a href=\"https:\/\/centredesmusiciensdumonde.com\/calendrier\/chants-despoir-kayhan-kalhor\/\" target=\"_blank\" rel=\"noopener\">D\u00c9TAILS ET BILLETS<\/a><\/p>\n<p>&nbsp;<\/p>\n<figure id=\"attachment_85450\" aria-describedby=\"caption-attachment-85450\" style=\"width: 1200px\" class=\"wp-caption aligncenter\"><img decoding=\"async\" loading=\"lazy\" class=\"size-full wp-image-85450\" src=\"https:\/\/www.ludwig-van.com\/montreal\/wp-content\/uploads\/sites\/3\/2024\/12\/ChoeurOSM-1_1200.jpg\" alt=\"Le Ch\u0153ur de l'OSM. (Photo : courtoisie)\" width=\"1200\" height=\"509\" srcset=\"https:\/\/www.ludwig-van.com\/montreal\/wp-content\/uploads\/sites\/3\/2024\/12\/ChoeurOSM-1_1200.jpg 1200w, https:\/\/www.ludwig-van.com\/montreal\/wp-content\/uploads\/sites\/3\/2024\/12\/ChoeurOSM-1_1200-300x127.jpg 300w, https:\/\/www.ludwig-van.com\/montreal\/wp-content\/uploads\/sites\/3\/2024\/12\/ChoeurOSM-1_1200-1024x434.jpg 1024w, https:\/\/www.ludwig-van.com\/montreal\/wp-content\/uploads\/sites\/3\/2024\/12\/ChoeurOSM-1_1200-768x326.jpg 768w\" sizes=\"(max-width: 1200px) 100vw, 1200px\" \/><figcaption id=\"caption-attachment-85450\" class=\"wp-caption-text\">Le Ch\u0153ur de l&rsquo;OSM. (Photo : courtoisie)<\/figcaption><\/figure>\n<h3>OSM &#8211; <em>Festivit\u00e9s en chants et en musiques<\/em><\/h3>\n<p>Vous avez toujours r\u00eav\u00e9 de chanter \u00e0 la Maison symphonique? Voici votre chance! Le <b>Ch\u0153ur de l\u2019Orchestre symphonique de Montr\u00e9al<\/b> et l\u2019<strong>OSM<\/strong> dirig\u00e9s par <b>Simon Rivard<\/b> vous invitent \u00e0 joindre votre voix aux leurs dans des chants de No\u00ebl et traditionnels. Une r\u00e9p\u00e9tition aura lieu de 19h \u00e0 19h15 pour les int\u00e9ress\u00e9\u00b7e\u00b7s.<\/p>\n<p>LE 17 D\u00c9CEMBRE, 19 H 30, MAISON SYMPHONIQUE\u00a0 <a href=\"https:\/\/www.osm.ca\/fr\/concert\/festivites-en-chants-et-musiques\/\" target=\"_blank\" rel=\"noopener\">D\u00c9TAILS ET BILLETS<\/a><\/p>\n<p>&nbsp;<\/p>\n<figure id=\"attachment_66377\" aria-describedby=\"caption-attachment-66377\" style=\"width: 1200px\" class=\"wp-caption aligncenter\"><img decoding=\"async\" loading=\"lazy\" class=\"size-full wp-image-66377\" src=\"https:\/\/www.ludwig-van.com\/montreal\/wp-content\/uploads\/sites\/3\/2021\/04\/Thomas-LeDuc-Moreau-cr-Antoine-Saito.jpg\" alt=\"\" width=\"1200\" height=\"800\" \/><figcaption id=\"caption-attachment-66377\" class=\"wp-caption-text\">Thomas Le Duc-Moreau. (Photo : Antoine Saito)<\/figcaption><\/figure>\n<h3>OSL &#8211; <em>F\u00eates et c\u00e9l\u00e9brations<\/em><\/h3>\n<p>L\u2019<b>Orchestre symphonique de Laval<\/b>, dirig\u00e9 par <b>Thomas Le Duc-Moreau<\/b>, vous pr\u00e9sente un concert de fin d\u2019ann\u00e9e avec un programme tout en contrastes. Vous y entendrez d\u2019abord les deux suites de <i>L&rsquo;Arl\u00e9sienne<\/i> de Bizet, suivies de chants populaires et joyeux qui sauront vous mettre dans l\u2019ambiance des F\u00eates &#8211; si ce n\u2019est pas encore fait!<\/p>\n<p>LE 18 D\u00c9CEMBRE, 19 H 30, SALLE ANDR\u00c9-MATHIEU\u00a0 <a href=\"https:\/\/www.osl.ca\/fetes-et-celebration\" target=\"_blank\" rel=\"noopener\">D\u00c9TAILS ET BILLETS<\/a><\/p>\n<p>&nbsp;<\/p>\n<p><img decoding=\"async\" loading=\"lazy\" class=\"aligncenter size-full wp-image-85451\" src=\"https:\/\/www.ludwig-van.com\/montreal\/wp-content\/uploads\/sites\/3\/2024\/12\/Souvenirs-de-Noel-1.png\" alt=\"\" width=\"1200\" height=\"674\" srcset=\"https:\/\/www.ludwig-van.com\/montreal\/wp-content\/uploads\/sites\/3\/2024\/12\/Souvenirs-de-Noel-1.png 1200w, https:\/\/www.ludwig-van.com\/montreal\/wp-content\/uploads\/sites\/3\/2024\/12\/Souvenirs-de-Noel-1-300x169.png 300w, https:\/\/www.ludwig-van.com\/montreal\/wp-content\/uploads\/sites\/3\/2024\/12\/Souvenirs-de-Noel-1-1024x575.png 1024w, https:\/\/www.ludwig-van.com\/montreal\/wp-content\/uploads\/sites\/3\/2024\/12\/Souvenirs-de-Noel-1-768x431.png 768w\" sizes=\"(max-width: 1200px) 100vw, 1200px\" \/><\/p>\n<h3>Duo Od\u00e9i et Marc-Antoine &#8211; <i>Souvenirs de No\u00ebl<\/i><\/h3>\n<p>Le <b>Duo Od\u00e9i et Marc-Antoine<\/b> poursuit sa tourn\u00e9e dans la r\u00e9gion de Montr\u00e9al pour pr\u00e9senter leur dernier album. La soprano et le baryton sont accompagn\u00e9s au piano par <b>\u00c9tienne G\u00e9nier<\/b> lors de ces deux concerts de No\u00ebl.<\/p>\n<p>LE 18 D\u00c9CEMBRE, 19 H 30, SALLE CLAUDE-L\u00c9VEILL\u00c9E &#8211; PLACE DES ARTS <a href=\"https:\/\/placedesarts.com\/fr\/evenement\/souvenirs-de-noel\" target=\"_blank\" rel=\"noopener\">D\u00c9TAILS ET BILLETS<\/a><\/p>\n<p>LE 21 D\u00c9CEMBRE, 20 H, CENTRE CULTUREL POINTE-VALAINE\u00a0 <a href=\"https:\/\/pointevalaine.ca\/events\/odei-et-marc-antoine-presentent-souvenirs-de-noel-2\/\" target=\"_blank\" rel=\"noopener\">D\u00c9TAILS ET BILLETS<\/a><\/p>\n<p>&nbsp;<\/p>\n<figure id=\"attachment_85453\" aria-describedby=\"caption-attachment-85453\" style=\"width: 1200px\" class=\"wp-caption aligncenter\"><img decoding=\"async\" loading=\"lazy\" class=\"size-full wp-image-85453\" src=\"https:\/\/www.ludwig-van.com\/montreal\/wp-content\/uploads\/sites\/3\/2024\/12\/CarolsbyCandlelight-ChurchofAP-TamPhotography-6.jpg\" alt=\"Le Ch\u0153ur de St. Andrew and St. Paul poursuit sa tradition avec les Cantiques aux chandelles. (Photo: Tam Photography)\" width=\"1200\" height=\"798\" srcset=\"https:\/\/www.ludwig-van.com\/montreal\/wp-content\/uploads\/sites\/3\/2024\/12\/CarolsbyCandlelight-ChurchofAP-TamPhotography-6.jpg 1200w, https:\/\/www.ludwig-van.com\/montreal\/wp-content\/uploads\/sites\/3\/2024\/12\/CarolsbyCandlelight-ChurchofAP-TamPhotography-6-300x200.jpg 300w, https:\/\/www.ludwig-van.com\/montreal\/wp-content\/uploads\/sites\/3\/2024\/12\/CarolsbyCandlelight-ChurchofAP-TamPhotography-6-1024x681.jpg 1024w, https:\/\/www.ludwig-van.com\/montreal\/wp-content\/uploads\/sites\/3\/2024\/12\/CarolsbyCandlelight-ChurchofAP-TamPhotography-6-768x511.jpg 768w\" sizes=\"(max-width: 1200px) 100vw, 1200px\" \/><figcaption id=\"caption-attachment-85453\" class=\"wp-caption-text\">Le Ch\u0153ur de St. Andrew and St. Paul poursuit sa tradition avec les Cantiques aux chandelles. (Photo: Tam Photography)<\/figcaption><\/figure>\n<h3>Carols by Candlelights\/Cantiques aux chandelles<\/h3>\n<p>La tradition se poursuit \u00e0 l&rsquo;\u00e9glise St. Andrew and St. Paul alors qu\u2019on y pr\u00e9sente depuis plus de cinquante ans un concert du temps des F\u00eates \u00e9clair\u00e9 aux chandelles. Joignez votre voix au C<b>h\u0153ur A&amp;D<\/b> dirig\u00e9 par <b>L\u00e9a Moisan-Perrier<\/b> et accompagn\u00e9 par l\u2019organiste <b>M\u00e1ria Bud\u00e1\u010dov\u00e1<\/b> pour chanter vos cantiques pr\u00e9f\u00e9r\u00e9s.<\/p>\n<p>LE 20 D\u00c9CEMBRE, 19 H 30 ET LE 21 D\u00c9CEMBRE, 16 H, \u00c9GLISE ST. ANDREW AND ST. PAUL\u00a0 <a href=\"https:\/\/standrewstpaul.com\/events\/carols-by-candlelight-2024-1\/\" target=\"_blank\" rel=\"noopener\">D\u00c9TAILS ET BILLETS<\/a><\/p>\n<p>&nbsp;<\/p>\n<figure id=\"attachment_85315\" aria-describedby=\"caption-attachment-85315\" style=\"width: 1113px\" class=\"wp-caption aligncenter\"><img decoding=\"async\" loading=\"lazy\" class=\"size-full wp-image-85315\" src=\"https:\/\/www.ludwig-van.com\/montreal\/wp-content\/uploads\/sites\/3\/2024\/12\/Screenshot-2024-12-09-at-16-05-23-bopbop.ca_.png\" alt=\"\" width=\"1113\" height=\"787\" srcset=\"https:\/\/www.ludwig-van.com\/montreal\/wp-content\/uploads\/sites\/3\/2024\/12\/Screenshot-2024-12-09-at-16-05-23-bopbop.ca_.png 1113w, https:\/\/www.ludwig-van.com\/montreal\/wp-content\/uploads\/sites\/3\/2024\/12\/Screenshot-2024-12-09-at-16-05-23-bopbop.ca_-300x212.png 300w, https:\/\/www.ludwig-van.com\/montreal\/wp-content\/uploads\/sites\/3\/2024\/12\/Screenshot-2024-12-09-at-16-05-23-bopbop.ca_-1024x724.png 1024w, https:\/\/www.ludwig-van.com\/montreal\/wp-content\/uploads\/sites\/3\/2024\/12\/Screenshot-2024-12-09-at-16-05-23-bopbop.ca_-768x543.png 768w\" sizes=\"(max-width: 1113px) 100vw, 1113px\" \/><figcaption id=\"caption-attachment-85315\" class=\"wp-caption-text\">(affiche : Charlie Poirier-Bouthillette)<\/figcaption><\/figure>\n<h3>BOP &#8211; <i>Conte d\u2019hiver<\/i><\/h3>\n<p><b>Ballet-Op\u00e9ra-Pantomime<\/b> poursuit ses repr\u00e9sentations de <i>Conte d\u2019hiver<\/i>, spectacle m\u00ealant th\u00e9\u00e2tre et musique. Ce spectacle pour tous raconte l\u2019histoire d\u2019un Mononcle qui se voit envahi par l\u2019arriv\u00e9e de ses petits cousins qui ne lui donnent aucun r\u00e9pit. Le sc\u00e9nario est de l\u2019autrice <b>Marianne Dansereau<\/b>, alors que des dizaines de jeunes de l\u2019\u00e9cole primaire Le Plateau ont \u00e9t\u00e9 impliqu\u00e9s dans toutes les autres facettes de la production, des d\u00e9cors jusqu\u2019\u00e0 la sonorisation.<\/p>\n<p>LE 20 D\u00c9CEMBRE, 19 H 30 ET LE 21 D\u00c9CEMBRE, 15 H, LA CHAPELLE TH\u00c9\u00c2TRE\u00a0 <a href=\"https:\/\/lachapelle.org\/fr\/programmation\/conte-dhiver\" target=\"_blank\" rel=\"noopener\">D\u00c9TAILS ET BILLETS<\/a><\/p>\n<p>&nbsp;<\/p>\n<p><img decoding=\"async\" loading=\"lazy\" class=\"aligncenter size-full wp-image-85458\" src=\"https:\/\/www.ludwig-van.com\/montreal\/wp-content\/uploads\/sites\/3\/2024\/12\/Monsieur-Handel_1200.jpg\" alt=\"\" width=\"1200\" height=\"848\" srcset=\"https:\/\/www.ludwig-van.com\/montreal\/wp-content\/uploads\/sites\/3\/2024\/12\/Monsieur-Handel_1200.jpg 1200w, https:\/\/www.ludwig-van.com\/montreal\/wp-content\/uploads\/sites\/3\/2024\/12\/Monsieur-Handel_1200-300x212.jpg 300w, https:\/\/www.ludwig-van.com\/montreal\/wp-content\/uploads\/sites\/3\/2024\/12\/Monsieur-Handel_1200-1024x724.jpg 1024w, https:\/\/www.ludwig-van.com\/montreal\/wp-content\/uploads\/sites\/3\/2024\/12\/Monsieur-Handel_1200-768x543.jpg 768w\" sizes=\"(max-width: 1200px) 100vw, 1200px\" \/><\/p>\n<h3>Monsieur H\u00e4ndel \u00e9crit <i>Le Messie<\/i><\/h3>\n<p>Assistez \u00e0 ce r\u00e9cit de <b>Pierre Audet<\/b> dans lequel <b>S\u00e9bastien Dhavernas<\/b> tient le r\u00f4le du domestique de H\u00e4ndel, le tout accompagn\u00e9 en musique de solistes et du <b>Ch\u0153ur et Ensemble<\/b> <b>Radio VM<\/b> dirig\u00e9 par <b>Simon Fournier<\/b>.<\/p>\n<p>LE 20 D\u00c9CEMBRE, 19 H 30, CHAPELLE NOTRE-DAME-DU-BON-SECOURS\u00a0<a href=\"https:\/\/www.zeffy.com\/fr-CA\/ticketing\/d3ffbde6-326d-4cca-b12a-686b4ed8b657\" target=\"_blank\" rel=\"noopener\"> D\u00c9TAILS ET BILLETS<\/a><\/p>\n<p>&nbsp;<\/p>\n<p><img decoding=\"async\" loading=\"lazy\" class=\"aligncenter size-full wp-image-85456\" src=\"https:\/\/www.ludwig-van.com\/montreal\/wp-content\/uploads\/sites\/3\/2024\/12\/gamelan-UdeM_1200.jpg\" alt=\"\" width=\"1200\" height=\"802\" srcset=\"https:\/\/www.ludwig-van.com\/montreal\/wp-content\/uploads\/sites\/3\/2024\/12\/gamelan-UdeM_1200.jpg 1200w, https:\/\/www.ludwig-van.com\/montreal\/wp-content\/uploads\/sites\/3\/2024\/12\/gamelan-UdeM_1200-300x201.jpg 300w, https:\/\/www.ludwig-van.com\/montreal\/wp-content\/uploads\/sites\/3\/2024\/12\/gamelan-UdeM_1200-1024x684.jpg 1024w, https:\/\/www.ludwig-van.com\/montreal\/wp-content\/uploads\/sites\/3\/2024\/12\/gamelan-UdeM_1200-768x513.jpg 768w\" sizes=\"(max-width: 1200px) 100vw, 1200px\" \/><\/p>\n<p>&nbsp;<\/p>\n<h3>Atelier de Gamelan de l\u2019UdeM &#8211; <i>Neige sur le gong<\/i><\/h3>\n<p>Le gamelan est un ensemble instrumental traditionnel indon\u00e9sien compos\u00e9 essentiellement de percussions. Fond\u00e9 par le regrett\u00e9 Jos\u00e9 Evangelista, l\u2019<b>Atelier de Gamelan<\/b> de l\u2019Universit\u00e9 de Montr\u00e9al poss\u00e8de plusieurs instruments offerts g\u00e9n\u00e9reusement par le gouvernement indon\u00e9sien en 1986 ce qui permet aux \u00e9tudiant\u00b7e\u00b7s de s\u2019initier \u00e0 cet art. Venez en d\u00e9couvrir gratuitement les sonorit\u00e9s exotiques et envo\u00fbtantes.<\/p>\n<p>LE 21 D\u00c9CEMBRE, 19 H 30, SALLE CLAUDE-CHAMPAGNE\u00a0<a href=\"https:\/\/www.calendrier.umontreal.ca\/detail\/890169-neige-sur-le-gong-latelier-de-gamelan-de-ludem-en-concert\" target=\"_blank\" rel=\"noopener\"> D\u00c9TAILS<\/a><\/p>\n<p>&nbsp;<\/p>\n<figure id=\"attachment_85454\" aria-describedby=\"caption-attachment-85454\" style=\"width: 1200px\" class=\"wp-caption aligncenter\"><img decoding=\"async\" loading=\"lazy\" class=\"size-full wp-image-85454\" src=\"https:\/\/www.ludwig-van.com\/montreal\/wp-content\/uploads\/sites\/3\/2024\/12\/Productions-Strada_Le-solstice-des-Insoumis.png\" alt=\"(Image : courtoisie Les Productions Strada)\" width=\"1200\" height=\"669\" srcset=\"https:\/\/www.ludwig-van.com\/montreal\/wp-content\/uploads\/sites\/3\/2024\/12\/Productions-Strada_Le-solstice-des-Insoumis.png 1200w, https:\/\/www.ludwig-van.com\/montreal\/wp-content\/uploads\/sites\/3\/2024\/12\/Productions-Strada_Le-solstice-des-Insoumis-300x167.png 300w, https:\/\/www.ludwig-van.com\/montreal\/wp-content\/uploads\/sites\/3\/2024\/12\/Productions-Strada_Le-solstice-des-Insoumis-1024x571.png 1024w, https:\/\/www.ludwig-van.com\/montreal\/wp-content\/uploads\/sites\/3\/2024\/12\/Productions-Strada_Le-solstice-des-Insoumis-768x428.png 768w\" sizes=\"(max-width: 1200px) 100vw, 1200px\" \/><figcaption id=\"caption-attachment-85454\" class=\"wp-caption-text\">(Image : courtoisie Les Productions Strada)<\/figcaption><\/figure>\n<h3>\u00c0 Qu\u00e9bec : Trio Malka et Ch\u0153ur Colindatori &#8211; <i>Le solstice des insoumis<\/i><\/h3>\n<p>Dans le cadre de sa s\u00e9rie de musique du monde Musica Mundo, les Productions Strada pr\u00e9sentent ce concert de No\u00ebl o\u00f9 des chants traditionnels vari\u00e9s, ceux de la Scandinavie \u00e0 ceux de la Nouvelle-France, seront interpr\u00e9t\u00e9s par le <b>Trio Malka<\/b> et le <b>Ch\u0153ur Colindatori<\/b> sous la direction de <b>Gabrielle Bouthillier<\/b> en cette nuit la plus longue de l\u2019ann\u00e9e.<\/p>\n<p>LE 21 D\u00c9CEMBRE, 20 H, CHAPELLE DU PETIT S\u00c9MINAIRE DE QU\u00c9BEC\u00a0 <a href=\"https:\/\/mcq.org\/decouvrir\/activites\/le-solstice-des-insoumis\/\" target=\"_blank\" rel=\"noopener\">D\u00c9TAILS ET BILLETS<\/a><\/p>\n<p>&nbsp;<\/p>\n<figure id=\"attachment_85452\" aria-describedby=\"caption-attachment-85452\" style=\"width: 1200px\" class=\"wp-caption aligncenter\"><img decoding=\"async\" loading=\"lazy\" class=\"size-full wp-image-85452\" src=\"https:\/\/www.ludwig-van.com\/montreal\/wp-content\/uploads\/sites\/3\/2024\/12\/Anna-Sophie-Neher_slightly-cropped_1200.jpg\" alt=\"La soprano Anna-Sophie Neher. (Photo : courtoisie I Musici)\" width=\"1200\" height=\"793\" srcset=\"https:\/\/www.ludwig-van.com\/montreal\/wp-content\/uploads\/sites\/3\/2024\/12\/Anna-Sophie-Neher_slightly-cropped_1200.jpg 1200w, https:\/\/www.ludwig-van.com\/montreal\/wp-content\/uploads\/sites\/3\/2024\/12\/Anna-Sophie-Neher_slightly-cropped_1200-300x198.jpg 300w, https:\/\/www.ludwig-van.com\/montreal\/wp-content\/uploads\/sites\/3\/2024\/12\/Anna-Sophie-Neher_slightly-cropped_1200-1024x677.jpg 1024w, https:\/\/www.ludwig-van.com\/montreal\/wp-content\/uploads\/sites\/3\/2024\/12\/Anna-Sophie-Neher_slightly-cropped_1200-768x508.jpg 768w\" sizes=\"(max-width: 1200px) 100vw, 1200px\" \/><figcaption id=\"caption-attachment-85452\" class=\"wp-caption-text\">La soprano Anna-Sophie Neher. (Photo : courtoisie I Musici)<\/figcaption><\/figure>\n<h3>I Musici &#8211; Grand concert de No\u00ebl<\/h3>\n<p>Le dernier concert de No\u00ebl de la saison vous est offert par <b>I Musici<\/b>, sous la direction de <b>Jean-Fran\u00e7ois Rivest<\/b>, qui vous pr\u00e9sentera ce que ce dernier consid\u00e8re comme le concert de No\u00ebl parfait. Ch\u0153urs d\u2019enfants (les <b>Petits Chanteurs du Mont-Royal<\/b> dirig\u00e9 par <b>Andrew Gray<\/b>), chandelles, processions, trompette et carillons r\u00e9sonneront dans un programme compos\u00e9 de pi\u00e8ces de Bach, Mozart et Vivaldi, et bien entendu de chants de No\u00ebl. <b>Anna-Sophie Neher<\/b>, soprano, et <b>St\u00e9phane Beaulac<\/b>, trompette, feront \u00e9galement partie de ce concert.<\/p>\n<p>LE 22 D\u00c9CEMBRE, 16 H, \u00c9GLISE ST.ANDREW AND ST. PAUL\u00a0 <a href=\"https:\/\/imusici.com\/saison-2024-2025\/grand-concert-de-noel\/\" target=\"_blank\" rel=\"noopener\">D\u00c9TAILS ET BILLETS<\/a><\/p>\n<p>&nbsp;<\/p>\n<figure id=\"attachment_85319\" aria-describedby=\"caption-attachment-85319\" style=\"width: 1200px\" class=\"wp-caption aligncenter\"><img decoding=\"async\" loading=\"lazy\" class=\"size-full wp-image-85319\" src=\"https:\/\/www.ludwig-van.com\/montreal\/wp-content\/uploads\/sites\/3\/2024\/12\/grandsballets-casse-noisette-2023-photo-michel-trahan-3.jpg\" alt=\"\" width=\"1200\" height=\"800\" srcset=\"https:\/\/www.ludwig-van.com\/montreal\/wp-content\/uploads\/sites\/3\/2024\/12\/grandsballets-casse-noisette-2023-photo-michel-trahan-3.jpg 1200w, https:\/\/www.ludwig-van.com\/montreal\/wp-content\/uploads\/sites\/3\/2024\/12\/grandsballets-casse-noisette-2023-photo-michel-trahan-3-300x200.jpg 300w, https:\/\/www.ludwig-van.com\/montreal\/wp-content\/uploads\/sites\/3\/2024\/12\/grandsballets-casse-noisette-2023-photo-michel-trahan-3-1024x683.jpg 1024w, https:\/\/www.ludwig-van.com\/montreal\/wp-content\/uploads\/sites\/3\/2024\/12\/grandsballets-casse-noisette-2023-photo-michel-trahan-3-768x512.jpg 768w\" sizes=\"(max-width: 1200px) 100vw, 1200px\" \/><figcaption id=\"caption-attachment-85319\" class=\"wp-caption-text\">(Photo : Michel Trahan)<\/figcaption><\/figure>\n<h3>GBC &#8211; <i>Casse-Noisette<\/i><\/h3>\n<p>Les repr\u00e9sentations de <em>Casse-Noisette<\/em>, ce c\u00e9l\u00e8bre ballet sur la musique enchanteresse de Tcha\u00efkovski racontant les aventures de Clara et de son prince la nuit de No\u00ebl, se poursuivent cette semaine. Fid\u00e8les \u00e0 leur tradition, les <b>Grands Ballets Canadiens<\/b> pr\u00e9sentent la version de Fernand Nault o\u00f9 costumes et d\u00e9cors grandioses ajoutent \u00e0 la f\u00e9\u00e9rie de la danse classique.<\/p>\n<p>LES 19, 20 ET 21 D\u00c9CEMBRE, 19 H 30 ET LES 21 ET 22 D\u00c9CEMBRE, 14 H, SALLE WILFRID-PELLETIER\u00a0 <a href=\"https:\/\/grandsballets.com\/fr\/spectacles\/detail\/casse-noisette\/?gad_source=1&amp;gclid=Cj0KCQiA0--6BhCBARIsADYqyL9PIy5Xk-m9WFu7FyBb6_VutAj719roV8iPG2HNYTw0Az_71bIk4DIaAlh0EALw_wcB\" target=\"_blank\" rel=\"noopener\">D\u00c9TAILS ET BILLETS<\/a><\/p>\n<h2><em>Inscrivez-vous \u00e0 notre infolettre! La musique classique et l\u2019op\u00e9ra en 5 minutes, chaque jour<\/em>\u00a0\u00a0<a href=\"https:\/\/ludwig-van.us9.list-manage.com\/subscribe?u=4f785cb3f9058f2393ccad035&amp;id=b9b160c032\" target=\"_blank\" rel=\"noopener noreferrer\">ICI\u00a0<\/a><\/h2>\n","protected":false},"excerpt":{"rendered":"<p>Cette semaine est plus tranquille que la semaine pass\u00e9e en nombre de concerts. Heureusement, car la f\u00eate tant attendue approche \u00e0 grands pas et du point de vue pr\u00e9paratifs, c\u2019est le sprint final! Prenez tout de m\u00eame le temps d\u2019assister \u00e0 au moins un des concerts, question de ne pas \u00eatre essouffl\u00e9 et grincheux lors du grand jour!<\/p>\n","protected":false},"author":1,"featured_media":85457,"comment_status":"open","ping_status":"open","sticky":false,"template":"","format":"standard","meta":{"om_disable_all_campaigns":false,"jetpack_post_was_ever_published":false},"categories":[42107,10994],"tags":[42106,11882],"yst_prominent_words":[9878,9863,13120,25825,9949,9946,9945,15757,26052,9877],"acf":[],"jetpack_featured_media_url":"https:\/\/www.ludwig-van.com\/montreal\/wp-content\/uploads\/sites\/3\/2024\/12\/Copie-de-CONCERTS9.jpg","jetpack_sharing_enabled":true,"jetpack_shortlink":"https:\/\/wp.me\/s9bdYt-85448","amp_enabled":true,"_links":{"self":[{"href":"https:\/\/www.ludwig-van.com\/montreal\/wp-json\/wp\/v2\/posts\/85448"}],"collection":[{"href":"https:\/\/www.ludwig-van.com\/montreal\/wp-json\/wp\/v2\/posts"}],"about":[{"href":"https:\/\/www.ludwig-van.com\/montreal\/wp-json\/wp\/v2\/types\/post"}],"author":[{"embeddable":true,"href":"https:\/\/www.ludwig-van.com\/montreal\/wp-json\/wp\/v2\/users\/1"}],"replies":[{"embeddable":true,"href":"https:\/\/www.ludwig-van.com\/montreal\/wp-json\/wp\/v2\/comments?post=85448"}],"version-history":[{"count":13,"href":"https:\/\/www.ludwig-van.com\/montreal\/wp-json\/wp\/v2\/posts\/85448\/revisions"}],"predecessor-version":[{"id":85475,"href":"https:\/\/www.ludwig-van.com\/montreal\/wp-json\/wp\/v2\/posts\/85448\/revisions\/85475"}],"wp:featuredmedia":[{"embeddable":true,"href":"https:\/\/www.ludwig-van.com\/montreal\/wp-json\/wp\/v2\/media\/85457"}],"wp:attachment":[{"href":"https:\/\/www.ludwig-van.com\/montreal\/wp-json\/wp\/v2\/media?parent=85448"}],"wp:term":[{"taxonomy":"category","embeddable":true,"href":"https:\/\/www.ludwig-van.com\/montreal\/wp-json\/wp\/v2\/categories?post=85448"},{"taxonomy":"post_tag","embeddable":true,"href":"https:\/\/www.ludwig-van.com\/montreal\/wp-json\/wp\/v2\/tags?post=85448"},{"taxonomy":"yst_prominent_words","embeddable":true,"href":"https:\/\/www.ludwig-van.com\/montreal\/wp-json\/wp\/v2\/yst_prominent_words?post=85448"}],"curies":[{"name":"wp","href":"https:\/\/api.w.org\/{rel}","templated":true}]}}