{"id":85375,"date":"2024-12-12T14:21:37","date_gmt":"2024-12-12T19:21:37","guid":{"rendered":"https:\/\/www.ludwig-van.com\/montreal\/?p=85375"},"modified":"2024-12-12T14:21:37","modified_gmt":"2024-12-12T19:21:37","slug":"nouvelle-la-fondation-pere-lindsay-procede-la-remise-de-ses-trois-bourses","status":"publish","type":"post","link":"https:\/\/www.ludwig-van.com\/montreal\/2024\/12\/12\/nouvelle-la-fondation-pere-lindsay-procede-la-remise-de-ses-trois-bourses\/","title":{"rendered":"NOUVELLE | La Fondation P\u00e8re-Lindsay proc\u00e8de \u00e0 la remise de ses trois bourses"},"content":{"rendered":"<figure id=\"attachment_85390\" aria-describedby=\"caption-attachment-85390\" style=\"width: 1200px\" class=\"wp-caption aligncenter\"><img decoding=\"async\" loading=\"lazy\" class=\"size-full wp-image-85390\" src=\"https:\/\/www.ludwig-van.com\/montreal\/wp-content\/uploads\/sites\/3\/2024\/12\/Copie-de-CONCERTS6.jpg\" alt=\"Cameron Crozman (Photo : Red Rubber Studios); \u00c9lisabeth Pion (Photo : Sue Parkhill); \u00c9lisabeth St-Gelais (Photo : courtoisie)\" width=\"1200\" height=\"628\" srcset=\"https:\/\/www.ludwig-van.com\/montreal\/wp-content\/uploads\/sites\/3\/2024\/12\/Copie-de-CONCERTS6.jpg 1200w, https:\/\/www.ludwig-van.com\/montreal\/wp-content\/uploads\/sites\/3\/2024\/12\/Copie-de-CONCERTS6-300x157.jpg 300w, https:\/\/www.ludwig-van.com\/montreal\/wp-content\/uploads\/sites\/3\/2024\/12\/Copie-de-CONCERTS6-1024x536.jpg 1024w, https:\/\/www.ludwig-van.com\/montreal\/wp-content\/uploads\/sites\/3\/2024\/12\/Copie-de-CONCERTS6-768x402.jpg 768w\" sizes=\"(max-width: 1200px) 100vw, 1200px\" \/><figcaption id=\"caption-attachment-85390\" class=\"wp-caption-text\">Cameron Crozman (Photo : Red Rubber Studios); \u00c9lisabeth Pion (Photo : Sue Parkhill); \u00c9lisabeth St-Gelais (Photo : courtoisie)<\/figcaption><\/figure>\n<p>On le savait d\u00e9j\u00e0 : la rel\u00e8ve musicale du Qu\u00e9bec est nombreuse et bourr\u00e9e de talent. Trois excellent\u00b7e\u00b7s artistes, qui cumulent d\u00e9j\u00e0 les succ\u00e8s sur nos sc\u00e8nes et ailleurs, ont re\u00e7u hier soir le soutien de la <strong>Fondation P\u00e8re-Lindsay<\/strong> pour leur permettre d&rsquo;\u00e9tendre leurs horizons et de continuer \u00e0 d\u00e9velopper leurs carri\u00e8res respectives \u00e0 l&rsquo;international. Attirub\u00e9es aux deux ans, les bourses de la Fondation P\u00e8re-Lindsay comprennent la bourse Fernand-Lindsay, la bourse Pierre-Mantha et la prestigieuse bourse de carri\u00e8re Fernand-Lindsay, remise par le pass\u00e9 \u00e0 des artistes tels que <strong>St\u00e9phane T\u00e9treault<\/strong>, <strong>Vincent Lauzer<\/strong>, <strong>Nicolas Ellis<\/strong>, <strong>Dina Gilbert<\/strong>, <strong>Hubert Tanguay-Labrosse<\/strong> et <strong>Rose Naggar-Tremblay<\/strong>.<\/p>\n<p>C&rsquo;est apr\u00e8s une longue journ\u00e9e au cours de laquelle il a interview\u00e9 les trois candidat\u00b7e\u00b7s sur leurs plans de d\u00e9veloppement de carri\u00e8re que le jury assembl\u00e9 par <strong>Louise Forand-Samson<\/strong>, directrice artistique de la Fondation, et form\u00e9 de <strong>Rafael Payare<\/strong>, <strong>Karina Gauvin<\/strong>, <strong>Olivier Godin<\/strong>, <strong>Charles Richard-Hamelin<\/strong> et <strong>Andr\u00e9 J. Roy<\/strong>, a d\u00e9termin\u00e9 l&rsquo;attribution des trois bourses substantielles de 10 000 $, 15 000 $ et 50 000 $. Au terme des d\u00e9lib\u00e9rations, le jury et les invit\u00e9\u00b7e\u00b7s de marque de la Fondation se sont rassembl\u00e9s dans le foyer de l&rsquo;\u00e9difice Gaston-Miron pour une soir\u00e9e festive anim\u00e9e par le duo compos\u00e9 de <strong>Val\u00e9rie Milot<\/strong> et <strong>St\u00e9phane T\u00e9treault<\/strong>. En plus d&rsquo;une animation sympathique et bien dos\u00e9e, le duo violoncelle-harpe a interpr\u00e9t\u00e9 <em>O canto de cisne negro<\/em> (<em>Le<\/em> <em>chant du cygne noir<\/em>) de Heitor Villa-Lobos, une <em>Fantaisie qu\u00e9b\u00e9coise<\/em> compos\u00e9e pour lui par le compositeur estrien <strong>Thierry Pilote<\/strong> et <em>Si Veriash a la Rana<\/em> de la compositrice canadienne <strong>Kelly-Marie Murphy<\/strong>.<\/p>\n<h3>Bourse Fernand-Lindsay<\/h3>\n<p>C&rsquo;est d&rsquo;abord <strong>Benjamin Goron<\/strong>, administrateur de la Fondation P\u00e8re-Lindsay et secr\u00e9taire du jury, qui a \u00e9t\u00e9 invit\u00e9 \u00e0 monter sur sc\u00e8ne pour remettre le prix Fernand-Lindsay, d&rsquo;un montant de 10 000 $, \u00e0 la soprano <strong>\u00c9lisabeth St-Gelais<\/strong>. En r\u00e9ponse \u00e0 la question pos\u00e9e par <strong>T\u00e9treault<\/strong>, qui s&rsquo;est entretenu jovialement sur sc\u00e8ne avec chaque r\u00e9cipiendaire, <strong>St-Gelais<\/strong> a r\u00e9v\u00e9l\u00e9 que ce montant lui permettra de participer \u00e0 des comp\u00e9titions, dont l&rsquo;\u00e9preuve du district de Washington du prestigieux concours Metropolitan Opera Laffont. En f\u00e9vrier dernier, la chanteuse s&rsquo;\u00e9tait vue attribuer <a href=\"https:\/\/www.ludwig-van.com\/montreal\/2024\/02\/02\/actualites-bonnes-nouvelles-en-vrac-du-2-fevrier\/\" target=\"_blank\" rel=\"noopener\">une mention d&rsquo;encouragement<\/a> dans l&rsquo;\u00e9preuve du Northwest District.<\/p>\n<h3>Bourse Pierre-Mantha<\/h3>\n<p>Par la suite, la m\u00e9c\u00e8ne engag\u00e9e <strong>Lauraine Cadoret<\/strong>, poursuivant la mission de son \u00e9poux Pierre Mantha, a remis le prix portant le nom de son mari, d&rsquo;un montant de 15 000 $, \u00e0 la pianiste <strong>\u00c9lisabeth Pion<\/strong>. Celle-ci se servira aussi de ce montant pour participer \u00e0 des comp\u00e9titions, dont un d\u00e9placement en Arizona au d\u00e9but de l&rsquo;ann\u00e9e 2025. Cet argent lui donnera \u00e9galement la libert\u00e9 de poursuivre ses recherches sur le r\u00e9pertoire de compositrices n\u00e9glig\u00e9es.<\/p>\n<h3>Bourse de carri\u00e8re Fernand-Lindsay<\/h3>\n<p>Finalement, <strong>Rafael Payare<\/strong>, en tant que pr\u00e9sident du jury, accompagn\u00e9 de <strong>Louise Forand-Samson<\/strong>, a remis le grand prix de la bourse de carri\u00e8re P\u00e8re-Lindsay, d&rsquo;un montant de 50 000 $, \u00e0 <strong>Cameron Crozman<\/strong>. Le violoncelliste r\u00eave de faire ses d\u00e9buts \u00e0 New York et \u00e0 Londres, deux villes majeures o\u00f9 il n&rsquo;a pas encore eu l&rsquo;occasion de se produire. Il compte \u00e9laborer un programme de r\u00e9cital qui lui permettra d&rsquo;atteindre ce but.<\/p>\n<p>F\u00e9licitations et bons succ\u00e8s aux trois r\u00e9cipiendaires!<\/p>\n<h2><em>Inscrivez-vous \u00e0 notre infolettre! La musique classique et l\u2019op\u00e9ra en 5 minutes, chaque jour<\/em> <a href=\"https:\/\/ludwig-van.us9.list-manage.com\/subscribe?u=4f785cb3f9058f2393ccad035&amp;id=b9b160c032\" target=\"_blank\" rel=\"noopener noreferrer\">ICI<\/a><\/h2>\n","protected":false},"excerpt":{"rendered":"<p>On le savait d\u00e9j\u00e0 : la rel\u00e8ve musicale du Qu\u00e9bec est nombreuse et bourr\u00e9e de talent. Trois excellent\u00b7e\u00b7s artistes, qui cumulent d\u00e9j\u00e0 les succ\u00e8s sur nos sc\u00e8nes et ailleurs, ont re\u00e7u hier soir le soutien de la Fondation P\u00e8re-Lindsay pour leur permettre d&rsquo;\u00e9tendre leurs horizons et de continuer \u00e0 d\u00e9velopper leurs carri\u00e8res respectives \u00e0 l&rsquo;international.<\/p>\n","protected":false},"author":55,"featured_media":85390,"comment_status":"open","ping_status":"open","sticky":false,"template":"","format":"standard","meta":{"om_disable_all_campaigns":false,"jetpack_post_was_ever_published":false},"categories":[42107,10992],"tags":[42106,41990],"yst_prominent_words":[10708,15339,39866,10969,11965,14846,14847,11195,14848,20264,14849,9940,20367,11713],"acf":[],"jetpack_featured_media_url":"https:\/\/www.ludwig-van.com\/montreal\/wp-content\/uploads\/sites\/3\/2024\/12\/Copie-de-CONCERTS6.jpg","jetpack_sharing_enabled":true,"jetpack_shortlink":"https:\/\/wp.me\/p9bdYt-md1","amp_enabled":true,"_links":{"self":[{"href":"https:\/\/www.ludwig-van.com\/montreal\/wp-json\/wp\/v2\/posts\/85375"}],"collection":[{"href":"https:\/\/www.ludwig-van.com\/montreal\/wp-json\/wp\/v2\/posts"}],"about":[{"href":"https:\/\/www.ludwig-van.com\/montreal\/wp-json\/wp\/v2\/types\/post"}],"author":[{"embeddable":true,"href":"https:\/\/www.ludwig-van.com\/montreal\/wp-json\/wp\/v2\/users\/55"}],"replies":[{"embeddable":true,"href":"https:\/\/www.ludwig-van.com\/montreal\/wp-json\/wp\/v2\/comments?post=85375"}],"version-history":[{"count":3,"href":"https:\/\/www.ludwig-van.com\/montreal\/wp-json\/wp\/v2\/posts\/85375\/revisions"}],"predecessor-version":[{"id":85391,"href":"https:\/\/www.ludwig-van.com\/montreal\/wp-json\/wp\/v2\/posts\/85375\/revisions\/85391"}],"wp:featuredmedia":[{"embeddable":true,"href":"https:\/\/www.ludwig-van.com\/montreal\/wp-json\/wp\/v2\/media\/85390"}],"wp:attachment":[{"href":"https:\/\/www.ludwig-van.com\/montreal\/wp-json\/wp\/v2\/media?parent=85375"}],"wp:term":[{"taxonomy":"category","embeddable":true,"href":"https:\/\/www.ludwig-van.com\/montreal\/wp-json\/wp\/v2\/categories?post=85375"},{"taxonomy":"post_tag","embeddable":true,"href":"https:\/\/www.ludwig-van.com\/montreal\/wp-json\/wp\/v2\/tags?post=85375"},{"taxonomy":"yst_prominent_words","embeddable":true,"href":"https:\/\/www.ludwig-van.com\/montreal\/wp-json\/wp\/v2\/yst_prominent_words?post=85375"}],"curies":[{"name":"wp","href":"https:\/\/api.w.org\/{rel}","templated":true}]}}