{"id":85273,"date":"2024-12-06T15:33:47","date_gmt":"2024-12-06T20:33:47","guid":{"rendered":"https:\/\/www.ludwig-van.com\/montreal\/?p=85273"},"modified":"2024-12-09T13:00:02","modified_gmt":"2024-12-09T18:00:02","slug":"dossier-le-konzerthaus-wien-un-autre-lieu-mythique-pour-une-fin-de-tournee-en-apotheose","status":"publish","type":"post","link":"https:\/\/www.ludwig-van.com\/montreal\/2024\/12\/06\/dossier-le-konzerthaus-wien-un-autre-lieu-mythique-pour-une-fin-de-tournee-en-apotheose\/","title":{"rendered":"DOSSIER | Le Konzerthaus Wien : un autre lieu mythique pour une fin de tourn\u00e9e en apoth\u00e9ose"},"content":{"rendered":"<figure id=\"attachment_85277\" aria-describedby=\"caption-attachment-85277\" style=\"width: 1200px\" class=\"wp-caption aligncenter\"><img decoding=\"async\" loading=\"lazy\" class=\"size-full wp-image-85277\" src=\"https:\/\/www.ludwig-van.com\/montreal\/wp-content\/uploads\/sites\/3\/2024\/12\/Copie-de-DOSSIER7.jpg\" alt=\"L'OSM sur la sc\u00e8ne du Konzerthaus Wien le 30 novembre 2024. (Photo : Antoine Saito)\" width=\"1200\" height=\"628\" srcset=\"https:\/\/www.ludwig-van.com\/montreal\/wp-content\/uploads\/sites\/3\/2024\/12\/Copie-de-DOSSIER7.jpg 1200w, https:\/\/www.ludwig-van.com\/montreal\/wp-content\/uploads\/sites\/3\/2024\/12\/Copie-de-DOSSIER7-300x157.jpg 300w, https:\/\/www.ludwig-van.com\/montreal\/wp-content\/uploads\/sites\/3\/2024\/12\/Copie-de-DOSSIER7-1024x536.jpg 1024w, https:\/\/www.ludwig-van.com\/montreal\/wp-content\/uploads\/sites\/3\/2024\/12\/Copie-de-DOSSIER7-768x402.jpg 768w\" sizes=\"(max-width: 1200px) 100vw, 1200px\" \/><figcaption id=\"caption-attachment-85277\" class=\"wp-caption-text\">L&rsquo;OSM sur la sc\u00e8ne du Konzerthaus Wien le 30 novembre 2024. (Photo : Antoine Saito)<\/figcaption><\/figure>\n<p>Pour clore notre s\u00e9rie de vignettes sur les prestigieuses salles visit\u00e9es par l&rsquo;OSM au cours de sa tourn\u00e9e, voici notre introduction au <strong>Konzerthaus Wien<\/strong>, un \u00e9difice symbolisant le riche h\u00e9ritage musical de la capitale autrichienne, qui a accueilli la phalange montr\u00e9alaise pour son dernier concert de tourn\u00e9e le 30 novembre.<\/p>\n<h3>Une institution au service de la musique<\/h3>\n<p>L\u2019id\u00e9e de construire une maison de la musique \u00e0 Vienne \u00e9merge en 1890, dans un contexte de foisonnement culturel. Inaugur\u00e9 le 19 octobre 1913, le Konzerthaus ambitionne d\u00e8s le d\u00e9part de conjuguer tradition et modernit\u00e9. Ce projet innovant, port\u00e9 par la Soci\u00e9t\u00e9 des concerts de Vienne, se veut un espace de rencontre et d\u2019\u00e9change entre artistes et public.<\/p>\n<p>La Seconde Guerre mondiale marque un tournant difficile pour l\u2019institution : les programmes se r\u00e9duisent \u00e0 des divertissements l\u00e9gers, \u00e9loign\u00e9s du r\u00e9pertoire classique. Ce n\u2019est qu\u2019apr\u00e8s 1945 que le Konzerthaus retrouve sa vocation initiale, participant activement \u00e0 la renaissance de la vie musicale autrichienne.<\/p>\n<p>Aujourd\u2019hui, le <strong>Konzerthaus<\/strong> abrite les formations prestigieuses de l\u2019<strong>Orchestre symphonique de Vienne<\/strong>, le <strong>Quatuor Hagen<\/strong> et le <strong>Klangforum Wien<\/strong>. Il est \u00e9galement l\u2019instigateur de festivals d\u2019envergure, comme le Festival international de musique et le Festival Resonances qui explorent un large \u00e9ventail de genres, de la musique ancienne au jazz.<\/p>\n<p>&nbsp;<\/p>\n<figure id=\"attachment_85274\" aria-describedby=\"caption-attachment-85274\" style=\"width: 1200px\" class=\"wp-caption aligncenter\"><img decoding=\"async\" loading=\"lazy\" class=\"size-full wp-image-85274\" src=\"https:\/\/www.ludwig-van.com\/montreal\/wp-content\/uploads\/sites\/3\/2024\/12\/Konzerthaus-Wien_OS241130-VIENNE-CONCERT-43_Antoine-Saito.jpg\" alt=\"L'int\u00e9rieur de la Grande Salle du complexe Konzerthaus Wien, lors de la prestation de l'OSM le 30 novembre. (Photo : Antoine Saito)\" width=\"1200\" height=\"800\" srcset=\"https:\/\/www.ludwig-van.com\/montreal\/wp-content\/uploads\/sites\/3\/2024\/12\/Konzerthaus-Wien_OS241130-VIENNE-CONCERT-43_Antoine-Saito.jpg 1200w, https:\/\/www.ludwig-van.com\/montreal\/wp-content\/uploads\/sites\/3\/2024\/12\/Konzerthaus-Wien_OS241130-VIENNE-CONCERT-43_Antoine-Saito-300x200.jpg 300w, https:\/\/www.ludwig-van.com\/montreal\/wp-content\/uploads\/sites\/3\/2024\/12\/Konzerthaus-Wien_OS241130-VIENNE-CONCERT-43_Antoine-Saito-1024x683.jpg 1024w, https:\/\/www.ludwig-van.com\/montreal\/wp-content\/uploads\/sites\/3\/2024\/12\/Konzerthaus-Wien_OS241130-VIENNE-CONCERT-43_Antoine-Saito-768x512.jpg 768w\" sizes=\"(max-width: 1200px) 100vw, 1200px\" \/><figcaption id=\"caption-attachment-85274\" class=\"wp-caption-text\">L&rsquo;int\u00e9rieur de la Grande Salle du complexe Konzerthaus Wien, lors de la prestation de l&rsquo;OSM le 30 novembre. (Photo : Antoine Saito)<\/figcaption><\/figure>\n<h3>La Grande Salle : un lieu mythique pour les grandes figures<\/h3>\n<p>Les trois salles initiales que sont la salle Mozart, la salle Schubert et la Grande Salle du Konzerthaus se situent au m\u00eame niveau et sont dot\u00e9es d\u2019acoustiques compl\u00e8tement isol\u00e9es les unes des autres, permettant d&rsquo;y tenir des concerts simultan\u00e9s. La Grande Salle, qui a accueilli l&rsquo;OSM, est l\u2019un des espaces les plus embl\u00e9matiques de Vienne avec ses 1 865 places. R\u00e9put\u00e9e pour son acoustique exceptionnelle, elle a accueilli des figures de renomm\u00e9e internationale, dont les chef\u00b7fe\u00b7s d\u2019orchestre r\u00e9put\u00e9\u00b7e\u00b7s Herbert von Karajan, Claudio Abbado, Leonard Bernstein, Marin Alsop et Susanna M\u00e4lkki. Nommons \u00e9galement quelques-un\u00b7e\u00b7s des solistes d\u2019exception qui ont marqu\u00e9 ce lieu, comme les pianiste Martha Argerich, Lang Lang et Alfred Brendel ou encore la violoniste Anne-Sophie Mutter.<\/p>\n<h3>Une architecture entre tradition et modernit\u00e9<\/h3>\n<p>Con\u00e7u par les architectes Ferdinand Fellner, Hermann Helmer et Ludwig Baumann, le Konzerthaus combine des \u00e9l\u00e9ments de l\u2019historicisme tardif, du s\u00e9cessionnisme et de l\u2019Art nouveau. Son architecture innovante, pens\u00e9e pour r\u00e9pondre aux besoins acoustiques et fonctionnels, demeure une r\u00e9f\u00e9rence.<\/p>\n<p>Entre 1998 et 2001, une r\u00e9novation compl\u00e8te modernise l\u2019ensemble tout en ajoutant une quatri\u00e8me salle, la Salle Berio, d\u00e9di\u00e9e aux formats plus intimistes. Outre ses espaces de concert, le Konzerthaus comprend des restaurants, un caf\u00e9, une patinoire et l\u2019H\u00f4tel Intercontinental, offrant une exp\u00e9rience culturelle compl\u00e8te.<\/p>\n<p>&nbsp;<\/p>\n<figure id=\"attachment_85275\" aria-describedby=\"caption-attachment-85275\" style=\"width: 1200px\" class=\"wp-caption aligncenter\"><img decoding=\"async\" loading=\"lazy\" class=\"size-full wp-image-85275\" src=\"https:\/\/www.ludwig-van.com\/montreal\/wp-content\/uploads\/sites\/3\/2024\/12\/Jean-Willy-Kunz_Konzerthaus_OS241130_Antoine-Saito.jpg\" alt=\"Jean-Willy Kunz saluant de la console de l'orgue Rieger du Konzerthaus Wien apr\u00e8s la prestation de la Symphonie alpestre par l'OSM sous la direction de Rafael Payare le 30 novembre 2024. (Photo : Antoine Saito)\" width=\"1200\" height=\"800\" srcset=\"https:\/\/www.ludwig-van.com\/montreal\/wp-content\/uploads\/sites\/3\/2024\/12\/Jean-Willy-Kunz_Konzerthaus_OS241130_Antoine-Saito.jpg 1200w, https:\/\/www.ludwig-van.com\/montreal\/wp-content\/uploads\/sites\/3\/2024\/12\/Jean-Willy-Kunz_Konzerthaus_OS241130_Antoine-Saito-300x200.jpg 300w, https:\/\/www.ludwig-van.com\/montreal\/wp-content\/uploads\/sites\/3\/2024\/12\/Jean-Willy-Kunz_Konzerthaus_OS241130_Antoine-Saito-1024x683.jpg 1024w, https:\/\/www.ludwig-van.com\/montreal\/wp-content\/uploads\/sites\/3\/2024\/12\/Jean-Willy-Kunz_Konzerthaus_OS241130_Antoine-Saito-768x512.jpg 768w\" sizes=\"(max-width: 1200px) 100vw, 1200px\" \/><figcaption id=\"caption-attachment-85275\" class=\"wp-caption-text\">Jean-Willy Kunz saluant de la console de l&rsquo;orgue Rieger du Konzerthaus Wien apr\u00e8s la prestation de la Symphonie alpestre par l&rsquo;OSM sous la direction de Rafael Payare le 30 novembre 2024. (Photo : Antoine Saito)<\/figcaption><\/figure>\n<h3>L\u2019orgue Rieger : le plus grand orgue de concert d\u2019Europe continentale<\/h3>\n<p>L\u2019orgue Rieger est inaugur\u00e9 en 1913 avec le <em>Festliches Pr\u00e4ludium<\/em> op. 61 de Richard Strauss, une \u0153uvre cr\u00e9\u00e9e sp\u00e9cialement pour l\u2019occasion. L\u2019instrument demeure \u00e0 ce jour l\u2019un des joyaux de la Grande Salle. Construit par le plus grand facteur d&rsquo;orgue d&rsquo;Autriche de l&rsquo;\u00e9poque, la firme sil\u00e9sienne Rieger Bros, l\u2019orgue est le premier \u00e0 cinq claviers de l\u2019Empire austro-hongrois. Sa sonorit\u00e9 imposante a marqu\u00e9 l\u2019histoire musicale et le positionne comme le plus grand orgue de concert d\u2019Europe continentale encore \u00e0 ce jour. Fait inusit\u00e9, ses tuyaux sont dissimul\u00e9s derri\u00e8re une abside semi-circulaire pour s\u2019int\u00e9grer parfaitement \u00e0 l\u2019architecture et aux colonnes de la Grande Salle.<\/p>\n<p>Au passage de l&rsquo;OSM, l&rsquo;organiste <strong>Jean-Willy Kunz<\/strong> a pu faire sonner l&rsquo;orgue dans la <em>Symphonie alpestre<\/em> de Strauss, un choix qui r\u00e9sonne comme un hommage \u00e0 l\u2019histoire du Konzerthaus et au compositeur c\u00e9l\u00e9br\u00e9 lors de son concert inaugural il y a 111 ans.<\/p>\n<h3>Fin de tourn\u00e9e<\/h3>\n<p>Apr\u00e8s huit concerts en douze jours, toute l&rsquo;\u00e9quipe de l&rsquo;OSM est maintenant de retour au pays. Mais les partitions des \u0153uvres au programme ne seront pas toutes rang\u00e9es imm\u00e9diatement : le 19 d\u00e9cembre, l&rsquo;orchestre et son chef ont pr\u00e9vu une s\u00e9ance d&rsquo;enregistrement devant public au cours de laquelle ils immortaliseront leur version post-tourn\u00e9e de la <em>Symphonie fantastique<\/em>. Apr\u00e8s l&rsquo;enregistrement, le public aura l&rsquo;occasion de discuter avec le percussionniste solo <strong>Serge Desgagn\u00e9<\/strong> et le directeur musical <strong>Rafael Payare<\/strong>. Des surprises sont \u00e9galement annonc\u00e9es!<\/p>\n<p>LE 19 D\u00c9CEMBRE, 19 H 30, MAISON SYMPHONIQUE <a href=\"https:\/\/www.osm.ca\/fr\/concert\/fantastique-berlioz\/\" target=\"_blank\" rel=\"noopener\">D\u00c9TAILS ET BILLETS<\/a><\/p>\n<h2><em>Inscrivez-vous \u00e0 notre infolettre! La musique classique et l\u2019op\u00e9ra en 5 minutes, chaque jour<\/em> <a href=\"https:\/\/ludwig-van.us9.list-manage.com\/subscribe?u=4f785cb3f9058f2393ccad035&amp;id=b9b160c032\" target=\"_blank\" rel=\"noopener noreferrer\">ICI<\/a><\/h2>\n","protected":false},"excerpt":{"rendered":"<p>Pour clore notre s\u00e9rie de vignettes sur les prestigieuses salles visit\u00e9es par l&rsquo;OSM au cours de sa tourn\u00e9e, voici notre introduction au Konzerthaus Wien, un \u00e9difice symbolisant le riche h\u00e9ritage musical de la capitale autrichienne, qui a accueilli la phalange montr\u00e9alaise pour son dernier concert de tourn\u00e9e le 30 novembre.<\/p>\n","protected":false},"author":86,"featured_media":85277,"comment_status":"open","ping_status":"open","sticky":false,"template":"","format":"standard","meta":{"om_disable_all_campaigns":false,"jetpack_post_was_ever_published":false},"categories":[42107,11009],"tags":[42106,42288],"yst_prominent_words":[27892,14253,11408,33286,11620,10710],"acf":[],"jetpack_featured_media_url":"https:\/\/www.ludwig-van.com\/montreal\/wp-content\/uploads\/sites\/3\/2024\/12\/Copie-de-DOSSIER7.jpg","jetpack_sharing_enabled":true,"jetpack_shortlink":"https:\/\/wp.me\/p9bdYt-mbn","amp_enabled":true,"_links":{"self":[{"href":"https:\/\/www.ludwig-van.com\/montreal\/wp-json\/wp\/v2\/posts\/85273"}],"collection":[{"href":"https:\/\/www.ludwig-van.com\/montreal\/wp-json\/wp\/v2\/posts"}],"about":[{"href":"https:\/\/www.ludwig-van.com\/montreal\/wp-json\/wp\/v2\/types\/post"}],"author":[{"embeddable":true,"href":"https:\/\/www.ludwig-van.com\/montreal\/wp-json\/wp\/v2\/users\/86"}],"replies":[{"embeddable":true,"href":"https:\/\/www.ludwig-van.com\/montreal\/wp-json\/wp\/v2\/comments?post=85273"}],"version-history":[{"count":26,"href":"https:\/\/www.ludwig-van.com\/montreal\/wp-json\/wp\/v2\/posts\/85273\/revisions"}],"predecessor-version":[{"id":85302,"href":"https:\/\/www.ludwig-van.com\/montreal\/wp-json\/wp\/v2\/posts\/85273\/revisions\/85302"}],"wp:featuredmedia":[{"embeddable":true,"href":"https:\/\/www.ludwig-van.com\/montreal\/wp-json\/wp\/v2\/media\/85277"}],"wp:attachment":[{"href":"https:\/\/www.ludwig-van.com\/montreal\/wp-json\/wp\/v2\/media?parent=85273"}],"wp:term":[{"taxonomy":"category","embeddable":true,"href":"https:\/\/www.ludwig-van.com\/montreal\/wp-json\/wp\/v2\/categories?post=85273"},{"taxonomy":"post_tag","embeddable":true,"href":"https:\/\/www.ludwig-van.com\/montreal\/wp-json\/wp\/v2\/tags?post=85273"},{"taxonomy":"yst_prominent_words","embeddable":true,"href":"https:\/\/www.ludwig-van.com\/montreal\/wp-json\/wp\/v2\/yst_prominent_words?post=85273"}],"curies":[{"name":"wp","href":"https:\/\/api.w.org\/{rel}","templated":true}]}}