{"id":85204,"date":"2024-12-02T15:33:55","date_gmt":"2024-12-02T20:33:55","guid":{"rendered":"https:\/\/www.ludwig-van.com\/montreal\/?p=85204"},"modified":"2024-12-03T13:00:03","modified_gmt":"2024-12-03T18:00:03","slug":"choix-de-la-redaction-32","status":"publish","type":"post","link":"https:\/\/www.ludwig-van.com\/montreal\/2024\/12\/02\/choix-de-la-redaction-32\/","title":{"rendered":"CHOIX DE LA R\u00c9DACTION | Du Festival Bach aux concerts de No\u00ebl"},"content":{"rendered":"<figure id=\"attachment_85219\" aria-describedby=\"caption-attachment-85219\" style=\"width: 1200px\" class=\"wp-caption aligncenter\"><img decoding=\"async\" loading=\"lazy\" class=\"size-full wp-image-85219\" src=\"https:\/\/www.ludwig-van.com\/montreal\/wp-content\/uploads\/sites\/3\/2024\/12\/Copie-de-CONCERTS2.jpg\" alt=\"Luka Goetzee (Photo : J. Henry Fair), Clemens Schuldt (Photo : Marco Borggreve), Fran\u00e7ois Lazarevitch (Photo : jean-Baptiste Millot)\" width=\"1200\" height=\"628\" srcset=\"https:\/\/www.ludwig-van.com\/montreal\/wp-content\/uploads\/sites\/3\/2024\/12\/Copie-de-CONCERTS2.jpg 1200w, https:\/\/www.ludwig-van.com\/montreal\/wp-content\/uploads\/sites\/3\/2024\/12\/Copie-de-CONCERTS2-300x157.jpg 300w, https:\/\/www.ludwig-van.com\/montreal\/wp-content\/uploads\/sites\/3\/2024\/12\/Copie-de-CONCERTS2-1024x536.jpg 1024w, https:\/\/www.ludwig-van.com\/montreal\/wp-content\/uploads\/sites\/3\/2024\/12\/Copie-de-CONCERTS2-768x402.jpg 768w\" sizes=\"(max-width: 1200px) 100vw, 1200px\" \/><figcaption id=\"caption-attachment-85219\" class=\"wp-caption-text\">Luka Goetzee (Photo : J. Henry Fair), Clemens Schuldt (Photo : Marco Borggreve), Fran\u00e7ois Lazarevitch (Photo : jean-Baptiste Millot)<\/figcaption><\/figure>\n<p>Encore plusieurs beaux concerts \u00e0 d\u00e9couvrir cette semaine! Les amateurs de musique baroque ne voudront pas manquer cette derni\u00e8re semaine du Festival Bach, alors que ceux pour qui d\u00e9cembre rime avec chants traditionnels de No\u00ebl sont g\u00e2t\u00e9s avec plusieurs repr\u00e9sentations de concerts du temps des F\u00eates. Nous vous proposons aussi un op\u00e9ra sur une \u0153uvre de Michel Tremblay, de la musique du monde, de la musique de chambre, et m\u00eame une conf\u00e9rence sur l\u2019histoire du violon! Vraiment, vous n\u2019avez aucune excuse pour rester encaban\u00e9\u00b7e! Mais lavez-vous les mains souvent et portez un masque si vous avez de la toux &#8211; d\u00e9cembre rime aussi avec saison des microbes!<\/p>\n<p>&nbsp;<\/p>\n<figure id=\"attachment_85205\" aria-describedby=\"caption-attachment-85205\" style=\"width: 1200px\" class=\"wp-caption aligncenter\"><img decoding=\"async\" loading=\"lazy\" class=\"size-full wp-image-85205\" src=\"https:\/\/www.ludwig-van.com\/montreal\/wp-content\/uploads\/sites\/3\/2024\/12\/Luka-Coetzee_Fair_J_Henry_1200.jpg\" alt=\"Luka Coetzee (Photo : J. Henry Fair)\" width=\"1200\" height=\"800\" srcset=\"https:\/\/www.ludwig-van.com\/montreal\/wp-content\/uploads\/sites\/3\/2024\/12\/Luka-Coetzee_Fair_J_Henry_1200.jpg 1200w, https:\/\/www.ludwig-van.com\/montreal\/wp-content\/uploads\/sites\/3\/2024\/12\/Luka-Coetzee_Fair_J_Henry_1200-300x200.jpg 300w, https:\/\/www.ludwig-van.com\/montreal\/wp-content\/uploads\/sites\/3\/2024\/12\/Luka-Coetzee_Fair_J_Henry_1200-1024x683.jpg 1024w, https:\/\/www.ludwig-van.com\/montreal\/wp-content\/uploads\/sites\/3\/2024\/12\/Luka-Coetzee_Fair_J_Henry_1200-768x512.jpg 768w\" sizes=\"(max-width: 1200px) 100vw, 1200px\" \/><figcaption id=\"caption-attachment-85205\" class=\"wp-caption-text\">Luka Coetzee (Photo : J. Henry Fair)<\/figcaption><\/figure>\n<h3>Festival Bach : Luka Coetzee, violoncelle &#8211; De Bach \u00e0 Penderecki<\/h3>\n<p>Le Festival Bach se poursuit avec plusieurs concerts au programme en cette derni\u00e8re semaine. Celui de ce lundi 2 d\u00e9cembre met en vedette la violoncelliste canadienne \u00e9tablie maintenant en Allemagne, <strong>Luka<\/strong> <strong>Coetzee<\/strong>. Faisant partie de la nouvelle g\u00e9n\u00e9ration de violoncellistes, <strong>Luka Coetzee<\/strong> est la laur\u00e9ate de plusieurs prix internationaux et a re\u00e7u de nombreuses r\u00e9compenses autant comme soliste que comme chambriste.<\/p>\n<p>LE 2 D\u00c9CEMBRE, 19 H 30, CHAPELLE NOTRE-DAME-DE-BON-SECOURS\u00a0 <a href=\"https:\/\/festivalbachmontreal.com\/concerts\/bruno-philippe\/\" target=\"_blank\" rel=\"noopener\">D\u00c9TAILS ET BILLETS<\/a><\/p>\n<p>&nbsp;<\/p>\n<p><img decoding=\"async\" loading=\"lazy\" class=\"aligncenter size-full wp-image-85207\" src=\"https:\/\/www.ludwig-van.com\/montreal\/wp-content\/uploads\/sites\/3\/2024\/12\/uDEm_SOIREE-JAZZ-ET-MUSIQUES-DU-MONDE_1000.jpg\" alt=\"\" width=\"1000\" height=\"669\" srcset=\"https:\/\/www.ludwig-van.com\/montreal\/wp-content\/uploads\/sites\/3\/2024\/12\/uDEm_SOIREE-JAZZ-ET-MUSIQUES-DU-MONDE_1000.jpg 1000w, https:\/\/www.ludwig-van.com\/montreal\/wp-content\/uploads\/sites\/3\/2024\/12\/uDEm_SOIREE-JAZZ-ET-MUSIQUES-DU-MONDE_1000-300x201.jpg 300w, https:\/\/www.ludwig-van.com\/montreal\/wp-content\/uploads\/sites\/3\/2024\/12\/uDEm_SOIREE-JAZZ-ET-MUSIQUES-DU-MONDE_1000-768x514.jpg 768w\" sizes=\"(max-width: 1000px) 100vw, 1000px\" \/><\/p>\n<h3>Facult\u00e9 de musique de l\u2019UdeM &#8211; Une soir\u00e9e jazz et musiques du monde<\/h3>\n<p>Les rythmes cubains et br\u00e9siliens r\u00e9sonneront \u00e0 la salle Claude-Champagne ce mardi alors que l\u2019Ensemble de musiques du monde de l\u2019Universit\u00e9 de Montr\u00e9al vous convie \u00e0 une soir\u00e9e aux accents jazz. Serez-vous capable de vous retenir de danser? Entr\u00e9e libre.<\/p>\n<p>LE 2 D\u00c9CEMBRE, 19 H 30, SALLE CLAUDE-CHAMPAGNE\u00a0 <a href=\"https:\/\/www.calendrier.umontreal.ca\/detail\/890105-une-soiree-jazz-et-musiques-du-monde\" target=\"_blank\" rel=\"noopener\">D\u00c9TAILS\u00a0<\/a><\/p>\n<p>&nbsp;<\/p>\n<figure id=\"attachment_67886\" aria-describedby=\"caption-attachment-67886\" style=\"width: 1076px\" class=\"wp-caption aligncenter\"><img decoding=\"async\" loading=\"lazy\" class=\"size-full wp-image-67886\" src=\"https:\/\/www.ludwig-van.com\/montreal\/wp-content\/uploads\/sites\/3\/2021\/09\/PhotoP._E.Bergeron2-copie.jpg\" alt=\"M\u00e9lisande McNabney. (Photo: Pierre-\u00c9tienne Bergeron)\" width=\"1076\" height=\"774\" \/><figcaption id=\"caption-attachment-67886\" class=\"wp-caption-text\">M\u00e9lisande McNabney. (Photo: Pierre-\u00c9tienne Bergeron)<\/figcaption><\/figure>\n<h3>Festival Bach : Alexander Read, M\u00e9lisande McNabney &amp; Elinor Frey &#8211; <em>Sonates du myst\u00e8re<\/em><\/h3>\n<p>Toujours dans le cadre du Festival Bach, <strong>Alexander Read<\/strong>, second violon de l\u2019OSM depuis 2013, s\u2019associe \u00e0 <strong>M\u00e9lisande McNabney<\/strong>, clavecin, et Elinor Frey, violoncelle, pour vous pr\u00e9senter l&rsquo;int\u00e9gralit\u00e9 des <i>Sonates du Rosaire<\/i> de Biber. Cette \u0153uvre est rarement interpr\u00e9t\u00e9e int\u00e9gralement dans un seul concert, entre autres car le violoniste doit modifier l\u2019accord de son instrument selon la sonate jou\u00e9e. Alexander Read utilisera donc quatre violons lors de ce concert, mais un \u00e0 la fois comme nous le pr\u00e9cise si bien le Festival Bach!<\/p>\n<p>LE 3 D\u00c9CEMBRE, 19 H 30, CHAPELLE NOTRE-DAME-DE-BON-SECOURS\u00a0 <a href=\"https:\/\/festivalbachmontreal.com\/concerts\/alex-read\/\" target=\"_blank\" rel=\"noopener\">D\u00c9TAILS ET BILLETS<\/a><\/p>\n<p>&nbsp;<\/p>\n<figure id=\"attachment_74225\" aria-describedby=\"caption-attachment-74225\" style=\"width: 1200px\" class=\"wp-caption aligncenter\"><img decoding=\"async\" loading=\"lazy\" class=\"size-full wp-image-74225\" src=\"https:\/\/www.ludwig-van.com\/montreal\/wp-content\/uploads\/sites\/3\/2022\/12\/Albertine-Veronique-Duplain.jpg\" alt=\"\" width=\"1200\" height=\"810\" \/><figcaption id=\"caption-attachment-74225\" class=\"wp-caption-text\">De gauche \u00e0 droite: Monique Pag\u00e9, Chantal Dionne, Chantal Lambert, Florence Bourget, Catherine St-Arnaud dans Albertine en cinq temps (Photo : V\u00e9ronique Duplain)<\/figcaption><\/figure>\n<h3><i>Albertine en cinq temps<\/i> &#8211; l\u2019op\u00e9ra<\/h3>\n<p>Apr\u00e8s avoir fait le tour du Qu\u00e9bec et jou\u00e9 \u00e0 Paris cet \u00e9t\u00e9, le premier op\u00e9ra en joual, <i>Albertine en cinq temps<\/i> &#8211; l\u2019op\u00e9ra, revient \u00e0 Montr\u00e9al pour deux soirs au Th\u00e9\u00e2tre Outremont. \u00c0 70 ans, Albertine ressasse ses souvenirs en pla\u00e7ant les spectateurs aux premi\u00e8res loges de son existence, eux qui seront t\u00e9moins des moments cl\u00e9s de sa vie. Ce sont six chanteuses et cinq instrumentistes qui interpr\u00e9teront la musique compos\u00e9e par <strong>Catherine Major<\/strong>, dans une mise en sc\u00e8ne de <strong>Nathalie Deschamps.<\/strong><\/p>\n<p>LES 3 ET 4 D\u00c9CEMBRE, 20 H, TH\u00c9\u00c2TRE OUTREMONT\u00a0 <a href=\"https:\/\/theatreoutremont.ca\/evenement\/evenements-en-location\/\" target=\"_blank\" rel=\"noopener\">D\u00c9TAILS ET BILLETS<\/a><\/p>\n<p>&nbsp;<\/p>\n<p>&nbsp;<\/p>\n<figure id=\"attachment_78050\" aria-describedby=\"caption-attachment-78050\" style=\"width: 683px\" class=\"wp-caption aligncenter\"><img decoding=\"async\" loading=\"lazy\" class=\"size-full wp-image-78050\" src=\"https:\/\/www.ludwig-van.com\/montreal\/wp-content\/uploads\/sites\/3\/2023\/09\/Olivier-Brault_Photo_Camille-Jobin.jpg\" alt=\"\" width=\"683\" height=\"1024\" srcset=\"https:\/\/www.ludwig-van.com\/montreal\/wp-content\/uploads\/sites\/3\/2023\/09\/Olivier-Brault_Photo_Camille-Jobin.jpg 683w, https:\/\/www.ludwig-van.com\/montreal\/wp-content\/uploads\/sites\/3\/2023\/09\/Olivier-Brault_Photo_Camille-Jobin-200x300.jpg 200w\" sizes=\"(max-width: 683px) 100vw, 683px\" \/><figcaption id=\"caption-attachment-78050\" class=\"wp-caption-text\">Olivier Brault<br \/>(Photo: Camille Jobin)<\/figcaption><\/figure>\n<h3>Conf\u00e9rence : Histoire du violon de l\u2019Antiquit\u00e9 \u00e0 l\u2019\u00e9poque baroque<\/h3>\n<p><strong>Olivier B. Brault<\/strong>, violoniste baroque bien connu et bien en verve, pr\u00e9sente une conf\u00e9rence-concert sur l\u2019histoire du violon \u00e0 partir de l\u2019Antiquit\u00e9 jusqu\u2019au milieu du XVIIIe si\u00e8cle. <strong>Brault<\/strong> illustrera ses propos en faisant la d\u00e9monstration de dix instruments diff\u00e9rents. Cette conf\u00e9rence se veut interactive et les questions des participant\u00b7e\u00b7s sont les bienvenues.<\/p>\n<p>LE 4 D\u00c9CEMBRE, 19 H, CHAPELLE DU COLL\u00c8GE ST-SACREMENT DE TERREBONNE\u00a0<a href=\"https:\/\/www.spht.ca\/evenements\/conference----histoire-du-violon-de-l-antiquite-a-l-epoque-baroque-et-prestation-musicale-par-olivier-b--brault\" target=\"_blank\" rel=\"noopener\"> D\u00c9TAILS ET BILLETS<\/a><\/p>\n<p>&nbsp;<\/p>\n<figure id=\"attachment_85209\" aria-describedby=\"caption-attachment-85209\" style=\"width: 1024px\" class=\"wp-caption aligncenter\"><img decoding=\"async\" loading=\"lazy\" class=\"size-full wp-image-85209\" src=\"https:\/\/www.ludwig-van.com\/montreal\/wp-content\/uploads\/sites\/3\/2024\/12\/Francois-Lazarevitch_\u00a9Jean-Baptiste-Millot-1024x704-1.jpg\" alt=\"Fran\u00e7ois Lazarevitch, fondateur des Musiciens de St-Julien. (Photo : Jean-Baptiste Millot)\" width=\"1024\" height=\"704\" srcset=\"https:\/\/www.ludwig-van.com\/montreal\/wp-content\/uploads\/sites\/3\/2024\/12\/Francois-Lazarevitch_\u00a9Jean-Baptiste-Millot-1024x704-1.jpg 1024w, https:\/\/www.ludwig-van.com\/montreal\/wp-content\/uploads\/sites\/3\/2024\/12\/Francois-Lazarevitch_\u00a9Jean-Baptiste-Millot-1024x704-1-300x206.jpg 300w, https:\/\/www.ludwig-van.com\/montreal\/wp-content\/uploads\/sites\/3\/2024\/12\/Francois-Lazarevitch_\u00a9Jean-Baptiste-Millot-1024x704-1-768x528.jpg 768w\" sizes=\"(max-width: 1024px) 100vw, 1024px\" \/><figcaption id=\"caption-attachment-85209\" class=\"wp-caption-text\">Fran\u00e7ois Lazarevitch, fondateur des Musiciens de St-Julien. (Photo : Jean-Baptiste Millot)<\/figcaption><\/figure>\n<h3>Festival Bach : Les Musiciens de St-Julien &#8211; <i>L\u2019Offrande musicale<\/i>, intimiste<\/h3>\n<p>Pour la premi\u00e8re fois \u00e0 Montr\u00e9al, l\u2019ensemble <strong>Les Musiciens de St-Julien<\/strong> vous pr\u00e9sente le cadeau musical que J.S. Bach a offert au Roi de Prusse, <i>L\u2019Offrande musicale<\/i>, dans une version intimiste \u00e0 quatre musiciens : <strong>Fran\u00e7ois Lazarevitch<\/strong>, fl\u00fbte,<strong> Josef Zak<\/strong>, violon, <strong>Lucie Boulanger<\/strong>, viole de gambe, et <strong>Maude Gratton<\/strong>, clavecin.<\/p>\n<p>LE 4 D\u00c9CEMBRE, 19 H 30, CHAPELLE NOTRE-DAME-DE-BON-SECOURS\u00a0 <a href=\"https:\/\/festivalbachmontreal.com\/concerts\/les-musiciens-de-saint-julien\/\" target=\"_blank\" rel=\"noopener\">D\u00c9TAILS ET BILLETS<\/a><\/p>\n<p>&nbsp;<\/p>\n<figure id=\"attachment_85210\" aria-describedby=\"caption-attachment-85210\" style=\"width: 1200px\" class=\"wp-caption aligncenter\"><img decoding=\"async\" loading=\"lazy\" class=\"size-full wp-image-85210\" src=\"https:\/\/www.ludwig-van.com\/montreal\/wp-content\/uploads\/sites\/3\/2024\/12\/Vadim-Gluzman_site-web-de-lartiste.jpg\" alt=\"Vadim Gluzman. (Photo : site web de l'artiste)\" width=\"1200\" height=\"900\" srcset=\"https:\/\/www.ludwig-van.com\/montreal\/wp-content\/uploads\/sites\/3\/2024\/12\/Vadim-Gluzman_site-web-de-lartiste.jpg 1200w, https:\/\/www.ludwig-van.com\/montreal\/wp-content\/uploads\/sites\/3\/2024\/12\/Vadim-Gluzman_site-web-de-lartiste-300x225.jpg 300w, https:\/\/www.ludwig-van.com\/montreal\/wp-content\/uploads\/sites\/3\/2024\/12\/Vadim-Gluzman_site-web-de-lartiste-1024x768.jpg 1024w, https:\/\/www.ludwig-van.com\/montreal\/wp-content\/uploads\/sites\/3\/2024\/12\/Vadim-Gluzman_site-web-de-lartiste-768x576.jpg 768w\" sizes=\"(max-width: 1200px) 100vw, 1200px\" \/><figcaption id=\"caption-attachment-85210\" class=\"wp-caption-text\">Vadim Gluzman. (Photo : site web de l&rsquo;artiste)<\/figcaption><\/figure>\n<h3>\u00c0 Qu\u00e9bec : OSQ &#8211; Le <i>Concerto pour violon<\/i> de Tcha\u00efkovski<\/h3>\n<p>Un derviche tourneur et des musiciens soufis se joignent \u00e0 l\u2019<strong>Orchestre symphonique de Qu\u00e9bec<\/strong> pour ce concert hors du commun! En ouverture, une \u0153uvre de <strong>Katia Makdissi-Warren<\/strong>, compositrice en r\u00e9sidence \u00e0 l\u2019Orchestre, qui sera suivie du <i>Concerto pour violon<\/i> de Tcha\u00efkovski interpr\u00e9t\u00e9 par le violoniste isra\u00e9lien <strong>Vadim Gluzman<\/strong>. Pour conclure, l\u2019Orchestre rend hommage \u00e0 son fondateur, Joseph V\u00e9zina, \u00e0 l\u2019occasion du 100e anniversaire de son d\u00e9c\u00e8s avec sa valse <i>La Brise<\/i> qui a permis \u00e0 l\u2019Orchestre de remporter un concours musical en 1907.<\/p>\n<p>LE 4 D\u00c9CEMBRE, 20 H; VERSION \u00c9COURT\u00c9E : LE 5 D\u00c9CEMBRE, 10 H 30, GRAND TH\u00c9\u00c2TRE DE QU\u00c9BEC\u00a0 <a href=\"https:\/\/www.osq.org\/concerts\/concerto-violon-tchaikovski\/\" target=\"_blank\" rel=\"noopener\">D\u00c9TAILS ET BILLETS<\/a><\/p>\n<p>&nbsp;<\/p>\n<figure id=\"attachment_75939\" aria-describedby=\"caption-attachment-75939\" style=\"width: 1200px\" class=\"wp-caption aligncenter\"><img decoding=\"async\" loading=\"lazy\" class=\"size-full wp-image-75939\" src=\"https:\/\/www.ludwig-van.com\/montreal\/wp-content\/uploads\/sites\/3\/2023\/05\/Matthias-Maute-credit@Guillaume-Lamothe-1200.jpg\" alt=\"Matthias Maute, codirecteur artistique du Festival Montr\u00e9al Baroque. (Photo: Guillaume Lamothe)\" width=\"1200\" height=\"800\" \/><figcaption id=\"caption-attachment-75939\" class=\"wp-caption-text\">Matthias Maute. (Photo: Guillaume Lamothe)<\/figcaption><\/figure>\n<h3>Festival Classica &#8211; <i>Le Messie<\/i> de Haendel<\/h3>\n<p>Cet oratorio le plus c\u00e9l\u00e8bre de Georg Friedrich Haendel, compos\u00e9 en trois semaines en 1741, f\u00fbt d\u2019abord \u00e9crit pour le temps de P\u00e2ques et ce n\u2019est qu\u2019au fil du temps qu\u2019il est devenu une partition associ\u00e9e \u00e0 No\u00ebl. Le <strong>Festival Classica<\/strong> perp\u00e9tue donc cette tradition en s\u2019associant \u00e0 l\u2019<strong>Ensemble Caprice<\/strong> et \u00e0 l\u2019<strong>Ensemble ArtChoral<\/strong> pour interpr\u00e9ter cette \u0153uvre magistrale de l\u2019\u00e8re baroque sous la direction de <strong>Matthias Maute<\/strong>.<\/p>\n<p>LE 5 D\u00c9CEMBRE, 19 H 30, \u00c9GLISE STE-FAMILLE (BOUCHERVILLE)\u00a0 <a href=\"https:\/\/www.festivalclassica.com\/le-messie-de-haendel\" target=\"_blank\" rel=\"noopener\">D\u00c9TAILS ET BILLETS<\/a><\/p>\n<p>&nbsp;<\/p>\n<figure id=\"attachment_67510\" aria-describedby=\"caption-attachment-67510\" style=\"width: 1200px\" class=\"wp-caption aligncenter\"><img decoding=\"async\" loading=\"lazy\" class=\"size-full wp-image-67510\" src=\"https:\/\/www.ludwig-van.com\/montreal\/wp-content\/uploads\/sites\/3\/2021\/09\/Pavel-Kolesnikov\u00a9Eva-Vermandel-1200.jpg\" alt=\"Pavel Kolesnikov (Photo : Eva Vermandel)\" width=\"1200\" height=\"973\" \/><figcaption id=\"caption-attachment-67510\" class=\"wp-caption-text\">Pavel Kolesnikov (Photo : Eva Vermandel)<\/figcaption><\/figure>\n<h3>Festival Bach : Pavel Kolesnikov &amp; Samson Tsoy &#8211; Deux pianos pour Bach et Chostakovitch<\/h3>\n<p>Les deux pianistes <strong>Pavel Kolesnikov<\/strong> et <strong>Samson Tsoy<\/strong>, jeunes \u00e9toiles musicales actuelles, ont eu l\u2019id\u00e9e de pr\u00e9senter, en alternance, des pr\u00e9ludes et fugues pour piano de Bach et Chostakovitch. Id\u00e9e ing\u00e9nieuse puisque le recueil de Chostakovitch f\u00fbt \u00e9crit en hommage \u00e0 Bach!<\/p>\n<p>LE 5 D\u00c9CEMBRE, 19 H 30, SALLE BOURGIE\u00a0<a href=\"https:\/\/festivalbachmontreal.com\/concerts\/piano-duo\/\" target=\"_blank\" rel=\"noopener\"> D\u00c9TAILS ET BILLETS<\/a><\/p>\n<p>&nbsp;<\/p>\n<figure id=\"attachment_84038\" aria-describedby=\"caption-attachment-84038\" style=\"width: 1200px\" class=\"wp-caption aligncenter\"><img decoding=\"async\" loading=\"lazy\" class=\"size-full wp-image-84038\" src=\"https:\/\/www.ludwig-van.com\/montreal\/wp-content\/uploads\/sites\/3\/2024\/09\/OM-et-solistes_Bruckner-9_Francois-Goupil.jpg\" alt=\"Les solistes Ryan Speedo Green, Limmie Pulliam, Jennifer Johnson Cano et Latonia Moore au sein du Ch\u0153ur et de l'Orchestre M\u00e9tropolitain dirig\u00e9s par Yannick N\u00e9zet-S\u00e9guin. (Photo : Fran\u00e7ois Goupil)\" width=\"1200\" height=\"800\" srcset=\"https:\/\/www.ludwig-van.com\/montreal\/wp-content\/uploads\/sites\/3\/2024\/09\/OM-et-solistes_Bruckner-9_Francois-Goupil.jpg 1200w, https:\/\/www.ludwig-van.com\/montreal\/wp-content\/uploads\/sites\/3\/2024\/09\/OM-et-solistes_Bruckner-9_Francois-Goupil-300x200.jpg 300w, https:\/\/www.ludwig-van.com\/montreal\/wp-content\/uploads\/sites\/3\/2024\/09\/OM-et-solistes_Bruckner-9_Francois-Goupil-1024x683.jpg 1024w, https:\/\/www.ludwig-van.com\/montreal\/wp-content\/uploads\/sites\/3\/2024\/09\/OM-et-solistes_Bruckner-9_Francois-Goupil-768x512.jpg 768w\" sizes=\"(max-width: 1200px) 100vw, 1200px\" \/><figcaption id=\"caption-attachment-84038\" class=\"wp-caption-text\">Le Ch\u0153ur et l&rsquo;Orchestre M\u00e9tropolitain dirig\u00e9s par Yannick N\u00e9zet-S\u00e9guin. (Photo : Fran\u00e7ois Goupil)<\/figcaption><\/figure>\n<h3>OM &#8211; Des airs de f\u00eates<\/h3>\n<p>Ce spectacle de No\u00ebl devenu tradition \u00e0 l\u2019<strong>Orchestre M\u00e9tropolitain<\/strong> m\u00e9lange genres et cultures alors que les traditions qu\u00e9b\u00e9coises, am\u00e9ricaines et europ\u00e9ennes se rejoignent dans les arrangements d\u2019<strong>Antoine<\/strong> <strong>Gratton<\/strong>. C&rsquo;est sous la direction de<strong> Yannick N\u00e9zet-S\u00e9guin<\/strong> que le <strong>Ch\u0153ur M\u00e9tropolitain<\/strong>, les voix d&rsquo;<strong>\u00c9lisabeth St-Gelais<\/strong>, <strong>M\u00e9lissa B\u00e9dard <\/strong>et <strong>Kim Richardson<\/strong>, ainsi que le\u00a0<strong>Trio Taurey Butler<\/strong> donneront vie \u00e0 ces airs jazz et classiques.<\/p>\n<p>LES 5 ET 6 D\u00c9CEMBRE, 19 H 30, MAISON SYMPHONIQUE\u00a0 <a href=\"https:\/\/placedesarts.com\/fr\/evenement\/des-airs-de-fetes-0\" target=\"_blank\" rel=\"noopener\">D\u00c9TAILS ET BILLETS<\/a><\/p>\n<p>&nbsp;<\/p>\n<h3><img decoding=\"async\" loading=\"lazy\" class=\"aligncenter size-full wp-image-85211\" src=\"https:\/\/www.ludwig-van.com\/montreal\/wp-content\/uploads\/sites\/3\/2024\/12\/Cantons-le-Messie-Cammac_1000.png\" alt=\"\" width=\"1000\" height=\"1012\" srcset=\"https:\/\/www.ludwig-van.com\/montreal\/wp-content\/uploads\/sites\/3\/2024\/12\/Cantons-le-Messie-Cammac_1000.png 1000w, https:\/\/www.ludwig-van.com\/montreal\/wp-content\/uploads\/sites\/3\/2024\/12\/Cantons-le-Messie-Cammac_1000-296x300.png 296w, https:\/\/www.ludwig-van.com\/montreal\/wp-content\/uploads\/sites\/3\/2024\/12\/Cantons-le-Messie-Cammac_1000-768x777.png 768w\" sizes=\"(max-width: 1000px) 100vw, 1000px\" \/><\/h3>\n<h3>Cammac : Chanter le Messie soi-m\u00eame ou l&rsquo;\u00e9couter<\/h3>\n<p><strong>Cammac Montr\u00e9al<\/strong> vous invite pour la deuxi\u00e8me ann\u00e9e \u00e0 participer en grand nombre \u00e0 <em>Chantons le Messie<\/em>, \u00e9v\u00e9nement lors duquel vous pouvez vous joindre au ch\u0153ur ou assister au concert comme spectateur, \u00e0 votre choix. Cette ann\u00e9e, le ch\u0153ur sera accompagn\u00e9 par l\u2019orgue et un orchestre baroque avec trompettes et timbales, le tout sous la direction d&rsquo;<strong>Ald\u00e9o Jean<\/strong>. De plus, quatre solistes interpr\u00e9teront une s\u00e9lection d\u2019airs et de r\u00e9citatifs. Que vous d\u00e9siriez y faire entendre votre voix ou plut\u00f4t entendre celle des autres, nous vous conseillons de consulter le lien ci-bas afin d\u2019y trouver toutes les informations n\u00e9cessaires \u00e0 votre participation \u00e0 l\u2019\u00e9v\u00e9nement.<\/p>\n<p>LE 6 D\u00c9CEMBRE, \u00c0 PARTIR DE 18 H, \u00c9GLISE STE-CATHERINE-DE-SIENNE (NOTRE-DAME-DE-GR\u00c2CE)\u00a0 <a href=\"https:\/\/cammac.ca\/montreal\/chantons-le-messie\/\" target=\"_blank\" rel=\"noopener\">D\u00c9TAILS ET BILLETS<\/a><\/p>\n<p>&nbsp;<\/p>\n<h3><img decoding=\"async\" loading=\"lazy\" class=\"aligncenter size-full wp-image-85218\" src=\"https:\/\/www.ludwig-van.com\/montreal\/wp-content\/uploads\/sites\/3\/2024\/12\/Faculte-de-musique-UdeM_Profs-en-concert.jpg\" alt=\"\" width=\"1000\" height=\"669\" srcset=\"https:\/\/www.ludwig-van.com\/montreal\/wp-content\/uploads\/sites\/3\/2024\/12\/Faculte-de-musique-UdeM_Profs-en-concert.jpg 1000w, https:\/\/www.ludwig-van.com\/montreal\/wp-content\/uploads\/sites\/3\/2024\/12\/Faculte-de-musique-UdeM_Profs-en-concert-300x201.jpg 300w, https:\/\/www.ludwig-van.com\/montreal\/wp-content\/uploads\/sites\/3\/2024\/12\/Faculte-de-musique-UdeM_Profs-en-concert-768x514.jpg 768w\" sizes=\"(max-width: 1000px) 100vw, 1000px\" \/><\/h3>\n<h3>Les profs de l\u2019UdeM en concert &#8211; \u00c0 Paris avec Ravel et Faur\u00e9<\/h3>\n<p>La s\u00e9rie <em>Les profs de l\u2019UdeM<\/em> vous propose de venir d\u00e9couvrir les interpr\u00e8tes reconnu.e.s internationalement qui enseignent \u00e0 la Facult\u00e9 de musique. C&rsquo;est dans un r\u00e9pertoire de musique de chambre que vous pourrez appr\u00e9cier leur talent, et ce tout \u00e0 fait gratuitement.<\/p>\n<p>LE 6 D\u00c9CEMBRE, 19 H 30, SALLE CLAUDE-CHAMPAGNE\u00a0 <a href=\"https:\/\/www.calendrier.umontreal.ca\/detail\/890107-serie-n-les-profs-de-lrudem-en-concert-mozart-ravel-et-faure\" target=\"_blank\" rel=\"noopener\">D\u00c9TAILS<\/a><\/p>\n<p>&nbsp;<\/p>\n<figure id=\"attachment_85216\" aria-describedby=\"caption-attachment-85216\" style=\"width: 1200px\" class=\"wp-caption aligncenter\"><img decoding=\"async\" loading=\"lazy\" class=\"size-full wp-image-85216\" src=\"https:\/\/www.ludwig-van.com\/montreal\/wp-content\/uploads\/sites\/3\/2024\/12\/Les-Elements_el_concertosoave_2019-f.guery__0_1200.jpg\" alt=\"Le choeur de chambre Les \u00c9l\u00e9ments (Photo : F. Guery)\" width=\"1200\" height=\"686\" srcset=\"https:\/\/www.ludwig-van.com\/montreal\/wp-content\/uploads\/sites\/3\/2024\/12\/Les-Elements_el_concertosoave_2019-f.guery__0_1200.jpg 1200w, https:\/\/www.ludwig-van.com\/montreal\/wp-content\/uploads\/sites\/3\/2024\/12\/Les-Elements_el_concertosoave_2019-f.guery__0_1200-300x172.jpg 300w, https:\/\/www.ludwig-van.com\/montreal\/wp-content\/uploads\/sites\/3\/2024\/12\/Les-Elements_el_concertosoave_2019-f.guery__0_1200-1024x585.jpg 1024w, https:\/\/www.ludwig-van.com\/montreal\/wp-content\/uploads\/sites\/3\/2024\/12\/Les-Elements_el_concertosoave_2019-f.guery__0_1200-768x439.jpg 768w\" sizes=\"(max-width: 1200px) 100vw, 1200px\" \/><figcaption id=\"caption-attachment-85216\" class=\"wp-caption-text\">Le choeur de chambre Les \u00c9l\u00e9ments (Photo : F. Guery)<\/figcaption><\/figure>\n<h3>Festival Bach : Ch\u0153ur de chambre Les \u00c9l\u00e9ments &#8211; <em>Comme Bach!<\/em><\/h3>\n<p>Dans <em>Comme Bach!<\/em>, le Ch\u0153ur de chambre <strong>Les \u00c9l\u00e9ments<\/strong> vous propose un programme compos\u00e9 de musiques de Bach, Mendelssohn et Brahms qu\u2019il vous pr\u00e9sente sans ordre chronologique, cr\u00e9ant ainsi une exp\u00e9rience musicale diff\u00e9rente et intemporelle.<\/p>\n<p>LE 6 D\u00c9CEMBRE, 19 H 30, SALLE BOURGIE\u00a0 <a href=\"https:\/\/festivalbachmontreal.com\/concerts\/choeur-de-chambre-les-elements\/\" target=\"_blank\" rel=\"noopener\">D\u00c9TAILS ET BILLETS<\/a><\/p>\n<p>&nbsp;<\/p>\n<figure id=\"attachment_67089\" aria-describedby=\"caption-attachment-67089\" style=\"width: 1200px\" class=\"wp-caption aligncenter\"><img decoding=\"async\" loading=\"lazy\" class=\"size-full wp-image-67089\" src=\"https:\/\/www.ludwig-van.com\/montreal\/wp-content\/uploads\/sites\/3\/2021\/06\/Pascal-Germain-Berardi-chef-1200-cr-Elias-Touil.jpg\" alt=\"Pascal G. Berardi, chef et fondateur de Temps fort, \u00e0 l'\u00e9glise du Tr\u00e8s-Saint-nom-de-J\u00e9sus, juin 2021. (Photo; Elias Touil)\" width=\"1200\" height=\"800\" \/><figcaption id=\"caption-attachment-67089\" class=\"wp-caption-text\">Pascal Germain-Berardi, chef et fondateur de Temps fort. (Photo; Elias Touil)<\/figcaption><\/figure>\n<h3>Temps Fort &#8211; No\u00ebl Lyrique 2024<\/h3>\n<p>Fid\u00e8le \u00e0 sa tradition, le ch\u0153ur Temps Fort dirig\u00e9 par <strong>Pascal Germain-Berardi<\/strong> vous invite \u00e0 son concert de No\u00ebl o\u00f9 \u00e9motions, histoire et profondeur d\u2019\u00e2me vous feront vivre la magie du temps des F\u00eates.<\/p>\n<p>LE 6 D\u00c9CEMBRE, 20 H, \u00c9GLISE ST-JOACHIM (POINTE-CLAIRE)\u00a0 <a href=\"https:\/\/www.tempsfort.quebec\/events\/noel-lyrique-2024\" target=\"_blank\" rel=\"noopener\">D\u00c9TAILS ET BILLETS<\/a><\/p>\n<p>&nbsp;<\/p>\n<p><img decoding=\"async\" loading=\"lazy\" class=\"aligncenter size-full wp-image-85215\" src=\"https:\/\/www.ludwig-van.com\/montreal\/wp-content\/uploads\/sites\/3\/2024\/12\/Screenshot-2024-12-02-at-14-46-05-EMSB-Chorale-Concert-Dec.-2024.pdf.png\" alt=\"\" width=\"829\" height=\"594\" srcset=\"https:\/\/www.ludwig-van.com\/montreal\/wp-content\/uploads\/sites\/3\/2024\/12\/Screenshot-2024-12-02-at-14-46-05-EMSB-Chorale-Concert-Dec.-2024.pdf.png 829w, https:\/\/www.ludwig-van.com\/montreal\/wp-content\/uploads\/sites\/3\/2024\/12\/Screenshot-2024-12-02-at-14-46-05-EMSB-Chorale-Concert-Dec.-2024.pdf-300x215.png 300w, https:\/\/www.ludwig-van.com\/montreal\/wp-content\/uploads\/sites\/3\/2024\/12\/Screenshot-2024-12-02-at-14-46-05-EMSB-Chorale-Concert-Dec.-2024.pdf-768x550.png 768w\" sizes=\"(max-width: 829px) 100vw, 829px\" \/><\/p>\n<h3>Chorale EMSB sous la direction de Patricia Abbott<\/h3>\n<p>Dirig\u00e9e d&rsquo;une main habile (ou plut\u00f4t, de deux mains habiles) par la r\u00e9put\u00e9e cheffe de ch\u0153ur <strong>Patricia Abbott<\/strong>, le ch\u0153ur de jeunes du English Montreal School Board c\u00e9l\u00e8bre cette ann\u00e9e sa 45e saison. Pour son traditionnel concert gratuit de No\u00ebl, le ch\u0153ur r\u00e9unissant 98 jeunes re\u00e7oit la fl\u00fbtiste <strong>Lucie Bouchard<\/strong> et le <strong>Salvation Army Citadel Band <\/strong>dirig\u00e9 par <strong>Glen Shepherd<\/strong>.<\/p>\n<p>LE 7 D\u00c9CEMBRE, 16 H, CATH\u00c9DRALE CHRIST CHURCH\u00a0 D\u00c9TAILS : pabbott@emsb.qc.ca<\/p>\n<p>&nbsp;<\/p>\n<figure id=\"attachment_76530\" aria-describedby=\"caption-attachment-76530\" style=\"width: 1200px\" class=\"wp-caption aligncenter\"><img decoding=\"async\" loading=\"lazy\" class=\"size-full wp-image-76530\" src=\"https:\/\/www.ludwig-van.com\/montreal\/wp-content\/uploads\/sites\/3\/2023\/06\/Alain-Trudel-Brott-music-Festival.jpg\" alt=\"Alain Trudel, tromboniste et chef d'orchestre (Photo: Brott Music Festival)\" width=\"1200\" height=\"801\" \/><figcaption id=\"caption-attachment-76530\" class=\"wp-caption-text\">Alain Trudel, tromboniste et chef d&rsquo;orchestre (Photo : Brott Music Festival)<\/figcaption><\/figure>\n<h3>\u00c0 Trois-Rivi\u00e8res : OSTR &#8211; Tradition, un No\u00ebl baroque<\/h3>\n<p>En plus des airs de No\u00ebl connus de tous, l\u2019<strong>Orchestre symphonique de Trois-Rivi\u00e8res<\/strong> et son Ch\u0153ur interpr\u00e9teront lors de ce concert c\u00e9l\u00e9brant les f\u00eates de fin d\u2019ann\u00e9e des extraits des <i>Quatre saisons <\/i>de Vivaldi et du <i>Messie<\/i> de Haendel, ainsi que le <i>Gloria<\/i> de Vivaldi.<\/p>\n<p>LE 7 D\u00c9CEMBRE, 19 H 30, CATH\u00c9DRALE DE L\u2019ASSOMPTION DE TROIS-RIVI\u00c8RES\u00a0<a href=\"https:\/\/ostr.ca\/programmation\/grands-concerts\/tradition-un-noel-baroque\/\" target=\"_blank\" rel=\"noopener\"> D\u00c9TAILS ET BILLETS<\/a><\/p>\n<p>&nbsp;<\/p>\n<figure id=\"attachment_83404\" aria-describedby=\"caption-attachment-83404\" style=\"width: 1200px\" class=\"wp-caption aligncenter\"><img decoding=\"async\" loading=\"lazy\" class=\"size-full wp-image-83404\" src=\"https:\/\/www.ludwig-van.com\/montreal\/wp-content\/uploads\/sites\/3\/2024\/08\/Kirill-Gerstein_Marco-Borggreve.jpg\" alt=\"Kirill Gerstein, pianiste. (Photo : Marco Borggreve)\" width=\"1200\" height=\"801\" srcset=\"https:\/\/www.ludwig-van.com\/montreal\/wp-content\/uploads\/sites\/3\/2024\/08\/Kirill-Gerstein_Marco-Borggreve.jpg 1200w, https:\/\/www.ludwig-van.com\/montreal\/wp-content\/uploads\/sites\/3\/2024\/08\/Kirill-Gerstein_Marco-Borggreve-300x200.jpg 300w, https:\/\/www.ludwig-van.com\/montreal\/wp-content\/uploads\/sites\/3\/2024\/08\/Kirill-Gerstein_Marco-Borggreve-1024x684.jpg 1024w, https:\/\/www.ludwig-van.com\/montreal\/wp-content\/uploads\/sites\/3\/2024\/08\/Kirill-Gerstein_Marco-Borggreve-768x513.jpg 768w\" sizes=\"(max-width: 1200px) 100vw, 1200px\" \/><figcaption id=\"caption-attachment-83404\" class=\"wp-caption-text\">Kirill Gerstein, pianiste. (Photo : Marco Borggreve)<\/figcaption><\/figure>\n<h3>S\u00e9rie Pianistes d\u2019exception &#8211; Kirill Gerstein, piano<\/h3>\n<p>Dans le cadre de sa s\u00e9rie <em>Pianistes d\u2019exception<\/em>, la Salle Bourgie re\u00e7oit <strong>Kirill Gerstein<\/strong>, pianiste lou\u00e9 pour sa technique, son intelligence, son \u00e9nergie et son imagination. Vous l\u2019entendrez y interpr\u00e9ter des \u0153uvres de R. Schumann, Francisco Coll, Ravel et Liszt.<\/p>\n<p>LE 7 D\u00c9CEMBRE, 19 H 30, SALLE BOURGIE\u00a0 <a href=\"https:\/\/www.mbam.qc.ca\/fr\/activites\/kirill-gerstein\/\" target=\"_blank\" rel=\"noopener\">D\u00c9TAILS ET BILLETS<\/a><\/p>\n<h3><\/h3>\n<figure id=\"attachment_71020\" aria-describedby=\"caption-attachment-71020\" style=\"width: 1789px\" class=\"wp-caption aligncenter\"><img decoding=\"async\" loading=\"lazy\" class=\"size-full wp-image-71020\" src=\"https:\/\/www.ludwig-van.com\/montreal\/wp-content\/uploads\/sites\/3\/2022\/05\/agora.jpg\" alt=\"L'Orchestre de l'Agora et son chef Nicolas Ellis. (Photo : courtoisie)\" width=\"1789\" height=\"747\" \/><figcaption id=\"caption-attachment-71020\" class=\"wp-caption-text\">L&rsquo;Orchestre de l&rsquo;Agora sera dirig\u00e9 par Julien Proulx pour le concert \u00c9mile Proulx-Cloutier symphonique. (Photo : courtoisie)<\/figcaption><\/figure>\n<h3>Orchestre de l\u2019Agora &#8211; \u00c9mile Proulx-Cloutier symphonique<\/h3>\n<p>Ce concert-\u00e9v\u00e9nement vous invite \u00e0 d\u00e9couvrir en version symphonique les textes foisonnants et les musiques envo\u00fbtantes formant l\u2019univers musical d\u2019<strong>\u00c9mile Proulx-Cloutier<\/strong>. Les arrangements sign\u00e9s <strong>Fran\u00e7ois<\/strong> <strong>Valli\u00e8res<\/strong> et <strong>Guido Del Fabbro<\/strong> seront interpr\u00e9t\u00e9s par l\u2019<strong>Orchestre de l\u2019Agora<\/strong>, dirig\u00e9 par <strong>Julien Proulx<\/strong> pour cette deuxi\u00e8me et derni\u00e8re repr\u00e9sentation.<\/p>\n<p>LE 7 D\u00c9CEMBRE, 20 H, MAISON SYMPHONIQUE\u00a0<a href=\"https:\/\/orchestreagora.com\/saison-2024-2025\/emile-proulx-cloutier-symphonique\/\" target=\"_blank\" rel=\"noopener\"> D\u00c9TAILS ET BILLETS<\/a><\/p>\n<p>&nbsp;<\/p>\n<figure id=\"attachment_79170\" aria-describedby=\"caption-attachment-79170\" style=\"width: 350px\" class=\"wp-caption aligncenter\"><img decoding=\"async\" loading=\"lazy\" class=\"size-full wp-image-79170\" src=\"https:\/\/www.ludwig-van.com\/montreal\/wp-content\/uploads\/sites\/3\/2023\/12\/LOGO-SOM.png\" alt=\"\" width=\"350\" height=\"472\" srcset=\"https:\/\/www.ludwig-van.com\/montreal\/wp-content\/uploads\/sites\/3\/2023\/12\/LOGO-SOM.png 350w, https:\/\/www.ludwig-van.com\/montreal\/wp-content\/uploads\/sites\/3\/2023\/12\/LOGO-SOM-222x300.png 222w\" sizes=\"(max-width: 350px) 100vw, 350px\" \/><figcaption id=\"caption-attachment-79170\" class=\"wp-caption-text\">Soci\u00e9t\u00e9 des Orgues de Maisonneuve<\/figcaption><\/figure>\n<h3>En famille : F\u00e9erie de No\u00ebl \u00e0 Maisonneuve<\/h3>\n<p>Venez rencontrer le P\u00e8re No\u00ebl lors de ce concert-spectacle o\u00f9 l\u2019ensemble vocal <strong>Vox<\/strong>, dirig\u00e9 par <strong>Alain Vadeboncoeur<\/strong>, la soprano <strong>Olivia Furgiuele<\/strong>, ainsi que <strong>Joey Desaulniers<\/strong> \u00e0 l\u2019orgue donneront le ton \u00e0 la f\u00eate. La lecture du conte <i>Le No\u00ebl de L\u00e9o<\/i> dramatis\u00e9 par l\u2019orgue, des airs traditionnels auxquels vous serez invit\u00e9\u00b7e \u00e0 pousser la note, et des prestations d\u2019orgue par <strong>Joey Desaulniers<\/strong> feront de cet \u00e9v\u00e9nement organis\u00e9 par la <strong>Soci\u00e9t\u00e9 des orgues de Maisonneuve<\/strong> en collaboration avec la <strong>Maison de la culture Maisonneuve<\/strong> un moment magique pour petits et grands.<\/p>\n<p>LE 8 D\u00c9CEMBRE, 14 H 30, \u00c9GLISE DU TR\u00c8S-SAINT-NOM-DE-J\u00c9SUS\u00a0 D\u00c9TAILS : info@orguesmaisonneuve.ca<\/p>\n<p>&nbsp;<\/p>\n<figure id=\"attachment_74596\" aria-describedby=\"caption-attachment-74596\" style=\"width: 1200px\" class=\"wp-caption aligncenter\"><img decoding=\"async\" loading=\"lazy\" class=\"size-full wp-image-74596\" src=\"https:\/\/www.ludwig-van.com\/montreal\/wp-content\/uploads\/sites\/3\/2023\/01\/Schuldt_Clemens_c_Marco_Borggreve.jpg\" alt=\"Clemens Schuldt, chef d'orchestre (Photo : Marco Broggreve)\" width=\"1200\" height=\"800\" \/><figcaption id=\"caption-attachment-74596\" class=\"wp-caption-text\">Clemens Schuldt, chef d&rsquo;orchestre (Photo : Marco Borggreve)<\/figcaption><\/figure>\n<h3>Festival Bach : Le Gala Bach &#8211; <em>On dirait l\u2019Oratorio de No\u00ebl \u2026<\/em><\/h3>\n<p>Au terme d&rsquo;une semaine bien remplie, le Festival Bach prendra fin par ce concert dirig\u00e9 par <strong>Clemens Schuldt<\/strong>, directeur musical de l\u2019OSQ. L\u2019Orchestre du Festival Bach Montr\u00e9al, le ch\u0153ur de chambre <strong>Les \u00c9l\u00e9ments<\/strong>, ainsi que <strong>Myriam Leblanc<\/strong>, soprano, <strong>William Shelton<\/strong>, alto, <strong>Benedikt Kristjansson<\/strong>, t\u00e9nor, et <strong>Jonathon Adams<\/strong>, basse, vous interpr\u00e9teront des \u0153uvres de J.S Bach, de C.P.E. Bach et de Joseph Haydn.<\/p>\n<p>LE 8 D\u00c9CEMBRE, 19 H 30, BASILIQUE NOTRE-DAME DE MONTR\u00c9AL\u00a0 <a href=\"https:\/\/festivalbachmontreal.com\/concerts\/gala-bach-2\/\" target=\"_blank\" rel=\"noopener\">D\u00c9TAILS ET BILLETS<\/a><\/p>\n<h2><em>Inscrivez-vous \u00e0 notre infolettre! La musique classique et l\u2019op\u00e9ra en 5 minutes, chaque jour<\/em> <a href=\"https:\/\/ludwig-van.us9.list-manage.com\/subscribe?u=4f785cb3f9058f2393ccad035&amp;id=b9b160c032\" target=\"_blank\" rel=\"noopener noreferrer\">ICI<\/a><\/h2>\n","protected":false},"excerpt":{"rendered":"<p>Encore plusieurs beaux concerts \u00e0 d\u00e9couvrir cette semaine! Les amateurs de musique baroque ne voudront pas manquer cette derni\u00e8re semaine du Festival Bach, alors que ceux pour qui d\u00e9cembre rime avec chants traditionnels de No\u00ebl sont g\u00e2t\u00e9s avec plusieurs repr\u00e9sentations de concerts du temps des F\u00eates. Nous vous proposons aussi un op\u00e9ra sur une \u0153uvre de Michel Tremblay, de la musique du monde, de la musique de chambre, et m\u00eame une conf\u00e9rence sur l\u2019histoire du violon! Vraiment, vous n\u2019avez aucune excuse pour rester encaban\u00e9\u00b7e! Mais lavez-vous les mains souvent et portez un masque si vous avez de la toux &#8211; d\u00e9cembre rime aussi avec saison des microbes!<\/p>\n","protected":false},"author":1,"featured_media":85219,"comment_status":"open","ping_status":"open","sticky":false,"template":"","format":"standard","meta":{"om_disable_all_campaigns":false,"jetpack_post_was_ever_published":false},"categories":[42107,10994],"tags":[42106,11882],"yst_prominent_words":[9878,9863,15528,13120,13117,9949,9946,9945,37039,15757,26052,10396,9877,13123,33503,31964],"acf":[],"jetpack_featured_media_url":"https:\/\/www.ludwig-van.com\/montreal\/wp-content\/uploads\/sites\/3\/2024\/12\/Copie-de-CONCERTS2.jpg","jetpack_sharing_enabled":true,"jetpack_shortlink":"https:\/\/wp.me\/p9bdYt-mag","amp_enabled":true,"_links":{"self":[{"href":"https:\/\/www.ludwig-van.com\/montreal\/wp-json\/wp\/v2\/posts\/85204"}],"collection":[{"href":"https:\/\/www.ludwig-van.com\/montreal\/wp-json\/wp\/v2\/posts"}],"about":[{"href":"https:\/\/www.ludwig-van.com\/montreal\/wp-json\/wp\/v2\/types\/post"}],"author":[{"embeddable":true,"href":"https:\/\/www.ludwig-van.com\/montreal\/wp-json\/wp\/v2\/users\/1"}],"replies":[{"embeddable":true,"href":"https:\/\/www.ludwig-van.com\/montreal\/wp-json\/wp\/v2\/comments?post=85204"}],"version-history":[{"count":10,"href":"https:\/\/www.ludwig-van.com\/montreal\/wp-json\/wp\/v2\/posts\/85204\/revisions"}],"predecessor-version":[{"id":85232,"href":"https:\/\/www.ludwig-van.com\/montreal\/wp-json\/wp\/v2\/posts\/85204\/revisions\/85232"}],"wp:featuredmedia":[{"embeddable":true,"href":"https:\/\/www.ludwig-van.com\/montreal\/wp-json\/wp\/v2\/media\/85219"}],"wp:attachment":[{"href":"https:\/\/www.ludwig-van.com\/montreal\/wp-json\/wp\/v2\/media?parent=85204"}],"wp:term":[{"taxonomy":"category","embeddable":true,"href":"https:\/\/www.ludwig-van.com\/montreal\/wp-json\/wp\/v2\/categories?post=85204"},{"taxonomy":"post_tag","embeddable":true,"href":"https:\/\/www.ludwig-van.com\/montreal\/wp-json\/wp\/v2\/tags?post=85204"},{"taxonomy":"yst_prominent_words","embeddable":true,"href":"https:\/\/www.ludwig-van.com\/montreal\/wp-json\/wp\/v2\/yst_prominent_words?post=85204"}],"curies":[{"name":"wp","href":"https:\/\/api.w.org\/{rel}","templated":true}]}}