{"id":85164,"date":"2024-11-29T16:38:13","date_gmt":"2024-11-29T21:38:13","guid":{"rendered":"https:\/\/www.ludwig-van.com\/montreal\/?p=85164"},"modified":"2024-11-29T16:38:13","modified_gmt":"2024-11-29T21:38:13","slug":"dossier-lisarphilarmonie-de-munich-un-plan-b-de-qualite","status":"publish","type":"post","link":"https:\/\/www.ludwig-van.com\/montreal\/2024\/11\/29\/dossier-lisarphilarmonie-de-munich-un-plan-b-de-qualite\/","title":{"rendered":"DOSSIER | L\u2019Isarphilarmonie de Munich\u00a0: un plan B de qualit\u00e9"},"content":{"rendered":"<figure id=\"attachment_85178\" aria-describedby=\"caption-attachment-85178\" style=\"width: 1200px\" class=\"wp-caption aligncenter\"><img decoding=\"async\" loading=\"lazy\" class=\"size-full wp-image-85178\" src=\"https:\/\/www.ludwig-van.com\/montreal\/wp-content\/uploads\/sites\/3\/2024\/11\/Copie-de-DOSSIER6.jpg\" alt=\"La sc\u00e8ne de la nouvelle Isarphilharmonie. (Photo Tobias Hase)\" width=\"1200\" height=\"628\" srcset=\"https:\/\/www.ludwig-van.com\/montreal\/wp-content\/uploads\/sites\/3\/2024\/11\/Copie-de-DOSSIER6.jpg 1200w, https:\/\/www.ludwig-van.com\/montreal\/wp-content\/uploads\/sites\/3\/2024\/11\/Copie-de-DOSSIER6-300x157.jpg 300w, https:\/\/www.ludwig-van.com\/montreal\/wp-content\/uploads\/sites\/3\/2024\/11\/Copie-de-DOSSIER6-1024x536.jpg 1024w, https:\/\/www.ludwig-van.com\/montreal\/wp-content\/uploads\/sites\/3\/2024\/11\/Copie-de-DOSSIER6-768x402.jpg 768w\" sizes=\"(max-width: 1200px) 100vw, 1200px\" \/><figcaption id=\"caption-attachment-85178\" class=\"wp-caption-text\">La sc\u00e8ne de la nouvelle Isarphilharmonie. (Photo Tobias Hase)<\/figcaption><\/figure>\n<p>Nous poursuivons ici la tourn\u00e9e des salles de concerts qui accueilleront l\u2019OSM pour la tourn\u00e9e europ\u00e9enne en cours. Arr\u00eatons-nous \u00e0 Munich pour y d\u00e9couvrir l&rsquo;Isarphilarmonie.<\/p>\n<p>Capitale de la Bavi\u00e8re et troisi\u00e8me ville d&rsquo;Allemagne, Munich n&rsquo;en est pas \u00e0 sa premi\u00e8re r\u00e9ception de l&rsquo;OSM, mais cette fois-ci, l&rsquo;accueil sera quelque peu diff\u00e9rent. C&rsquo;est que la principale salle de concerts symphoniques de la ville, la Philharmonie du centre culturel Gasteig, est ferm\u00e9e pour r\u00e9novation, et cette fermeture annonc\u00e9e sur quelques ann\u00e9es force l&rsquo;Orchestre philharmonique de Munich et les orchestres invit\u00e9s \u00e0 d\u00e9m\u00e9nager dans de nouveaux espaces.<\/p>\n<p>C&rsquo;est donc l&rsquo;Isarphilarmonie qui accueille nos musicien\u00b7ne\u00b7s. Cette salle r\u00e9cente, inaugur\u00e9e en octobre 2021, poss\u00e8de des qualit\u00e9s acoustiques distinctives. C&rsquo;est \u00e0 nul autre que Yasuhisa Toyota et son cabinet Nagata Acoustics qu&rsquo;a \u00e9t\u00e9 confi\u00e9 l&rsquo;am\u00e9nagement acoustique. Ces experts du son avaient auparavant \u0153uvr\u00e9 sur des salles prestigieuses, notamment l&rsquo;Elbphilharmonie d&rsquo;Hambourg, la Philharmonie de Paris et le Walt Disney Concert Hall de Los Angeles.<\/p>\n<p>Si la salle du Gasteig pouvait accueillir 2 387 places, l&rsquo;Isarphilarmonie est une salle plus petite avec une jauge de 1 900 spectateurs. Contrairement aux salles visit\u00e9es \u00e0 Berlin, Hambourg et Paris, avec leurs terrasses en vignoble encerclant la sc\u00e8ne, l&rsquo;Isarphilharmonie est con\u00e7ue sur le mod\u00e8le du <em>shoebox<\/em>\u00a0: l&rsquo;espace acoustique est grosso modo une grande bo\u00eete rectangulaire, et la sc\u00e8ne comme les bancs prennent place dans le m\u00eame espace acoustique.<\/p>\n<p>Situ\u00e9 \u00e0 proximit\u00e9 de l&rsquo;Isar, la rivi\u00e8re qui mouille Munich avant de se d\u00e9verser dans le Danube, cette nouvelle salle a un rev\u00eatement ext\u00e9rieur en acier, tandis que l\u2019int\u00e9rieur se compose d\u2019\u00e9l\u00e9ments pr\u00e9fabriqu\u00e9s en bois. L&rsquo;am\u00e9nagement y est discret et fonctionnel : les murs et les si\u00e8ges sont gris fonc\u00e9, seul le sol ressort en bois clair de la sc\u00e8ne. Ainsi, toute l&rsquo;attention est dirig\u00e9e sur l&rsquo;essentiel : ce qui se passe sur sc\u00e8ne!<\/p>\n<p>La salle a \u00e9t\u00e9 construite en tant qu&rsquo;ajout \u00e0 un b\u00e2timent voisin tout en brique class\u00e9 monument historique. Cette structure industrielle datant des ann\u00e9es 1920 a \u00e9t\u00e9 conserv\u00e9e dans son \u00e9tat d&rsquo;origine et offre une ambiance brute, loin du feutr\u00e9 clinquant que l&rsquo;on pourrait imaginer pour une salle symphonique. Servant de foyer et d&rsquo;espace d&rsquo;accueil, on peut y admirer une grue de chargement qui est suspendue sous le plafond de verre d\u2019\u00e9poque, rappelant la vocation premi\u00e8re des lieux.<\/p>\n<p>L&rsquo;attrait de la nouveaut\u00e9 et la qualit\u00e9 de sa r\u00e9alisation assureront un bel avenir \u00e0 cette salle de concerts. Puisque le Philharmonique de Munich reprendra ses aises au Gasteig lorsque les r\u00e9novations seront termin\u00e9es, l&rsquo;Isarphilarmonie sera destin\u00e9e \u00e0 devenir le lieu de diffusion des autres institutions et ensembles musicaux de la ville et de la r\u00e9gion. Il pourra de plus accueillir les orchestres et ensembles en tourn\u00e9e sans perturber l&rsquo;horaire des activit\u00e9s du Philharmonique de la ville.<\/p>\n<h2><em>Inscrivez-vous \u00e0 notre infolettre! La musique classique et l\u2019op\u00e9ra en 5 minutes, chaque jour<\/em> <a href=\"https:\/\/ludwig-van.us9.list-manage.com\/subscribe?u=4f785cb3f9058f2393ccad035&amp;id=b9b160c032\" target=\"_blank\" rel=\"noopener noreferrer\">ICI<\/a><\/h2>\n","protected":false},"excerpt":{"rendered":"<p>Ouverte en 2021, la nouvelle salle de l&rsquo;Isarphilharmonie \u00e0 Munich remplace celle du Gasteig pendant des r\u00e9novations qui dureront plusieurs ann\u00e9es.<\/p>\n","protected":false},"author":111,"featured_media":85178,"comment_status":"open","ping_status":"open","sticky":false,"template":"","format":"standard","meta":{"om_disable_all_campaigns":false,"jetpack_post_was_ever_published":false},"categories":[42107,11009],"tags":[42106,42288],"yst_prominent_words":[36874,9842,8858,10443,15944,7560,15553,16293,9323,10710,17391,10541,11707,11186],"acf":[],"jetpack_featured_media_url":"https:\/\/www.ludwig-van.com\/montreal\/wp-content\/uploads\/sites\/3\/2024\/11\/Copie-de-DOSSIER6.jpg","jetpack_sharing_enabled":true,"jetpack_shortlink":"https:\/\/wp.me\/p9bdYt-m9C","amp_enabled":true,"_links":{"self":[{"href":"https:\/\/www.ludwig-van.com\/montreal\/wp-json\/wp\/v2\/posts\/85164"}],"collection":[{"href":"https:\/\/www.ludwig-van.com\/montreal\/wp-json\/wp\/v2\/posts"}],"about":[{"href":"https:\/\/www.ludwig-van.com\/montreal\/wp-json\/wp\/v2\/types\/post"}],"author":[{"embeddable":true,"href":"https:\/\/www.ludwig-van.com\/montreal\/wp-json\/wp\/v2\/users\/111"}],"replies":[{"embeddable":true,"href":"https:\/\/www.ludwig-van.com\/montreal\/wp-json\/wp\/v2\/comments?post=85164"}],"version-history":[{"count":1,"href":"https:\/\/www.ludwig-van.com\/montreal\/wp-json\/wp\/v2\/posts\/85164\/revisions"}],"predecessor-version":[{"id":85179,"href":"https:\/\/www.ludwig-van.com\/montreal\/wp-json\/wp\/v2\/posts\/85164\/revisions\/85179"}],"wp:featuredmedia":[{"embeddable":true,"href":"https:\/\/www.ludwig-van.com\/montreal\/wp-json\/wp\/v2\/media\/85178"}],"wp:attachment":[{"href":"https:\/\/www.ludwig-van.com\/montreal\/wp-json\/wp\/v2\/media?parent=85164"}],"wp:term":[{"taxonomy":"category","embeddable":true,"href":"https:\/\/www.ludwig-van.com\/montreal\/wp-json\/wp\/v2\/categories?post=85164"},{"taxonomy":"post_tag","embeddable":true,"href":"https:\/\/www.ludwig-van.com\/montreal\/wp-json\/wp\/v2\/tags?post=85164"},{"taxonomy":"yst_prominent_words","embeddable":true,"href":"https:\/\/www.ludwig-van.com\/montreal\/wp-json\/wp\/v2\/yst_prominent_words?post=85164"}],"curies":[{"name":"wp","href":"https:\/\/api.w.org\/{rel}","templated":true}]}}