{"id":85083,"date":"2024-11-25T16:21:43","date_gmt":"2024-11-25T21:21:43","guid":{"rendered":"https:\/\/www.ludwig-van.com\/montreal\/?p=85083"},"modified":"2024-11-26T02:29:02","modified_gmt":"2024-11-26T07:29:02","slug":"choix-de-la-redaction-31","status":"publish","type":"post","link":"https:\/\/www.ludwig-van.com\/montreal\/2024\/11\/25\/choix-de-la-redaction-31\/","title":{"rendered":"CHOIX DE LA R\u00c9DACTION | Le d\u00e9compte jusqu&rsquo;\u00e0 No\u00ebl commence maintenant!"},"content":{"rendered":"<figure id=\"attachment_85100\" aria-describedby=\"caption-attachment-85100\" style=\"width: 1200px\" class=\"wp-caption aligncenter\"><img decoding=\"async\" loading=\"lazy\" class=\"size-full wp-image-85100\" src=\"https:\/\/www.ludwig-van.com\/montreal\/wp-content\/uploads\/sites\/3\/2024\/11\/Copie-de-CONCERTS1-1.jpg\" alt=\"Bertrand Chamayou et Barbara Hannigan (Photo : Luciano Romano); Solomon's Knot; Les Petits Violons\" width=\"1200\" height=\"628\" srcset=\"https:\/\/www.ludwig-van.com\/montreal\/wp-content\/uploads\/sites\/3\/2024\/11\/Copie-de-CONCERTS1-1.jpg 1200w, https:\/\/www.ludwig-van.com\/montreal\/wp-content\/uploads\/sites\/3\/2024\/11\/Copie-de-CONCERTS1-1-300x157.jpg 300w, https:\/\/www.ludwig-van.com\/montreal\/wp-content\/uploads\/sites\/3\/2024\/11\/Copie-de-CONCERTS1-1-1024x536.jpg 1024w, https:\/\/www.ludwig-van.com\/montreal\/wp-content\/uploads\/sites\/3\/2024\/11\/Copie-de-CONCERTS1-1-768x402.jpg 768w\" sizes=\"(max-width: 1200px) 100vw, 1200px\" \/><figcaption id=\"caption-attachment-85100\" class=\"wp-caption-text\">Bertrand Chamayou et Barbara Hannigan (Photo : Luciano Romano); Solomon&rsquo;s Knot; Les Petits Violons<\/figcaption><\/figure>\n<p>La saison des concerts de No\u00ebl est proche, mais si vos oreilles ne sont pas encore pr\u00eates \u00e0 entendre de la musique de No\u00ebl, ne vous inqui\u00e9tez pas : la semaine reste remplie (tr\u00e8s remplie, m\u00eame!) de concerts de musique baroque, contemporaine, symphonique et de musique de chambre!<\/p>\n<p>&nbsp;<\/p>\n<figure id=\"attachment_56622\" aria-describedby=\"caption-attachment-56622\" style=\"width: 1024px\" class=\"wp-caption aligncenter\"><img decoding=\"async\" loading=\"lazy\" class=\"size-full wp-image-56622\" src=\"https:\/\/www.ludwig-van.com\/montreal\/wp-content\/uploads\/sites\/3\/2018\/10\/BWM_Tim_BradyGtr_CREDIT_Laurence_Labat.jpg\" alt=\"Tim Brady\" width=\"1024\" height=\"680\" srcset=\"https:\/\/www.ludwig-van.com\/montreal\/wp-content\/uploads\/sites\/3\/2018\/10\/BWM_Tim_BradyGtr_CREDIT_Laurence_Labat.jpg 1024w, https:\/\/www.ludwig-van.com\/montreal\/wp-content\/uploads\/sites\/3\/2018\/10\/BWM_Tim_BradyGtr_CREDIT_Laurence_Labat-300x199.jpg 300w, https:\/\/www.ludwig-van.com\/montreal\/wp-content\/uploads\/sites\/3\/2018\/10\/BWM_Tim_BradyGtr_CREDIT_Laurence_Labat-768x510.jpg 768w\" sizes=\"(max-width: 1024px) 100vw, 1024px\" \/><figcaption id=\"caption-attachment-56622\" class=\"wp-caption-text\">Tim Brady, compositeur et guitariste. (Photo : Laurence Labat)<\/figcaption><\/figure>\n<h3>Bradyworks &#8211; Concert intime<\/h3>\n<p>Le compositeur guitariste \u00e9mergent montr\u00e9alais <strong>Antoine Bensoussan<\/strong> s\u2019allie au guitariste innovateur v\u00e9t\u00e9ran <strong>Geordie Haley<\/strong> d\u2019Halifax dans ce concert intime de guitares \u00e9lectriques.<\/p>\n<p>LE 25 NOVEMBRE, 20 H, LA SALA ROSSA \u00a0<a href=\"https:\/\/www.venuepilot.co\/fr\/events\/95688\/orders\/new\" target=\"_blank\" rel=\"noopener\">D\u00c9TAILS ET BILLETS<\/a><\/p>\n<p>&nbsp;<\/p>\n<figure id=\"attachment_85091\" aria-describedby=\"caption-attachment-85091\" style=\"width: 1200px\" class=\"wp-caption aligncenter\"><img decoding=\"async\" loading=\"lazy\" class=\"size-full wp-image-85091\" src=\"https:\/\/www.ludwig-van.com\/montreal\/wp-content\/uploads\/sites\/3\/2024\/11\/Barbara-Hannigan-et-Bertrand-Chamayou_cropped_1200.jpg\" alt=\"Barbara Hannigan et Bertrand Chamayou (Photo : Luciano Romano)Barbara Hannigan et Bertrand Chamayou (Photo : Luciano Romano)\" width=\"1200\" height=\"718\" srcset=\"https:\/\/www.ludwig-van.com\/montreal\/wp-content\/uploads\/sites\/3\/2024\/11\/Barbara-Hannigan-et-Bertrand-Chamayou_cropped_1200.jpg 1200w, https:\/\/www.ludwig-van.com\/montreal\/wp-content\/uploads\/sites\/3\/2024\/11\/Barbara-Hannigan-et-Bertrand-Chamayou_cropped_1200-300x180.jpg 300w, https:\/\/www.ludwig-van.com\/montreal\/wp-content\/uploads\/sites\/3\/2024\/11\/Barbara-Hannigan-et-Bertrand-Chamayou_cropped_1200-1024x613.jpg 1024w, https:\/\/www.ludwig-van.com\/montreal\/wp-content\/uploads\/sites\/3\/2024\/11\/Barbara-Hannigan-et-Bertrand-Chamayou_cropped_1200-768x460.jpg 768w\" sizes=\"(max-width: 1200px) 100vw, 1200px\" \/><figcaption id=\"caption-attachment-85091\" class=\"wp-caption-text\">Barbara Hannigan et Bertrand Chamayou (Photo : Luciano Romano)<\/figcaption><\/figure>\n<h3>Barbara Hannigan, soprano &amp; Bertrand Chamayou, piano<\/h3>\n<p>En compagnie de son ami <strong>Bertrand Chamayou <\/strong>au piano, la soprano et canadienne <strong>Barbara Hannigan<\/strong>, \u00e9galement connue en tant que cheffe d&rsquo;orchestre, pr\u00e9sente un programme o\u00f9 se c\u00f4toient Messiaen, Scriabine et John Zorn .<\/p>\n<p>LE 26 NOVEMBRE, 19 H 30, SALLE BOURGIE\u00a0 <a href=\"https:\/\/www.mbam.qc.ca\/fr\/activites\/barbara-hannigan-bertrand-chamayou\/\" target=\"_blank\" rel=\"noopener\">D\u00c9TAILS ET BILLETS<\/a><\/p>\n<p>&nbsp;<\/p>\n<figure id=\"attachment_85093\" aria-describedby=\"caption-attachment-85093\" style=\"width: 1200px\" class=\"wp-caption aligncenter\"><img decoding=\"async\" loading=\"lazy\" class=\"size-full wp-image-85093\" src=\"https:\/\/www.ludwig-van.com\/montreal\/wp-content\/uploads\/sites\/3\/2024\/11\/Copie-de-NOUVELLE68.jpg\" alt=\"Naomi Woo dirigeant l'OM lors du concert au parc Bastien le 9 juillet 2024. (Photo : Denis Germain)\" width=\"1200\" height=\"628\" srcset=\"https:\/\/www.ludwig-van.com\/montreal\/wp-content\/uploads\/sites\/3\/2024\/11\/Copie-de-NOUVELLE68.jpg 1200w, https:\/\/www.ludwig-van.com\/montreal\/wp-content\/uploads\/sites\/3\/2024\/11\/Copie-de-NOUVELLE68-300x157.jpg 300w, https:\/\/www.ludwig-van.com\/montreal\/wp-content\/uploads\/sites\/3\/2024\/11\/Copie-de-NOUVELLE68-1024x536.jpg 1024w, https:\/\/www.ludwig-van.com\/montreal\/wp-content\/uploads\/sites\/3\/2024\/11\/Copie-de-NOUVELLE68-768x402.jpg 768w\" sizes=\"(max-width: 1200px) 100vw, 1200px\" \/><figcaption id=\"caption-attachment-85093\" class=\"wp-caption-text\">Naomi Woo dirigeant l&rsquo;OM lors du concert au parc Bastien le 9 juillet 2024. (Photo : Denis Germain)<\/figcaption><\/figure>\n<h3>Orchestre M\u00e9tropolitain &#8211; <em>\u00c9ternel Orlando<\/em><\/h3>\n<p>Inspir\u00e9 de l\u2019histoire de Virginia Woolf, ce spectacle mis en sc\u00e8ne par <strong>Lorraine Pintal<\/strong> marie th\u00e9\u00e2tre et musique symphonique. On y suit les aventures d\u2019Orlando qui, alors que l\u2019histoire se d\u00e9roule sur 300 ans, ne vieillit que de 36 ans et change de genre au gr\u00e9 de ses aventures et de ses amours. <strong>Naomi<\/strong> <strong>Woo<\/strong> sera \u00e0 la t\u00eate de l<strong>\u2019Orchestre M\u00e9tropolitain<\/strong>. \u00c0 noter que les repr\u00e9sentations des 29 et 30 novembre sont compl\u00e8tes.<\/p>\n<p>LE 26 NOVEMBRE, 19 H 30, MAISON SYMPHONIQUE;<\/p>\n<p>LE 27 NOVEMBRE, 19 H 30, \u00c9GLISE NOTRE-DAME-DES-SEPT-DOULEURS (VERDUN);<\/p>\n<p>LE 28 NOVEMBRE, 19 H 30, \u00c9GLISE STE-SUZANNE (PIERREFONDS) \u00a0<a href=\"https:\/\/orchestremetropolitain.com\/fr\/programmation\/\" target=\"_blank\" rel=\"noopener\">D\u00c9TAILS ET BILLETS<\/a><\/p>\n<p>&nbsp;<\/p>\n<figure id=\"attachment_85092\" aria-describedby=\"caption-attachment-85092\" style=\"width: 1200px\" class=\"wp-caption aligncenter\"><img decoding=\"async\" loading=\"lazy\" class=\"size-full wp-image-85092\" src=\"https:\/\/www.ludwig-van.com\/montreal\/wp-content\/uploads\/sites\/3\/2024\/11\/emanuelhasler-par-sebastienbesson.png\" alt=\"Emanuel Hasler (Photo : S\u00e9bastien Besson)\" width=\"1200\" height=\"1057\" srcset=\"https:\/\/www.ludwig-van.com\/montreal\/wp-content\/uploads\/sites\/3\/2024\/11\/emanuelhasler-par-sebastienbesson.png 1200w, https:\/\/www.ludwig-van.com\/montreal\/wp-content\/uploads\/sites\/3\/2024\/11\/emanuelhasler-par-sebastienbesson-300x264.png 300w, https:\/\/www.ludwig-van.com\/montreal\/wp-content\/uploads\/sites\/3\/2024\/11\/emanuelhasler-par-sebastienbesson-1024x902.png 1024w, https:\/\/www.ludwig-van.com\/montreal\/wp-content\/uploads\/sites\/3\/2024\/11\/emanuelhasler-par-sebastienbesson-768x676.png 768w\" sizes=\"(max-width: 1200px) 100vw, 1200px\" \/><figcaption id=\"caption-attachment-85092\" class=\"wp-caption-text\">Emanuel Hasler (Photo : S\u00e9bastien Besson)<\/figcaption><\/figure>\n<h3>Concert de la R\u00e9sidence UdeM-McGill en piano-art vocal<\/h3>\n<p>Les pianistes-r\u00e9sident\u00b7e\u00b7s du programme d\u2019accompagnement en art vocal de l\u2019Universit\u00e9 McGill et de l\u2019Universit\u00e9 de Montr\u00e9al vous convient \u00e0 ce concert gratuit o\u00f9 ils accompagneront le t\u00e9nor fran\u00e7ais <strong>Emmanuel Hasler<\/strong> dans des \u0153uvres de Duparc, Poulenc, R. Strauss, Vaughan Williams ainsi que dans certains po\u00e8mes de Baudelaire mis en musique par Rita Strohl. Venez d\u00e9couvrir les cinq artistes-r\u00e9sidents <strong>Elisabeta Cojocaru<\/strong> (Roumanie\/Canada), <strong>Anson Ng<\/strong> (Hong Kong), <strong>Rayna<\/strong> <strong>Slavova<\/strong> (Bulgarie), <strong>Toby Stanford<\/strong> (Grande-Bretagne) et <strong>Matthew Yeuk Kiu Wong<\/strong> (Canada).<\/p>\n<p>LE 27 NOVEMBRE, 19 H 30, SALLE PAUL-DESMARAIS\u00a0 <a href=\"https:\/\/lepointdevente.com\/billets\/dwv241127001\" target=\"_blank\" rel=\"noopener\">D\u00c9TAILS ET BILLETS<\/a><\/p>\n<p>&nbsp;<\/p>\n<figure id=\"attachment_83499\" aria-describedby=\"caption-attachment-83499\" style=\"width: 1200px\" class=\"wp-caption aligncenter\"><img decoding=\"async\" loading=\"lazy\" class=\"size-full wp-image-83499\" src=\"https:\/\/www.ludwig-van.com\/montreal\/wp-content\/uploads\/sites\/3\/2024\/08\/Israeli-Chamber-Project_Yael-Ilan-2.jpg\" alt=\"Israeli Chamber Project (Photo : Yael Ilan)\" width=\"1200\" height=\"597\" srcset=\"https:\/\/www.ludwig-van.com\/montreal\/wp-content\/uploads\/sites\/3\/2024\/08\/Israeli-Chamber-Project_Yael-Ilan-2.jpg 1200w, https:\/\/www.ludwig-van.com\/montreal\/wp-content\/uploads\/sites\/3\/2024\/08\/Israeli-Chamber-Project_Yael-Ilan-2-300x149.jpg 300w, https:\/\/www.ludwig-van.com\/montreal\/wp-content\/uploads\/sites\/3\/2024\/08\/Israeli-Chamber-Project_Yael-Ilan-2-1024x509.jpg 1024w, https:\/\/www.ludwig-van.com\/montreal\/wp-content\/uploads\/sites\/3\/2024\/08\/Israeli-Chamber-Project_Yael-Ilan-2-768x382.jpg 768w\" sizes=\"(max-width: 1200px) 100vw, 1200px\" \/><figcaption id=\"caption-attachment-83499\" class=\"wp-caption-text\">Israeli Chamber Project (Photo : Yael Ilan)<\/figcaption><\/figure>\n<h3>Israeli Chamber Project &#8211; <em>Pierrot Lunaire<\/em> et autres \u0153uvres<\/h3>\n<p>Trois concerts dans trois lieux diff\u00e9rents : c\u2019est ce que offre l\u2019<strong>Israeli Chamber Project<\/strong> cette semaine. Tout d\u2019abord pr\u00e9sent \u00e0 Montr\u00e9al, l\u2019ensemble y interpr\u00e9tera <i>Pierrot Lunaire<\/i> de Schoenberg ainsi que des arrangements pour musique de chambre de <i>La Valse<\/i> de Ravel et de <i>Petrouchka<\/i> de Stravinski. Gr\u00e2ce au <strong>Club musical de Qu\u00e9bec<\/strong>, il sera dans la capitale nationale d\u00e8s le lendemain : <i>Children\u2019s Corner<\/i> de Debussy, <i>Around the Cauldron<\/i> de Cohen et la <i>Sonate pour clarinette et piano, op. 167<\/i> de Saint-Sa\u00ebns sont en programme, en plus du Ravel et du Stravinski qui sont repris. Finalement, l\u2019<strong>Israeli Chamber Project<\/strong> se d\u00e9placera \u00e0 L\u00e9vis le 29 novembre o\u00f9 seul <i>Pierrot Lunaire<\/i> sera interpr\u00e9t\u00e9 puisqu\u2019en premi\u00e8re partie, des extraits de commedia dell\u2019arte seront pr\u00e9sent\u00e9s par les \u00e9tudiant\u00b7e\u00b7s du Conservatoire en art dramatique de Qu\u00e9bec. \u00c0 noter qu\u2019un rabais est accord\u00e9 \u00e0 l\u2019achat combin\u00e9 de billets pour les deux repr\u00e9sentations de la r\u00e9gion de Qu\u00e9bec les 28 et 29 novembre.<\/p>\n<p>LE 27 NOVEMBRE, 19 H 30, SALLE BOURGIE\u00a0 <a href=\"https:\/\/www.mbam.qc.ca\/fr\/activites\/pierrot-chez-petrouchka\/\">D\u00c9TAILS ET BILLETS<\/a><\/p>\n<p>LE 28 NOVEMBRE, 19 H 30, PALAIS MONTCALM\u00a0 <a href=\"https:\/\/clubmusicaldequebec.com\/cmq\/index.php\/programmation\/saison-2024-2025\/israeli-chamber-project\">D\u00c9TAILS ET BILLETS<\/a><\/p>\n<p>LE 29 NOVEMBRE, 19 H 30, L\u2019ANGLICANE\u00a0 <a href=\"https:\/\/espacedcl.ca\/evenements\/2024-israeli-chamber-project-pierrot-lunaire-cabaret-expressioniste-levis\/\" target=\"_blank\" rel=\"noopener\">D\u00c9TAILS ET BILLETS<\/a><\/p>\n<p>&nbsp;<\/p>\n<h3>Lancement Lumino<\/h3>\n<p>C\u2019est ce jeudi que la 15e \u00e9dition de Lumino prend son envol. Profitez de vos sorties aux concerts dans le Quartier des spectacles pour faire une s\u00e9ance de luminoth\u00e9rapie! Cette \u00e9dition de Lumino sera pr\u00e9sent\u00e9e jusqu\u2019au 9 mars 2025.<\/p>\n<p>LE 28 NOVEMBRE, 17 H 30, PATINOIRE DE L\u2019ESPLANADE TRANQUILLE<\/p>\n<p>&nbsp;<\/p>\n<p><img decoding=\"async\" loading=\"lazy\" class=\"aligncenter size-full wp-image-83476\" src=\"https:\/\/www.ludwig-van.com\/montreal\/wp-content\/uploads\/sites\/3\/2024\/08\/The-passion-of-reason-fond-blanc.jpg\" alt=\"\" width=\"1200\" height=\"1179\" srcset=\"https:\/\/www.ludwig-van.com\/montreal\/wp-content\/uploads\/sites\/3\/2024\/08\/The-passion-of-reason-fond-blanc.jpg 1200w, https:\/\/www.ludwig-van.com\/montreal\/wp-content\/uploads\/sites\/3\/2024\/08\/The-passion-of-reason-fond-blanc-300x295.jpg 300w, https:\/\/www.ludwig-van.com\/montreal\/wp-content\/uploads\/sites\/3\/2024\/08\/The-passion-of-reason-fond-blanc-1024x1006.jpg 1024w, https:\/\/www.ludwig-van.com\/montreal\/wp-content\/uploads\/sites\/3\/2024\/08\/The-passion-of-reason-fond-blanc-768x755.jpg 768w\" sizes=\"(max-width: 1200px) 100vw, 1200px\" \/><\/p>\n<h3>Les Bor\u00e9ades &#8211; <em>The Passion of Reason<\/em><\/h3>\n<p>L\u2019ensemble de musiques anciennes <strong>Les Bor\u00e9ades<\/strong> vous invite \u00e0 ce concert de musique de la Renaissance o\u00f9 les \u0153uvres de Thomas Preston, William Cornish, Christopher Tye, Philip Glass contrasteront avec la touche contemporaine de <strong>Chiel Meijering<\/strong>, compositeur n\u00e9erlandais.<\/p>\n<p>LE 28 NOVEMBRE, 19 H 30, AUDITORIUM DES ARCHIVES NATIONALES\u00a0 <a href=\"https:\/\/boreades.tuxedobillet.com\/main\/the-passion-of-reason\" target=\"_blank\" rel=\"noopener\">D\u00c9TAILS ET BILLETS<\/a><\/p>\n<figure id=\"attachment_82117\" aria-describedby=\"caption-attachment-82117\" style=\"width: 1200px\" class=\"wp-caption aligncenter\"><img decoding=\"async\" loading=\"lazy\" class=\"size-full wp-image-82117\" src=\"https:\/\/www.ludwig-van.com\/montreal\/wp-content\/uploads\/sites\/3\/2024\/06\/Francois-Dompierre-TamPhotography-5.jpg\" alt=\"\" width=\"1200\" height=\"798\" srcset=\"https:\/\/www.ludwig-van.com\/montreal\/wp-content\/uploads\/sites\/3\/2024\/06\/Francois-Dompierre-TamPhotography-5.jpg 1200w, https:\/\/www.ludwig-van.com\/montreal\/wp-content\/uploads\/sites\/3\/2024\/06\/Francois-Dompierre-TamPhotography-5-300x200.jpg 300w, https:\/\/www.ludwig-van.com\/montreal\/wp-content\/uploads\/sites\/3\/2024\/06\/Francois-Dompierre-TamPhotography-5-1024x681.jpg 1024w, https:\/\/www.ludwig-van.com\/montreal\/wp-content\/uploads\/sites\/3\/2024\/06\/Francois-Dompierre-TamPhotography-5-768x511.jpg 768w\" sizes=\"(max-width: 1200px) 100vw, 1200px\" \/><figcaption id=\"caption-attachment-82117\" class=\"wp-caption-text\">Le compositeur Fran\u00e7ois Dompierre lors de la cr\u00e9ation montr\u00e9alaise de son Requiem \u00e0 la Maison symphonique. (Photo : Tam Photography)<\/figcaption><\/figure>\n<h3>Conservatoire de musique : Hommage \u00e0 Fran\u00e7ois Dompierre<\/h3>\n<p>Le Conservatoire de musique rend hommage au prolifique compositeur qu\u00e9b\u00e9cois Fran\u00e7ois Dompierre, dont les m\u00e9lomanes ont r\u00e9cemment pu d\u00e9couvrir le Requiem. La premi\u00e8re de deux soir\u00e9es a lieu ce jeudi, \u00e0 la salle de concert du Conservatoire, en compagnie d&rsquo;Anne-Julie Caron (marimba, xylophone et vibraphone), Wesley Shen (ondes Martenot), Louise Bessette (piano), Pamela Reimer (piano), Denis Bluteau (fl\u00fbte) et Mariane Patenaude (piano).<\/p>\n<p>LE 28 NOVEMBRE, 19 H 30, SALLE DE CONCERT DU CONSERVATOIRE DE MUSIQUE \u00a0<a href=\"https:\/\/bit.ly\/3B17Kgl\" target=\"_blank\" rel=\"noopener\">D\u00c9TAILS ET BILLETS<\/a><\/p>\n<p>&nbsp;<\/p>\n<figure id=\"attachment_85090\" aria-describedby=\"caption-attachment-85090\" style=\"width: 2048px\" class=\"wp-caption aligncenter\"><img decoding=\"async\" loading=\"lazy\" class=\"size-full wp-image-85090\" src=\"https:\/\/www.ludwig-van.com\/montreal\/wp-content\/uploads\/sites\/3\/2024\/11\/Solomons-Knot_Dan-Joy.jpeg\" alt=\"Le collectif Solomon's Knot. (Photo : Dan Joy)\" width=\"2048\" height=\"813\" srcset=\"https:\/\/www.ludwig-van.com\/montreal\/wp-content\/uploads\/sites\/3\/2024\/11\/Solomons-Knot_Dan-Joy.jpeg 2048w, https:\/\/www.ludwig-van.com\/montreal\/wp-content\/uploads\/sites\/3\/2024\/11\/Solomons-Knot_Dan-Joy-300x119.jpeg 300w, https:\/\/www.ludwig-van.com\/montreal\/wp-content\/uploads\/sites\/3\/2024\/11\/Solomons-Knot_Dan-Joy-1024x407.jpeg 1024w, https:\/\/www.ludwig-van.com\/montreal\/wp-content\/uploads\/sites\/3\/2024\/11\/Solomons-Knot_Dan-Joy-768x305.jpeg 768w, https:\/\/www.ludwig-van.com\/montreal\/wp-content\/uploads\/sites\/3\/2024\/11\/Solomons-Knot_Dan-Joy-1536x610.jpeg 1536w\" sizes=\"(max-width: 2048px) 100vw, 2048px\" \/><figcaption id=\"caption-attachment-85090\" class=\"wp-caption-text\">Le collectif Solomon&rsquo;s Knot. (Photo : Dan Joy)<\/figcaption><\/figure>\n<h3>Festival Bach : Solomon\u2019s Knot &#8211; Motets<\/h3>\n<p>Cet ensemble de musique ancienne compos\u00e9 d\u2019instrumentistes et de chanteurs et acclam\u00e9 \u00e0 l\u2019international, repousse les limites sur sc\u00e8ne en \u00e9tant innovant et imaginatif. Il vous pr\u00e9sentera l\u2019int\u00e9grale des Grands motets de J.S Bach, apoth\u00e9ose de la musique polyphonique vocale.<\/p>\n<p>LE 29 NOVEMBRE, 19 H 30, \u00c9GLISE ST-GEORGES\u00a0 <a href=\"https:\/\/festivalbachmontreal.com\/concerts\/solomons-knot\/\" target=\"_blank\" rel=\"noopener\">D\u00c9TAILS ET BILLETS<\/a><\/p>\n<p>&nbsp;<\/p>\n<figure id=\"attachment_85109\" aria-describedby=\"caption-attachment-85109\" style=\"width: 1200px\" class=\"wp-caption aligncenter\"><img decoding=\"async\" loading=\"lazy\" class=\"size-full wp-image-85109\" src=\"https:\/\/www.ludwig-van.com\/montreal\/wp-content\/uploads\/sites\/3\/2024\/11\/Paramirabo-Fall-2024-Group-Photos-3_Brenden-Friesen.jpg\" alt=\"Paramirabo. (Photo : Brenden Friesen)\" width=\"1200\" height=\"800\" srcset=\"https:\/\/www.ludwig-van.com\/montreal\/wp-content\/uploads\/sites\/3\/2024\/11\/Paramirabo-Fall-2024-Group-Photos-3_Brenden-Friesen.jpg 1200w, https:\/\/www.ludwig-van.com\/montreal\/wp-content\/uploads\/sites\/3\/2024\/11\/Paramirabo-Fall-2024-Group-Photos-3_Brenden-Friesen-300x200.jpg 300w, https:\/\/www.ludwig-van.com\/montreal\/wp-content\/uploads\/sites\/3\/2024\/11\/Paramirabo-Fall-2024-Group-Photos-3_Brenden-Friesen-1024x683.jpg 1024w, https:\/\/www.ludwig-van.com\/montreal\/wp-content\/uploads\/sites\/3\/2024\/11\/Paramirabo-Fall-2024-Group-Photos-3_Brenden-Friesen-768x512.jpg 768w\" sizes=\"(max-width: 1200px) 100vw, 1200px\" \/><figcaption id=\"caption-attachment-85109\" class=\"wp-caption-text\">Paramirabo. (Photo : Brenden Friesen)<\/figcaption><\/figure>\n<h3>Paramirabo et Thin Edge New Music Collective &#8211; <em>ChamberDestroy<\/em><\/h3>\n<p>Les groupes <strong>Paramirabo<\/strong> de Montr\u00e9al et <strong>Thin Edge New Music Collective<\/strong> de Toronto se r\u00e9unissent autour d\u2019un objectif artistique commun. Ce projet pr\u00e9sente des instruments personnalis\u00e9s ainsi que des graphiques mettant en lien les mondes du jeu vid\u00e9o et de la musique de chambre.<\/p>\n<p>LE 29 NOVEMBRE, 19 H 30, CONSERVATOIRE DE MONTR\u00c9AL\u00a0 <a href=\"https:\/\/ensembleparamirabo.com\/fr\/evenements\/2024-2025\/chamberdestroy\" target=\"_blank\" rel=\"noopener\">D\u00c9TAILS ET BILLETS<\/a><\/p>\n<p>&nbsp;<\/p>\n<h3><\/h3>\n<h3>Le Ch\u0153ur de Laval et l\u2019Harmonie Laval &#8211; Le No\u00ebl de Simon Boulerice, M\u00e9moires et harmonies!<\/h3>\n<p>L\u2019auteur et narrateur r\u00e9put\u00e9 <strong>Simon Boulerice<\/strong> vous transportera dans un monde f\u00e9\u00e9rique avec ce conte de No\u00ebl sp\u00e9cialement con\u00e7u pour cette soir\u00e9e. Les instruments de l\u2019<strong>Harmonie Laval<\/strong> et les voix du <strong>Ch\u0153ur de Laval<\/strong>, qui c\u00e9l\u00e8bre son 55e anniversaire cette ann\u00e9e, s\u2019allieront \u00e0 la narration afin de faire briller les yeux des petits et des grands.<\/p>\n<p>LE 30 NOVEMBRE, 20 H, TH\u00c9\u00c2TRE MARCELLIN-CHAMPAGNAT\u00a0 <a href=\"https:\/\/choeurdelaval.ca\/produit\/concert-noel-2024\/\" target=\"_blank\" rel=\"noopener\">D\u00c9TAILS ET BILLETS<\/a><\/p>\n<p>&nbsp;<\/p>\n<figure id=\"attachment_58862\" aria-describedby=\"caption-attachment-58862\" style=\"width: 1024px\" class=\"wp-caption aligncenter\"><img decoding=\"async\" loading=\"lazy\" class=\"size-full wp-image-58862\" src=\"https:\/\/www.ludwig-van.com\/montreal\/wp-content\/uploads\/sites\/3\/2019\/01\/CMQ-Photos-1944x75-w2Akamus.jpg\" alt=\"Acad\u00e9mie de musique ancienne de Berlin\" width=\"1024\" height=\"395\" srcset=\"https:\/\/www.ludwig-van.com\/montreal\/wp-content\/uploads\/sites\/3\/2019\/01\/CMQ-Photos-1944x75-w2Akamus.jpg 1024w, https:\/\/www.ludwig-van.com\/montreal\/wp-content\/uploads\/sites\/3\/2019\/01\/CMQ-Photos-1944x75-w2Akamus-300x116.jpg 300w, https:\/\/www.ludwig-van.com\/montreal\/wp-content\/uploads\/sites\/3\/2019\/01\/CMQ-Photos-1944x75-w2Akamus-768x296.jpg 768w\" sizes=\"(max-width: 1024px) 100vw, 1024px\" \/><figcaption id=\"caption-attachment-58862\" class=\"wp-caption-text\">Akamus (Photo : courtoisie)<\/figcaption><\/figure>\n<h3>Festival Bach &#8211; Akamus<\/h3>\n<p>Dans le cadre du Festival Bach, <strong>Akamus<\/strong>, un nom n\u00e9 de la contraction d&rsquo;Akademie f\u00fcr Alte Musik Berlin, pr\u00e9sente deux concerts ces samedi et dimanche. La repr\u00e9sentation de samedi met l\u2019emphase sur le prolifique compositeur Telemann qui fut \u00e0 son \u00e9poque encore plus c\u00e9l\u00e8bre que Bach. Quant \u00e0 lui, le concert de dimanche sera l\u2019occasion d\u2019entendre une vari\u00e9t\u00e9 d&rsquo;\u0153uvres de diff\u00e9rents compositeurs baroques.<\/p>\n<p>LE 30 NOVEMBRE, 19 H 30, \u00c9GLISE ST-GEORGES\u00a0 <a href=\"https:\/\/festivalbachmontreal.com\/concerts\/akamus-1\/\" target=\"_blank\" rel=\"noopener\">D\u00c9TAILS ET BILLETS<\/a><\/p>\n<p>LE 1 D\u00c9CEMBRE, 18 H, \u00c9GLISE ST-GEORGES\u00a0 <a href=\"https:\/\/festivalbachmontreal.com\/concerts\/akamus-2\/\" target=\"_blank\" rel=\"noopener\">D\u00c9TAILS ET BILLETS<\/a><\/p>\n<p>&nbsp;<\/p>\n<figure id=\"attachment_83401\" aria-describedby=\"caption-attachment-83401\" style=\"width: 1200px\" class=\"wp-caption aligncenter\"><img decoding=\"async\" loading=\"lazy\" class=\"size-full wp-image-83401\" src=\"https:\/\/www.ludwig-van.com\/montreal\/wp-content\/uploads\/sites\/3\/2024\/08\/IestynDavies-2023PabloStrong-52-1.jpg\" alt=\"Iestyn Davies, contre-t\u00e9nor. (Photo : Pablo Strong)\" width=\"1200\" height=\"800\" srcset=\"https:\/\/www.ludwig-van.com\/montreal\/wp-content\/uploads\/sites\/3\/2024\/08\/IestynDavies-2023PabloStrong-52-1.jpg 1200w, https:\/\/www.ludwig-van.com\/montreal\/wp-content\/uploads\/sites\/3\/2024\/08\/IestynDavies-2023PabloStrong-52-1-300x200.jpg 300w, https:\/\/www.ludwig-van.com\/montreal\/wp-content\/uploads\/sites\/3\/2024\/08\/IestynDavies-2023PabloStrong-52-1-1024x683.jpg 1024w, https:\/\/www.ludwig-van.com\/montreal\/wp-content\/uploads\/sites\/3\/2024\/08\/IestynDavies-2023PabloStrong-52-1-768x512.jpg 768w\" sizes=\"(max-width: 1200px) 100vw, 1200px\" \/><figcaption id=\"caption-attachment-83401\" class=\"wp-caption-text\">Iestyn Davies, contre-t\u00e9nor. (Photo : Pablo Strong)<\/figcaption><\/figure>\n<h3>Fretwork et Iestyn Davies, contre-t\u00e9nor &#8211; <em>Lamento<\/em><\/h3>\n<p>L\u2019ensemble de violes britannique <strong>Fretwork<\/strong> et le contre-t\u00e9nor <strong>Iestyn Davies<\/strong> s\u2019unissent pour vous faire (re)d\u00e9couvrir les repr\u00e9sentants du premier baroque, les ma\u00eetres allemands du XVIIe si\u00e8cle.<\/p>\n<p>LE 1 D\u00c9CEMBRE, 14 H 30, SALLE BOURGIE\u00a0 <a href=\"https:\/\/www.mbam.qc.ca\/fr\/activites\/fretwork-iestyn-davies\/\" target=\"_blank\" rel=\"noopener\">D\u00c9TAILS ET BILLETS<\/a><\/p>\n<p>&nbsp;<\/p>\n<figure id=\"attachment_83208\" aria-describedby=\"caption-attachment-83208\" style=\"width: 1200px\" class=\"wp-caption aligncenter\"><img decoding=\"async\" loading=\"lazy\" class=\"size-full wp-image-83208\" src=\"https:\/\/www.ludwig-van.com\/montreal\/wp-content\/uploads\/sites\/3\/2017\/12\/Victor-Julien-Laferriere\u2310Lyodoh-Kaneko-Large.jpg\" alt=\"Victor Julien-Laferri\u00e8re (Photo : Lyodoh Kaneko)\" width=\"1200\" height=\"1200\" srcset=\"https:\/\/www.ludwig-van.com\/montreal\/wp-content\/uploads\/sites\/3\/2017\/12\/Victor-Julien-Laferriere\u2310Lyodoh-Kaneko-Large.jpg 1200w, https:\/\/www.ludwig-van.com\/montreal\/wp-content\/uploads\/sites\/3\/2017\/12\/Victor-Julien-Laferriere\u2310Lyodoh-Kaneko-Large-300x300.jpg 300w, https:\/\/www.ludwig-van.com\/montreal\/wp-content\/uploads\/sites\/3\/2017\/12\/Victor-Julien-Laferriere\u2310Lyodoh-Kaneko-Large-1024x1024.jpg 1024w, https:\/\/www.ludwig-van.com\/montreal\/wp-content\/uploads\/sites\/3\/2017\/12\/Victor-Julien-Laferriere\u2310Lyodoh-Kaneko-Large-150x150.jpg 150w, https:\/\/www.ludwig-van.com\/montreal\/wp-content\/uploads\/sites\/3\/2017\/12\/Victor-Julien-Laferriere\u2310Lyodoh-Kaneko-Large-768x768.jpg 768w\" sizes=\"(max-width: 1200px) 100vw, 1200px\" \/><figcaption id=\"caption-attachment-83208\" class=\"wp-caption-text\">Victor Julien-Laferri\u00e8re (Photo : Lyodoh Kaneko)<\/figcaption><\/figure>\n<h3>LMMC &#8211; Victor Julien-Laferri\u00e8re, violoncelle et Th\u00e9o Fouchenneret, piano<\/h3>\n<p>\u00c0 l\u2019occasion de leur collaboration avec le Ladie\u2019s Morning Musical Club, ces deux artistes dont la r\u00e9putation n\u2019est plus \u00e0 faire vous proposent quatre \u0153uvres de compositeurs bien connus. Venez donc entendre <strong>Victor Julien-Laferri\u00e8re<\/strong> au violoncelle accompagn\u00e9 de <strong>Th\u00e9o Fouchenneret<\/strong> au piano interpr\u00e9ter Beethoven, Bart\u00f3k, Kodaly et Chopin.<\/p>\n<p>LE 1 D\u00c9CEMBRE, 15 H 30, SALLE OSCAR-PETERSON\u00a0 <a href=\"https:\/\/www.lmmc.ca\/fr\/victor-julien-laferriere-1-1-1\" target=\"_blank\" rel=\"noopener\">D\u00c9TAILS ET BILLETS<\/a><\/p>\n<p>&nbsp;<\/p>\n<figure id=\"attachment_85089\" aria-describedby=\"caption-attachment-85089\" style=\"width: 1200px\" class=\"wp-caption aligncenter\"><img decoding=\"async\" loading=\"lazy\" class=\"size-full wp-image-85089\" src=\"https:\/\/www.ludwig-van.com\/montreal\/wp-content\/uploads\/sites\/3\/2024\/11\/Petits-Violons_Noel.jpg\" alt=\"Les Petits Violons en mode festif. (Photo : courtoisie Petits Violons)\" width=\"1200\" height=\"859\" srcset=\"https:\/\/www.ludwig-van.com\/montreal\/wp-content\/uploads\/sites\/3\/2024\/11\/Petits-Violons_Noel.jpg 1200w, https:\/\/www.ludwig-van.com\/montreal\/wp-content\/uploads\/sites\/3\/2024\/11\/Petits-Violons_Noel-300x215.jpg 300w, https:\/\/www.ludwig-van.com\/montreal\/wp-content\/uploads\/sites\/3\/2024\/11\/Petits-Violons_Noel-1024x733.jpg 1024w, https:\/\/www.ludwig-van.com\/montreal\/wp-content\/uploads\/sites\/3\/2024\/11\/Petits-Violons_Noel-768x550.jpg 768w\" sizes=\"(max-width: 1200px) 100vw, 1200px\" \/><figcaption id=\"caption-attachment-85089\" class=\"wp-caption-text\">Les Petits Violons en mode festif. (Photo : courtoisie Petits Violons)<\/figcaption><\/figure>\n<h3>Les Petits Violons &#8211; <em>Vibrations hivernales<\/em><\/h3>\n<p>L\u2019\u00e9cole <strong>Les Petits Violons<\/strong>, dirig\u00e9 par Marie-Claire Cousineau, f\u00eate ses 60 ans! F\u00eatez avec eux ce dimanche lors de la pr\u00e9sentation de leur concert de No\u00ebl mettant les musiques classique et folklorique \u00e0 l\u2019honneur. Les artistes invit\u00e9s <strong>Julien B\u00e9langer<\/strong>, timbalier solo de l\u2019<strong>Orchestre M\u00e9tropolitain<\/strong>, <strong>Olivier Arseneault<\/strong>, percussionniste et gigueur, et <strong>Julie Daoust<\/strong>, com\u00e9dienne, insuffleront la joie des soir\u00e9es traditionnelles qu\u00e9b\u00e9coises \u00e0 ce concert unique.<\/p>\n<p>LE 1 D\u00c9CEMBRE, 16 H, \u00c9GLISE ST-PIERRE AP\u00d4TRE\u00a0 <a href=\"https:\/\/lespetitsviolons.com\/concerts\/\" target=\"_blank\" rel=\"noopener\">D\u00c9TAILS ET BILLETS<\/a><\/p>\n<p>&nbsp;<\/p>\n<figure id=\"attachment_66441\" aria-describedby=\"caption-attachment-66441\" style=\"width: 900px\" class=\"wp-caption aligncenter\"><img decoding=\"async\" loading=\"lazy\" class=\"size-full wp-image-66441\" src=\"https:\/\/www.ludwig-van.com\/montreal\/wp-content\/uploads\/sites\/3\/2021\/04\/David-Jacques-redim.jpg\" alt=\"\" width=\"900\" height=\"425\" \/><figcaption id=\"caption-attachment-66441\" class=\"wp-caption-text\">David Jacques, guitariste. (Photo : courtoisie de David Jacques)<\/figcaption><\/figure>\n<h3>\u00c0 Qu\u00e9bec : La Soci\u00e9t\u00e9 de guitare de Qu\u00e9bec pr\u00e9sente David Jacques &#8211; <em>Histoire de guitares<\/em><\/h3>\n<p>Le guitariste originaire de la Beauce et reconnu sur la sc\u00e8ne mondiale <strong>David Jacques<\/strong> vous propose un concert original o\u00f9 une dizaine de guitares historiques de sa collection priv\u00e9e seront r\u00e9unies sur sc\u00e8ne. Chaque instrument sera pr\u00e9sent\u00e9 selon le r\u00e9pertoire adapt\u00e9 \u00e0 son caract\u00e8re, chaque guitare ayant une histoire unique \u00e0 raconter.<\/p>\n<p>LE 1 D\u00c9CEMBRE, 15 H, SALLE D\u2019YOUVILLE &#8211; PALAIS MONTCALM\u00a0 <a href=\"https:\/\/www.guitarequebec.com\/david-jacques\" target=\"_blank\" rel=\"noopener\">D\u00c9TAILS ET BILLETS<\/a><\/p>\n<h2><em>Inscrivez-vous \u00e0 notre infolettre! La musique classique et l\u2019op\u00e9ra en 5 minutes, chaque jour<\/em> <a href=\"https:\/\/ludwig-van.us9.list-manage.com\/subscribe?u=4f785cb3f9058f2393ccad035&amp;id=b9b160c032\" target=\"_blank\" rel=\"noopener noreferrer\">ICI<\/a><\/h2>\n","protected":false},"excerpt":{"rendered":"<p>La saison des concerts de No\u00ebl est proche, mais si vos oreilles ne sont pas encore pr\u00eates \u00e0 entendre de la musique de No\u00ebl, ne vous inqui\u00e9tez pas : la semaine reste remplie (tr\u00e8s remplie, m\u00eame!) de concerts de musique baroque, contemporaine, symphonique et de musique de chambre!<\/p>\n","protected":false},"author":1,"featured_media":85100,"comment_status":"open","ping_status":"open","sticky":false,"template":"","format":"standard","meta":{"om_disable_all_campaigns":false,"jetpack_post_was_ever_published":false},"categories":[42107,10994],"tags":[42106,11882],"yst_prominent_words":[9878,9863,15006,13120,26052,9877,13123,13119,33503,14242,14240,14241,14321,31964],"acf":[],"jetpack_featured_media_url":"https:\/\/www.ludwig-van.com\/montreal\/wp-content\/uploads\/sites\/3\/2024\/11\/Copie-de-CONCERTS1-1.jpg","jetpack_sharing_enabled":true,"jetpack_shortlink":"https:\/\/wp.me\/p9bdYt-m8j","amp_enabled":true,"_links":{"self":[{"href":"https:\/\/www.ludwig-van.com\/montreal\/wp-json\/wp\/v2\/posts\/85083"}],"collection":[{"href":"https:\/\/www.ludwig-van.com\/montreal\/wp-json\/wp\/v2\/posts"}],"about":[{"href":"https:\/\/www.ludwig-van.com\/montreal\/wp-json\/wp\/v2\/types\/post"}],"author":[{"embeddable":true,"href":"https:\/\/www.ludwig-van.com\/montreal\/wp-json\/wp\/v2\/users\/1"}],"replies":[{"embeddable":true,"href":"https:\/\/www.ludwig-van.com\/montreal\/wp-json\/wp\/v2\/comments?post=85083"}],"version-history":[{"count":13,"href":"https:\/\/www.ludwig-van.com\/montreal\/wp-json\/wp\/v2\/posts\/85083\/revisions"}],"predecessor-version":[{"id":85110,"href":"https:\/\/www.ludwig-van.com\/montreal\/wp-json\/wp\/v2\/posts\/85083\/revisions\/85110"}],"wp:featuredmedia":[{"embeddable":true,"href":"https:\/\/www.ludwig-van.com\/montreal\/wp-json\/wp\/v2\/media\/85100"}],"wp:attachment":[{"href":"https:\/\/www.ludwig-van.com\/montreal\/wp-json\/wp\/v2\/media?parent=85083"}],"wp:term":[{"taxonomy":"category","embeddable":true,"href":"https:\/\/www.ludwig-van.com\/montreal\/wp-json\/wp\/v2\/categories?post=85083"},{"taxonomy":"post_tag","embeddable":true,"href":"https:\/\/www.ludwig-van.com\/montreal\/wp-json\/wp\/v2\/tags?post=85083"},{"taxonomy":"yst_prominent_words","embeddable":true,"href":"https:\/\/www.ludwig-van.com\/montreal\/wp-json\/wp\/v2\/yst_prominent_words?post=85083"}],"curies":[{"name":"wp","href":"https:\/\/api.w.org\/{rel}","templated":true}]}}