{"id":85080,"date":"2024-11-26T15:45:23","date_gmt":"2024-11-26T20:45:23","guid":{"rendered":"https:\/\/www.ludwig-van.com\/montreal\/?p=85080"},"modified":"2024-11-26T15:45:23","modified_gmt":"2024-11-26T20:45:23","slug":"dossier-legendaire-philharmonie-de-berlin","status":"publish","type":"post","link":"https:\/\/www.ludwig-van.com\/montreal\/2024\/11\/26\/dossier-legendaire-philharmonie-de-berlin\/","title":{"rendered":"DOSSIER | L\u00e9gendaire Philharmonie de Berlin"},"content":{"rendered":"<figure id=\"attachment_85122\" aria-describedby=\"caption-attachment-85122\" style=\"width: 1200px\" class=\"wp-caption aligncenter\"><img decoding=\"async\" loading=\"lazy\" class=\"size-full wp-image-85122\" src=\"https:\/\/www.ludwig-van.com\/montreal\/wp-content\/uploads\/sites\/3\/2024\/11\/Copie-de-DOSSIER4.jpg\" alt=\"La Philharmonie de Berlin et sa surface dor\u00e9e caract\u00e9ristique. (Photo : A.Savin, FAL, via Wikimedia Commons)\" width=\"1200\" height=\"628\" srcset=\"https:\/\/www.ludwig-van.com\/montreal\/wp-content\/uploads\/sites\/3\/2024\/11\/Copie-de-DOSSIER4.jpg 1200w, https:\/\/www.ludwig-van.com\/montreal\/wp-content\/uploads\/sites\/3\/2024\/11\/Copie-de-DOSSIER4-300x157.jpg 300w, https:\/\/www.ludwig-van.com\/montreal\/wp-content\/uploads\/sites\/3\/2024\/11\/Copie-de-DOSSIER4-1024x536.jpg 1024w, https:\/\/www.ludwig-van.com\/montreal\/wp-content\/uploads\/sites\/3\/2024\/11\/Copie-de-DOSSIER4-768x402.jpg 768w\" sizes=\"(max-width: 1200px) 100vw, 1200px\" \/><figcaption id=\"caption-attachment-85122\" class=\"wp-caption-text\">La Philharmonie de Berlin et sa surface dor\u00e9e caract\u00e9ristique. (Photo : A.Savin, FAL, via Wikimedia Commons)<\/figcaption><\/figure>\n<p>Aujourd&rsquo;hui partie int\u00e9grale du c\u0153ur battant de Berlin, la <strong>Philharmonie de Berlin<\/strong> s&rsquo;\u00e9levait, au moment de son inauguration en 1963, dans un espace ouvert \u00e0 quelques m\u00e8tres du mur divisant la ville.<\/p>\n<p>Il s&rsquo;agit de la premi\u00e8re salle de concert symphonique o\u00f9 le public est dispos\u00e9 autour de l&rsquo;orchestre, un concept innovateur imagin\u00e9 par l&rsquo;architecte Hans Scharoun. Si Scharoun a d\u00fb d\u00e9fendre son concept ardemment pour le faire accepter,\u00a0 celui-ci a depuis fait ses preuves et \u00e9t\u00e9 repris \u00e0 d&rsquo;autres endroits, dont \u00e0 la Philharmonie de Paris et \u00e0 l&rsquo;Elbphilharmonie de Hambourg. La vision de Scharoun s&rsquo;articulait autour des mots cl\u00e9s <em>espace &#8211; musique &#8211; gens<\/em> et la fa\u00e7on de les r\u00e9unir.<\/p>\n<p>La salle de concert pr\u00e9c\u00e9demment occup\u00e9e par le Berliner Philharmoniker ayant \u00e9t\u00e9 d\u00e9truite par des bombardements le 30 janvier 1944, une association des Amis de la Philharmonie de Berlin s&rsquo;est form\u00e9e en 1950 afin de recueillir des fonds pour la construction d&rsquo;un nouvel \u00e9difice. Dix ans plus tard, la premi\u00e8re pierre a \u00e9t\u00e9 pos\u00e9e par nul autre qu&rsquo;Herbert von Karajan, successeur de Wilhelm Furtw\u00e4ngler \u00e0 la direction musicale de l&rsquo;Orchestre. \u00c0 l&rsquo;occasion du concert inaugural le 15 octobre 1963, Karajan et l&rsquo;Orchestre ont interpr\u00e9t\u00e9 la Neuvi\u00e8me symphonie de Beethoven, les solistes \u00e9tant Gundula Janowitz, Sieglinde Wagner, Luigi Alva et Otto Wagner.<\/p>\n<h3>T\u00e9moins d&rsquo;\u00e9poque<\/h3>\n<p>Le <a href=\"https:\/\/www.berliner-philharmoniker.de\/en\/about-us\/philharmonie\/architecture\/\" target=\"_blank\" rel=\"noopener\">site de la Philharmonie de Berlin<\/a> propose quelques vid\u00e9os int\u00e9ressants, comprenant des t\u00e9moignages de travailleurs ayant particip\u00e9 au chantier de l&rsquo;\u00e9difice et de visiteurs\u00b7euses pr\u00e9sent\u00b7e\u00b7s lors de l&rsquo;ouverture (en allemand, sous-titr\u00e9 en anglais).<\/p>\n<h3>Salle de musique de chambre<\/h3>\n<p>Bien que les plans de Scharoun aient inclus d\u00e8s le d\u00e9part un deuxi\u00e8me b\u00e2timent plus petit consacr\u00e9 \u00e0 la musique de chambre, ce n&rsquo;est que dans les ann\u00e9es 1980 que celui-ci a \u00e9t\u00e9 construit. D&rsquo;une capacit\u00e9 de 1 180 si\u00e8ges, cette salle de musique de chambre reprend les caract\u00e9ristiques architecturales de sa voisine la Grande salle.<\/p>\n<h3>Exp\u00e9rience personnelle<\/h3>\n<p>J&rsquo;ai eu le privil\u00e8ge de jouer une fois dans la Grande salle de la Philharmonie de Berlin, avec un orchestre compos\u00e9 de jeunes musicien\u00b7ne\u00b7s allemands et scandinaves. Le programme comptait la <em>Troisi\u00e8me symphonie<\/em> \u00ab\u00a0<em>Eroica<\/em>\u00a0\u00bb de Beethoven. Une approche se r\u00e9pandait \u00e0 ce moment-l\u00e0 voulant qu&rsquo;un passage sp\u00e9cifique du d\u00e9but du quatri\u00e8me mouvement soit jou\u00e9 par les chef\u00b7fe\u00b7s de section de cordes, plut\u00f4t que par les sections enti\u00e8res. Je peux donc dire que j&rsquo;ai jou\u00e9 un solo d&rsquo;alto \u00e0 la Philharmonie de Berlin, qui a du plus \u00e9t\u00e9 conserv\u00e9 pour la post\u00e9rit\u00e9 :<\/p>\n<p>&nbsp;<\/p>\n<div class=\"jetpack-video-wrapper\"><span class=\"embed-youtube\" style=\"text-align:center; display: block;\"><iframe loading=\"lazy\" class=\"youtube-player\" width=\"640\" height=\"360\" src=\"https:\/\/www.youtube.com\/embed\/bEVBn7jjP74?version=3&#038;rel=1&#038;showsearch=0&#038;showinfo=1&#038;iv_load_policy=1&#038;fs=1&#038;hl=fr-FR&#038;autohide=2&#038;wmode=transparent\" allowfullscreen=\"true\" style=\"border:0;\" sandbox=\"allow-scripts allow-same-origin allow-popups allow-presentation\"><\/iframe><\/span><\/div>\n<p>L&rsquo;impression que j&rsquo;ai retenue de cette salle \u00e0 partir de la sc\u00e8ne est le sentiment d&rsquo;intimit\u00e9 qui en \u00e9merge, et ce malgr\u00e9 sa grande capacit\u00e9 de 2 440 places. La disposition des terrasses \u00ab\u00a0en vignoble\u00a0\u00bb contribue \u00e0 diffuser l&rsquo;impact qu&rsquo;une foule de cette taille pourrait avoir, et cr\u00e9e un sentiment de communion avec le public.<\/p>\n<h3>Digital Concert Hall<\/h3>\n<p>La Philharmonie de Berlin a \u00e9t\u00e9 un pr\u00e9curseur au niveau de la diffusion de concerts sur le web. D\u00e8s 2009, elle lance sa plateforme Digital Concert Hall : en s&rsquo;abonnant, les m\u00e9lomanes du monde entier peuvent entendre les concerts du Berliner Philharmoniker en direct et en diff\u00e9r\u00e9, et avoir acc\u00e8s \u00e0 une archive de plus de 800 concerts remontant le cours des six derni\u00e8res d\u00e9cennies. Les concerts sont capt\u00e9s gr\u00e2ce \u00e0 huit cam\u00e9ras robotis\u00e9es install\u00e9es en permanence dans la salle et contr\u00f4l\u00e9es \u00e0 partir de la r\u00e9gie vid\u00e9o.<\/p>\n<h2><em>Inscrivez-vous \u00e0 notre infolettre! La musique classique et l\u2019op\u00e9ra en 5 minutes, chaque jour<\/em> <a href=\"https:\/\/ludwig-van.us9.list-manage.com\/subscribe?u=4f785cb3f9058f2393ccad035&amp;id=b9b160c032\" target=\"_blank\" rel=\"noopener noreferrer\">ICI<\/a><\/h2>\n","protected":false},"excerpt":{"rendered":"<p>Aujourd&rsquo;hui partie int\u00e9grale du c\u0153ur battant de Berlin, la Philharmonie de Berlin s&rsquo;\u00e9levait, au moment de son inauguration en 1963, dans un espace ouvert \u00e0 quelques m\u00e8tres du mur divisant la ville. Il s&rsquo;agit de la premi\u00e8re salle de concert symphonique o\u00f9 le public est dispos\u00e9 autour de l&rsquo;orchestre, un concept innovateur imagin\u00e9 par l&rsquo;architecte Hans Scharoun. Si Scharoun a d\u00fb d\u00e9fendre son concept ardemment pour le faire accepter,\u00a0 celui-ci a depuis fait ses preuves et \u00e9t\u00e9 repris \u00e0 d&rsquo;autres endroits, dont \u00e0 la Philharmonie de Paris et \u00e0 l&rsquo;Elbphilharmonie de Hambourg.<\/p>\n","protected":false},"author":55,"featured_media":85122,"comment_status":"open","ping_status":"open","sticky":false,"template":"","format":"standard","meta":{"om_disable_all_campaigns":false,"jetpack_post_was_ever_published":false},"categories":[42107,11009],"tags":[42106,42288],"yst_prominent_words":[8417,18218,10078,7202,31477,8858,9813,9811,12698,15553,10710,14363],"acf":[],"jetpack_featured_media_url":"https:\/\/www.ludwig-van.com\/montreal\/wp-content\/uploads\/sites\/3\/2024\/11\/Copie-de-DOSSIER4.jpg","jetpack_sharing_enabled":true,"jetpack_shortlink":"https:\/\/wp.me\/p9bdYt-m8g","amp_enabled":true,"_links":{"self":[{"href":"https:\/\/www.ludwig-van.com\/montreal\/wp-json\/wp\/v2\/posts\/85080"}],"collection":[{"href":"https:\/\/www.ludwig-van.com\/montreal\/wp-json\/wp\/v2\/posts"}],"about":[{"href":"https:\/\/www.ludwig-van.com\/montreal\/wp-json\/wp\/v2\/types\/post"}],"author":[{"embeddable":true,"href":"https:\/\/www.ludwig-van.com\/montreal\/wp-json\/wp\/v2\/users\/55"}],"replies":[{"embeddable":true,"href":"https:\/\/www.ludwig-van.com\/montreal\/wp-json\/wp\/v2\/comments?post=85080"}],"version-history":[{"count":3,"href":"https:\/\/www.ludwig-van.com\/montreal\/wp-json\/wp\/v2\/posts\/85080\/revisions"}],"predecessor-version":[{"id":85124,"href":"https:\/\/www.ludwig-van.com\/montreal\/wp-json\/wp\/v2\/posts\/85080\/revisions\/85124"}],"wp:featuredmedia":[{"embeddable":true,"href":"https:\/\/www.ludwig-van.com\/montreal\/wp-json\/wp\/v2\/media\/85122"}],"wp:attachment":[{"href":"https:\/\/www.ludwig-van.com\/montreal\/wp-json\/wp\/v2\/media?parent=85080"}],"wp:term":[{"taxonomy":"category","embeddable":true,"href":"https:\/\/www.ludwig-van.com\/montreal\/wp-json\/wp\/v2\/categories?post=85080"},{"taxonomy":"post_tag","embeddable":true,"href":"https:\/\/www.ludwig-van.com\/montreal\/wp-json\/wp\/v2\/tags?post=85080"},{"taxonomy":"yst_prominent_words","embeddable":true,"href":"https:\/\/www.ludwig-van.com\/montreal\/wp-json\/wp\/v2\/yst_prominent_words?post=85080"}],"curies":[{"name":"wp","href":"https:\/\/api.w.org\/{rel}","templated":true}]}}