{"id":85018,"date":"2024-11-21T12:01:30","date_gmt":"2024-11-21T17:01:30","guid":{"rendered":"https:\/\/www.ludwig-van.com\/montreal\/?p=85018"},"modified":"2024-11-25T13:00:06","modified_gmt":"2024-11-25T18:00:06","slug":"nouvelle-le-gala-talent-de-latelier-lyrique-une-soiree-ou-ont-brille-les-talents-et-les-paillettes","status":"publish","type":"post","link":"https:\/\/www.ludwig-van.com\/montreal\/2024\/11\/21\/nouvelle-le-gala-talent-de-latelier-lyrique-une-soiree-ou-ont-brille-les-talents-et-les-paillettes\/","title":{"rendered":"NOUVELLE | Le Gala Talent de l&rsquo;Atelier lyrique, une soir\u00e9e o\u00f9 ont brill\u00e9 les talents et les paillettes"},"content":{"rendered":"<figure id=\"attachment_85023\" aria-describedby=\"caption-attachment-85023\" style=\"width: 1200px\" class=\"wp-caption aligncenter\"><img decoding=\"async\" loading=\"lazy\" class=\"size-full wp-image-85023\" src=\"https:\/\/www.ludwig-van.com\/montreal\/wp-content\/uploads\/sites\/3\/2024\/11\/Copie-de-Copie-de-Copy-of-INTERVIEW1.jpg\" alt=\"Natasha Henry (Photo : page Facebook du Conservatoire de musique de Montr\u00e9al); Tessa Fackelmann (Photo : site web d'Edmonton Opera)\" width=\"1200\" height=\"628\" srcset=\"https:\/\/www.ludwig-van.com\/montreal\/wp-content\/uploads\/sites\/3\/2024\/11\/Copie-de-Copie-de-Copy-of-INTERVIEW1.jpg 1200w, https:\/\/www.ludwig-van.com\/montreal\/wp-content\/uploads\/sites\/3\/2024\/11\/Copie-de-Copie-de-Copy-of-INTERVIEW1-300x157.jpg 300w, https:\/\/www.ludwig-van.com\/montreal\/wp-content\/uploads\/sites\/3\/2024\/11\/Copie-de-Copie-de-Copy-of-INTERVIEW1-1024x536.jpg 1024w, https:\/\/www.ludwig-van.com\/montreal\/wp-content\/uploads\/sites\/3\/2024\/11\/Copie-de-Copie-de-Copy-of-INTERVIEW1-768x402.jpg 768w\" sizes=\"(max-width: 1200px) 100vw, 1200px\" \/><figcaption id=\"caption-attachment-85023\" class=\"wp-caption-text\">Natasha Henry (Photo : page Facebook du Conservatoire de musique de Montr\u00e9al); Tessa Fackelmann (Photo : site web d&rsquo;Edmonton Opera)<\/figcaption><\/figure>\n<p>Hier soir se tenait \u00e0 la salle Wilfrid-Pelletier le <strong>Gala Talent de l&rsquo;Atelier lyrique de l&rsquo;Op\u00e9ra de Montr\u00e9al<\/strong>, qui tient lieu de derni\u00e8re \u00e9tape aux auditions nationales annuelles au cours desquelles un jury s\u00e9lectionne la prochaine cohorte de membres de l&rsquo;Atelier lyrique.<\/p>\n<p>L&rsquo;\u00e9l\u00e9gante et prestigieuse soir\u00e9e s&rsquo;ouvrait par un cocktail, suivi de la prestation des onze candidats et candidates retenu\u00b7e\u00b7s au terme d&rsquo;un processus qui a men\u00e9 le jury de s\u00e9lection \u00e0 Toronto, \u00e0 Calgary et \u00e0 Victoria en plus de Montr\u00e9al. Prenant place \u00e0 tour de r\u00f4le devant le piano install\u00e9 devant le lourd rideau de sc\u00e8ne rouge, accompagn\u00e9\u00b7e\u00b7s par <strong>Martin Dub\u00e9<\/strong> et <strong>Jerome de Los Santos<\/strong>, les finalistes ont chant\u00e9 des airs parmi les plus impressionnants du r\u00e9pertoire op\u00e9ratique. Ainsi, <strong>Heidi Duncan,<\/strong> <strong>George Theodorakopoulos<\/strong>, <strong>Hillary Tufford<\/strong>, <strong>Spencer VanDellen<\/strong>, <strong>Queen Hezumuryango<\/strong>, <strong>Colin Mackey<\/strong>, <strong>Natasha Henry<\/strong>, <strong>Ellita Gagner<\/strong>, <strong>Dante Mullin Santone<\/strong>, <strong>Rose Lebeau Sabourin<\/strong> et <strong>Tessa<\/strong> <strong>Fackelmann<\/strong> ont domin\u00e9 la sc\u00e8ne, le temps d&rsquo;interpr\u00e9ter des airs choisis extraits d&rsquo;op\u00e9ras de Gounod, Donizetti, Wagner, Rossini, Bizet, Massenet et Mozart.<\/p>\n<p>Au terme de la soir\u00e9e, le public \u00e9tait encourag\u00e9 \u00e0 saisir son t\u00e9l\u00e9phone cellulaire pour voter pour son artiste pr\u00e9f\u00e9r\u00e9\u00b7e tandis que le jury, compos\u00e9 de <strong>Michel Beaulac\u00a0<\/strong>(Op\u00e9ra de Montr\u00e9al), <strong>Laura Brooks Rice <\/strong>(Atlanta Opera), <strong>Jacques Lacombe <\/strong>(Vancouver Opera), <strong>Jennifer<\/strong> <strong>Szeto\u00a0<\/strong>(Atelier lyrique de l&rsquo;Op\u00e9ra de Montr\u00e9al) et <strong>Fabienne Voisin <\/strong>(Orchestre M\u00e9tropolitain), d\u00e9lib\u00e9rait de son c\u00f4t\u00e9 du ou de la r\u00e9cipiendaire \u00e0 qui il accorderait le grand prix, accompagn\u00e9 d&rsquo;un montant non n\u00e9gligeable de 10 000 $.<\/p>\n<p>Apr\u00e8s avoir fait monter tous les membres du jury ainsi que les onze finalistes sur sc\u00e8ne, les deux animateurs de soir\u00e9e, la soprano <strong>Lucie St-Martin<\/strong>, gradu\u00e9e de l&rsquo;Atelier lyrique en 2023, et le contret\u00e9nor <strong>Ian Sabourin<\/strong>, membre actuel, ont invit\u00e9 <strong>Fr\u00e9d\u00e9rique Gagn\u00e9<\/strong> \u00e0 remettre le prix \u00c9toiles Stingray, d\u00e9termin\u00e9 par le vote du public et accompagn\u00e9 d&rsquo;un montant de 5 000 $. C&rsquo;est la soprano <strong>Natasha Henry<\/strong>, \u00e9l\u00e8ve de <strong>Donna Brown<\/strong> au Conservatoire de musique de Montr\u00e9al, qui s&rsquo;est attir\u00e9 les suffrages par son interpr\u00e9tation touchante de \u00ab Allons, il le faut &#8230; Adieu, notre petite table\u00a0\u00bb tir\u00e9 de <em>Manon<\/em> de Massenet.<\/p>\n<p>Ce fut ensuite au tour de <strong>Vanda Treiser<\/strong>, fid\u00e8le m\u00e9c\u00e8ne de l&rsquo;Atelier lyrique, de s&rsquo;avancer au micro pour proc\u00e9der \u00e0 la remise du grand prix du jury. Celui-ci a arr\u00eat\u00e9 son choix sur la derni\u00e8re candidate de la soir\u00e9e, la mezzo-soprano <strong>Tessa Fackelmann<\/strong>, qui s&rsquo;est montr\u00e9e une interpr\u00e8te mature et en possession de son art dans \u00ab Enfin, je suis ici\u00a0\u00bb tir\u00e9 de <em>Cendrillon<\/em>, \u00e9galement de Massenet.<\/p>\n<h2><em>Inscrivez-vous \u00e0 notre infolettre! La musique classique et l\u2019op\u00e9ra en 5 minutes, chaque jour<\/em>\u00a0\u00a0<a href=\"https:\/\/ludwig-van.us9.list-manage.com\/subscribe?u=4f785cb3f9058f2393ccad035&amp;id=b9b160c032\" target=\"_blank\" rel=\"noopener noreferrer\">ICI<\/a><\/h2>\n","protected":false},"excerpt":{"rendered":"<p>Hier soir avait lieu \u00e0 la salle Wilfrid-Pelletier le Gala Talent de l&rsquo;Atelier lyrique de l&rsquo;Op\u00e9ra de Montr\u00e9al, qui tient lieu de derni\u00e8re \u00e9tape aux auditions nationales annuelles au cours desquelles un jury s\u00e9lectionne la prochaine cohorte de membres de l&rsquo;Atelier lyrique.<\/p>\n","protected":false},"author":55,"featured_media":85023,"comment_status":"open","ping_status":"open","sticky":false,"template":"","format":"standard","meta":{"om_disable_all_campaigns":false,"jetpack_post_was_ever_published":false},"categories":[42107],"tags":[42106,6108],"yst_prominent_words":[10289,12243,15338,11507,12027,13736,10535,10519,13042,12765,12757,7694,9811,12245,11685],"acf":[],"jetpack_featured_media_url":"https:\/\/www.ludwig-van.com\/montreal\/wp-content\/uploads\/sites\/3\/2024\/11\/Copie-de-Copie-de-Copy-of-INTERVIEW1.jpg","jetpack_sharing_enabled":true,"jetpack_shortlink":"https:\/\/wp.me\/p9bdYt-m7g","amp_enabled":true,"_links":{"self":[{"href":"https:\/\/www.ludwig-van.com\/montreal\/wp-json\/wp\/v2\/posts\/85018"}],"collection":[{"href":"https:\/\/www.ludwig-van.com\/montreal\/wp-json\/wp\/v2\/posts"}],"about":[{"href":"https:\/\/www.ludwig-van.com\/montreal\/wp-json\/wp\/v2\/types\/post"}],"author":[{"embeddable":true,"href":"https:\/\/www.ludwig-van.com\/montreal\/wp-json\/wp\/v2\/users\/55"}],"replies":[{"embeddable":true,"href":"https:\/\/www.ludwig-van.com\/montreal\/wp-json\/wp\/v2\/comments?post=85018"}],"version-history":[{"count":37,"href":"https:\/\/www.ludwig-van.com\/montreal\/wp-json\/wp\/v2\/posts\/85018\/revisions"}],"predecessor-version":[{"id":85088,"href":"https:\/\/www.ludwig-van.com\/montreal\/wp-json\/wp\/v2\/posts\/85018\/revisions\/85088"}],"wp:featuredmedia":[{"embeddable":true,"href":"https:\/\/www.ludwig-van.com\/montreal\/wp-json\/wp\/v2\/media\/85023"}],"wp:attachment":[{"href":"https:\/\/www.ludwig-van.com\/montreal\/wp-json\/wp\/v2\/media?parent=85018"}],"wp:term":[{"taxonomy":"category","embeddable":true,"href":"https:\/\/www.ludwig-van.com\/montreal\/wp-json\/wp\/v2\/categories?post=85018"},{"taxonomy":"post_tag","embeddable":true,"href":"https:\/\/www.ludwig-van.com\/montreal\/wp-json\/wp\/v2\/tags?post=85018"},{"taxonomy":"yst_prominent_words","embeddable":true,"href":"https:\/\/www.ludwig-van.com\/montreal\/wp-json\/wp\/v2\/yst_prominent_words?post=85018"}],"curies":[{"name":"wp","href":"https:\/\/api.w.org\/{rel}","templated":true}]}}