{"id":85014,"date":"2024-11-22T19:39:01","date_gmt":"2024-11-23T00:39:01","guid":{"rendered":"https:\/\/www.ludwig-van.com\/montreal\/?p=85014"},"modified":"2024-11-22T19:39:01","modified_gmt":"2024-11-23T00:39:01","slug":"dossier-la-philharmonie-de-paris","status":"publish","type":"post","link":"https:\/\/www.ludwig-van.com\/montreal\/2024\/11\/22\/dossier-la-philharmonie-de-paris\/","title":{"rendered":"DOSSIER | Scintillante Philharmonie de Paris"},"content":{"rendered":"<figure id=\"attachment_85015\" aria-describedby=\"caption-attachment-85015\" style=\"width: 1200px\" class=\"wp-caption aligncenter\"><img decoding=\"async\" loading=\"lazy\" class=\"size-full wp-image-85015\" src=\"https:\/\/www.ludwig-van.com\/montreal\/wp-content\/uploads\/sites\/3\/2024\/11\/Copie-de-DOSSIER2.jpg\" alt=\"La Philharmonie de Paris. (Photo : B\u00e9atrice Cadrin)\" width=\"1200\" height=\"628\" srcset=\"https:\/\/www.ludwig-van.com\/montreal\/wp-content\/uploads\/sites\/3\/2024\/11\/Copie-de-DOSSIER2.jpg 1200w, https:\/\/www.ludwig-van.com\/montreal\/wp-content\/uploads\/sites\/3\/2024\/11\/Copie-de-DOSSIER2-300x157.jpg 300w, https:\/\/www.ludwig-van.com\/montreal\/wp-content\/uploads\/sites\/3\/2024\/11\/Copie-de-DOSSIER2-1024x536.jpg 1024w, https:\/\/www.ludwig-van.com\/montreal\/wp-content\/uploads\/sites\/3\/2024\/11\/Copie-de-DOSSIER2-768x402.jpg 768w\" sizes=\"(max-width: 1200px) 100vw, 1200px\" \/><figcaption id=\"caption-attachment-85015\" class=\"wp-caption-text\">La Philharmonie de Paris. (Photo : B\u00e9atrice Cadrin)<\/figcaption><\/figure>\n<p>Aujourd&rsquo;hui, notre s\u00e9rie sur les salles visit\u00e9es par l&rsquo;OSM au cours de sa tourn\u00e9e s&rsquo;arr\u00eate \u00e0 la <strong>Philharmonie de Paris<\/strong> et \u00e0 la salle Pierre-Boulez, espace principal de l&rsquo;\u00e9difice scintillant.<\/p>\n<p>Sise au parc de La Villette, la Philharmonie de Paris a ouvert ses portes en 2015. D&rsquo;une capacit\u00e9 de 2 400 places, la salle Pierre-Boulez se d\u00e9ploie en courbes noires et dor\u00e9es autour de la sc\u00e8ne pouvant accueillir jusqu&rsquo;\u00e0 120 instrumentistes. Visuellement et acoustiquement, le projet, qui a co\u00fbt\u00e9 386 millions, est une r\u00e9ussite. Lors de ma visite le 26 septembre dernier, j&rsquo;y \u00e9tais assise au tout dernier balcon, et le son me parvenait avec vibrance et \u00e9clat comme si j&rsquo;\u00e9tais \u00e0 proximit\u00e9 de la sc\u00e8ne.<\/p>\n<p>&nbsp;<\/p>\n<figure id=\"attachment_85017\" aria-describedby=\"caption-attachment-85017\" style=\"width: 1200px\" class=\"wp-caption aligncenter\"><img decoding=\"async\" loading=\"lazy\" class=\"size-full wp-image-85017\" src=\"https:\/\/www.ludwig-van.com\/montreal\/wp-content\/uploads\/sites\/3\/2024\/11\/Philharmonie-de-Paris_balcon-suspendu_de-ma-place_Beatrice-Cadrin.jpg\" alt=\"De ma place au dernier balcon, le son me parvenait avec vibrance et \u00e9clat comme si j'\u00e9tais \u00e0 c\u00f4t\u00e9 de la sc\u00e8ne. (Photo : B\u00e9atrice Cadrin)\" width=\"1200\" height=\"540\" srcset=\"https:\/\/www.ludwig-van.com\/montreal\/wp-content\/uploads\/sites\/3\/2024\/11\/Philharmonie-de-Paris_balcon-suspendu_de-ma-place_Beatrice-Cadrin.jpg 1200w, https:\/\/www.ludwig-van.com\/montreal\/wp-content\/uploads\/sites\/3\/2024\/11\/Philharmonie-de-Paris_balcon-suspendu_de-ma-place_Beatrice-Cadrin-300x135.jpg 300w, https:\/\/www.ludwig-van.com\/montreal\/wp-content\/uploads\/sites\/3\/2024\/11\/Philharmonie-de-Paris_balcon-suspendu_de-ma-place_Beatrice-Cadrin-1024x461.jpg 1024w, https:\/\/www.ludwig-van.com\/montreal\/wp-content\/uploads\/sites\/3\/2024\/11\/Philharmonie-de-Paris_balcon-suspendu_de-ma-place_Beatrice-Cadrin-768x346.jpg 768w\" sizes=\"(max-width: 1200px) 100vw, 1200px\" \/><figcaption id=\"caption-attachment-85017\" class=\"wp-caption-text\">De ma place au dernier balcon, le son me parvenait avec vibrance et \u00e9clat comme si j&rsquo;\u00e9tais \u00e0 proximit\u00e9 de la sc\u00e8ne. (Photo : B\u00e9atrice Cadrin)<\/figcaption><\/figure>\n<p>Heureusement, car avec un co\u00fbt atteignant environ trois fois l&rsquo;\u00e9valuation de d\u00e9part, la construction de la Philharmonie a fait couler beaucoup d&rsquo;encre et susciter bien des r\u00e9actions. Les d\u00e9passements de co\u00fbt et de calendrier ont m\u00eame donn\u00e9 lieu \u00e0 une poursuite de 170 millions d&rsquo;euros de l&rsquo;organisation \u00e0 la t\u00eate de la Philharmonie de Paris contre l&rsquo;architecte <strong>Jean Nouvel<\/strong>, qui s&rsquo;est ultimement r\u00e9gl\u00e9e en 2021 par un accord transactionnel<em>.<\/em><\/p>\n<p>Nonobstant sa gen\u00e8se mouvement\u00e9e, la Philharmonie de Paris est maintenant bien ancr\u00e9e dans le 19e arrondissement, aux c\u00f4t\u00e9s des deux b\u00e2timents du complexe de la Cit\u00e9 de la musique, soit d&rsquo;un c\u00f4t\u00e9 le Mus\u00e9e de la musique et de l&rsquo;autre le Conservatoire national sup\u00e9rieur de Paris. Ces deux b\u00e2timents ont tous deux \u00e9t\u00e9 con\u00e7us par <strong>Christian de Portzamparc<\/strong>, architecte \u00e9galement de la Philharmonie Luxembourg dont nous avons parl\u00e9 avant-hier.<\/p>\n<p>En plus de la salle de concert Pierre-Boulez, la Philharmonie contient un studio, des salles de r\u00e9p\u00e9titions de diff\u00e9rents formats, un espace d&rsquo;exposition, un espace d\u00e9di\u00e9 aux enfants, un restaurant au sixi\u00e8me \u00e9tage et un belv\u00e9d\u00e8re ext\u00e9rieur. Elle h\u00e9berge cinq ensembles en r\u00e9sidence, l&rsquo;<strong>Ensemble intercontemporain<\/strong>, les <strong>Arts florissants<\/strong>, l&rsquo;<strong>Orchestre de chambre de Paris<\/strong>, l&rsquo;<strong>Orchestre national d&rsquo;\u00cele-de-France<\/strong> et bien s\u00fbr l&rsquo;<strong>Orchestre<\/strong> <strong>de Paris<\/strong>, qui, sous la direction de <strong>Paavo J\u00e4rvi<\/strong>, a inaugur\u00e9 la salle par un concert de musique fran\u00e7aise le 14 janvier 2015. \u00c0 peine quelques jours plus tard, le chef montr\u00e9alais <strong>Andrei Feher<\/strong>, \u00e0 l&rsquo;\u00e9poque chef assistant de J\u00e4rvi \u00e0 l&rsquo;Orchestre de Paris, y dirigeait la <em>Symphonie fantastique<\/em> de Berlioz lors d&rsquo;un concert-famille.<\/p>\n<p>&nbsp;<\/p>\n<figure id=\"attachment_85041\" aria-describedby=\"caption-attachment-85041\" style=\"width: 1200px\" class=\"wp-caption aligncenter\"><img decoding=\"async\" loading=\"lazy\" class=\"size-full wp-image-85041\" src=\"https:\/\/www.ludwig-van.com\/montreal\/wp-content\/uploads\/sites\/3\/2024\/11\/Philharmonie-de-Paris_debuts-Andrei-Feher_avec-post_1200.png\" alt=\"Les d\u00e9buts du chef montr\u00e9alais Andrei Feher \u00e0 la Philharmonie de Paris. (Photo : page Facebook d'Andrei Feher, r\u00e9cup\u00e9r\u00e9e le 22 novembre 2024)\" width=\"1200\" height=\"930\" srcset=\"https:\/\/www.ludwig-van.com\/montreal\/wp-content\/uploads\/sites\/3\/2024\/11\/Philharmonie-de-Paris_debuts-Andrei-Feher_avec-post_1200.png 1200w, https:\/\/www.ludwig-van.com\/montreal\/wp-content\/uploads\/sites\/3\/2024\/11\/Philharmonie-de-Paris_debuts-Andrei-Feher_avec-post_1200-300x233.png 300w, https:\/\/www.ludwig-van.com\/montreal\/wp-content\/uploads\/sites\/3\/2024\/11\/Philharmonie-de-Paris_debuts-Andrei-Feher_avec-post_1200-1024x794.png 1024w, https:\/\/www.ludwig-van.com\/montreal\/wp-content\/uploads\/sites\/3\/2024\/11\/Philharmonie-de-Paris_debuts-Andrei-Feher_avec-post_1200-768x595.png 768w\" sizes=\"(max-width: 1200px) 100vw, 1200px\" \/><figcaption id=\"caption-attachment-85041\" class=\"wp-caption-text\">Les d\u00e9buts du chef montr\u00e9alais Andrei Feher \u00e0 la Philharmonie de Paris. (Photo : page Facebook d&rsquo;Andrei Feher, r\u00e9cup\u00e9r\u00e9e le 22 novembre 2024)<\/figcaption><\/figure>\n<p>&nbsp;<\/p>\n<p>Un autre nom permet d&rsquo;\u00e9tablir des liens entre Montr\u00e9al et la Philharmonie : en effet, <strong>Olivier Latry<\/strong>, organiste \u00e9m\u00e9rite de l&rsquo;<strong>OSM<\/strong>, a particip\u00e9 aux \u00e9v\u00e9nements d&rsquo;inauguration de l&rsquo;orgue de la Philharmonie en janvier 2016. Con\u00e7u par la maison autrichienne Rieger, l&rsquo;orgue poss\u00e8de 91 jeux, 4 claviers de 61 notes et 32 p\u00e9dales. C&rsquo;est cet instrument que jouera <strong>Jean-Willy Kunz<\/strong> dans la <em>Symphonie alpestre<\/em> de Strauss que l&rsquo;<strong>OSM<\/strong> interpr\u00e8te \u00e0 Paris.<\/p>\n<div class=\"jetpack-video-wrapper\"><span class=\"embed-youtube\" style=\"text-align:center; display: block;\"><iframe loading=\"lazy\" class=\"youtube-player\" width=\"640\" height=\"360\" src=\"https:\/\/www.youtube.com\/embed\/Gh7FlvDZdXA?version=3&#038;rel=1&#038;showsearch=0&#038;showinfo=1&#038;iv_load_policy=1&#038;fs=1&#038;hl=fr-FR&#038;autohide=2&#038;wmode=transparent\" allowfullscreen=\"true\" style=\"border:0;\" sandbox=\"allow-scripts allow-same-origin allow-popups allow-presentation\"><\/iframe><\/span><\/div>\n<p>La Philharmonie de Paris pourrait se r\u00e9sumer en un mot : d\u00e9passement, des co\u00fbts et des d\u00e9lais, mais \u00e9galement des attentes. Cependant, la prochaine salle visit\u00e9e, l&rsquo;Elbphilharmonie de Hambourg, ira encore plus loin sur tous ces points.<\/p>\n<p>&nbsp;<\/p>\n<figure id=\"attachment_85044\" aria-describedby=\"caption-attachment-85044\" style=\"width: 1200px\" class=\"wp-caption aligncenter\"><img decoding=\"async\" loading=\"lazy\" class=\"size-full wp-image-85044\" src=\"https:\/\/www.ludwig-van.com\/montreal\/wp-content\/uploads\/sites\/3\/2024\/11\/Philharmonie-de-Paris_soleil-couchant-sur-surface-exterieure_Beatrice-Cadrin.jpg\" alt=\"Soleil couchant illuminant l'ext\u00e9rieur m\u00e9tallique de la Philharmonie de Paris le 26 septembre dernier. (Photo : B\u00e9atrice Cadrin)\" width=\"1200\" height=\"540\" srcset=\"https:\/\/www.ludwig-van.com\/montreal\/wp-content\/uploads\/sites\/3\/2024\/11\/Philharmonie-de-Paris_soleil-couchant-sur-surface-exterieure_Beatrice-Cadrin.jpg 1200w, https:\/\/www.ludwig-van.com\/montreal\/wp-content\/uploads\/sites\/3\/2024\/11\/Philharmonie-de-Paris_soleil-couchant-sur-surface-exterieure_Beatrice-Cadrin-300x135.jpg 300w, https:\/\/www.ludwig-van.com\/montreal\/wp-content\/uploads\/sites\/3\/2024\/11\/Philharmonie-de-Paris_soleil-couchant-sur-surface-exterieure_Beatrice-Cadrin-1024x461.jpg 1024w, https:\/\/www.ludwig-van.com\/montreal\/wp-content\/uploads\/sites\/3\/2024\/11\/Philharmonie-de-Paris_soleil-couchant-sur-surface-exterieure_Beatrice-Cadrin-768x346.jpg 768w\" sizes=\"(max-width: 1200px) 100vw, 1200px\" \/><figcaption id=\"caption-attachment-85044\" class=\"wp-caption-text\">Soleil couchant illuminant l&rsquo;ext\u00e9rieur m\u00e9tallique de la Philharmonie de Paris le 26 septembre dernier. (Photo : B\u00e9atrice Cadrin)<\/figcaption><\/figure>\n<h2><em>Inscrivez-vous \u00e0 notre infolettre! La musique classique et l\u2019op\u00e9ra en 5 minutes, chaque jour<\/em> <a href=\"https:\/\/ludwig-van.us9.list-manage.com\/subscribe?u=4f785cb3f9058f2393ccad035&amp;id=b9b160c032\" target=\"_blank\" rel=\"noopener noreferrer\">ICI<\/a><\/h2>\n","protected":false},"excerpt":{"rendered":"<p>Aujourd&rsquo;hui, notre s\u00e9rie sur les salles visit\u00e9es par l&rsquo;OSM au cours de sa tourn\u00e9e s&rsquo;arr\u00eate \u00e0 la Philharmonie de Paris et \u00e0 la salle Pierre-Boulez, espace principal de l&rsquo;\u00e9difice scintillant.<\/p>\n","protected":false},"author":55,"featured_media":85015,"comment_status":"open","ping_status":"open","sticky":false,"template":"","format":"standard","meta":{"om_disable_all_campaigns":false,"jetpack_post_was_ever_published":false},"categories":[42107,11009],"tags":[42106,42288],"yst_prominent_words":[26199,10002,12582,7560,15553,15638,11352],"acf":[],"jetpack_featured_media_url":"https:\/\/www.ludwig-van.com\/montreal\/wp-content\/uploads\/sites\/3\/2024\/11\/Copie-de-DOSSIER2.jpg","jetpack_sharing_enabled":true,"jetpack_shortlink":"https:\/\/wp.me\/p9bdYt-m7c","amp_enabled":true,"_links":{"self":[{"href":"https:\/\/www.ludwig-van.com\/montreal\/wp-json\/wp\/v2\/posts\/85014"}],"collection":[{"href":"https:\/\/www.ludwig-van.com\/montreal\/wp-json\/wp\/v2\/posts"}],"about":[{"href":"https:\/\/www.ludwig-van.com\/montreal\/wp-json\/wp\/v2\/types\/post"}],"author":[{"embeddable":true,"href":"https:\/\/www.ludwig-van.com\/montreal\/wp-json\/wp\/v2\/users\/55"}],"replies":[{"embeddable":true,"href":"https:\/\/www.ludwig-van.com\/montreal\/wp-json\/wp\/v2\/comments?post=85014"}],"version-history":[{"count":5,"href":"https:\/\/www.ludwig-van.com\/montreal\/wp-json\/wp\/v2\/posts\/85014\/revisions"}],"predecessor-version":[{"id":85047,"href":"https:\/\/www.ludwig-van.com\/montreal\/wp-json\/wp\/v2\/posts\/85014\/revisions\/85047"}],"wp:featuredmedia":[{"embeddable":true,"href":"https:\/\/www.ludwig-van.com\/montreal\/wp-json\/wp\/v2\/media\/85015"}],"wp:attachment":[{"href":"https:\/\/www.ludwig-van.com\/montreal\/wp-json\/wp\/v2\/media?parent=85014"}],"wp:term":[{"taxonomy":"category","embeddable":true,"href":"https:\/\/www.ludwig-van.com\/montreal\/wp-json\/wp\/v2\/categories?post=85014"},{"taxonomy":"post_tag","embeddable":true,"href":"https:\/\/www.ludwig-van.com\/montreal\/wp-json\/wp\/v2\/tags?post=85014"},{"taxonomy":"yst_prominent_words","embeddable":true,"href":"https:\/\/www.ludwig-van.com\/montreal\/wp-json\/wp\/v2\/yst_prominent_words?post=85014"}],"curies":[{"name":"wp","href":"https:\/\/api.w.org\/{rel}","templated":true}]}}