{"id":85003,"date":"2024-11-20T16:15:26","date_gmt":"2024-11-20T21:15:26","guid":{"rendered":"https:\/\/www.ludwig-van.com\/montreal\/?p=85003"},"modified":"2024-11-21T07:00:02","modified_gmt":"2024-11-21T12:00:02","slug":"dossier-la-philharmonie-luxembourg-un-ecrin-dexception","status":"publish","type":"post","link":"https:\/\/www.ludwig-van.com\/montreal\/2024\/11\/20\/dossier-la-philharmonie-luxembourg-un-ecrin-dexception\/","title":{"rendered":"DOSSIER | La Philharmonie Luxembourg : un \u00e9crin d\u2019exception"},"content":{"rendered":"<figure id=\"attachment_85006\" aria-describedby=\"caption-attachment-85006\" style=\"width: 1200px\" class=\"wp-caption aligncenter\"><img decoding=\"async\" loading=\"lazy\" class=\"wp-image-85006 size-full\" src=\"https:\/\/www.ludwig-van.com\/montreal\/wp-content\/uploads\/sites\/3\/2024\/11\/Copie-de-DOSSIER1.jpg\" alt=\"Ext\u00e9rieur de la Philharmonie Luxembourg (Photo : Lena Le Roy sur Unsplash)\" width=\"1200\" height=\"628\" srcset=\"https:\/\/www.ludwig-van.com\/montreal\/wp-content\/uploads\/sites\/3\/2024\/11\/Copie-de-DOSSIER1.jpg 1200w, https:\/\/www.ludwig-van.com\/montreal\/wp-content\/uploads\/sites\/3\/2024\/11\/Copie-de-DOSSIER1-300x157.jpg 300w, https:\/\/www.ludwig-van.com\/montreal\/wp-content\/uploads\/sites\/3\/2024\/11\/Copie-de-DOSSIER1-1024x536.jpg 1024w, https:\/\/www.ludwig-van.com\/montreal\/wp-content\/uploads\/sites\/3\/2024\/11\/Copie-de-DOSSIER1-768x402.jpg 768w\" sizes=\"(max-width: 1200px) 100vw, 1200px\" \/><figcaption id=\"caption-attachment-85006\" class=\"wp-caption-text\">Ext\u00e9rieur de la Philharmonie Luxembourg (Photo : Lena Le Roy sur Unsplash)<\/figcaption><\/figure>\n<p>Nous poursuivons notre exploration des salles prestigieuses visit\u00e9es par l&rsquo;OSM dans le cadre de sa tourn\u00e9e europ\u00e9enne en nous arr\u00eatant aujourd&rsquo;hui \u00e0 la <strong>Philharmonie Luxembourg<\/strong>.<\/p>\n<p>Inaugur\u00e9e en 2005, au terme d&rsquo;une construction qui a co\u00fbt\u00e9 107 millions d&rsquo;euros, la <strong>Philharmonie Luxembourg<\/strong> est rapidement devenue un pilier de la sc\u00e8ne musicale europ\u00e9enne. Situ\u00e9e dans le dynamique quartier des affaires de Kirchberg, au c\u0153ur de la capitale luxembourgeoise, ce centre culturel multidisciplinaire accueille plus de 500 \u00e9v\u00e9nements par an. Des concerts de musique classique aux exp\u00e9riences musicales innovantes, la Philharmonie se distingue par la diversit\u00e9 de ses programmations, un \u00ab lieu de vie et de musique au service de tous \u00bb.<\/p>\n<p>L\u2019architecte <strong>Christian de Portzamparc<\/strong> a con\u00e7u un b\u00e2timent \u00e0 la fois moderne et intemporel, avec une structure de colonnes qui symbolise le mouvement et l&rsquo;harmonie sonore. Par les formes choisies, <strong>de Portzamparc<\/strong> a voulu incarner la nature physique du ph\u00e9nom\u00e8ne sonore, pour accompagner la nature m\u00e9taphysique de celui-ci ressentie par les auditeurs et auditrices.<\/p>\n<p>L\u2019un des joyaux du complexe est sans doute le Grand Auditorium, un espace de style \u00ab\u00a0shoebox\u00a0\u00bb (comme la Maison symphonique) dont les excellentes qualit\u00e9s acoustiques le place parmi les dix meilleures salles au monde, selon le site de la Philharmonie. La salle a \u00e9t\u00e9 baptis\u00e9e par la cr\u00e9ation de la <em>Symphonie <abbr class=\"abbr\" title=\"num\u00e9ro\">n<sup>o<\/sup><\/abbr> 8<\/em> du compositeur polonais Krzysztof Penderecki interpr\u00e9t\u00e9e par l&rsquo;Orchestre philharmonique du Luxembourg, une commande du Grand-Duch\u00e9 de Luxembourg.<\/p>\n<p>Le complexe comprend \u00e9galement une Salle de musique de chambre au plafond \u00e9toil\u00e9, des foyers offrant une vue spectaculaire sur la ville, des salles de r\u00e9p\u00e9tition ainsi qu\u2019un Espace D\u00e9couverte pour les jeunes spectateurs.<\/p>\n<p>La Philharmonie a accueilli de nombreux artistes prestigieux, dont la violoniste moldave <strong>Patricia Kopatchinskaja<\/strong>, qui y a interpr\u00e9t\u00e9 le <em>Concerto pour violon<\/em> de Francisco Coll, sp\u00e9cialement \u00e9crit pour elle. D\u2019autres solistes, comme la violoniste russe <strong>Arabella Steinbacher<\/strong> et des chef\u00b7fe\u00b7s d&rsquo;orchestre renomm\u00e9\u00b7e\u00b7s tel\u00b7le\u00b7s que Sir John Eliot Gardiner et Simone Young ont marqu\u00e9 l\u2019histoire du du Grand Auditorium.<\/p>\n<p>L&rsquo;<strong>Orchestre Philharmonique du Luxembourg<\/strong>, install\u00e9 dans la Philharmonie depuis l&rsquo;ouverture de celle-ci, est dirig\u00e9 depuis 2015 et jusqu&rsquo;\u00e0 la conclusion de la saison 2024-2025 par le chef <strong>Gustavo Gimeno<\/strong>, qui est \u00e9galement directeur musical de l&rsquo;Orchestre symphonique de Toronto.<\/p>\n<h3>Un clin d\u2019\u0153il qu\u00e9b\u00e9cois<\/h3>\n<p>Petit clin d\u2019\u0153il : pour annoncer le concert de l&rsquo;OSM, le site officiel de la Philharmonie initie ses visiteurs \u00e0 l\u2019expression qu\u00e9b\u00e9coise \u00ab \u00eatre aux petits oiseaux \u00bb, leur promettant que ce concert de la phalange qu\u00e9b\u00e9coise suscitera le sentiment de bonheur y correspondant!<\/p>\n<h2><em>Inscrivez-vous \u00e0 notre infolettre! La musique classique et l\u2019op\u00e9ra en 5 minutes, chaque jour<\/em>\u00a0\u00a0<a href=\"https:\/\/ludwig-van.us9.list-manage.com\/subscribe?u=4f785cb3f9058f2393ccad035&amp;id=b9b160c032\" target=\"_blank\" rel=\"noopener noreferrer\">ICI\u00a0<\/a><\/h2>\n","protected":false},"excerpt":{"rendered":"<p>Nous poursuivons notre exploration des salles prestigieuses visit\u00e9es par l&rsquo;OSM dans le cadre de sa tourn\u00e9e europ\u00e9enne en nous arr\u00eatant aujourd&rsquo;hui \u00e0 la Philharmonie du Luxembourg.<\/p>\n","protected":false},"author":86,"featured_media":85006,"comment_status":"open","ping_status":"open","sticky":false,"template":"","format":"standard","meta":{"om_disable_all_campaigns":false,"jetpack_post_was_ever_published":false},"categories":[42107,11009],"tags":[42106,42288],"yst_prominent_words":[10175,18205,29015,15198,10443,26034,9811,10167,33372,15553,26033,10710,17391,12486,9839],"acf":[],"jetpack_featured_media_url":"https:\/\/www.ludwig-van.com\/montreal\/wp-content\/uploads\/sites\/3\/2024\/11\/Copie-de-DOSSIER1.jpg","jetpack_sharing_enabled":true,"jetpack_shortlink":"https:\/\/wp.me\/p9bdYt-m71","amp_enabled":true,"_links":{"self":[{"href":"https:\/\/www.ludwig-van.com\/montreal\/wp-json\/wp\/v2\/posts\/85003"}],"collection":[{"href":"https:\/\/www.ludwig-van.com\/montreal\/wp-json\/wp\/v2\/posts"}],"about":[{"href":"https:\/\/www.ludwig-van.com\/montreal\/wp-json\/wp\/v2\/types\/post"}],"author":[{"embeddable":true,"href":"https:\/\/www.ludwig-van.com\/montreal\/wp-json\/wp\/v2\/users\/86"}],"replies":[{"embeddable":true,"href":"https:\/\/www.ludwig-van.com\/montreal\/wp-json\/wp\/v2\/comments?post=85003"}],"version-history":[{"count":8,"href":"https:\/\/www.ludwig-van.com\/montreal\/wp-json\/wp\/v2\/posts\/85003\/revisions"}],"predecessor-version":[{"id":85022,"href":"https:\/\/www.ludwig-van.com\/montreal\/wp-json\/wp\/v2\/posts\/85003\/revisions\/85022"}],"wp:featuredmedia":[{"embeddable":true,"href":"https:\/\/www.ludwig-van.com\/montreal\/wp-json\/wp\/v2\/media\/85006"}],"wp:attachment":[{"href":"https:\/\/www.ludwig-van.com\/montreal\/wp-json\/wp\/v2\/media?parent=85003"}],"wp:term":[{"taxonomy":"category","embeddable":true,"href":"https:\/\/www.ludwig-van.com\/montreal\/wp-json\/wp\/v2\/categories?post=85003"},{"taxonomy":"post_tag","embeddable":true,"href":"https:\/\/www.ludwig-van.com\/montreal\/wp-json\/wp\/v2\/tags?post=85003"},{"taxonomy":"yst_prominent_words","embeddable":true,"href":"https:\/\/www.ludwig-van.com\/montreal\/wp-json\/wp\/v2\/yst_prominent_words?post=85003"}],"curies":[{"name":"wp","href":"https:\/\/api.w.org\/{rel}","templated":true}]}}