{"id":84985,"date":"2024-11-19T16:59:53","date_gmt":"2024-11-19T21:59:53","guid":{"rendered":"https:\/\/www.ludwig-van.com\/montreal\/?p=84985"},"modified":"2026-04-10T12:00:05","modified_gmt":"2026-04-10T16:00:05","slug":"dossier-le-barbican-de-londres-premiere-escale-de-losm-ce-soir","status":"publish","type":"post","link":"https:\/\/www.ludwig-van.com\/montreal\/2024\/11\/19\/dossier-le-barbican-de-londres-premiere-escale-de-losm-ce-soir\/","title":{"rendered":"DOSSIER | Le Barbican de Londres, premi\u00e8re escale de l&rsquo;OSM ce soir"},"content":{"rendered":"<p><img decoding=\"async\" loading=\"lazy\" class=\"aligncenter size-full wp-image-84986\" src=\"https:\/\/www.ludwig-van.com\/montreal\/wp-content\/uploads\/sites\/3\/2024\/11\/Copie-de-DOSSIER.jpg\" alt=\"\" width=\"1200\" height=\"628\" srcset=\"https:\/\/www.ludwig-van.com\/montreal\/wp-content\/uploads\/sites\/3\/2024\/11\/Copie-de-DOSSIER.jpg 1200w, https:\/\/www.ludwig-van.com\/montreal\/wp-content\/uploads\/sites\/3\/2024\/11\/Copie-de-DOSSIER-300x157.jpg 300w, https:\/\/www.ludwig-van.com\/montreal\/wp-content\/uploads\/sites\/3\/2024\/11\/Copie-de-DOSSIER-1024x536.jpg 1024w, https:\/\/www.ludwig-van.com\/montreal\/wp-content\/uploads\/sites\/3\/2024\/11\/Copie-de-DOSSIER-768x402.jpg 768w\" sizes=\"(max-width: 1200px) 100vw, 1200px\" \/><\/p>\n<p>Pour accompagner en pens\u00e9e l&rsquo;<strong>OSM<\/strong> qui commence sa tourn\u00e9e dans les salles les plus prestigieuses de l&rsquo;autre c\u00f4t\u00e9 de l&rsquo;Atlantique, Ludwig van Montr\u00e9al vous propose une s\u00e9rie d\u00e9crivant ces salles et leur signification historique, culturelle ou musicale.<\/p>\n<h3>Premi\u00e8re escale : le Barbican de Londres<\/h3>\n<p>La premi\u00e8re escale de la tourn\u00e9e est la salle de concert du <strong>Barbican<\/strong>, un v\u00e9ritable embl\u00e8me culturel de la capitale britannique. Ce complexe architectural unique, \u00e9rig\u00e9 sur d\u2019anciennes fondations romaines, a \u00e9t\u00e9 inaugur\u00e9 en 1982 apr\u00e8s plus d\u2019une d\u00e9cennie de travaux. Incarnant l\u2019architecture brutaliste dans toute sa splendeur, gr\u00e2ce aux architectes Chamberlain, Powell et Bon, il a \u00e9t\u00e9 class\u00e9 monument historique en 2001.<\/p>\n<p>Le <strong>Barbican<\/strong> est bien plus qu\u2019une salle de concert : c\u2019est un \u00e9cosyst\u00e8me culturel. Con\u00e7u pour inciter les habitant\u00b7e\u00b7s de Londres \u00e0 revenir s&rsquo;installer dans la <em>City<\/em> apr\u00e8s que la population y ait \u00e9t\u00e9 d\u00e9cim\u00e9e par la destruction apport\u00e9e par la Deuxi\u00e8me Guerre mondiale, il abrite des r\u00e9sidences, la <strong>Guildhall School of Music<\/strong>, une \u00e9cole pour jeunes filles, des galeries d\u2019art, des th\u00e9\u00e2tres, des cin\u00e9mas, un conservatoire tropical, ainsi que des biblioth\u00e8ques et restaurants. Son nom d\u2019origine latine, Barbecana, d\u00e9signant un avant-poste fortifi\u00e9, refl\u00e8te sans doute la volont\u00e9 de la Corporation de la Cit\u00e9 de Londres, troisi\u00e8me plus important m\u00e9c\u00e8ne des arts au Royaume-Uni qui g\u00e8re le complexe, \u00e0 se positionner comme un d\u00e9fenseur et un protecteur de la libre expression artistique. Sa salle de concert, le <strong>Barbican Hall<\/strong>, est la r\u00e9sidence du <strong>London Symphony Orchestra<\/strong> (LSO) et du <strong>BBC Symphony Orchestra<\/strong>. Avec une capacit\u00e9 de 1 943 places, elle s&rsquo;approche du compte de la Maison symphonique de Montr\u00e9al qui compte 2 100 si\u00e8ges.<\/p>\n<p>&nbsp;<\/p>\n<figure id=\"attachment_84990\" aria-describedby=\"caption-attachment-84990\" style=\"width: 1200px\" class=\"wp-caption aligncenter\"><img decoding=\"async\" loading=\"lazy\" class=\"size-full wp-image-84990\" src=\"https:\/\/www.ludwig-van.com\/montreal\/wp-content\/uploads\/sites\/3\/2024\/11\/Barbican_andreas-karamalikis-K6TizpXNpc-unsplash.jpg\" alt=\"Le complexe Barbican est un exemple d'architecture brutaliste. (Photo : Andreas Karamalikis sur Unsplash)\" width=\"1200\" height=\"800\" srcset=\"https:\/\/www.ludwig-van.com\/montreal\/wp-content\/uploads\/sites\/3\/2024\/11\/Barbican_andreas-karamalikis-K6TizpXNpc-unsplash.jpg 1200w, https:\/\/www.ludwig-van.com\/montreal\/wp-content\/uploads\/sites\/3\/2024\/11\/Barbican_andreas-karamalikis-K6TizpXNpc-unsplash-300x200.jpg 300w, https:\/\/www.ludwig-van.com\/montreal\/wp-content\/uploads\/sites\/3\/2024\/11\/Barbican_andreas-karamalikis-K6TizpXNpc-unsplash-1024x683.jpg 1024w, https:\/\/www.ludwig-van.com\/montreal\/wp-content\/uploads\/sites\/3\/2024\/11\/Barbican_andreas-karamalikis-K6TizpXNpc-unsplash-768x512.jpg 768w\" sizes=\"(max-width: 1200px) 100vw, 1200px\" \/><figcaption id=\"caption-attachment-84990\" class=\"wp-caption-text\">Le complexe Barbican est un exemple d&rsquo;architecture brutaliste. (Photo : Andreas Karamalikis sur Unsplash)<\/figcaption><\/figure>\n<h3>Un lieu de cr\u00e9ations marquantes<\/h3>\n<p>Le <strong>Barbican<\/strong> est r\u00e9put\u00e9 pour accueillir des \u0153uvres in\u00e9dites. Parmi les plus r\u00e9centes, on peut citer <em>Letters from Bachville<\/em> de la compositrice franco-am\u00e9ricaine Betsy Jolas, donn\u00e9e en premi\u00e8re britannique par l&rsquo;Orchestre symphonique de la BBC sous la direction du chef finlandais Sakari Oramo en 2021, l\u2019\u0153uvre<em> White Juju <\/em>du jeune saxophoniste et musicien jazz-hip-hop britannique Soweto Kinch en r\u00e9ponse au mouvement Black Lives Matter et \u00e0 l&rsquo;histoire de la communaut\u00e9 noire de Londres, ainsi que <em>Beowulf<\/em> d\u2019Iain Bell, une \u00e9pop\u00e9e chorale narr\u00e9e par l\u2019actrice Ruth Wilson en 2023.<\/p>\n<p>Des artistes de renom, tels que le pianiste <strong>Lang Lang<\/strong>, les mezzo-sopranos <strong>Joyce DiDonato<\/strong> et <strong>Dame Sarah Connolly<\/strong>, ainsi que la violoniste <strong>Nicola Benedetti<\/strong>, se sont produits sur cette sc\u00e8ne. Parmi les chefs d\u2019orchestre invit\u00e9s, citons l\u2019ancien directeur musical de l&rsquo;Orchestre philharmonique de Berlin maintenant \u00e9troitement li\u00e9 au LSO, <strong>Simon Rattle<\/strong>, <strong>Susanna M\u00e4lkki<\/strong>, <strong>Bernard Haitink<\/strong>, reconnu pour ses interpr\u00e9tations des symphonies de Bruckner et Mahler ou encore <strong>Barbara Hannigan<\/strong>, r\u00e9guli\u00e8rement invit\u00e9e au Barbican.<\/p>\n<h3>Le programme de l\u2019OSM<\/h3>\n<p>Pour son premier concert de la tourn\u00e9e, l\u2019<strong>OSM<\/strong> reprend la <em>Symphonie fantastique<\/em> pr\u00e9sent\u00e9e \u00e0 Montr\u00e9al en septembre dernier (et dont un enregistrement ouvert au public aura d&rsquo;ailleurs lieu \u00e0 la Maison symphonique en d\u00e9cembre). Le programme ouvre avec <em>Jeder Baum spricht <\/em>du compositeur irano-canadien Iman Habibi, suivie du <em>Concerto pour piano n\u00b0 1<\/em> de Beethoven, interpr\u00e9t\u00e9 par le pianiste espagnol <strong>Javier Perianes<\/strong>.<\/p>\n<p>Une particularit\u00e9 notable : les cloches de carillon r\u00e9cemment acquises par l&rsquo;OSM font \u00e9galement partie du voyage!<\/p>\n<h2><em>Inscrivez-vous \u00e0 notre infolettre! La musique classique et l\u2019op\u00e9ra en 5 minutes, chaque jour<\/em>\u00a0\u00a0<a href=\"https:\/\/ludwig-van.us9.list-manage.com\/subscribe?u=4f785cb3f9058f2393ccad035&amp;id=b9b160c032\" target=\"_blank\" rel=\"noopener noreferrer\">ICI\u00a0<\/a><\/h2>\n","protected":false},"excerpt":{"rendered":"<p>Pour accompagner en pens\u00e9e l&rsquo;OSM qui commence sa tourn\u00e9e dans les salles les plus prestigieuses de l&rsquo;autre c\u00f4t\u00e9 de l&rsquo;Atlantique, Ludwig van Montr\u00e9al vous propose une s\u00e9rie pr\u00e9sentant d\u00e9crivant ses salles et leur signification historique, culturelle ou musicale. Aujourd&rsquo;hui, le Barbican de Londres.<\/p>\n","protected":false},"author":86,"featured_media":84986,"comment_status":"open","ping_status":"open","sticky":false,"template":"","format":"standard","meta":{"om_disable_all_campaigns":false,"jetpack_post_was_ever_published":false},"categories":[42107,11009],"tags":[42106,2542],"yst_prominent_words":[19803,18205,7202,15179,10543,16003,9869,7694,13255,9323,10710,14363,17391,9839,6826,11707],"acf":[],"jetpack_featured_media_url":"https:\/\/www.ludwig-van.com\/montreal\/wp-content\/uploads\/sites\/3\/2024\/11\/Copie-de-DOSSIER.jpg","jetpack_sharing_enabled":true,"jetpack_shortlink":"https:\/\/wp.me\/p9bdYt-m6J","amp_enabled":true,"_links":{"self":[{"href":"https:\/\/www.ludwig-van.com\/montreal\/wp-json\/wp\/v2\/posts\/84985"}],"collection":[{"href":"https:\/\/www.ludwig-van.com\/montreal\/wp-json\/wp\/v2\/posts"}],"about":[{"href":"https:\/\/www.ludwig-van.com\/montreal\/wp-json\/wp\/v2\/types\/post"}],"author":[{"embeddable":true,"href":"https:\/\/www.ludwig-van.com\/montreal\/wp-json\/wp\/v2\/users\/86"}],"replies":[{"embeddable":true,"href":"https:\/\/www.ludwig-van.com\/montreal\/wp-json\/wp\/v2\/comments?post=84985"}],"version-history":[{"count":14,"href":"https:\/\/www.ludwig-van.com\/montreal\/wp-json\/wp\/v2\/posts\/84985\/revisions"}],"predecessor-version":[{"id":92700,"href":"https:\/\/www.ludwig-van.com\/montreal\/wp-json\/wp\/v2\/posts\/84985\/revisions\/92700"}],"wp:featuredmedia":[{"embeddable":true,"href":"https:\/\/www.ludwig-van.com\/montreal\/wp-json\/wp\/v2\/media\/84986"}],"wp:attachment":[{"href":"https:\/\/www.ludwig-van.com\/montreal\/wp-json\/wp\/v2\/media?parent=84985"}],"wp:term":[{"taxonomy":"category","embeddable":true,"href":"https:\/\/www.ludwig-van.com\/montreal\/wp-json\/wp\/v2\/categories?post=84985"},{"taxonomy":"post_tag","embeddable":true,"href":"https:\/\/www.ludwig-van.com\/montreal\/wp-json\/wp\/v2\/tags?post=84985"},{"taxonomy":"yst_prominent_words","embeddable":true,"href":"https:\/\/www.ludwig-van.com\/montreal\/wp-json\/wp\/v2\/yst_prominent_words?post=84985"}],"curies":[{"name":"wp","href":"https:\/\/api.w.org\/{rel}","templated":true}]}}