{"id":84948,"date":"2024-11-18T13:15:20","date_gmt":"2024-11-18T18:15:20","guid":{"rendered":"https:\/\/www.ludwig-van.com\/montreal\/?p=84948"},"modified":"2024-11-18T13:51:00","modified_gmt":"2024-11-18T18:51:00","slug":"choix-de-la-redaction-30","status":"publish","type":"post","link":"https:\/\/www.ludwig-van.com\/montreal\/2024\/11\/18\/choix-de-la-redaction-30\/","title":{"rendered":"CHOIX DE LA R\u00c9DACTION | De Hamlet \u00e0 La belle meuni\u00e8re, la voix est \u00e0 l&rsquo;honneur cette semaine!"},"content":{"rendered":"<figure id=\"attachment_84961\" aria-describedby=\"caption-attachment-84961\" style=\"width: 1200px\" class=\"wp-caption aligncenter\"><img decoding=\"async\" loading=\"lazy\" class=\"size-full wp-image-84961\" src=\"https:\/\/www.ludwig-van.com\/montreal\/wp-content\/uploads\/sites\/3\/2024\/11\/Copie-de-CONCERTS-1.jpg\" alt=\"Elliot Madore en Hamlet (Photo : Vivien Gaumand); le Gala Talent 2023 (Photo : Tam Photography); Les Rugissants (Photo : Maryse Boyce)\" width=\"1200\" height=\"628\" srcset=\"https:\/\/www.ludwig-van.com\/montreal\/wp-content\/uploads\/sites\/3\/2024\/11\/Copie-de-CONCERTS-1.jpg 1200w, https:\/\/www.ludwig-van.com\/montreal\/wp-content\/uploads\/sites\/3\/2024\/11\/Copie-de-CONCERTS-1-300x157.jpg 300w, https:\/\/www.ludwig-van.com\/montreal\/wp-content\/uploads\/sites\/3\/2024\/11\/Copie-de-CONCERTS-1-1024x536.jpg 1024w, https:\/\/www.ludwig-van.com\/montreal\/wp-content\/uploads\/sites\/3\/2024\/11\/Copie-de-CONCERTS-1-768x402.jpg 768w\" sizes=\"(max-width: 1200px) 100vw, 1200px\" \/><figcaption id=\"caption-attachment-84961\" class=\"wp-caption-text\">Elliot Madore en Hamlet (Photo : Vivien Gaumand); le Gala Talent 2023 (Photo : Tam Photography); Les Rugissants (Photo : Maryse Boyce)<\/figcaption><\/figure>\n<p>La voix, en solo et en ch\u0153ur, est vraiment \u00e0 l&rsquo;honneur en cette semaine regorgeant de concerts uniques o\u00f9 vous pourrez, \u00e0 votre guise, d\u00e9couvrir de nouveaux venus sur la sc\u00e8ne musicale ou (r\u00e9)entendre vos artistes pr\u00e9f\u00e9r\u00e9\u00b7e\u00b7s bien \u00e9tabli\u00b7e\u00b7s. L&rsquo;occasion est \u00e9galement offerte de d\u00e9couvrir les univers musicaux d<strong>&lsquo;\u00c9mile Proulx-Cloutier<\/strong>, acteur, ou <strong>Bruny Surin<\/strong>, athl\u00e8te olympique.<\/p>\n<p>&nbsp;<\/p>\n<figure id=\"attachment_84952\" aria-describedby=\"caption-attachment-84952\" style=\"width: 1200px\" class=\"wp-caption aligncenter\"><img decoding=\"async\" loading=\"lazy\" class=\"size-full wp-image-84952\" src=\"https:\/\/www.ludwig-van.com\/montreal\/wp-content\/uploads\/sites\/3\/2024\/11\/Elliot-Madore-dans-HAMLET_\u00a9VivienGaumand_28.jpg\" alt=\"Elliot Madore dans le r\u00f4le-titre de l'op\u00e9ra Hamlet \u00e0 l'Op\u00e9ra de Montr\u00e9al. (Photo : Vivien Gaumand)\" width=\"1200\" height=\"800\" srcset=\"https:\/\/www.ludwig-van.com\/montreal\/wp-content\/uploads\/sites\/3\/2024\/11\/Elliot-Madore-dans-HAMLET_\u00a9VivienGaumand_28.jpg 1200w, https:\/\/www.ludwig-van.com\/montreal\/wp-content\/uploads\/sites\/3\/2024\/11\/Elliot-Madore-dans-HAMLET_\u00a9VivienGaumand_28-300x200.jpg 300w, https:\/\/www.ludwig-van.com\/montreal\/wp-content\/uploads\/sites\/3\/2024\/11\/Elliot-Madore-dans-HAMLET_\u00a9VivienGaumand_28-1024x683.jpg 1024w, https:\/\/www.ludwig-van.com\/montreal\/wp-content\/uploads\/sites\/3\/2024\/11\/Elliot-Madore-dans-HAMLET_\u00a9VivienGaumand_28-768x512.jpg 768w\" sizes=\"(max-width: 1200px) 100vw, 1200px\" \/><figcaption id=\"caption-attachment-84952\" class=\"wp-caption-text\">Elliot Madore dans le r\u00f4le-titre de l&rsquo;op\u00e9ra Hamlet \u00e0 l&rsquo;Op\u00e9ra de Montr\u00e9al. (Photo : Vivien Gaumand)<\/figcaption><\/figure>\n<h3>Op\u00e9ra de Montr\u00e9al &#8211; <em>Hamlet<\/em><\/h3>\n<p>Si vous avez manqu\u00e9 la premi\u00e8re, voici la chance de vous rattraper! Cette adaptation de la c\u00e9l\u00e8bre pi\u00e8ce de Shakespeare a \u00e9t\u00e9 compos\u00e9e par Ambroise Thomas et mise en sc\u00e8ne par <strong>Alain Gauthier<\/strong>. Retrouvez Hamlet, Marcellus, Oph\u00e9lie et autres personnages raconter leurs angoisses face \u00e0 la corruption. Les fameuses citations \u201cIl y a quelque chose de pourri au royaume du Danemark\u201d et \u201c\u00catre ou ne pas \u00eatre, telle est la question\u201d trouveront-elles leur place dans cette version op\u00e9ra de l&rsquo;\u0153uvre? \u00c0 vous de le d\u00e9couvrir! Les solistes et le <strong>Choeur de l\u2019Op\u00e9ra de Montr\u00e9al<\/strong> sont accompagn\u00e9s par l\u2019<strong>Orchestre M\u00e9tropolitain<\/strong>, dirig\u00e9 par <strong>Jacques Lacombe<\/strong>.<\/p>\n<p>LES 19 ET 21 NOVEMBRE, 19 H 30; LE 24 NOVEMBRE, 14 H, SALLE WILFRID-PELLETIER\u00a0 <a href=\"https:\/\/www.operademontreal.com\/programmation\/hamlet\" target=\"_blank\" rel=\"noopener\">D\u00c9TAILS ET BILLETS<\/a><\/p>\n<p>&nbsp;<\/p>\n<p><img decoding=\"async\" loading=\"lazy\" class=\"aligncenter size-full wp-image-83695\" src=\"https:\/\/www.ludwig-van.com\/montreal\/wp-content\/uploads\/sites\/3\/2017\/09\/UdeM_opera_800.jpg\" alt=\"\" width=\"800\" height=\"535\" srcset=\"https:\/\/www.ludwig-van.com\/montreal\/wp-content\/uploads\/sites\/3\/2017\/09\/UdeM_opera_800.jpg 800w, https:\/\/www.ludwig-van.com\/montreal\/wp-content\/uploads\/sites\/3\/2017\/09\/UdeM_opera_800-300x201.jpg 300w, https:\/\/www.ludwig-van.com\/montreal\/wp-content\/uploads\/sites\/3\/2017\/09\/UdeM_opera_800-768x514.jpg 768w\" sizes=\"(max-width: 800px) 100vw, 800px\" \/><\/p>\n<p><strong>Atelier d\u2019op\u00e9ra de l\u2019Universit\u00e9 de Montr\u00e9al &#8211; <em>Une soir\u00e9e \u00e0 l\u2019op\u00e9ra<\/em><\/strong><\/p>\n<p>Dirig\u00e9 par <strong>Richard Margison<\/strong> et <strong>Robin Wheeler<\/strong>, les solistes et le ch\u0153ur de l\u2019<strong>Atelier d\u2019op\u00e9ra de l\u2019UdeM<\/strong> pr\u00e9sentent des airs, ensembles et ch\u0153urs d\u2019op\u00e9ra, accompagn\u00e9s au piano. Vivez des moments \u00e9mouvants gr\u00e2ce \u00e0 des extraits des plus c\u00e9l\u00e8bres \u0153uvres lyriques.<\/p>\n<p>LE 20 NOVEMBRE, 19 H 30, SALLE CLAUDE-CHAMPAGNE\u00a0 <a href=\"https:\/\/www.calendrier.umontreal.ca\/detail\/890101-une-soiree-a-lopera\" target=\"_blank\" rel=\"noopener\">D\u00c9TAILS ET BILLETS<\/a><\/p>\n<p>&nbsp;<\/p>\n<figure id=\"attachment_84957\" aria-describedby=\"caption-attachment-84957\" style=\"width: 1024px\" class=\"wp-caption aligncenter\"><img decoding=\"async\" loading=\"lazy\" class=\"size-full wp-image-84957\" src=\"https:\/\/www.ludwig-van.com\/montreal\/wp-content\/uploads\/sites\/3\/2024\/11\/GalaTalent2023-TamPhotography-135.jpg\" alt=\"Gala Talent 2023 (Photo : Tam Photography)\" width=\"1024\" height=\"683\" srcset=\"https:\/\/www.ludwig-van.com\/montreal\/wp-content\/uploads\/sites\/3\/2024\/11\/GalaTalent2023-TamPhotography-135.jpg 1024w, https:\/\/www.ludwig-van.com\/montreal\/wp-content\/uploads\/sites\/3\/2024\/11\/GalaTalent2023-TamPhotography-135-300x200.jpg 300w, https:\/\/www.ludwig-van.com\/montreal\/wp-content\/uploads\/sites\/3\/2024\/11\/GalaTalent2023-TamPhotography-135-768x512.jpg 768w\" sizes=\"(max-width: 1024px) 100vw, 1024px\" \/><figcaption id=\"caption-attachment-84957\" class=\"wp-caption-text\">Gala Talent 2023 (Photo : Tam Photography)<\/figcaption><\/figure>\n<h3>Gala Talent<\/h3>\n<p>Pour la premi\u00e8re fois, le Gala Talent de l&rsquo;<strong>Atelier lyrique de l&rsquo;Op\u00e9ra de Montr\u00e9al<\/strong> est ouvert au public g\u00e9n\u00e9ral avec une nouvelle cat\u00e9gorie de billets au bas prix de 35 $. Venez d\u00e9couvrir la cohorte 2024 de l&rsquo;Atelier lyrique fra\u00eechement s\u00e9lectionn\u00e9e lors de cet \u00e9v\u00e9nement b\u00e9n\u00e9fice organis\u00e9 par l\u2019Op\u00e9ra de Montr\u00e9al.<\/p>\n<p>LE 20 NOVEMBRE, SALLE WILFRID-PELLETIER, 19 H\u00a0<a href=\"https:\/\/www.operademontreal.com\/evenements\/galatalent\" target=\"_blank\" rel=\"noopener\"> D\u00c9TAILS ET BILLETS<\/a><\/p>\n<p>&nbsp;<\/p>\n<figure id=\"attachment_62262\" aria-describedby=\"caption-attachment-62262\" style=\"width: 1200px\" class=\"wp-caption aligncenter\"><img decoding=\"async\" loading=\"lazy\" class=\"size-full wp-image-62262\" src=\"https:\/\/www.ludwig-van.com\/montreal\/wp-content\/uploads\/sites\/3\/2019\/10\/redim_JF-Lapointe.jpg\" alt=\"Le baryton Jean-Fran\u00e7ois Lapointe, directeur artistique de l'Op\u00e9ra de Qu\u00e9bec, fait partie des artistes contribuant \u00e0 la soir\u00e9e Reconnaissance des JMC. (Photo : courtoisie)\" width=\"1200\" height=\"857\" srcset=\"https:\/\/www.ludwig-van.com\/montreal\/wp-content\/uploads\/sites\/3\/2019\/10\/redim_JF-Lapointe.jpg 1200w, https:\/\/www.ludwig-van.com\/montreal\/wp-content\/uploads\/sites\/3\/2019\/10\/redim_JF-Lapointe-300x214.jpg 300w, https:\/\/www.ludwig-van.com\/montreal\/wp-content\/uploads\/sites\/3\/2019\/10\/redim_JF-Lapointe-768x548.jpg 768w, https:\/\/www.ludwig-van.com\/montreal\/wp-content\/uploads\/sites\/3\/2019\/10\/redim_JF-Lapointe-1024x731.jpg 1024w\" sizes=\"(max-width: 1200px) 100vw, 1200px\" \/><figcaption id=\"caption-attachment-62262\" class=\"wp-caption-text\">Le baryton Jean-Fran\u00e7ois Lapointe (Photo : courtoisie)<\/figcaption><\/figure>\n<h3>Impressions fran\u00e7aises avec l&rsquo;OCM et Jean-Fran\u00e7ois Lapointe<\/h3>\n<p>Ce mercredi, l&rsquo;<strong>Orchestre classique de Montr\u00e9al<\/strong> re\u00e7oit le baryton <strong>Jean-Fran\u00e7ois Lapointe<\/strong>, reconnu comme un grand interpr\u00e8te de la musique fran\u00e7aise. Le chef <strong>Andrei<\/strong> <strong>Feher<\/strong> et les instrumentistes de l&rsquo;<strong>OCM<\/strong> l&rsquo;accompagneront dans des m\u00e9lodies de Faur\u00e9 et Ravel, arrang\u00e9es par <strong>Fran\u00e7ois Valli\u00e8res<\/strong>. L&rsquo;orchestre brillera \u00e9galement dans la <em>Petite symphonie \u00e0 cordes<\/em> de Ravel et la <em>Sinfonietta<\/em> de Roussel. Veuillez noter qu&rsquo;une collecte de v\u00eatements d&rsquo;hiver \u00e0 l&rsquo;intention de nouveaux arrivants est organis\u00e9e dans le foyer \u00e0 partir de 18 h.<\/p>\n<p>LE 20 NOVEMBRE, 19 H 30, SALLE PIERRE-MERCURE\u00a0 <a href=\"https:\/\/orchestre.ca\/impressions-francaises\/\" target=\"_blank\" rel=\"noopener\">D\u00c9TAILS ET BILLETS<\/a><\/p>\n<p>&nbsp;<\/p>\n<figure id=\"attachment_84955\" aria-describedby=\"caption-attachment-84955\" style=\"width: 1000px\" class=\"wp-caption aligncenter\"><img decoding=\"async\" loading=\"lazy\" class=\"size-full wp-image-84955\" src=\"https:\/\/www.ludwig-van.com\/montreal\/wp-content\/uploads\/sites\/3\/2024\/11\/Ambroisine-Bre_Gilles-Kneuse_cropped_1000.jpg\" alt=\"La mezzo-soprano Ambroisine Br\u00e9. (Photo : Gilles Kneus\u00e9)\" width=\"1000\" height=\"836\" srcset=\"https:\/\/www.ludwig-van.com\/montreal\/wp-content\/uploads\/sites\/3\/2024\/11\/Ambroisine-Bre_Gilles-Kneuse_cropped_1000.jpg 1000w, https:\/\/www.ludwig-van.com\/montreal\/wp-content\/uploads\/sites\/3\/2024\/11\/Ambroisine-Bre_Gilles-Kneuse_cropped_1000-300x251.jpg 300w, https:\/\/www.ludwig-van.com\/montreal\/wp-content\/uploads\/sites\/3\/2024\/11\/Ambroisine-Bre_Gilles-Kneuse_cropped_1000-768x642.jpg 768w\" sizes=\"(max-width: 1000px) 100vw, 1000px\" \/><figcaption id=\"caption-attachment-84955\" class=\"wp-caption-text\">La mezzo-soprano Ambroisine Br\u00e9. (Photo : Gilles Kneus\u00e9)<\/figcaption><\/figure>\n<h3>Les Talens Lyriques &#8211; Musique \u00e0 Versailles<\/h3>\n<p>Voyagez dans le temps pour vous retrouver \u00e0 la cour de Versailles aux XVIIe et XVIIIe si\u00e8cle gr\u00e2ce \u00e0 <strong>Les Talens Lyriques<\/strong> et la mezzo-soprano fran\u00e7aise <strong>Ambroisine Bl\u00e9<\/strong> qui interpr\u00e9teront tous les genres pris\u00e9s de l\u2019\u00e9poque : la cantate, le ballet, la trag\u00e9die lyrique et l\u2019air de la cour.<\/p>\n<p>LE 20 NOVEMBRE, 19 H 30, SALLE BOURGIE\u00a0<a href=\"https:\/\/www.mbam.qc.ca\/fr\/activites\/les-talens-lyriques\/\" target=\"_blank\" rel=\"noopener\"> D\u00c9TAILS ET BILLETS<\/a><\/p>\n<p>&nbsp;<\/p>\n<figure id=\"attachment_75298\" aria-describedby=\"caption-attachment-75298\" style=\"width: 640px\" class=\"wp-caption aligncenter\"><img decoding=\"async\" loading=\"lazy\" class=\"size-full wp-image-75298\" src=\"https:\/\/www.ludwig-van.com\/montreal\/wp-content\/uploads\/sites\/3\/2023\/02\/Violaine-Melancon_Meagan-Milatz.png\" alt=\"Violaine Melan\u00e7on, Meagan Milatz (Photos : courtoisie)\" width=\"640\" height=\"360\" \/><figcaption id=\"caption-attachment-75298\" class=\"wp-caption-text\">Violaine Melan\u00e7on, Meagan Milatz (Photos : courtoisie)<\/figcaption><\/figure>\n<h3>Violaine Melan\u00e7on, violon, et Meagan Milatz, piano &#8211; Schulich@Bonpasteur II<\/h3>\n<p>La Chapelle historique du Bon-Pasteur vous convie \u00e0 cette soir\u00e9e avec <strong>Violaine Melan\u00e7on<\/strong> au violon et <strong>Meagan Milatz<\/strong> au piano. Les deux artistes y joueront des sonates et des m\u00e9lodies pour violon et piano par diff\u00e9rents compositeurs.<\/p>\n<p>LE 20 NOVEMBRE, 19 H 30, SALLE PAUL-DESMARAIS <a href=\"https:\/\/lepointdevente.com\/billets\/dwv241120001\" target=\"_blank\" rel=\"noopener\">D\u00c9TAILS ET BILLETS<\/a><\/p>\n<p>&nbsp;<\/p>\n<figure id=\"attachment_84091\" aria-describedby=\"caption-attachment-84091\" style=\"width: 1200px\" class=\"wp-caption aligncenter\"><img decoding=\"async\" loading=\"lazy\" class=\"size-full wp-image-84091\" src=\"https:\/\/www.ludwig-van.com\/montreal\/wp-content\/uploads\/sites\/3\/2024\/09\/SalleBourgie_ConcertOuverture_2024-09-25_Emile-Proulx-Cloutier.jpg\" alt=\"\" width=\"1200\" height=\"800\" srcset=\"https:\/\/www.ludwig-van.com\/montreal\/wp-content\/uploads\/sites\/3\/2024\/09\/SalleBourgie_ConcertOuverture_2024-09-25_Emile-Proulx-Cloutier.jpg 1200w, https:\/\/www.ludwig-van.com\/montreal\/wp-content\/uploads\/sites\/3\/2024\/09\/SalleBourgie_ConcertOuverture_2024-09-25_Emile-Proulx-Cloutier-300x200.jpg 300w, https:\/\/www.ludwig-van.com\/montreal\/wp-content\/uploads\/sites\/3\/2024\/09\/SalleBourgie_ConcertOuverture_2024-09-25_Emile-Proulx-Cloutier-1024x683.jpg 1024w, https:\/\/www.ludwig-van.com\/montreal\/wp-content\/uploads\/sites\/3\/2024\/09\/SalleBourgie_ConcertOuverture_2024-09-25_Emile-Proulx-Cloutier-768x512.jpg 768w\" sizes=\"(max-width: 1200px) 100vw, 1200px\" \/><figcaption id=\"caption-attachment-84091\" class=\"wp-caption-text\">Le com\u00e9dien \u00c9mile Proulx-Cloutier. (Photo : courtoisie Salle Bourgie)<\/figcaption><\/figure>\n<h3>Orchestre de l\u2019Agora &#8211; \u00c9mile Proulx-Cloutier Symphonique<\/h3>\n<p>Entrez dans l\u2019univers musical d\u2019<strong>\u00c9mile Proulx-Cloutier<\/strong> le temps de deux concerts \u00e9v\u00e9nements, le 22 novembre et le 7 d\u00e9cembre. Il sera accompagn\u00e9 par l\u2019<strong>Orchestre de l\u2019Agora<\/strong>, dirig\u00e9 par <strong>Nicolas Ellis<\/strong> pour interpr\u00e9ter les arrangements de <strong>Fran\u00e7ois Valli\u00e8res<\/strong> et de <strong>Guido Del Fabbro<\/strong>.<\/p>\n<p>LE 22 NOVEMBRE, 20 H, MAISON SYMPHONIQUE\u00a0<a href=\"https:\/\/orchestreagora.com\/saison-2024-2025\/emile-proulx-cloutier-symphonique\/\" target=\"_blank\" rel=\"noopener\"> D\u00c9TAILS ET BILLETS<\/a><\/p>\n<p>&nbsp;<\/p>\n<figure id=\"attachment_83496\" aria-describedby=\"caption-attachment-83496\" style=\"width: 1200px\" class=\"wp-caption aligncenter\"><img decoding=\"async\" loading=\"lazy\" class=\"size-full wp-image-83496\" src=\"https:\/\/www.ludwig-van.com\/montreal\/wp-content\/uploads\/sites\/3\/2024\/08\/raphaelfeuillatre_hoederath-5_1200.jpg\" alt=\"Rapha\u00ebl Feuill\u00e2tre, guitariste. (Photo : Hoederath)\" width=\"1200\" height=\"800\" srcset=\"https:\/\/www.ludwig-van.com\/montreal\/wp-content\/uploads\/sites\/3\/2024\/08\/raphaelfeuillatre_hoederath-5_1200.jpg 1200w, https:\/\/www.ludwig-van.com\/montreal\/wp-content\/uploads\/sites\/3\/2024\/08\/raphaelfeuillatre_hoederath-5_1200-300x200.jpg 300w, https:\/\/www.ludwig-van.com\/montreal\/wp-content\/uploads\/sites\/3\/2024\/08\/raphaelfeuillatre_hoederath-5_1200-1024x683.jpg 1024w, https:\/\/www.ludwig-van.com\/montreal\/wp-content\/uploads\/sites\/3\/2024\/08\/raphaelfeuillatre_hoederath-5_1200-768x512.jpg 768w\" sizes=\"(max-width: 1200px) 100vw, 1200px\" \/><figcaption id=\"caption-attachment-83496\" class=\"wp-caption-text\">Rapha\u00ebl Feuill\u00e2tre, guitariste. (Photo : Hoederath)<\/figcaption><\/figure>\n<h3>Rapha\u00ebl Feuill\u00e2tre, guitare<\/h3>\n<p>En 2023, <strong>Rapha\u00ebl Feuill\u00e2tre<\/strong> figurait en deuxi\u00e8me position des artistes de musique classique les plus \u00e9cout\u00e9s au monde sur Apple Music. D\u00e9couvrez ce nouveau visage de la guitare classique qui fascine d\u00e9j\u00e0 le public et la critique par ses interpr\u00e9tations, sa virtuosit\u00e9 et son r\u00e9pertoire.<\/p>\n<p>LE 22 NOVEMBRE, 19 H 30, SALLE BOURGIE\u00a0 <a href=\"https:\/\/www.mbam.qc.ca\/fr\/activites\/raphael-feuillatre\/\" target=\"_blank\" rel=\"noopener\">D\u00c9TAILS ET BILLETS<\/a><\/p>\n<p>&nbsp;<\/p>\n<p><img decoding=\"async\" loading=\"lazy\" class=\"aligncenter size-full wp-image-84964\" src=\"https:\/\/www.ludwig-van.com\/montreal\/wp-content\/uploads\/sites\/3\/2024\/11\/Pentaedre-Annees-folles_1000.png\" alt=\"\" width=\"1000\" height=\"993\" srcset=\"https:\/\/www.ludwig-van.com\/montreal\/wp-content\/uploads\/sites\/3\/2024\/11\/Pentaedre-Annees-folles_1000.png 1000w, https:\/\/www.ludwig-van.com\/montreal\/wp-content\/uploads\/sites\/3\/2024\/11\/Pentaedre-Annees-folles_1000-300x298.png 300w, https:\/\/www.ludwig-van.com\/montreal\/wp-content\/uploads\/sites\/3\/2024\/11\/Pentaedre-Annees-folles_1000-150x150.png 150w, https:\/\/www.ludwig-van.com\/montreal\/wp-content\/uploads\/sites\/3\/2024\/11\/Pentaedre-Annees-folles_1000-768x763.png 768w\" sizes=\"(max-width: 1000px) 100vw, 1000px\" \/><\/p>\n<h3>Penta\u00e8dre et les Ann\u00e9es folles<\/h3>\n<p>Le quintette <strong>Penta\u00e8dre<\/strong> pr\u00e9sente son \u00e9v\u00e9nement-b\u00e9n\u00e9fice aux couleurs des Ann\u00e9es folles ce samedi 23 novembre dans le cadre Art d\u00e9co du Crew Collective &amp; Caf\u00e9 de la rue Saint-Jacques. Les deux s\u00e9ances, une \u00e0 18 h et l&rsquo;autre \u00e0 20 h 30, seront anim\u00e9es par la chroniqueuse culturelle <strong>Katerine Verebely<\/strong>.<\/p>\n<p>LE 23 NOVEMBRE, 18 H ET 20 H 30, CREW COLLECTIVE &amp; CAF\u00c9\u00a0 <a href=\"https:\/\/pentaedre.com\/fr\" target=\"_blank\" rel=\"noopener\">D\u00c9TAILS ET BILLETS<\/a><\/p>\n<p>&nbsp;<\/p>\n<figure id=\"attachment_50248\" aria-describedby=\"caption-attachment-50248\" style=\"width: 697px\" class=\"wp-caption aligncenter\"><img decoding=\"async\" loading=\"lazy\" class=\"size-full wp-image-50248\" src=\"https:\/\/www.ludwig-van.com\/montreal\/wp-content\/uploads\/sites\/3\/2017\/12\/Garcia_Alarcon-photo-Franck-Ferville-calendar.jpg\" alt=\"Leonardo Garc\u00eda Alarc\u00f3n\" width=\"697\" height=\"437\" srcset=\"https:\/\/www.ludwig-van.com\/montreal\/wp-content\/uploads\/sites\/3\/2017\/12\/Garcia_Alarcon-photo-Franck-Ferville-calendar.jpg 697w, https:\/\/www.ludwig-van.com\/montreal\/wp-content\/uploads\/sites\/3\/2017\/12\/Garcia_Alarcon-photo-Franck-Ferville-calendar-300x188.jpg 300w\" sizes=\"(max-width: 697px) 100vw, 697px\" \/><figcaption id=\"caption-attachment-50248\" class=\"wp-caption-text\">Leonardo Garcia Alarcon. (Cr\u00e9dit : Franck Ferville)<\/figcaption><\/figure>\n<h3>Festival Bach &#8211; Concert d&rsquo;ouverture avec Leonardo Garc\u00eda Alarc\u00f3n<\/h3>\n<p>Le <strong>Festival Bach Montr\u00e9al<\/strong> offre son concert d\u2019ouverture \u00e0 Qu\u00e9bec et \u00e0 Montr\u00e9al cette semaine en pr\u00e9sentant l\u2019une des \u0153uvres phares de J.S. Bach, la <i>Messe en si mineur<\/i>. C\u2019est sous la baguette de l\u2019amoureux fou de la musique de Bach, <strong>Leonardo Garc\u00eda Alarc\u00f3n<\/strong>, que les solistes <strong>Mariana Flores<\/strong>, soprano I, <strong>Dara Savinova<\/strong>, soprano II, alto, <strong>Nicolas Scott<\/strong>, t\u00e9nor et <strong>Andreas Wolf<\/strong>, basse, ainsi que l\u2019<strong>Orchestre et le Choeur du Festival Bach Montr\u00e9al<\/strong> interpr\u00e9teront ce monument de la musique baroque.<\/p>\n<p>\u00c0 QU\u00c9BEC &#8211; LE 22 NOVEMBRE, 19 H, PALAIS MONTCALM\u00a0 <a href=\"https:\/\/festivalbachmontreal.com\/concerts\/concert-douverture-2024-montcalm\/\" target=\"_blank\" rel=\"noopener\">D\u00c9TAILS ET BILLETS<\/a><\/p>\n<p>\u00c0 MONTR\u00c9AL &#8211; LE 23 NOVEMBRE, 19 H 30, MAISON SYMPHONIQUE\u00a0 <a href=\"https:\/\/festivalbachmontreal.com\/concerts\/concert-douverture-2024-maison-symphonique\/\" target=\"_blank\" rel=\"noopener\">D\u00c9TAILS ET BILLETS\u00a0\u00a0<\/a><\/p>\n<p>&nbsp;<\/p>\n<figure id=\"attachment_84953\" aria-describedby=\"caption-attachment-84953\" style=\"width: 1200px\" class=\"wp-caption aligncenter\"><img decoding=\"async\" loading=\"lazy\" class=\"size-full wp-image-84953\" src=\"https:\/\/www.ludwig-van.com\/montreal\/wp-content\/uploads\/sites\/3\/2024\/11\/Les-Rugissants-Presences-ukrainiennes_Maryse-Boyce.jpg\" alt=\"Les Rugissants sous la direction de Xavier Brossard-M\u00e9nard. (Photo : Maryse Boyce)\" width=\"1200\" height=\"800\" srcset=\"https:\/\/www.ludwig-van.com\/montreal\/wp-content\/uploads\/sites\/3\/2024\/11\/Les-Rugissants-Presences-ukrainiennes_Maryse-Boyce.jpg 1200w, https:\/\/www.ludwig-van.com\/montreal\/wp-content\/uploads\/sites\/3\/2024\/11\/Les-Rugissants-Presences-ukrainiennes_Maryse-Boyce-300x200.jpg 300w, https:\/\/www.ludwig-van.com\/montreal\/wp-content\/uploads\/sites\/3\/2024\/11\/Les-Rugissants-Presences-ukrainiennes_Maryse-Boyce-1024x683.jpg 1024w, https:\/\/www.ludwig-van.com\/montreal\/wp-content\/uploads\/sites\/3\/2024\/11\/Les-Rugissants-Presences-ukrainiennes_Maryse-Boyce-768x512.jpg 768w\" sizes=\"(max-width: 1200px) 100vw, 1200px\" \/><figcaption id=\"caption-attachment-84953\" class=\"wp-caption-text\">Les Rugissants sous la direction de Xavier Brossard-M\u00e9nard. (Photo : Maryse Boyce)<\/figcaption><\/figure>\n<h3>Les Rugissants &#8211; <em>ARCHES : Pr\u00e9sence ukrainienne<\/em><\/h3>\n<p>Deuxi\u00e8me grande s\u00e9rie ARCHES de l\u2019ensemble <strong>Les Rugissants<\/strong>, <em>ARCHES : Pr\u00e9sence ukrainienne<\/em> vous convie \u00e0 d\u00e9couvrir l\u2019histoire, la musique et l\u2019architecture de cette communaut\u00e9 install\u00e9e \u00e0 Montr\u00e9al depuis la fin du XIXe si\u00e8cle. Un guide sp\u00e9cialis\u00e9 en patrimoine vous fera d\u00e9couvrir les b\u00e2timents o\u00f9 ont lieu les concerts, ainsi que l\u2019histoire de la communaut\u00e9, alors que <strong>Les Rugissants<\/strong> empliront les lieux de musiques classiques, sacr\u00e9es et folkloriques ukrainiennes.<\/p>\n<p>LE 23 NOVEMBRE, 14 H, \u00c9GLISE ST-BASILE (LACHINE); LE 24 NOVEMBRE, 14 H ET 15 H 30, \u00c9GLISE DU SAINT-ESPRIT (POINTE-ST-CHARLES)\u00a0 <a href=\"https:\/\/www.rugissants.com\/arches-presence-ukrainienne\" target=\"_blank\" rel=\"noopener\">D\u00c9TAILS ET BILLETS<\/a><\/p>\n<p>&nbsp;<\/p>\n<figure id=\"attachment_84956\" aria-describedby=\"caption-attachment-84956\" style=\"width: 1200px\" class=\"wp-caption aligncenter\"><img decoding=\"async\" loading=\"lazy\" class=\"size-full wp-image-84956\" src=\"https:\/\/www.ludwig-van.com\/montreal\/wp-content\/uploads\/sites\/3\/2024\/11\/Tomas-Alegre-Chopin-and-Posterity-War-Mysticism-and-Passion.png\" alt=\"Tom\u00e1s Alegre - Chopin and Posterity War Mysticism and Passion (Photo : courtoisie Salle Bourgie)\" width=\"1200\" height=\"581\" srcset=\"https:\/\/www.ludwig-van.com\/montreal\/wp-content\/uploads\/sites\/3\/2024\/11\/Tomas-Alegre-Chopin-and-Posterity-War-Mysticism-and-Passion.png 1200w, https:\/\/www.ludwig-van.com\/montreal\/wp-content\/uploads\/sites\/3\/2024\/11\/Tomas-Alegre-Chopin-and-Posterity-War-Mysticism-and-Passion-300x145.png 300w, https:\/\/www.ludwig-van.com\/montreal\/wp-content\/uploads\/sites\/3\/2024\/11\/Tomas-Alegre-Chopin-and-Posterity-War-Mysticism-and-Passion-1024x496.png 1024w, https:\/\/www.ludwig-van.com\/montreal\/wp-content\/uploads\/sites\/3\/2024\/11\/Tomas-Alegre-Chopin-and-Posterity-War-Mysticism-and-Passion-768x372.png 768w\" sizes=\"(max-width: 1200px) 100vw, 1200px\" \/><figcaption id=\"caption-attachment-84956\" class=\"wp-caption-text\">Tom\u00e1s Alegre &#8211; Chopin and Posterity War Mysticism and Passion (Photo : courtoisie Salle Bourgie)<\/figcaption><\/figure>\n<h3>Tom\u00e1s Alegre &#8211; Chopin et la post\u00e9rit\u00e9 : guerre, mysticisme et passion<\/h3>\n<p>Dans le cadre de la s\u00e9rie Pianistes d\u2019exception, la Salle Bourgie accueille le prot\u00e9g\u00e9 de Martha Argerich, <strong>Tom\u00e1s Alegre<\/strong>. \u00c9toile montante du piano sur la sc\u00e8ne internationale, il nous entra\u00eenera dans un programme romantique o\u00f9 les sonates de Chopin, Scriabine, Prokofiev et Rachmaninov mettront en valeur sa virtuosit\u00e9.<\/p>\n<p>LE 24 NOVEMBRE, 14 H 30 , SALLE BOURGIE\u00a0 <a href=\"https:\/\/www.mbam.qc.ca\/fr\/activites\/tomas-alegre\/\" target=\"_blank\" rel=\"noopener\">D\u00c9TAILS ET BILLETS<\/a><\/p>\n<p>&nbsp;<\/p>\n<figure id=\"attachment_84949\" aria-describedby=\"caption-attachment-84949\" style=\"width: 1200px\" class=\"wp-caption aligncenter\"><img decoding=\"async\" loading=\"lazy\" class=\"size-full wp-image-84949\" src=\"https:\/\/www.ludwig-van.com\/montreal\/wp-content\/uploads\/sites\/3\/2024\/11\/Charles-Richard-Hamelin2023-Photo-Julien-Faugere-1200.jpg\" alt=\"Charles Richard-Hamelin (Photo : Julien Faug\u00e8re)\" width=\"1200\" height=\"810\" srcset=\"https:\/\/www.ludwig-van.com\/montreal\/wp-content\/uploads\/sites\/3\/2024\/11\/Charles-Richard-Hamelin2023-Photo-Julien-Faugere-1200.jpg 1200w, https:\/\/www.ludwig-van.com\/montreal\/wp-content\/uploads\/sites\/3\/2024\/11\/Charles-Richard-Hamelin2023-Photo-Julien-Faugere-1200-300x203.jpg 300w, https:\/\/www.ludwig-van.com\/montreal\/wp-content\/uploads\/sites\/3\/2024\/11\/Charles-Richard-Hamelin2023-Photo-Julien-Faugere-1200-1024x691.jpg 1024w, https:\/\/www.ludwig-van.com\/montreal\/wp-content\/uploads\/sites\/3\/2024\/11\/Charles-Richard-Hamelin2023-Photo-Julien-Faugere-1200-768x518.jpg 768w\" sizes=\"(max-width: 1200px) 100vw, 1200px\" \/><figcaption id=\"caption-attachment-84949\" class=\"wp-caption-text\">Charles Richard-Hamelin (Photo : Julien Faug\u00e8re)<\/figcaption><\/figure>\n<h3>\u00c0 Qu\u00e9bec : OSQ &#8211; Charles Richard-Hamelin joue Chopin<\/h3>\n<p>Pour ce concert, le chef d\u2019orchestre <strong>Clemens Schultz<\/strong> a souhait\u00e9 offrir un conte de f\u00e9es en musique. Ce sera d\u2019abord par des extraits du c\u00e9l\u00e8bre ballet le <i>Lac des cygnes<\/i> de Tcha\u00efkovsky que ce conte d\u00e9butera. Il se poursuivra avec le <i>Deuxi\u00e8me concerto pour piano<\/i> de Chopin interpr\u00e9t\u00e9 par <strong>Charles Richard-Hamelin<\/strong> et se conclura par <i>La Sir\u00e8ne<\/i>, fantaisie en trois mouvements du compositeur Zemlinsky, inspir\u00e9 du conte d\u2019Andersen <i>La Petite sir\u00e8ne<\/i>. <strong>Bruny Surin<\/strong> est l\u2019invit\u00e9 carte blanche de l\u2019apr\u00e8s-midi. Il racontera la place pr\u00e9dominante qu\u2019a occup\u00e9e la musique dans sa vie et discutera avec le chef, cr\u00e9ant des parall\u00e8les entre la formation d\u2019un athl\u00e8te et celle d\u2019un musicien. Ce concert offre \u00e9galement un Atelier des jeunes m\u00e9lomanes (5 \u00e0 12 ans) o\u00f9 les enfants auront l\u2019occasion de visiter les coulisses, d\u00e9couvrir des instruments et plus encore pendant que les parents assistent \u00e0 la repr\u00e9sentation.<\/p>\n<p>LE 24 NOVEMBRE, 14 H 30 , GRAND TH\u00c9\u00c2TRE DE QU\u00c9BEC\u00a0 <a href=\"https:\/\/www.osq.org\/concerts\/charles-richard-hamelin-joue-chopin\/\" target=\"_blank\" rel=\"noopener\">D\u00c9TAILS ET BILLETS<\/a><\/p>\n<p>&nbsp;<\/p>\n<figure id=\"attachment_84958\" aria-describedby=\"caption-attachment-84958\" style=\"width: 1000px\" class=\"wp-caption aligncenter\"><img decoding=\"async\" loading=\"lazy\" class=\"size-full wp-image-84958\" src=\"https:\/\/www.ludwig-van.com\/montreal\/wp-content\/uploads\/sites\/3\/2024\/11\/Olivier-Bergeron_Chloe-Bergeron_cropped_1000.png\" alt=\"Olivier Bergeron. (Photo : Chlo\u00e9 Bergeron)\" width=\"1000\" height=\"613\" srcset=\"https:\/\/www.ludwig-van.com\/montreal\/wp-content\/uploads\/sites\/3\/2024\/11\/Olivier-Bergeron_Chloe-Bergeron_cropped_1000.png 1000w, https:\/\/www.ludwig-van.com\/montreal\/wp-content\/uploads\/sites\/3\/2024\/11\/Olivier-Bergeron_Chloe-Bergeron_cropped_1000-300x184.png 300w, https:\/\/www.ludwig-van.com\/montreal\/wp-content\/uploads\/sites\/3\/2024\/11\/Olivier-Bergeron_Chloe-Bergeron_cropped_1000-768x471.png 768w\" sizes=\"(max-width: 1000px) 100vw, 1000px\" \/><figcaption id=\"caption-attachment-84958\" class=\"wp-caption-text\">Olivier Bergeron. (Photo : Chlo\u00e9 Bergeron)<\/figcaption><\/figure>\n<h3>Die sch\u00f6ne M\u00fcllerin<\/h3>\n<p>Le baryton <strong>Olivier Bergeron<\/strong>, que nous avions appr\u00e9ci\u00e9 dans <a href=\"https:\/\/www.ludwig-van.com\/montreal\/2024\/07\/30\/critique-festival-dopera-de-quebec-bravo-aux-talents-locaux\/\" target=\"_blank\" rel=\"noopener\"><em>Je chante la nuit<\/em> au Festival d&rsquo;Op\u00e9ra de Qu\u00e9bec<\/a> en ao\u00fbt dernier, et le piansite <strong>Michael McMahon<\/strong>\u00a0 interpr\u00e9teront le cycle <i>Die sch\u00f6ne M\u00fcllerin<\/i>, \u00e9crit par Franz Schubert \u00e0 partir des textes du po\u00e8te allemand Wilhelm M\u00fcller. Cette \u0153uvre illustre bien l\u2019apog\u00e9e des lieder au XIXe si\u00e8cle.<\/p>\n<p>LE 24 NOVEMBRE, 15 H, SALLE PAUL-DESMARAIS\u00a0 <a href=\"https:\/\/lepointdevente.com\/billets\/dwv241124001\" target=\"_blank\" rel=\"noopener\">D\u00c9TAILS ET BILLETS<\/a><\/p>\n<div class=\"xu06os2 x1ok221b\">\n<div class=\"x11i5rnm xat24cr x1mh8g0r x1vvkbs xtlvy1s x126k92a\">\n<div dir=\"auto\">\n<div class=\"\" data-mesh-id=\"comp-m09vmmb3inlineContent\" data-testid=\"inline-content\">\n<div data-mesh-id=\"comp-m09vmmb3inlineContent-gridContainer\" data-testid=\"mesh-container-content\">\n<div id=\"comp-m09vmmbj3\" class=\"HcOXKn c9GqVL QxJLC3 lq2cno comp-m09vmmbj3 wixui-rich-text\" data-testid=\"richTextElement\">\n<h2><em>Inscrivez-vous \u00e0 notre infolettre! La musique classique et l\u2019op\u00e9ra en 5 minutes, chaque jour<\/em> <a href=\"https:\/\/ludwig-van.us9.list-manage.com\/subscribe?u=4f785cb3f9058f2393ccad035&amp;id=b9b160c032\" target=\"_blank\" rel=\"noopener noreferrer\">ICI<\/a><\/h2>\n<\/div>\n<\/div>\n<\/div>\n<\/div>\n<\/div>\n<\/div>\n","protected":false},"excerpt":{"rendered":"<p>Cette semaine regorge de concerts uniques o\u00f9 vous pourrez, \u00e0 votre guise, d\u00e9couvrir de nouveaux venus sur la sc\u00e8ne musicale, (r\u00e9)entendre vos artistes pr\u00e9f\u00e9r\u00e9s bien \u00e9tablis ou encore \u00e9couter \u00c9mile Proulx-Cloutier, acteur, ou Bruny Surin, athl\u00e8te olympique, vous d\u00e9voiler leur univers musical.<\/p>\n","protected":false},"author":1,"featured_media":84961,"comment_status":"open","ping_status":"open","sticky":false,"template":"","format":"standard","meta":{"om_disable_all_campaigns":false,"jetpack_post_was_ever_published":false},"categories":[42107,10994],"tags":[42106,11882],"yst_prominent_words":[9863,13120,13117,33504,26052,9877,13123,13119,33503,14674,14240,14241,14321,31964],"acf":[],"jetpack_featured_media_url":"https:\/\/www.ludwig-van.com\/montreal\/wp-content\/uploads\/sites\/3\/2024\/11\/Copie-de-CONCERTS-1.jpg","jetpack_sharing_enabled":true,"jetpack_shortlink":"https:\/\/wp.me\/p9bdYt-m68","amp_enabled":true,"_links":{"self":[{"href":"https:\/\/www.ludwig-van.com\/montreal\/wp-json\/wp\/v2\/posts\/84948"}],"collection":[{"href":"https:\/\/www.ludwig-van.com\/montreal\/wp-json\/wp\/v2\/posts"}],"about":[{"href":"https:\/\/www.ludwig-van.com\/montreal\/wp-json\/wp\/v2\/types\/post"}],"author":[{"embeddable":true,"href":"https:\/\/www.ludwig-van.com\/montreal\/wp-json\/wp\/v2\/users\/1"}],"replies":[{"embeddable":true,"href":"https:\/\/www.ludwig-van.com\/montreal\/wp-json\/wp\/v2\/comments?post=84948"}],"version-history":[{"count":5,"href":"https:\/\/www.ludwig-van.com\/montreal\/wp-json\/wp\/v2\/posts\/84948\/revisions"}],"predecessor-version":[{"id":84966,"href":"https:\/\/www.ludwig-van.com\/montreal\/wp-json\/wp\/v2\/posts\/84948\/revisions\/84966"}],"wp:featuredmedia":[{"embeddable":true,"href":"https:\/\/www.ludwig-van.com\/montreal\/wp-json\/wp\/v2\/media\/84961"}],"wp:attachment":[{"href":"https:\/\/www.ludwig-van.com\/montreal\/wp-json\/wp\/v2\/media?parent=84948"}],"wp:term":[{"taxonomy":"category","embeddable":true,"href":"https:\/\/www.ludwig-van.com\/montreal\/wp-json\/wp\/v2\/categories?post=84948"},{"taxonomy":"post_tag","embeddable":true,"href":"https:\/\/www.ludwig-van.com\/montreal\/wp-json\/wp\/v2\/tags?post=84948"},{"taxonomy":"yst_prominent_words","embeddable":true,"href":"https:\/\/www.ludwig-van.com\/montreal\/wp-json\/wp\/v2\/yst_prominent_words?post=84948"}],"curies":[{"name":"wp","href":"https:\/\/api.w.org\/{rel}","templated":true}]}}