{"id":84881,"date":"2024-11-13T15:28:29","date_gmt":"2024-11-13T20:28:29","guid":{"rendered":"https:\/\/www.ludwig-van.com\/montreal\/?p=84881"},"modified":"2024-11-13T15:28:29","modified_gmt":"2024-11-13T20:28:29","slug":"nouvelle-le-milieu-culturel-reclame-un-plus-grand-investissement-du-palier-municipal","status":"publish","type":"post","link":"https:\/\/www.ludwig-van.com\/montreal\/2024\/11\/13\/nouvelle-le-milieu-culturel-reclame-un-plus-grand-investissement-du-palier-municipal\/","title":{"rendered":"NOUVELLE | Le milieu culturel r\u00e9clame un plus grand investissement du palier municipal"},"content":{"rendered":"<figure id=\"attachment_84882\" aria-describedby=\"caption-attachment-84882\" style=\"width: 1200px\" class=\"wp-caption aligncenter\"><img decoding=\"async\" loading=\"lazy\" class=\"size-full wp-image-84882\" src=\"https:\/\/www.ludwig-van.com\/montreal\/wp-content\/uploads\/sites\/3\/2024\/11\/Copie-de-NOUVELLE3.jpg\" alt=\"image d'une foule dense sur l'Esplanade du Parc olympique (Photo : Antoine Saito)\" width=\"1200\" height=\"628\" srcset=\"https:\/\/www.ludwig-van.com\/montreal\/wp-content\/uploads\/sites\/3\/2024\/11\/Copie-de-NOUVELLE3.jpg 1200w, https:\/\/www.ludwig-van.com\/montreal\/wp-content\/uploads\/sites\/3\/2024\/11\/Copie-de-NOUVELLE3-300x157.jpg 300w, https:\/\/www.ludwig-van.com\/montreal\/wp-content\/uploads\/sites\/3\/2024\/11\/Copie-de-NOUVELLE3-1024x536.jpg 1024w, https:\/\/www.ludwig-van.com\/montreal\/wp-content\/uploads\/sites\/3\/2024\/11\/Copie-de-NOUVELLE3-768x402.jpg 768w\" sizes=\"(max-width: 1200px) 100vw, 1200px\" \/><figcaption id=\"caption-attachment-84882\" class=\"wp-caption-text\">(Photo : Antoine Saito)<\/figcaption><\/figure>\n<p>Plusieurs pr\u00e9sidences de conseils d\u2019administration du secteur culturel ont cosign\u00e9, ce mardi, une lettre ouverte sur le projet de <strong>Politique de d\u00e9veloppement culturel de la Ville de Montr\u00e9al<\/strong>.<\/p>\n<p>\u00c0 l&rsquo;approche de la cl\u00f4ture des consultations publiques en cours depuis le 5 novembre et en pr\u00e9vision des recommandations pr\u00e9vues pour le 4 f\u00e9vrier prochain, pr\u00e8s de 60 organismes et collectifs artistiques \u2013 parmi lesquels la Soci\u00e9t\u00e9 des arts technologiques, Usine C, la Salle Bourgie, le Festival international du film sur l\u2019art (FIFA), Arion Orchestre Baroque et la Maison Th\u00e9\u00e2tre \u2013 se sont unis pour r\u00e9clamer un investissement municipal plus cons\u00e9quent au Conseil des arts de Montr\u00e9al (CAM).<\/p>\n<p>\u00ab Pour que la culture rayonne et que la population y ait pleinement acc\u00e8s, la Ville doit augmenter le budget de son Service de la culture et des autres organismes qu\u2019elle finance, en bonifiant notamment sa contribution annuelle [au CAM] \u00e0 30 millions de dollars d\u2019ici 2030 \u00bb, peut-on lire dans la lettre.<\/p>\n<h3>L\u2019importance de la culture pour Montr\u00e9al<\/h3>\n<p>Le texte insiste sur le r\u00f4le crucial des artistes et des travailleurs culturels dans le dynamisme de Montr\u00e9al. Il rappelle \u00e9galement les retomb\u00e9es \u00e9conomiques et sociales significatives qu&rsquo;ils engendrent : \u00ab [\u00c0] titre de citoyennes et citoyens montr\u00e9alais, nous croyons fermement qu\u2019investir en culture, c\u2019est g\u00e9n\u00e9rer des b\u00e9n\u00e9fices humains et sociaux inestimables pour l\u2019ensemble de nos concitoyennes et concitoyens. \u00bb<\/p>\n<h3>Un financement insuffisant<\/h3>\n<p>Les signataires d\u00e9noncent toutefois l&rsquo;absence d\u2019un financement ad\u00e9quat dans le projet actuel : \u00ab [s]ans aucune vision financi\u00e8re pour mettre en \u0153uvre ses orientations et atteindre ses objectifs, cette Politique ne pourra \u00eatre le levier majeur de d\u00e9veloppement ni jouer le r\u00f4le mobilisateur aupr\u00e8s du milieu culturel auquel elle pr\u00e9tend. \u00bb Ils citent l&rsquo;exemple de Toronto, qui pr\u00e9voit un budget annuel de 35 millions de dollars pour son Conseil des arts d\u2019ici cinq ans, comme une potentielle source d&rsquo;inspiration pour Montr\u00e9al.<\/p>\n<h3>Un contexte de crise et d\u2019innovation<\/h3>\n<p>Depuis la pand\u00e9mie, le milieu culturel n\u2019a cess\u00e9 de se r\u00e9inventer, mobilisant ses ressources pour innover. Or, dans un contexte marqu\u00e9 par l\u2019inflation et une baisse de fr\u00e9quentation des salles, les financements publics actuels peinent \u00e0 soutenir les ambitions de rayonnement des diff\u00e9rents paliers gouvernementaux et municipaux. L\u2019\u00e9cho des slogans \u00ab Il ne restera pas toujours la culture \u00bb du 16 mai dernier et \u00ab La culture m\u00e9rite mieux \u00bb du 5 octobre r\u00e9sonnent encore fortement dans les esprits.<\/p>\n<p>La lettre ouverte int\u00e9grale est affich\u00e9e sur le site du <a href=\"https:\/\/www.artsmontreal.org\/actualites\/financement-municipal\/?fbclid=IwY2xjawGgjSdleHRuA2FlbQIxMAABHUt7IpU-3qYM4UpxUrQ4rTN9QpawDVwuCK6t5GIdufKtgDIiTbB_wy-eoA_aem_sdlaKO539-iXDiF6v3fReA\" target=\"_blank\" rel=\"noopener\">Conseil des arts de Montr\u00e9al<\/a>.<\/p>\n<h3>Contribuer \u00e0 la consultation publique<\/h3>\n<p>Jusqu&rsquo;au 15 novembre, il est encore temps de soumettre une contribution \u00e0 la consultation men\u00e9e par la ville, en personne ou par \u00e9crit. Pour toutes les informations, consultez le site du <a href=\"https:\/\/www.realisonsmtl.ca\/projetpolitiquedeveloppementculturel\" target=\"_blank\" rel=\"noopener\">projet de consultation<\/a>.<\/p>\n<h2><em>Inscrivez-vous \u00e0 notre infolettre! La musique classique et l\u2019op\u00e9ra en 5 minutes, chaque jour<\/em>\u00a0\u00a0<a href=\"https:\/\/ludwig-van.us9.list-manage.com\/subscribe?u=4f785cb3f9058f2393ccad035&amp;id=b9b160c032\" target=\"_blank\" rel=\"noopener noreferrer\">ICI<\/a><\/h2>\n","protected":false},"excerpt":{"rendered":"<p>Plusieurs pr\u00e9sidences de conseils d\u2019administration du secteur culturel ont cosign\u00e9, ce mardi, une lettre ouverte sur le projet de Politique de d\u00e9veloppement culturel de la Ville de Montr\u00e9al, r\u00e9clamant un investissement municipal \u00e0 hauteur de 30 M $. <\/p>\n","protected":false},"author":86,"featured_media":84882,"comment_status":"open","ping_status":"open","sticky":false,"template":"","format":"standard","meta":{"om_disable_all_campaigns":false,"jetpack_post_was_ever_published":false},"categories":[42107,10956,10992],"tags":[42106,42284,42285],"yst_prominent_words":[10069,17018,10977,10976,9875,33419,9094,15179,16167,20518,39358,7694,11443,11113,14143,11737,11543,11186],"acf":[],"jetpack_featured_media_url":"https:\/\/www.ludwig-van.com\/montreal\/wp-content\/uploads\/sites\/3\/2024\/11\/Copie-de-NOUVELLE3.jpg","jetpack_sharing_enabled":true,"jetpack_shortlink":"https:\/\/wp.me\/p9bdYt-m53","amp_enabled":true,"_links":{"self":[{"href":"https:\/\/www.ludwig-van.com\/montreal\/wp-json\/wp\/v2\/posts\/84881"}],"collection":[{"href":"https:\/\/www.ludwig-van.com\/montreal\/wp-json\/wp\/v2\/posts"}],"about":[{"href":"https:\/\/www.ludwig-van.com\/montreal\/wp-json\/wp\/v2\/types\/post"}],"author":[{"embeddable":true,"href":"https:\/\/www.ludwig-van.com\/montreal\/wp-json\/wp\/v2\/users\/86"}],"replies":[{"embeddable":true,"href":"https:\/\/www.ludwig-van.com\/montreal\/wp-json\/wp\/v2\/comments?post=84881"}],"version-history":[{"count":1,"href":"https:\/\/www.ludwig-van.com\/montreal\/wp-json\/wp\/v2\/posts\/84881\/revisions"}],"predecessor-version":[{"id":84883,"href":"https:\/\/www.ludwig-van.com\/montreal\/wp-json\/wp\/v2\/posts\/84881\/revisions\/84883"}],"wp:featuredmedia":[{"embeddable":true,"href":"https:\/\/www.ludwig-van.com\/montreal\/wp-json\/wp\/v2\/media\/84882"}],"wp:attachment":[{"href":"https:\/\/www.ludwig-van.com\/montreal\/wp-json\/wp\/v2\/media?parent=84881"}],"wp:term":[{"taxonomy":"category","embeddable":true,"href":"https:\/\/www.ludwig-van.com\/montreal\/wp-json\/wp\/v2\/categories?post=84881"},{"taxonomy":"post_tag","embeddable":true,"href":"https:\/\/www.ludwig-van.com\/montreal\/wp-json\/wp\/v2\/tags?post=84881"},{"taxonomy":"yst_prominent_words","embeddable":true,"href":"https:\/\/www.ludwig-van.com\/montreal\/wp-json\/wp\/v2\/yst_prominent_words?post=84881"}],"curies":[{"name":"wp","href":"https:\/\/api.w.org\/{rel}","templated":true}]}}