{"id":84878,"date":"2024-11-14T01:29:42","date_gmt":"2024-11-14T06:29:42","guid":{"rendered":"https:\/\/www.ludwig-van.com\/montreal\/?p=84878"},"modified":"2024-11-19T17:37:05","modified_gmt":"2024-11-19T22:37:05","slug":"critique-arion-et-leila-schayegh-complicite-et-raffinement","status":"publish","type":"post","link":"https:\/\/www.ludwig-van.com\/montreal\/2024\/11\/14\/critique-arion-et-leila-schayegh-complicite-et-raffinement\/","title":{"rendered":"CRITIQUE | Arion et Leila Schayegh : complicit\u00e9 et raffinement"},"content":{"rendered":"<figure id=\"attachment_84898\" aria-describedby=\"caption-attachment-84898\" style=\"width: 1200px\" class=\"wp-caption aligncenter\"><img decoding=\"async\" loading=\"lazy\" class=\"size-full wp-image-84898\" src=\"https:\/\/www.ludwig-van.com\/montreal\/wp-content\/uploads\/sites\/3\/2024\/11\/Copie-de-CRITIQUE2-1.jpg\" alt=\"Leila Schayegh (Photo : Matthias M\u00fcller)\" width=\"1200\" height=\"628\" srcset=\"https:\/\/www.ludwig-van.com\/montreal\/wp-content\/uploads\/sites\/3\/2024\/11\/Copie-de-CRITIQUE2-1.jpg 1200w, https:\/\/www.ludwig-van.com\/montreal\/wp-content\/uploads\/sites\/3\/2024\/11\/Copie-de-CRITIQUE2-1-300x157.jpg 300w, https:\/\/www.ludwig-van.com\/montreal\/wp-content\/uploads\/sites\/3\/2024\/11\/Copie-de-CRITIQUE2-1-1024x536.jpg 1024w, https:\/\/www.ludwig-van.com\/montreal\/wp-content\/uploads\/sites\/3\/2024\/11\/Copie-de-CRITIQUE2-1-768x402.jpg 768w\" sizes=\"(max-width: 1200px) 100vw, 1200px\" \/><figcaption id=\"caption-attachment-84898\" class=\"wp-caption-text\">C&rsquo;\u00e9tait la premi\u00e8re apparition \u00e0 Montr\u00e9al de la violoniste baroque Leila Schayegh (Photo : Matthias M\u00fcller)<\/figcaption><\/figure>\n<p>Dimanche apr\u00e8s-midi, <strong>Arion Orchestre Baroque<\/strong> pr\u00e9sentait le dernier de deux concerts avec la violoniste invit\u00e9e <strong>Leila Schayegh<\/strong> dans un programme de musique baroque pour cordes (et un basson occasionnel).<\/p>\n<p>La violoniste suisse a elle-m\u00eame d\u00e9crit le programme comme formant deux sandwichs italo\/franco-allemand, faisant ainsi r\u00e9f\u00e9rence \u00e0 la <em>Sonata da camera<\/em> <em>n<sup>o<\/sup> 5<\/em> de Georg Muffat encadr\u00e9e par deux concertos grossos de Corelli en premi\u00e8re partie, et au <em>Concerto pour violon en sol majeur JunP I.4.a<\/em> de Pisendel flanqu\u00e9 de deux concertos grossos de Vivaldi en deuxi\u00e8me.<\/p>\n<p>D\u00e8s les premi\u00e8res notes s&rsquo;installe l&rsquo;aplomb \u00e9l\u00e9gant qui allait caract\u00e9riser l&rsquo;ensemble du concert. La nature des \u0153uvres de la premi\u00e8re partie permettait d&rsquo;\u00e9tablir la complicit\u00e9 entre l&rsquo;invit\u00e9e et l&rsquo;ensemble, alors que la deuxi\u00e8me partie donnait l&rsquo;occasion \u00e0 de petits groupes d&rsquo;instrumentistes, au premier plan bien s\u00fbr <strong>Schayegh<\/strong>, de se d\u00e9marquer en tant que solistes. C&rsquo;\u00e9tait par exemple le cas dans le <em>Concerto en la majeur per eco in lontano<\/em> de Vivaldi, qui a \u00e9t\u00e9 tout \u00e0 fait envo\u00fbtant. Un petit ensemble cach\u00e9 dans les coulisses, men\u00e9 par la violon solo d&rsquo;Arion <strong>Jessy Dub\u00e9<\/strong>, y a adroitement donn\u00e9 la r\u00e9plique musicale \u00e0 <strong>Leila Schayegh<\/strong> et \u00e0 l&rsquo;orchestre rest\u00e9s sur sc\u00e8ne.<\/p>\n<p>Le <em>Concerto pour deux violons et violoncelle en r\u00e9 mineur<\/em> de Vivaldi, certainement la pi\u00e8ce la plus connue du programme, a fourni une autre occasion d&rsquo;admirer autant l&rsquo;invit\u00e9e que les instrumentistes d&rsquo;Arion appel\u00e9s \u00e0 se joindre \u00e0 elle comme solistes, dans ce cas-ci la violoniste <strong>Julie Rivest<\/strong> et la violoncelliste<strong> Andrea Stewart<\/strong>. D&rsquo;ailleurs, le leadership communicatif de cette derni\u00e8re \u00e0 partir de sa place dans le continuo joue sans doute un r\u00f4le de premi\u00e8re importance dans cette complicit\u00e9 que nous mentionnions plus haut.<\/p>\n<p>L&rsquo;orchestre est compl\u00e9t\u00e9 par une section d&rsquo;altos de premier plan constitu\u00e9e de <strong>Jacques-Andr\u00e9 Houle<\/strong> et de <strong>Val\u00e9rie Arsenault<\/strong> qui, m\u00eame lorsque divis\u00e9e en deux, a jou\u00e9 avec le genre de pr\u00e9sence assur\u00e9e qu&rsquo;on souhaiterait toujours entendre dans les voix int\u00e9rieures.<\/p>\n<p>Alors que plusieurs mouvements <em>allegro <\/em>(dont le dernier mouvement du concerto de Pisendel, particuli\u00e8rement r\u00e9ussi) \u00e9taient empreints d&rsquo;un esprit espi\u00e8gle entra\u00eenant, les deux mouvements marqu\u00e9s <em>vivace<\/em> (dans les concertos grossos op 6 n<sup>o<\/sup> 4 et n<sup>o<\/sup> 9 de Corelli) manquaient, eux, de vivacit\u00e9, pourtant textuellement prescrite.<\/p>\n<p>Cependant, l&rsquo;assurance des articulations, le bon go\u00fbt de l&rsquo;ornementation et l&rsquo;intelligence g\u00e9n\u00e9rale des interpr\u00e9tations ont t\u00f4t fait de supplanter ce d\u00e9tail de tempo, laissant le souvenir d&rsquo;un apr\u00e8s-midi de raffinement musical de la plus grande qualit\u00e9.<\/p>\n<div class=\"xu06os2 x1ok221b\">\n<div class=\"x11i5rnm xat24cr x1mh8g0r x1vvkbs xtlvy1s x126k92a\">\n<div dir=\"auto\">\n<div class=\"\" data-mesh-id=\"comp-m09vmmb3inlineContent\" data-testid=\"inline-content\">\n<div data-mesh-id=\"comp-m09vmmb3inlineContent-gridContainer\" data-testid=\"mesh-container-content\">\n<div id=\"comp-m09vmmbj3\" class=\"HcOXKn c9GqVL QxJLC3 lq2cno comp-m09vmmbj3 wixui-rich-text\" data-testid=\"richTextElement\">\n<h2><em>Inscrivez-vous \u00e0 notre infolettre! La musique classique et l\u2019op\u00e9ra en 5 minutes, chaque jour<\/em> <a href=\"https:\/\/ludwig-van.us9.list-manage.com\/subscribe?u=4f785cb3f9058f2393ccad035&amp;id=b9b160c032\" target=\"_blank\" rel=\"noopener noreferrer\">ICI<\/a><\/h2>\n<\/div>\n<\/div>\n<\/div>\n<\/div>\n<\/div>\n<\/div>\n","protected":false},"excerpt":{"rendered":"<p>Dimanche apr\u00e8s-midi, Arion Orchestre Baroque pr\u00e9sentait le dernier de deux concerts avec la violoniste invit\u00e9e Leila Schayegh dans un programme de musique baroque pour cordes (et un basson occasionnel).<\/p>\n","protected":false},"author":55,"featured_media":84898,"comment_status":"open","ping_status":"open","sticky":false,"template":"","format":"standard","meta":{"om_disable_all_campaigns":false,"jetpack_post_was_ever_published":false},"categories":[42107,52],"tags":[42106,15468],"yst_prominent_words":[13463,8684,14349,7261,7901,9811,10596,11593,9323,24802,8313,13505,11582],"acf":[],"jetpack_featured_media_url":"https:\/\/www.ludwig-van.com\/montreal\/wp-content\/uploads\/sites\/3\/2024\/11\/Copie-de-CRITIQUE2-1.jpg","jetpack_sharing_enabled":true,"jetpack_shortlink":"https:\/\/wp.me\/p9bdYt-m50","amp_enabled":true,"_links":{"self":[{"href":"https:\/\/www.ludwig-van.com\/montreal\/wp-json\/wp\/v2\/posts\/84878"}],"collection":[{"href":"https:\/\/www.ludwig-van.com\/montreal\/wp-json\/wp\/v2\/posts"}],"about":[{"href":"https:\/\/www.ludwig-van.com\/montreal\/wp-json\/wp\/v2\/types\/post"}],"author":[{"embeddable":true,"href":"https:\/\/www.ludwig-van.com\/montreal\/wp-json\/wp\/v2\/users\/55"}],"replies":[{"embeddable":true,"href":"https:\/\/www.ludwig-van.com\/montreal\/wp-json\/wp\/v2\/comments?post=84878"}],"version-history":[{"count":2,"href":"https:\/\/www.ludwig-van.com\/montreal\/wp-json\/wp\/v2\/posts\/84878\/revisions"}],"predecessor-version":[{"id":84992,"href":"https:\/\/www.ludwig-van.com\/montreal\/wp-json\/wp\/v2\/posts\/84878\/revisions\/84992"}],"wp:featuredmedia":[{"embeddable":true,"href":"https:\/\/www.ludwig-van.com\/montreal\/wp-json\/wp\/v2\/media\/84898"}],"wp:attachment":[{"href":"https:\/\/www.ludwig-van.com\/montreal\/wp-json\/wp\/v2\/media?parent=84878"}],"wp:term":[{"taxonomy":"category","embeddable":true,"href":"https:\/\/www.ludwig-van.com\/montreal\/wp-json\/wp\/v2\/categories?post=84878"},{"taxonomy":"post_tag","embeddable":true,"href":"https:\/\/www.ludwig-van.com\/montreal\/wp-json\/wp\/v2\/tags?post=84878"},{"taxonomy":"yst_prominent_words","embeddable":true,"href":"https:\/\/www.ludwig-van.com\/montreal\/wp-json\/wp\/v2\/yst_prominent_words?post=84878"}],"curies":[{"name":"wp","href":"https:\/\/api.w.org\/{rel}","templated":true}]}}