{"id":84775,"date":"2024-11-05T16:48:05","date_gmt":"2024-11-05T21:48:05","guid":{"rendered":"https:\/\/www.ludwig-van.com\/montreal\/?p=84775"},"modified":"2024-11-07T13:00:03","modified_gmt":"2024-11-07T18:00:03","slug":"nouvelle-le-new-york-philharmonic-congedie-definitivement-muckey-et-wang","status":"publish","type":"post","link":"https:\/\/www.ludwig-van.com\/montreal\/2024\/11\/05\/nouvelle-le-new-york-philharmonic-congedie-definitivement-muckey-et-wang\/","title":{"rendered":"NOUVELLE | Le New York Philharmonic cong\u00e9die d\u00e9finitivement Muckey et Wang"},"content":{"rendered":"<figure id=\"attachment_84779\" aria-describedby=\"caption-attachment-84779\" style=\"width: 1200px\" class=\"wp-caption aligncenter\"><img decoding=\"async\" loading=\"lazy\" class=\"size-full wp-image-84779\" src=\"https:\/\/www.ludwig-van.com\/montreal\/wp-content\/uploads\/sites\/3\/2024\/11\/Copie-de-Copie-de-Copy-of-INTERVIEW.jpg\" alt=\"Liang Wang (Photo : site web du New York Philharmonic); Matthew Muckey (Photo : Chris Lee)\" width=\"1200\" height=\"628\" srcset=\"https:\/\/www.ludwig-van.com\/montreal\/wp-content\/uploads\/sites\/3\/2024\/11\/Copie-de-Copie-de-Copy-of-INTERVIEW.jpg 1200w, https:\/\/www.ludwig-van.com\/montreal\/wp-content\/uploads\/sites\/3\/2024\/11\/Copie-de-Copie-de-Copy-of-INTERVIEW-300x157.jpg 300w, https:\/\/www.ludwig-van.com\/montreal\/wp-content\/uploads\/sites\/3\/2024\/11\/Copie-de-Copie-de-Copy-of-INTERVIEW-1024x536.jpg 1024w, https:\/\/www.ludwig-van.com\/montreal\/wp-content\/uploads\/sites\/3\/2024\/11\/Copie-de-Copie-de-Copy-of-INTERVIEW-768x402.jpg 768w\" sizes=\"(max-width: 1200px) 100vw, 1200px\" \/><figcaption id=\"caption-attachment-84779\" class=\"wp-caption-text\">Liang Wang (Photo : site web du New York Philharmonic); Matthew Muckey (Photo : Chris Lee)<\/figcaption><\/figure>\n<p>Le hautbo\u00efste <strong>Liang Wang<\/strong> et le trompettiste <strong>Matthew Muckey<\/strong> ont \u00e9t\u00e9 d\u00e9finivitement cong\u00e9di\u00e9s du New York Philharmonic. Les deux hommes faisaient l&rsquo;objet d&rsquo;une enqu\u00eate suite \u00e0 des accusations d&rsquo;actes de violence sexuelle, comme <a href=\"https:\/\/www.ludwig-van.com\/montreal\/2024\/07\/24\/actualites-le-new-york-philharmonic-constamment-dans-la-soupe-chaude\/\" target=\"_blank\" rel=\"noopener\">nous l&rsquo;avions rapport\u00e9 en juillet dernier<\/a>.<\/p>\n<p>L&rsquo;annonce a \u00e9t\u00e9 faite par <strong>Deborah Borda<\/strong>, directrice g\u00e9n\u00e9rale par int\u00e9rim du Philharmonic, soutenant que \u00ab\u00a0les faits appuient fortement notre position\u00a0\u00bb.<\/p>\n<p>Au cours de l&rsquo;enqu\u00eate men\u00e9e par l&rsquo;avocate <strong>Tracey Levy<\/strong>, 11 femmes ont formul\u00e9 des accusations contre <strong>Wang<\/strong> et trois contre <strong>Muckey<\/strong>. L&rsquo;orchestre refuse de rendre public le rapport de l&rsquo;enqu\u00eate, mais affirme que les gestes all\u00e9gu\u00e9s sont cr\u00e9dibles et couvrent des offenses vari\u00e9es allant de commentaires inappropri\u00e9s \u00e0 des actes d&rsquo;agression. <strong>Wang<\/strong> aurait \u00e9galement \u00e9t\u00e9 impliqu\u00e9 dans des \u00ab\u00a0relations inappropri\u00e9es\u00a0\u00bb avec des \u00e9tudiantes.<\/p>\n<p>Ces accusations sont ind\u00e9pendantes de celles d\u00e9j\u00e0 soumises par<strong> Cara Kizer<\/strong>, qui avaient men\u00e9 au cong\u00e9diement, puis au r\u00e9-engagement des deux hommes, soutenus par le chapitre local du syndicat des musicien\u00b7ne\u00b7s, l&rsquo;AFM. Cette fois, le chapitre 802 a d\u00e9cid\u00e9, conform\u00e9ment \u00e0 la \u00ab\u00a0recommandation unanime et insistante\u00a0\u00bb d&rsquo;un comit\u00e9 form\u00e9 de membres du Philharmonic, de ne pas contester leur renvoi. Les d\u00e9tails de cette d\u00e9cision doivent \u00eatre rendus publics aujourd&rsquo;hui.<\/p>\n<p>De leur c\u00f4t\u00e9, les deux hommes continuent de contester les accusations et ont l&rsquo;intention de poursuivre leurs d\u00e9marches l\u00e9gales entreprises contre l&rsquo;orchestre. Leurs avocats soutiennent que ces cong\u00e9diements sont sans fondements et qu&rsquo;ils bafouent le principe du statut de permanence (<em>tenure<\/em>) acquis par les deux musiciens.<\/p>\n<p>En 2018, l&rsquo;orchestre avait cong\u00e9di\u00e9 <strong>Muckey<\/strong> et <strong>Wang<\/strong> en s&rsquo;appuyant sur le principe de \u00ab\u00a0cause juste\u00a0\u00bb, alors que cette fois, il \u00e9voque la clause de \u00ab\u00a0non r\u00e9engagement\u00a0\u00bb incluse dans l&rsquo;entente collective. Cons\u00e9quemment, les deux hommes ont \u00e9t\u00e9 notifi\u00e9s qu&rsquo;ils ne seraient pas employ\u00e9s par le New York Philharmonic \u00e0 partir de la saison 2025-2026 (ils demeurent en cong\u00e9 avec solde jusqu&rsquo;\u00e0 ce moment-l\u00e0). L&rsquo;orchestre a assur\u00e9 le syndicat qu&rsquo;il s&rsquo;agissait d&rsquo;une \u00ab\u00a0situation extr\u00eame\u00a0\u00bb et que la clause de non r\u00e9engagement ne deviendrait pas un moyen de contrecarrer le processus de permanence ou de congi\u00e9diement pour cause juste.<\/p>\n<p>Parall\u00e8lement \u00e0 l&rsquo;enqu\u00eate centr\u00e9e sur Muckey et Wang, une \u00e9valuation du climat de travail au sein du Philharmonic se tenait \u00e9galement, supervis\u00e9e par la consultante externe <strong>Katya Jestin<\/strong>. Le NY Phil a promis d&rsquo;en rendre publiques les recommandations, mais a dit lundi que cela prendrait encore quelques semaines.<\/p>\n<h2><em>Inscrivez-vous \u00e0 notre infolettre! La musique classique et l\u2019op\u00e9ra en 5 minutes, chaque jour<\/em> <a href=\"https:\/\/ludwig-van.us9.list-manage.com\/subscribe?u=4f785cb3f9058f2393ccad035&amp;id=b9b160c032\" target=\"_blank\" rel=\"noopener noreferrer\">ICI<\/a><\/h2>\n","protected":false},"excerpt":{"rendered":"<p>Le hautbo\u00efste Liang Wang et le trompettiste Matthew Muckey ont \u00e9t\u00e9 d\u00e9finivitement cong\u00e9di\u00e9s du New York Philharmonic. Les deux hommes faisaient l&rsquo;objet d&rsquo;une enqu\u00eate suite \u00e0 des accusations d&rsquo;actes de violence sexuelle, comme nous l&rsquo;avions rapport\u00e9 en juillet dernier.<\/p>\n","protected":false},"author":55,"featured_media":84779,"comment_status":"open","ping_status":"open","sticky":false,"template":"","format":"standard","meta":{"om_disable_all_campaigns":false,"jetpack_post_was_ever_published":false},"categories":[42107,10956,10992],"tags":[42106,2385],"yst_prominent_words":[24591,29062,25045,9813,6736,11434,7059,22203,6986,8757,11120,18241,23682,22207],"acf":[],"jetpack_featured_media_url":"https:\/\/www.ludwig-van.com\/montreal\/wp-content\/uploads\/sites\/3\/2024\/11\/Copie-de-Copie-de-Copy-of-INTERVIEW.jpg","jetpack_sharing_enabled":true,"jetpack_shortlink":"https:\/\/wp.me\/p9bdYt-m3l","amp_enabled":true,"_links":{"self":[{"href":"https:\/\/www.ludwig-van.com\/montreal\/wp-json\/wp\/v2\/posts\/84775"}],"collection":[{"href":"https:\/\/www.ludwig-van.com\/montreal\/wp-json\/wp\/v2\/posts"}],"about":[{"href":"https:\/\/www.ludwig-van.com\/montreal\/wp-json\/wp\/v2\/types\/post"}],"author":[{"embeddable":true,"href":"https:\/\/www.ludwig-van.com\/montreal\/wp-json\/wp\/v2\/users\/55"}],"replies":[{"embeddable":true,"href":"https:\/\/www.ludwig-van.com\/montreal\/wp-json\/wp\/v2\/comments?post=84775"}],"version-history":[{"count":17,"href":"https:\/\/www.ludwig-van.com\/montreal\/wp-json\/wp\/v2\/posts\/84775\/revisions"}],"predecessor-version":[{"id":84799,"href":"https:\/\/www.ludwig-van.com\/montreal\/wp-json\/wp\/v2\/posts\/84775\/revisions\/84799"}],"wp:featuredmedia":[{"embeddable":true,"href":"https:\/\/www.ludwig-van.com\/montreal\/wp-json\/wp\/v2\/media\/84779"}],"wp:attachment":[{"href":"https:\/\/www.ludwig-van.com\/montreal\/wp-json\/wp\/v2\/media?parent=84775"}],"wp:term":[{"taxonomy":"category","embeddable":true,"href":"https:\/\/www.ludwig-van.com\/montreal\/wp-json\/wp\/v2\/categories?post=84775"},{"taxonomy":"post_tag","embeddable":true,"href":"https:\/\/www.ludwig-van.com\/montreal\/wp-json\/wp\/v2\/tags?post=84775"},{"taxonomy":"yst_prominent_words","embeddable":true,"href":"https:\/\/www.ludwig-van.com\/montreal\/wp-json\/wp\/v2\/yst_prominent_words?post=84775"}],"curies":[{"name":"wp","href":"https:\/\/api.w.org\/{rel}","templated":true}]}}