{"id":84747,"date":"2024-11-04T13:27:42","date_gmt":"2024-11-04T18:27:42","guid":{"rendered":"https:\/\/www.ludwig-van.com\/montreal\/?p=84747"},"modified":"2024-11-05T12:17:45","modified_gmt":"2024-11-05T17:17:45","slug":"choix-de-la-redaction-le-firmament-montrealais-sillumine-de-leclat-detoiles-dici-et-dailleurs-ne-pas-manquer","status":"publish","type":"post","link":"https:\/\/www.ludwig-van.com\/montreal\/2024\/11\/04\/choix-de-la-redaction-le-firmament-montrealais-sillumine-de-leclat-detoiles-dici-et-dailleurs-ne-pas-manquer\/","title":{"rendered":"CHOIX DE LA R\u00c9DACTION | Le firmament montr\u00e9alais s&rsquo;illumine de l&rsquo;\u00e9clat d&rsquo;\u00e9toiles d&rsquo;ici et d&rsquo;ailleurs \u00e0 ne pas manquer"},"content":{"rendered":"<figure id=\"attachment_84753\" aria-describedby=\"caption-attachment-84753\" style=\"width: 1200px\" class=\"wp-caption aligncenter\"><img decoding=\"async\" loading=\"lazy\" class=\"size-full wp-image-84753\" src=\"https:\/\/www.ludwig-van.com\/montreal\/wp-content\/uploads\/sites\/3\/2024\/11\/Copie-de-CONCERTS1.jpg\" alt=\"Benjamin Grosvenor (Photo : Patrick Allen, Opera Omnia); Leonidas Kavakos (Photo : Marco Borggreve); Leila Schayegh (Photo : Matthias M\u00fcller)\" width=\"1200\" height=\"628\" srcset=\"https:\/\/www.ludwig-van.com\/montreal\/wp-content\/uploads\/sites\/3\/2024\/11\/Copie-de-CONCERTS1.jpg 1200w, https:\/\/www.ludwig-van.com\/montreal\/wp-content\/uploads\/sites\/3\/2024\/11\/Copie-de-CONCERTS1-300x157.jpg 300w, https:\/\/www.ludwig-van.com\/montreal\/wp-content\/uploads\/sites\/3\/2024\/11\/Copie-de-CONCERTS1-1024x536.jpg 1024w, https:\/\/www.ludwig-van.com\/montreal\/wp-content\/uploads\/sites\/3\/2024\/11\/Copie-de-CONCERTS1-768x402.jpg 768w\" sizes=\"(max-width: 1200px) 100vw, 1200px\" \/><figcaption id=\"caption-attachment-84753\" class=\"wp-caption-text\">Benjamin Grosvenor (Photo : Patrick Allen, Opera Omnia); Leonidas Kavakos (Photo : Marco Borggreve); Leila Schayegh (Photo : Matthias M\u00fcller)<\/figcaption><\/figure>\n<p>Des artistes internationaux seront \u00e0 Montr\u00e9al pour la premi\u00e8re fois cette semaine pour offrir des prestations \u00e0 ne pas manquer &#8211; mais n\u2019en oubliez pas pour autant vos artistes locaux, qui appr\u00e9cieront \u00e9galement votre pr\u00e9sence enthousiaste!<\/p>\n<h3><\/h3>\n<figure id=\"attachment_48404\" aria-describedby=\"caption-attachment-48404\" style=\"width: 1024px\" class=\"wp-caption aligncenter\"><img decoding=\"async\" loading=\"lazy\" class=\"size-full wp-image-48404\" src=\"https:\/\/www.ludwig-van.com\/montreal\/wp-content\/uploads\/sites\/3\/2017\/10\/Leonidas_Kavakos_Marco_Borggreve.jpg\" alt=\"\" width=\"1024\" height=\"704\" srcset=\"https:\/\/www.ludwig-van.com\/montreal\/wp-content\/uploads\/sites\/3\/2017\/10\/Leonidas_Kavakos_Marco_Borggreve.jpg 1024w, https:\/\/www.ludwig-van.com\/montreal\/wp-content\/uploads\/sites\/3\/2017\/10\/Leonidas_Kavakos_Marco_Borggreve-300x206.jpg 300w, https:\/\/www.ludwig-van.com\/montreal\/wp-content\/uploads\/sites\/3\/2017\/10\/Leonidas_Kavakos_Marco_Borggreve-768x528.jpg 768w\" sizes=\"(max-width: 1024px) 100vw, 1024px\" \/><figcaption id=\"caption-attachment-48404\" class=\"wp-caption-text\">Leonidas Kavakos en pleine action. (Photo : Marco Borggreve)<\/figcaption><\/figure>\n<h3>Le violoniste Leonidas Kavakos sera \u00e0 Qu\u00e9bec et \u00e0 Montr\u00e9al<\/h3>\n<p>Le <strong>Club musical de Qu\u00e9bec<\/strong> et la <strong>Salle Bourgie<\/strong> s\u2019unissent pour pr\u00e9senter <strong>Leonidas Kavakos<\/strong>, violoniste grec \u00e0 la technique qui fr\u00f4le la perfection. Malgr\u00e9 ses prouesses techniques exceptionnelles, c\u2019est le naturel de son jeu qui captive le public. C\u2019est dans l\u2019intimit\u00e9 de certaines sonates et partitas de Bach que vous aurez la chance de l\u2019entendre \u00e0 Qu\u00e9bec le 5 novembre et \u00e0 Montr\u00e9al le 7 novembre, o\u00f9 seulement quelques places sont encore disponibles. \u00c0 Qu\u00e9bec, un pr\u00e9lude-conf\u00e9rence est offert en salle \u00e0 compter de 18h45.<\/p>\n<p>LE 5 NOVEMBRE, 19 H 30, PALAIS MONTCALM\u00a0 <a href=\"https:\/\/www.clubmusicaldequebec.com\/cmq\/index.php\/programmation\/saison-2024-2025\/kavakos\" target=\"_blank\" rel=\"noopener\">D\u00c9TAILS ET BILLETS<\/a><\/p>\n<p>LE 7 NOVEMBRE, 19 H 30, SALLE BOURGIE\u00a0 <a href=\"https:\/\/www.mbam.qc.ca\/fr\/activites\/leonidas-kavakos\/\" target=\"_blank\" rel=\"noopener\">D\u00c9TAILS ET BILLETS<\/a><\/p>\n<p>&nbsp;<\/p>\n<p><img decoding=\"async\" loading=\"lazy\" class=\"aligncenter size-full wp-image-84752\" src=\"https:\/\/www.ludwig-van.com\/montreal\/wp-content\/uploads\/sites\/3\/2024\/11\/Francis-Dhomont_UdeM_1000.jpg\" alt=\"\" width=\"1000\" height=\"669\" srcset=\"https:\/\/www.ludwig-van.com\/montreal\/wp-content\/uploads\/sites\/3\/2024\/11\/Francis-Dhomont_UdeM_1000.jpg 1000w, https:\/\/www.ludwig-van.com\/montreal\/wp-content\/uploads\/sites\/3\/2024\/11\/Francis-Dhomont_UdeM_1000-300x201.jpg 300w, https:\/\/www.ludwig-van.com\/montreal\/wp-content\/uploads\/sites\/3\/2024\/11\/Francis-Dhomont_UdeM_1000-768x514.jpg 768w\" sizes=\"(max-width: 1000px) 100vw, 1000px\" \/><\/p>\n<h3>UdeM : Hommage \u00e0 Francis Dhomont<\/h3>\n<p>Professeur \u00e0 la Facult\u00e9 de musique de l\u2019Universit\u00e9 de Montr\u00e9al et docteur<em> honoris causa<\/em> de cette m\u00eame universit\u00e9, le compositeur fran\u00e7ais de musique \u00e9lectroacoustique <strong>Francis Dhomont<\/strong> (1926-2023) a marqu\u00e9 le parcours de plusieurs \u00e9tudiant\u00b7e\u00b7s. Ce concert de musique num\u00e9rique, o\u00f9 plusieurs invit\u00e9\u00b7e\u00b7s interpr\u00e9teront les \u0153uvres de <strong>Dhomont<\/strong>, se veut un hommage \u00e0 l\u2019empreinte que ce dernier a laiss\u00e9 autant dans l\u2019enseignement que dans le monde de la musique \u00e9lectroacoustique.<\/p>\n<p>LE 6 NOVEMBRE, 19 H 30, SALLE SERGE-GARANT\u00a0 <a href=\"https:\/\/www.calendrier.umontreal.ca\/detail\/890098-hommage-a-francis-dhomont\" target=\"_blank\" rel=\"noopener\">D\u00c9TAILS ET BILLETS<\/a><\/p>\n<p>&nbsp;<\/p>\n<figure id=\"attachment_83050\" aria-describedby=\"caption-attachment-83050\" style=\"width: 1200px\" class=\"wp-caption aligncenter\"><img decoding=\"async\" loading=\"lazy\" class=\"size-full wp-image-83050\" src=\"https:\/\/www.ludwig-van.com\/montreal\/wp-content\/uploads\/sites\/3\/2024\/08\/Oktoecho_Damien-Siqueiros.png\" alt=\"Le groupe Oktoecho (Photo : Damien Siqueiros)\" width=\"1200\" height=\"493\" srcset=\"https:\/\/www.ludwig-van.com\/montreal\/wp-content\/uploads\/sites\/3\/2024\/08\/Oktoecho_Damien-Siqueiros.png 1200w, https:\/\/www.ludwig-van.com\/montreal\/wp-content\/uploads\/sites\/3\/2024\/08\/Oktoecho_Damien-Siqueiros-300x123.png 300w, https:\/\/www.ludwig-van.com\/montreal\/wp-content\/uploads\/sites\/3\/2024\/08\/Oktoecho_Damien-Siqueiros-1024x421.png 1024w, https:\/\/www.ludwig-van.com\/montreal\/wp-content\/uploads\/sites\/3\/2024\/08\/Oktoecho_Damien-Siqueiros-768x316.png 768w\" sizes=\"(max-width: 1200px) 100vw, 1200px\" \/><figcaption id=\"caption-attachment-83050\" class=\"wp-caption-text\">Le groupe Oktoecho (Photo : Damien Siqueiros)<\/figcaption><\/figure>\n<h3>Oktoecho &#8211; <em>Saimaniq-Sivumut<\/em><\/h3>\n<p><strong>Oktoecho<\/strong> partage la richesse de la culture inuit avec cette cr\u00e9ation originale, <em>Saimaniq-Sivumut<\/em>.\u00a0 En lien avec la nouvelle pr\u00e9sentation de la collection d\u2019art inuit du MBAM intitul\u00e9e \u1406\u14bb\u14aa\u1581\u144e\u1483 <i>uummaqutik : essence de la vie, <\/i>ce concert allie le katajjaq (chant de gorge inuit), le tambour inuit et le chant Ayaya, tout en incorporant des polyrythmies arabes, des fl\u00fbtes japonaise et irlandaise, et de l\u2019\u00e9lectronique. Une causerie pr\u00e9-concert de 30 minutes avec les artistes <strong>Katia Makdissi-Warren<\/strong>, <strong>Nina Segalowitz<\/strong> et<strong> Louisa Qaurritaiyuk<\/strong> aura lieu \u00e0 18h30.<\/p>\n<p>LE 6 NOVEMBRE, 19 H 30, SALLE BOURGIE\u00a0 <a href=\"https:\/\/www.mbam.qc.ca\/fr\/activites\/oktoecho-saimaniq-sivumut\/\" target=\"_blank\" rel=\"noopener\">D\u00c9TAILS ET BILLETS<\/a><\/p>\n<p>&nbsp;<\/p>\n<figure id=\"attachment_53623\" aria-describedby=\"caption-attachment-53623\" style=\"width: 1018px\" class=\"wp-caption aligncenter\"><img decoding=\"async\" loading=\"lazy\" class=\"size-full wp-image-53623\" src=\"https:\/\/www.ludwig-van.com\/montreal\/wp-content\/uploads\/sites\/3\/2018\/04\/PAUL-MERKELO-Latitude45-horz.jpg\" alt=\"Paul Merkelo\" width=\"1018\" height=\"718\" srcset=\"https:\/\/www.ludwig-van.com\/montreal\/wp-content\/uploads\/sites\/3\/2018\/04\/PAUL-MERKELO-Latitude45-horz.jpg 1018w, https:\/\/www.ludwig-van.com\/montreal\/wp-content\/uploads\/sites\/3\/2018\/04\/PAUL-MERKELO-Latitude45-horz-300x212.jpg 300w, https:\/\/www.ludwig-van.com\/montreal\/wp-content\/uploads\/sites\/3\/2018\/04\/PAUL-MERKELO-Latitude45-horz-768x542.jpg 768w\" sizes=\"(max-width: 1018px) 100vw, 1018px\" \/><figcaption id=\"caption-attachment-53623\" class=\"wp-caption-text\">Paul Merkelo, premier trompettiste de l&rsquo;OSM, sera en vedette dans les programmes de musique latino-am\u00e9ricaine cette semaine. (Photo : courtoisie Latitude45)<\/figcaption><\/figure>\n<h3>Escapade musicale latino-am\u00e9ricaine avec l\u2019OSM<\/h3>\n<p>L\u2019<strong>OSM<\/strong> pr\u00e9sente deux concerts semblables les 6 et 7 novembre sur le th\u00e8me de la musique latino-am\u00e9ricaine. Au concert du mercredi, quatre \u0153uvres de diff\u00e9rents compositeurs\u00b7ices, soit Heitor Villa-Lobos, Gabriela Ortiz, Antonio Est\u00e9vez et Alberto Ginastera, seront interpr\u00e9t\u00e9es. Le concert de jeudi, pr\u00e9sent\u00e9 sans l&rsquo;\u0153uvre de Villa-Lobos, est le premier de la nouvelle s\u00e9rie de concerts en d\u00e9but de soir\u00e9e, anim\u00e9e par le com\u00e9dien <strong>Philippe-Audrey Larrue-St-Jacques<\/strong> et offrant acc\u00e8s \u00e0 un guide d\u2019\u00e9coute sur votre t\u00e9l\u00e9phone cellulaire. Les deux concerts ont en commun d\u2019\u00eatre dirig\u00e9s par <strong>Rafael Payare<\/strong> et de mettre en vedette les solistes <strong>Paul Merkelo<\/strong>, trompette, et <strong>Gustavo Castillo<\/strong>, baryton.<\/p>\n<p>LE 6 NOVEMBRE, 19 H 30, MAISON SYMPHONIQUE\u00a0 <a href=\"https:\/\/www.osm.ca\/fr\/concert\/escapade-musicale-latino-americaine-avec-rafael-payare\/\" target=\"_blank\" rel=\"noopener\">D\u00c9TAILS ET BILLETS<\/a><\/p>\n<p>VERSION \u00c9COURT\u00c9E LE 7 NOVEMBRE, 18 H 30, MAISON SYMPHONIQUE\u00a0 <a href=\"https:\/\/www.osm.ca\/fr\/concert\/losm-aux-couleurs-de-lamerique-latine\/\" target=\"_blank\" rel=\"noopener\">D\u00c9TAILS ET BILLETS<\/a><\/p>\n<p>&nbsp;<\/p>\n<figure id=\"attachment_74596\" aria-describedby=\"caption-attachment-74596\" style=\"width: 1200px\" class=\"wp-caption aligncenter\"><img decoding=\"async\" loading=\"lazy\" class=\"size-full wp-image-74596\" src=\"https:\/\/www.ludwig-van.com\/montreal\/wp-content\/uploads\/sites\/3\/2023\/01\/Schuldt_Clemens_c_Marco_Borggreve.jpg\" alt=\"Clemens Schuldt, chef d'orchestre (Photo : Marco Broggreve)\" width=\"1200\" height=\"800\" \/><figcaption id=\"caption-attachment-74596\" class=\"wp-caption-text\">Clemens Schuldt, chef d&rsquo;orchestre (Photo : Marco Broggreve)<\/figcaption><\/figure>\n<h3>\u00c0 Qu\u00e9bec : Le Requiem de Mozart<\/h3>\n<p>L\u2019<strong>Orchestre symphonique de Qu\u00e9bec<\/strong> pr\u00e9sente le <i>Requiem<\/i> de Mozart ce mercredi 6 novembre et en suppl\u00e9mentaire, le 7 novembre. En plus de l&rsquo;\u0153uvre pour ch\u0153ur et orchestre de Mozart, vous pourrez y entendre <i>Siegfried Idyll <\/i>de Wagner ainsi que la <i>Symphonie <\/i><em>n<sup>o <\/sup><\/em><i>8 en si mineur \u00ab inachev\u00e9e \u00bb<\/i> de Schubert. Il ne reste que tr\u00e8s, tr\u00e8s peu de billets de disponibles, d\u00e9p\u00eachez-vous si vous voulez \u00eatre l\u2019un\u00b7e des chanceux\u00b7ses \u00e0 mettre la main sur les billets restants!<\/p>\n<p>LES 6 ET 7 NOVEMBRE, 20 H, GRAND TH\u00c9\u00c2TRE DE QU\u00c9BEC\u00a0 <a href=\"https:\/\/www.osq.org\/concerts\/le-requiem-de-mozart\/\" target=\"_blank\" rel=\"noopener\">D\u00c9TAILS ET BILLETS<\/a><\/p>\n<p>&nbsp;<\/p>\n<p><img decoding=\"async\" loading=\"lazy\" class=\"aligncenter size-full wp-image-84766\" src=\"https:\/\/www.ludwig-van.com\/montreal\/wp-content\/uploads\/sites\/3\/2024\/11\/OSM_Concours2024_590x300_FR_V2_1200.jpg\" alt=\"\" width=\"1200\" height=\"610\" srcset=\"https:\/\/www.ludwig-van.com\/montreal\/wp-content\/uploads\/sites\/3\/2024\/11\/OSM_Concours2024_590x300_FR_V2_1200.jpg 1200w, https:\/\/www.ludwig-van.com\/montreal\/wp-content\/uploads\/sites\/3\/2024\/11\/OSM_Concours2024_590x300_FR_V2_1200-300x153.jpg 300w, https:\/\/www.ludwig-van.com\/montreal\/wp-content\/uploads\/sites\/3\/2024\/11\/OSM_Concours2024_590x300_FR_V2_1200-1024x521.jpg 1024w, https:\/\/www.ludwig-van.com\/montreal\/wp-content\/uploads\/sites\/3\/2024\/11\/OSM_Concours2024_590x300_FR_V2_1200-768x390.jpg 768w\" sizes=\"(max-width: 1200px) 100vw, 1200px\" \/><\/p>\n<h3>Concours OSM<\/h3>\n<p>La finale du Concours OSM, consacr\u00e9 cette ann\u00e9e aux bois et aux cuivres, aura lieu le 9 novembre en apr\u00e8s-midi \u00e0 la Maison symphonique. Les billets gratuits pour y assister sur place se sont envol\u00e9s, mais il est aussi possible d&rsquo;\u00e9couter les prestations des candidat\u00b7e\u00b7s en direct par l&rsquo;entremise de la diffusion <a href=\"https:\/\/www.concoursosm.ca\/\" target=\"_blank\" rel=\"noopener\">sur le site du Concours<\/a>!<\/p>\n<p>LE 9 NOVEMBRE, 14 H 30, MAISON SYMPHONIQUE <a href=\"https:\/\/www.concoursosm.ca\/\" target=\"_blank\" rel=\"noopener\">D\u00c9TAILS<\/a><\/p>\n<p>&nbsp;<\/p>\n<h3><img decoding=\"async\" loading=\"lazy\" class=\"aligncenter size-full wp-image-83693\" src=\"https:\/\/www.ludwig-van.com\/montreal\/wp-content\/uploads\/sites\/3\/2017\/09\/OUM-Adam-Johnson_UdeM_800.jpg\" alt=\"\" width=\"800\" height=\"535\" srcset=\"https:\/\/www.ludwig-van.com\/montreal\/wp-content\/uploads\/sites\/3\/2017\/09\/OUM-Adam-Johnson_UdeM_800.jpg 800w, https:\/\/www.ludwig-van.com\/montreal\/wp-content\/uploads\/sites\/3\/2017\/09\/OUM-Adam-Johnson_UdeM_800-300x201.jpg 300w, https:\/\/www.ludwig-van.com\/montreal\/wp-content\/uploads\/sites\/3\/2017\/09\/OUM-Adam-Johnson_UdeM_800-768x514.jpg 768w\" sizes=\"(max-width: 800px) 100vw, 800px\" \/><\/h3>\n<h3>L\u2019Orchestre de l\u2019Universit\u00e9 de Montr\u00e9al (l\u2019OUM) et la <i>3<\/i><i>e<\/i><i> Symphonie<\/i> de Mendelssohn<\/h3>\n<p>C\u2019est sous la baguette d\u2019un dipl\u00f4m\u00e9 de la Facult\u00e9 de musique de l\u2019Universit\u00e9 de Montr\u00e9al, <strong>Adam Johnson<\/strong>, que l\u2019<strong>OUM<\/strong> entame sa saison. En plus des jeunes instrumentistes de l\u2019orchestre, le pianiste <strong>Gregory Vandikas<\/strong>, deuxi\u00e8me prix du Concours de concerto de l\u2019OUM, sera mis en valeur. Au programme, la <i>Troisi\u00e8me Symphonie<\/i> de Mendelssohn, <i>Alap et Gat<\/i> de Jos\u00e9 Evangelista et le <i>Concerto pour piano <\/i><em>n<sup>o <\/sup><\/em><i>2<\/i> de Chostakovitch.<\/p>\n<p>LE 9 NOVEMBRE, 19 H 30, SALLE CLAUDE-CHAMPAGNE\u00a0<a href=\"https:\/\/www.calendrier.umontreal.ca\/detail\/890099-lroum-et-la-3e-symphonie-de-mendelssohn\" target=\"_blank\" rel=\"noopener\"> D\u00c9TAILS ET BILLETS<\/a><\/p>\n<p>&nbsp;<\/p>\n<p><img decoding=\"async\" loading=\"lazy\" class=\"aligncenter size-full wp-image-84337\" src=\"https:\/\/www.ludwig-van.com\/montreal\/wp-content\/uploads\/sites\/3\/2024\/10\/Sainte-Marine.jpg\" alt=\"\" width=\"1200\" height=\"750\" srcset=\"https:\/\/www.ludwig-van.com\/montreal\/wp-content\/uploads\/sites\/3\/2024\/10\/Sainte-Marine.jpg 1200w, https:\/\/www.ludwig-van.com\/montreal\/wp-content\/uploads\/sites\/3\/2024\/10\/Sainte-Marine-300x188.jpg 300w, https:\/\/www.ludwig-van.com\/montreal\/wp-content\/uploads\/sites\/3\/2024\/10\/Sainte-Marine-1024x640.jpg 1024w, https:\/\/www.ludwig-van.com\/montreal\/wp-content\/uploads\/sites\/3\/2024\/10\/Sainte-Marine-768x480.jpg 768w\" sizes=\"(max-width: 1200px) 100vw, 1200px\" \/><\/p>\n<h3><em>Sainte Marine<\/em>, op\u00e9ra immersif<\/h3>\n<p><strong>Chants Libres<\/strong> et <strong>Oktoecho<\/strong> pr\u00e9sentent en premi\u00e8re l\u2019op\u00e9ra immersif <em>Sainte Marine<\/em> du 9 au 11 novembre \u00e0 la Satosph\u00e8re. Cet op\u00e9ra, imagin\u00e9 par <strong>Marie-Annick B\u00e9liveau<\/strong>, <strong>Katia Makdissi-Warren<\/strong> et <strong>Charlie Poirier-Bouthillette<\/strong>, s\u2019inspire de l\u2019histoire vraie d\u2019une femme moine maronite ayant v\u00e9cu au Ve si\u00e8cle au Liban, sous l\u2019apparence d\u2019un homme. Cette cr\u00e9ation unique compos\u00e9e de chants maronites anciens et de sons \u00e9lectro modernes offre un dialogue entre technologie et tradition.<\/p>\n<p>LE 9 NOVEMBRE, 19 H 30 ET LE 10 NOVEMBRE, 15 H, SOCI\u00c9T\u00c9 DES ARTS TECHNOLOGIQUES\u00a0 <a href=\"https:\/\/www.tixr.com\/groups\/sat\/events\/sainte-marine-118751\" target=\"_blank\" rel=\"noopener\">D\u00c9TAILS ET BILLETS<\/a><\/p>\n<p>&nbsp;<\/p>\n<figure id=\"attachment_84748\" aria-describedby=\"caption-attachment-84748\" style=\"width: 1200px\" class=\"wp-caption aligncenter\"><img decoding=\"async\" loading=\"lazy\" class=\"size-full wp-image-84748\" src=\"https:\/\/www.ludwig-van.com\/montreal\/wp-content\/uploads\/sites\/3\/2024\/11\/Leila_Schayegh_Portrait_2_Matthias-Muller_cropped_1200.jpg\" alt=\"La violoniste baroque Leila Schayegh, invit\u00e9e d'Arion, se produira \u00e0 Montr\u00e9al pour la premi\u00e8re fois. (Photo : Matthias M\u00fcller)\" width=\"1200\" height=\"643\" srcset=\"https:\/\/www.ludwig-van.com\/montreal\/wp-content\/uploads\/sites\/3\/2024\/11\/Leila_Schayegh_Portrait_2_Matthias-Muller_cropped_1200.jpg 1200w, https:\/\/www.ludwig-van.com\/montreal\/wp-content\/uploads\/sites\/3\/2024\/11\/Leila_Schayegh_Portrait_2_Matthias-Muller_cropped_1200-300x161.jpg 300w, https:\/\/www.ludwig-van.com\/montreal\/wp-content\/uploads\/sites\/3\/2024\/11\/Leila_Schayegh_Portrait_2_Matthias-Muller_cropped_1200-1024x549.jpg 1024w, https:\/\/www.ludwig-van.com\/montreal\/wp-content\/uploads\/sites\/3\/2024\/11\/Leila_Schayegh_Portrait_2_Matthias-Muller_cropped_1200-768x412.jpg 768w\" sizes=\"(max-width: 1200px) 100vw, 1200px\" \/><figcaption id=\"caption-attachment-84748\" class=\"wp-caption-text\">La violoniste baroque Leila Schayegh, invit\u00e9e d&rsquo;Arion, se produira \u00e0 Montr\u00e9al pour la premi\u00e8re fois. (Photo : Matthias M\u00fcller)<\/figcaption><\/figure>\n<h3>Arion Orchestre Baroque &#8211; Le Grand Tour<\/h3>\n<p><strong>Arion <\/strong>re\u00e7oit pour la premi\u00e8re fois \u00e0 Montr\u00e9al la violoniste suisse <strong>Leila\u202fSchayegh<\/strong> dans un programme explorant plusieurs facettes du genre du concerto grosso. De Corelli \u00e0 Vivaldi en passant par Georg Muffat, ces concertos pour plusieurs instruments permettront d\u2019admirer la vari\u00e9t\u00e9 d\u2019\u00e9criture et de styles de ces grands compositeurs.<\/p>\n<p>LE 9 NOVEMBRE, 19 H 30 ET LE 10 NOVEMBRE, 14 H 30, SALLE BOURGIE\u00a0 <a href=\"https:\/\/arionbaroque.com\/fr\/concert\/le-grand-tour\/\" target=\"_blank\" rel=\"noopener\">D\u00c9TAILS ET BILLETS<\/a><\/p>\n<h3><\/h3>\n<figure id=\"attachment_61483\" aria-describedby=\"caption-attachment-61483\" style=\"width: 1200px\" class=\"wp-caption aligncenter\"><img decoding=\"async\" loading=\"lazy\" class=\"size-full wp-image-61483\" src=\"https:\/\/www.ludwig-van.com\/montreal\/wp-content\/uploads\/sites\/3\/2019\/09\/No\u00e9mie-Raymond-Friset_redim.jpg\" alt=\"No\u00e9mie Raymond-Friset (Photo : Tam Lan Truong)\" width=\"1200\" height=\"801\" srcset=\"https:\/\/www.ludwig-van.com\/montreal\/wp-content\/uploads\/sites\/3\/2019\/09\/No\u00e9mie-Raymond-Friset_redim.jpg 1200w, https:\/\/www.ludwig-van.com\/montreal\/wp-content\/uploads\/sites\/3\/2019\/09\/No\u00e9mie-Raymond-Friset_redim-300x200.jpg 300w, https:\/\/www.ludwig-van.com\/montreal\/wp-content\/uploads\/sites\/3\/2019\/09\/No\u00e9mie-Raymond-Friset_redim-768x513.jpg 768w, https:\/\/www.ludwig-van.com\/montreal\/wp-content\/uploads\/sites\/3\/2019\/09\/No\u00e9mie-Raymond-Friset_redim-1024x684.jpg 1024w\" sizes=\"(max-width: 1200px) 100vw, 1200px\" \/><figcaption id=\"caption-attachment-61483\" class=\"wp-caption-text\">La violoncelliste No\u00e9mie Raymond-Friset, soliste invit\u00e9e \u00e0 l&rsquo;OSS (Photo : Tam Lan Truong)<\/figcaption><\/figure>\n<h3>\u00c0 Sherbrooke : l&rsquo;OSS accueille Jean-Marie Zeitouni, No\u00e9mie Raymond Friset et Timothy Chooi<\/h3>\n<p>L&rsquo;<strong>Orchestre symphonique de Sherbrooke<\/strong> accueille ce samedi <strong>Jean-Marie Zeitouni<\/strong> en tant que chef invit\u00e9. Les solistes <strong>Timothy Chooi<\/strong> (violon) et <strong>No\u00e9mie<\/strong> <strong>Raymond-Friset<\/strong> (violoncelle) se feront complices dans le <em>Double concerto pour violon et violoncelle<\/em> de Brahms, tandis que l&rsquo;orchestre intepr\u00e9tera la <em>Septi\u00e8me<\/em> <em>symphonie<\/em> de Dvorak ainsi que <em>La plaidoirie du pendu<\/em>, une cr\u00e9ation du compositeur montr\u00e9alais <strong>Julien Bilodeau<\/strong>, bien connu des lecteurs\u00b7ices de Ludwig van Montr\u00e9al.<\/p>\n<p>LE 9 NOVEMBRE, 19 H 30, SALLE MAURICE-O&rsquo;BREADY\u00a0<a href=\"https:\/\/ossherbrooke.com\/audace-et-complicite\/\" target=\"_blank\" rel=\"noopener\"> D\u00c9TAILS ET BILLETS<\/a><\/p>\n<p>&nbsp;<\/p>\n<figure id=\"attachment_84749\" aria-describedby=\"caption-attachment-84749\" style=\"width: 1200px\" class=\"wp-caption aligncenter\"><img decoding=\"async\" loading=\"lazy\" class=\"size-full wp-image-84749\" src=\"https:\/\/www.ludwig-van.com\/montreal\/wp-content\/uploads\/sites\/3\/2024\/11\/Martin-Carli_Leau-et-le-feu_courtoisie-OSQ_JPG.jpg\" alt=\"Martin Carli pr\u00e9sentera des exp\u00e9riences \u00e9clairant les propri\u00e9t\u00e9s de l'eau et du feu dans le cadre d'un concert-famille \u00e0 l'OSQ. (Photo : courtoisie OSQ)\" width=\"1200\" height=\"750\" srcset=\"https:\/\/www.ludwig-van.com\/montreal\/wp-content\/uploads\/sites\/3\/2024\/11\/Martin-Carli_Leau-et-le-feu_courtoisie-OSQ_JPG.jpg 1200w, https:\/\/www.ludwig-van.com\/montreal\/wp-content\/uploads\/sites\/3\/2024\/11\/Martin-Carli_Leau-et-le-feu_courtoisie-OSQ_JPG-300x188.jpg 300w, https:\/\/www.ludwig-van.com\/montreal\/wp-content\/uploads\/sites\/3\/2024\/11\/Martin-Carli_Leau-et-le-feu_courtoisie-OSQ_JPG-1024x640.jpg 1024w, https:\/\/www.ludwig-van.com\/montreal\/wp-content\/uploads\/sites\/3\/2024\/11\/Martin-Carli_Leau-et-le-feu_courtoisie-OSQ_JPG-768x480.jpg 768w\" sizes=\"(max-width: 1200px) 100vw, 1200px\" \/><figcaption id=\"caption-attachment-84749\" class=\"wp-caption-text\">Martin Carli pr\u00e9sentera des exp\u00e9riences \u00e9clairant les propri\u00e9t\u00e9s de l&rsquo;eau et du feu dans le cadre d&rsquo;un concert-famille \u00e0 l&rsquo;OSQ. (Photo : courtoisie OSQ)<\/figcaption><\/figure>\n<h3>\u00c0 Qu\u00e9bec : <i>G\u00e9nial! &#8211;<\/i> en famille \u00e0 l\u2019OSQ<\/h3>\n<p>Science et musique sont compl\u00e9mentaires et s\u2019associent dans ce concert familial ayant pour th\u00e8me l\u2019eau et le feu. En compagnie de <strong>Martin Carli<\/strong>, le scientifique de l\u2019\u00e9mission <i>G\u00e9nial!<\/i> diffus\u00e9e \u00e0 T\u00e9l\u00e9Qu\u00e9bec, vous d\u00e9couvrirez les particularit\u00e9s de ces deux \u00e9l\u00e9ments par des exp\u00e9riences scientifiques et vous entendrez comment des compositeurs en ont \u00e9t\u00e9 inspir\u00e9s gr\u00e2ce aux musicien\u00b7ne\u00b7s de l\u2019<strong>OSQ <\/strong>sous la direction de <strong>Leandro Cardoso<\/strong>. Recommand\u00e9 pour un public de 8 \u00e0 13 ans.<\/p>\n<p>LE 10 NOVEMBRE, 14 H 30, GRAND TH\u00c9\u00c2TRE DE QU\u00c9BEC\u00a0<a href=\"https:\/\/www.osq.org\/concerts\/leau-et-le-feu-genial\/\" target=\"_blank\" rel=\"noopener\"> D\u00c9TAILS ET BILLETS<\/a><\/p>\n<h3><\/h3>\n<figure id=\"attachment_58316\" aria-describedby=\"caption-attachment-58316\" style=\"width: 1024px\" class=\"wp-caption aligncenter\"><img decoding=\"async\" loading=\"lazy\" class=\"size-full wp-image-58316\" src=\"https:\/\/www.ludwig-van.com\/montreal\/wp-content\/uploads\/sites\/3\/2019\/01\/Benjamin-Grosvenor@Patrick-Allen_Opera-Omnia.jpg\" alt=\"Benjamin Grosvenor\" width=\"1024\" height=\"683\" srcset=\"https:\/\/www.ludwig-van.com\/montreal\/wp-content\/uploads\/sites\/3\/2019\/01\/Benjamin-Grosvenor@Patrick-Allen_Opera-Omnia.jpg 1024w, https:\/\/www.ludwig-van.com\/montreal\/wp-content\/uploads\/sites\/3\/2019\/01\/Benjamin-Grosvenor@Patrick-Allen_Opera-Omnia-300x200.jpg 300w, https:\/\/www.ludwig-van.com\/montreal\/wp-content\/uploads\/sites\/3\/2019\/01\/Benjamin-Grosvenor@Patrick-Allen_Opera-Omnia-768x512.jpg 768w\" sizes=\"(max-width: 1024px) 100vw, 1024px\" \/><figcaption id=\"caption-attachment-58316\" class=\"wp-caption-text\">Le pianiste Benjamin Grosvenor fera ses d\u00e9buts au LMMC cette semaine. (Photo : Patrick Allen Opera Omnia)<\/figcaption><\/figure>\n<h3>LMMC &#8211; Benjamin Grosvenor, piano<\/h3>\n<p>Le <strong>Ladies\u2019 Morning Musical Club<\/strong> accueille pour la premi\u00e8re fois le pianiste reconnu <strong>Benjamin Grosvenor<\/strong>. Depuis qu\u2019il a remport\u00e9 \u00e0 11 ans le Concours de la BBC pour les jeunes musiciens, <strong>Grosvenor<\/strong> cumule les reconnaissances. Ce 10 novembre, vous pourrez l\u2019entendre jouer <i>Trois Intermezzi, op.117<\/i> de Brahms, <i>Fantaisie en do majeur, op.17<\/i> de Schumann et <i>Tableaux d\u2019une exposition<\/i> de Moussorgski.<\/p>\n<p>LE 10 NOVEMBRE, 15 H 30, SALLE OSCAR-PETERSON\u00a0 <a href=\"https:\/\/www.lmmc.ca\/fr\/benjamingrosvenor-1\" target=\"_blank\" rel=\"noopener\">D\u00c9TAILS ET BILLETS<\/a><\/p>\n<p>&nbsp;<\/p>\n<p><img decoding=\"async\" loading=\"lazy\" class=\"aligncenter size-full wp-image-84585\" src=\"https:\/\/www.ludwig-van.com\/montreal\/wp-content\/uploads\/sites\/3\/2024\/10\/Bandeau-Jardin-Secret.jpg\" alt=\"\" width=\"899\" height=\"450\" srcset=\"https:\/\/www.ludwig-van.com\/montreal\/wp-content\/uploads\/sites\/3\/2024\/10\/Bandeau-Jardin-Secret.jpg 899w, https:\/\/www.ludwig-van.com\/montreal\/wp-content\/uploads\/sites\/3\/2024\/10\/Bandeau-Jardin-Secret-300x150.jpg 300w, https:\/\/www.ludwig-van.com\/montreal\/wp-content\/uploads\/sites\/3\/2024\/10\/Bandeau-Jardin-Secret-768x384.jpg 768w\" sizes=\"(max-width: 899px) 100vw, 899px\" \/><\/p>\n<h3>SCPMR &#8211; Jardin secret, Motets de Bruckner<\/h3>\n<p>Les ch\u0153urs de la<strong> Soci\u00e9t\u00e9 chorale du Plateau Mont-Royal<\/strong>, compos\u00e9e du <strong>Choeur du Plateau<\/strong>, de l\u2019<strong>Ensemble Ga\u00efa<\/strong> et de l\u2019<strong>Ensemble Phoebus<\/strong>, interpr\u00e9teront, sous la direction de <strong>Roseline Blain<\/strong>, des motets de Bruckner, parfois qualifi\u00e9s de \u00abjardin secret\u00bb du compositeur, ainsi que la <i>Messe pour double choeur<\/i> de Rheinberger. Pour plus d&rsquo;information sur ce programme, vous pouvez consulter <a href=\"https:\/\/www.ludwig-van.com\/montreal\/2024\/10\/29\/communaute-scpmr-le-jardin-secret-de-bruckner-concerts-200e-anniveraire\/\" target=\"_blank\" rel=\"noopener\">ce communiqu\u00e9<\/a>. Ce concert gratuit (contribution volontaire), pr\u00e9sent\u00e9 cette semaine \u00e0 Boucherville, sera repris \u00e0 Montr\u00e9al au cours de la semaine suivante.<\/p>\n<p>LE 10 NOVEMBRE, 15 H 30, \u00c9GLISE DE LA SAINTE-FAMILLE (BOUCHERVILLE)\u00a0 <a href=\"https:\/\/www.eventbrite.ca\/e\/jardin-secret-bruckner-200e-tickets-1046846284417\" target=\"_blank\" rel=\"noopener\">D\u00c9TAILS ET BILLETS<\/a><\/p>\n<h2><em>Inscrivez-vous \u00e0 notre infolettre! La musique classique et l\u2019op\u00e9ra en 5 minutes, chaque jour<\/em> \u00a0<a href=\"https:\/\/ludwig-van.us9.list-manage.com\/subscribe?u=4f785cb3f9058f2393ccad035&amp;id=b9b160c032\" target=\"_blank\" rel=\"noopener noreferrer\">ICI<\/a><\/h2>\n","protected":false},"excerpt":{"rendered":"<p>Des artistes internationaux seront \u00e0 Montr\u00e9al cette semaine pour offrir des prestations \u00e0 ne pas manquer &#8211; mais n\u2019en oubliez pas pour autant vos artistes locaux, qui appr\u00e9cieront \u00e9galement votre pr\u00e9sence enthousiaste!<\/p>\n","protected":false},"author":1,"featured_media":84753,"comment_status":"open","ping_status":"open","sticky":false,"template":"","format":"standard","meta":{"om_disable_all_campaigns":false,"jetpack_post_was_ever_published":false},"categories":[42107,10994],"tags":[42106,11882],"yst_prominent_words":[9863,13120,33504,26052,9877,11448,21882,13123,13119,33503,39932,14240,14241,14321,31964],"acf":[],"jetpack_featured_media_url":"https:\/\/www.ludwig-van.com\/montreal\/wp-content\/uploads\/sites\/3\/2024\/11\/Copie-de-CONCERTS1.jpg","jetpack_sharing_enabled":true,"jetpack_shortlink":"https:\/\/wp.me\/p9bdYt-m2T","amp_enabled":true,"_links":{"self":[{"href":"https:\/\/www.ludwig-van.com\/montreal\/wp-json\/wp\/v2\/posts\/84747"}],"collection":[{"href":"https:\/\/www.ludwig-van.com\/montreal\/wp-json\/wp\/v2\/posts"}],"about":[{"href":"https:\/\/www.ludwig-van.com\/montreal\/wp-json\/wp\/v2\/types\/post"}],"author":[{"embeddable":true,"href":"https:\/\/www.ludwig-van.com\/montreal\/wp-json\/wp\/v2\/users\/1"}],"replies":[{"embeddable":true,"href":"https:\/\/www.ludwig-van.com\/montreal\/wp-json\/wp\/v2\/comments?post=84747"}],"version-history":[{"count":6,"href":"https:\/\/www.ludwig-van.com\/montreal\/wp-json\/wp\/v2\/posts\/84747\/revisions"}],"predecessor-version":[{"id":84776,"href":"https:\/\/www.ludwig-van.com\/montreal\/wp-json\/wp\/v2\/posts\/84747\/revisions\/84776"}],"wp:featuredmedia":[{"embeddable":true,"href":"https:\/\/www.ludwig-van.com\/montreal\/wp-json\/wp\/v2\/media\/84753"}],"wp:attachment":[{"href":"https:\/\/www.ludwig-van.com\/montreal\/wp-json\/wp\/v2\/media?parent=84747"}],"wp:term":[{"taxonomy":"category","embeddable":true,"href":"https:\/\/www.ludwig-van.com\/montreal\/wp-json\/wp\/v2\/categories?post=84747"},{"taxonomy":"post_tag","embeddable":true,"href":"https:\/\/www.ludwig-van.com\/montreal\/wp-json\/wp\/v2\/tags?post=84747"},{"taxonomy":"yst_prominent_words","embeddable":true,"href":"https:\/\/www.ludwig-van.com\/montreal\/wp-json\/wp\/v2\/yst_prominent_words?post=84747"}],"curies":[{"name":"wp","href":"https:\/\/api.w.org\/{rel}","templated":true}]}}