{"id":84644,"date":"2024-10-28T11:07:31","date_gmt":"2024-10-28T15:07:31","guid":{"rendered":"https:\/\/www.ludwig-van.com\/montreal\/?p=84644"},"modified":"2024-10-28T14:00:03","modified_gmt":"2024-10-28T18:00:03","slug":"choix-de-la-redaction-notre-choix-de-concerts-pour-contrer-le-vague-lame-saisonnier","status":"publish","type":"post","link":"https:\/\/www.ludwig-van.com\/montreal\/2024\/10\/28\/choix-de-la-redaction-notre-choix-de-concerts-pour-contrer-le-vague-lame-saisonnier\/","title":{"rendered":"CHOIX DE LA R\u00c9DACTION | Nos choix de concerts pour contrer le vague \u00e0 l&rsquo;\u00e2me saisonnier"},"content":{"rendered":"<p>Les feuilles color\u00e9es d\u2019octobre tombent de plus en plus, laissant tranquillement place aux paysages tristounets de novembre. Combattez donc la d\u00e9pression saisonni\u00e8re et retrouvez sourire et \u00e9nergie gr\u00e2ce \u00e0 la musique!<\/p>\n<p>&nbsp;<\/p>\n<figure id=\"attachment_84647\" aria-describedby=\"caption-attachment-84647\" style=\"width: 1200px\" class=\"wp-caption aligncenter\"><img decoding=\"async\" loading=\"lazy\" class=\"size-full wp-image-84647\" src=\"https:\/\/www.ludwig-van.com\/montreal\/wp-content\/uploads\/sites\/3\/2024\/10\/Azrieli_quatre-compositeurs_courtoisie.png\" alt=\"Les quatre compositeurs laur\u00e9ats dans les diff\u00e9rentes cat\u00e9gories des Prix Azrieli. (Photo : courtoisie)\" width=\"1200\" height=\"424\" srcset=\"https:\/\/www.ludwig-van.com\/montreal\/wp-content\/uploads\/sites\/3\/2024\/10\/Azrieli_quatre-compositeurs_courtoisie.png 1200w, https:\/\/www.ludwig-van.com\/montreal\/wp-content\/uploads\/sites\/3\/2024\/10\/Azrieli_quatre-compositeurs_courtoisie-300x106.png 300w, https:\/\/www.ludwig-van.com\/montreal\/wp-content\/uploads\/sites\/3\/2024\/10\/Azrieli_quatre-compositeurs_courtoisie-1024x362.png 1024w, https:\/\/www.ludwig-van.com\/montreal\/wp-content\/uploads\/sites\/3\/2024\/10\/Azrieli_quatre-compositeurs_courtoisie-768x271.png 768w\" sizes=\"(max-width: 1200px) 100vw, 1200px\" \/><figcaption id=\"caption-attachment-84647\" class=\"wp-caption-text\">Les quatre compositeurs laur\u00e9ats dans les diff\u00e9rentes cat\u00e9gories des Prix Azrieli. (Photo : courtoisie)<\/figcaption><\/figure>\n<h3>Concert Gala des Prix Azrieli<\/h3>\n<p>Organis\u00e9 tous les deux ans, le Concours Azrieli r\u00e9compense l\u2019excellence, l\u2019engagement et la cr\u00e9ativit\u00e9 artistique. Ce concert vous fera d\u00e9couvrir les quatre laur\u00e9ats des diff\u00e9rents cat\u00e9gories des Prix Azrieli de musique 2024 avec le Ch\u0153ur et des musicien\u00b7ne\u00b7s de l&rsquo;OSM, dirig\u00e9s par <strong>Andrew Megill.<\/strong><\/p>\n<p>LE 28 OCTOBRE, 19 H 30, MAISON SYMPHONIQUE\u00a0 <a href=\"https:\/\/www.osm.ca\/fr\/concert\/azrieli-music-prizes-gala-concert\/\" target=\"_blank\" rel=\"noopener\">D\u00c9TAILS ET BILLETS<\/a><\/p>\n<p>&nbsp;<\/p>\n<figure id=\"attachment_70997\" aria-describedby=\"caption-attachment-70997\" style=\"width: 941px\" class=\"wp-caption aligncenter\"><img decoding=\"async\" loading=\"lazy\" class=\"size-full wp-image-70997\" src=\"https:\/\/www.ludwig-van.com\/montreal\/wp-content\/uploads\/sites\/3\/2022\/05\/Isabelle-Demers-cr-Abi-Poe.jpg\" alt=\"L'organiste Isabelle Demers est l'invit\u00e9e des Violons du Roy sous la direction de Nicolas Ellis pour un concert orgue et orchestre de chambre. (Photo : Abi Poe)\" width=\"941\" height=\"1280\" \/><figcaption id=\"caption-attachment-70997\" class=\"wp-caption-text\">Isabelle Demers (Photo : Abi Poe)<\/figcaption><\/figure>\n<h3>\u00c0 Ottawa : In memoriam &#8211; Rachel Laurin (1961-2023)<\/h3>\n<p>Dans le cadre du <strong>Concours international d\u2019orgue du Canada<\/strong> qui tire \u00e0 sa fin, l\u2019organiste <strong>Isabelle Demers<\/strong> rend hommage \u00e0 la regrett\u00e9e compositrice et organiste qu\u00e9b\u00e9coise <strong>Rachel Laurin<\/strong> en pr\u00e9sentant quelques-unes de ses \u0153uvres dont, en premi\u00e8re mondiale, sa toute derni\u00e8re composition.<\/p>\n<p>LE 28 OCTOBRE, 19 H 30, \u00c9GLISE SAINTE-ANNE\/SAINT CL\u00c9MENT (OTTAWA)\u00a0<a href=\"https:\/\/www.zeffy.com\/fr-CA\/ticketing\/1ad2c97a-f36f-4ce0-90b1-afc4e0548434\" target=\"_blank\" rel=\"noopener\"> D\u00c9TAILS ET BILLETS<\/a><\/p>\n<p>&nbsp;<\/p>\n<p><img decoding=\"async\" loading=\"lazy\" class=\"aligncenter size-full wp-image-84503\" src=\"https:\/\/www.ludwig-van.com\/montreal\/wp-content\/uploads\/sites\/3\/2024\/10\/Opera-de-Quebec_Le-Comte-Ory.png\" alt=\"\" width=\"1200\" height=\"676\" srcset=\"https:\/\/www.ludwig-van.com\/montreal\/wp-content\/uploads\/sites\/3\/2024\/10\/Opera-de-Quebec_Le-Comte-Ory.png 1200w, https:\/\/www.ludwig-van.com\/montreal\/wp-content\/uploads\/sites\/3\/2024\/10\/Opera-de-Quebec_Le-Comte-Ory-300x169.png 300w, https:\/\/www.ludwig-van.com\/montreal\/wp-content\/uploads\/sites\/3\/2024\/10\/Opera-de-Quebec_Le-Comte-Ory-1024x577.png 1024w, https:\/\/www.ludwig-van.com\/montreal\/wp-content\/uploads\/sites\/3\/2024\/10\/Opera-de-Quebec_Le-Comte-Ory-768x433.png 768w\" sizes=\"(max-width: 1200px) 100vw, 1200px\" \/><\/p>\n<p>\u00c0 Qu\u00e9bec : <em>Le Comte Ory<\/em> \u00e0 l&rsquo;Op\u00e9ra de Qu\u00e9bec<\/p>\n<p>Si vous n\u2019avez pas pu assister \u00e0 la premi\u00e8re de la semaine pass\u00e9e, sachez que vous pouvez toujours vous rattraper cette semaine avec les deux derni\u00e8res repr\u00e9sentations du <i>Comte Ory<\/i> de l\u2019<strong>Op\u00e9ra de Qu\u00e9bec<\/strong>. Cet op\u00e9ra se d\u00e9roulant au Moyen-\u00c2ge\u00a0 est pr\u00e9sent\u00e9 dans une mise en sc\u00e8ne de <strong>Jean-Romain Vesperini<\/strong>. Laurent Campellone dirige l\u2019<strong>Orchestre symphonique de Qu\u00e9bec<\/strong>, les solistes et le <strong>Ch\u0153ur de l\u2019Op\u00e9ra de Qu\u00e9bec<\/strong>.<\/p>\n<p>LE 29 OCTOBRE ET LE 31 OCTOBRE, 19 H 30, GRAND TH\u00c9\u00c2TRE\u00a0 <a href=\"https:\/\/operadequebec.com\/quoi-faire\/comte-ory-programmation-opera-quebec\/\" target=\"_blank\" rel=\"noopener\">D\u00c9TAILS ET BILLETS<\/a><\/p>\n<p>&nbsp;<\/p>\n<figure id=\"attachment_55856\" aria-describedby=\"caption-attachment-55856\" style=\"width: 1024px\" class=\"wp-caption aligncenter\"><img decoding=\"async\" loading=\"lazy\" class=\"size-full wp-image-55856\" src=\"https:\/\/www.ludwig-van.com\/montreal\/wp-content\/uploads\/sites\/3\/2017\/09\/UdeM-07_J-M_Lavoie_EMC_27fe\u0301v19_800px.jpg\" alt=\"Jean-Michael Lavoie, chef d'orchestre (Photo: courtoisie)\" width=\"1024\" height=\"677\" srcset=\"https:\/\/www.ludwig-van.com\/montreal\/wp-content\/uploads\/sites\/3\/2017\/09\/UdeM-07_J-M_Lavoie_EMC_27fe\u0301v19_800px.jpg 1024w, https:\/\/www.ludwig-van.com\/montreal\/wp-content\/uploads\/sites\/3\/2017\/09\/UdeM-07_J-M_Lavoie_EMC_27fe\u0301v19_800px-300x198.jpg 300w, https:\/\/www.ludwig-van.com\/montreal\/wp-content\/uploads\/sites\/3\/2017\/09\/UdeM-07_J-M_Lavoie_EMC_27fe\u0301v19_800px-768x508.jpg 768w\" sizes=\"(max-width: 1024px) 100vw, 1024px\" \/><figcaption id=\"caption-attachment-55856\" class=\"wp-caption-text\">Jean-Michael Lavoie, chef d&rsquo;orchestre (Photo : courtoisie)<\/figcaption><\/figure>\n<h3>NEM &#8211; <em>Chapitre 1 &#8211; Le tir<\/em><\/h3>\n<p>Le <strong>Nouvel Ensemble Moderne<\/strong> lance sa saison sous la baguette de leur nouveau chef <strong>Jean-Micha\u00ebl Lavoie<\/strong> avec ce concert regroupant des \u0153uvres de Cento, Romitelli, Saariaho et Vivier. La soprano <strong>Maud Lewden<\/strong> interpr\u00e9tera <i>Lost<\/i> de Romitelli tandis que <strong>Mimi Doulton<\/strong> chantera <i>Trois airs pour op\u00e9ra imaginaire<\/i> de Vivier.<\/p>\n<p>LE 29 OCTOBRE, 19 H 30, SALLE STUDIO TH\u00c9\u00c2TRE &#8211; GRANDS BALLETS (ESPACE WILDER)\u00a0 <a href=\"https:\/\/lenem.ca\/fr\/2024-2025\/concerts\/chapitre-1-le-tir\" target=\"_blank\" rel=\"noopener\">D\u00c9TAILS ET BILLETS<\/a><\/p>\n<p>&nbsp;<\/p>\n<figure id=\"attachment_48671\" aria-describedby=\"caption-attachment-48671\" style=\"width: 1024px\" class=\"wp-caption aligncenter\"><img decoding=\"async\" loading=\"lazy\" class=\"size-full wp-image-48671\" src=\"https:\/\/www.ludwig-van.com\/montreal\/wp-content\/uploads\/sites\/3\/2017\/10\/Petrenko_Vasily_CR_Mark_McNulty.jpg\" alt=\"Vasily Petrenko dirige l'OSM, cette semaine, dans un programme de musique russe et fran\u00e7aise. (Cr\u00e9dit: Mark McNulty, IMG Artists).\" width=\"1024\" height=\"681\" srcset=\"https:\/\/www.ludwig-van.com\/montreal\/wp-content\/uploads\/sites\/3\/2017\/10\/Petrenko_Vasily_CR_Mark_McNulty.jpg 1024w, https:\/\/www.ludwig-van.com\/montreal\/wp-content\/uploads\/sites\/3\/2017\/10\/Petrenko_Vasily_CR_Mark_McNulty-300x200.jpg 300w, https:\/\/www.ludwig-van.com\/montreal\/wp-content\/uploads\/sites\/3\/2017\/10\/Petrenko_Vasily_CR_Mark_McNulty-768x511.jpg 768w\" sizes=\"(max-width: 1024px) 100vw, 1024px\" \/><figcaption id=\"caption-attachment-48671\" class=\"wp-caption-text\">Vasily Petrenko. (Cr\u00e9dit : Mark McNulty, IMG Artists).<\/figcaption><\/figure>\n<h3>OSM &#8211; L\u2019imp\u00e9rial <em>Concerto pour piano n<sup>o <\/sup>5<\/em> de Beethoven<\/h3>\n<p>En num\u00e9rologie, le nombre 5 signifie la libert\u00e9, le mouvement et le changement &#8211; des caract\u00e9ristiques repr\u00e9sentant bien Beethoven! Le compositeur introduit d\u2019audacieuses innovations dans son cinqui\u00e9me concerto pour piano, engageant l&rsquo;\u0153uvre dans la voie du romantisme. En plus du soliste <strong>Simon Trp\u010deski<\/strong>, piano, le nombre 5 est la vedette de la soir\u00e9e puisque l\u2019<strong>OSM<\/strong>, dirig\u00e9 par <strong>Vasily Petrenko<\/strong>, pr\u00e9sente \u00e9galement la <i>Symphonie <\/i><em>n<sup>o <\/sup>5<\/em> de Sibelius.<\/p>\n<p>LE 30 OCTOBRE ET LE 31 OCTOBRE, 19 H 30, MAISON SYMPHONIQUE\u00a0 <a href=\"https:\/\/www.osm.ca\/fr\/concert\/limperial-concerto-pour-piano-no-5-de-beethoven\/\" target=\"_blank\" rel=\"noopener\">D\u00c9TAILS ET BILLETS<\/a><\/p>\n<p>&nbsp;<\/p>\n<figure id=\"attachment_47123\" aria-describedby=\"caption-attachment-47123\" style=\"width: 1024px\" class=\"wp-caption aligncenter\"><img decoding=\"async\" loading=\"lazy\" class=\"size-full wp-image-47123\" src=\"https:\/\/www.ludwig-van.com\/montreal\/wp-content\/uploads\/sites\/3\/2017\/09\/adam-Johnson-Ravel-to-Barber.jpg\" alt=\"Le chef d'orchestre Adam Johnson. (Photo courtoisie de l'OSM)\" width=\"1024\" height=\"576\" srcset=\"https:\/\/www.ludwig-van.com\/montreal\/wp-content\/uploads\/sites\/3\/2017\/09\/adam-Johnson-Ravel-to-Barber.jpg 1024w, https:\/\/www.ludwig-van.com\/montreal\/wp-content\/uploads\/sites\/3\/2017\/09\/adam-Johnson-Ravel-to-Barber-300x169.jpg 300w, https:\/\/www.ludwig-van.com\/montreal\/wp-content\/uploads\/sites\/3\/2017\/09\/adam-Johnson-Ravel-to-Barber-768x432.jpg 768w\" sizes=\"(max-width: 1024px) 100vw, 1024px\" \/><figcaption id=\"caption-attachment-47123\" class=\"wp-caption-text\">Le chef d&rsquo;orchestre Adam Johnson. (Photo courtoisie de l&rsquo;OSM)<\/figcaption><\/figure>\n<h3>OSL &#8211; <em>Antoine Bareil joue Mendelssohn<\/em><\/h3>\n<p>C\u2019est sous la baguette d\u2019<strong>Adam Johnson<\/strong> que l\u2019<strong>Orchestre symphonique de Laval<\/strong> pr\u00e9sente le <i>Concerto pour violon en mi mineur<\/i> de F\u00e9lix Mendelssohn interpr\u00e9t\u00e9 par le violon solo de l&rsquo;orchestre <strong>Antoine Bareil<\/strong>. \u00c9galement au programme, <i>Ouverture en do majeur<\/i> de Fanny Mendelssohn Hensel (la s\u0153ur de F\u00e9lix) et <i>Tableaux d\u2019une exposition<\/i> de Modest Moussorgski dans l\u2019orchestration de Maurice Ravel.<\/p>\n<p>LE 30 OCTOBRE, 19 H 30, SALLE ANDR\u00c9\u2013MATHIEU\u00a0 <a href=\"https:\/\/www.osl.ca\/antoinebareil-joue-mendelssohn\" target=\"_blank\" rel=\"noopener\">D\u00c9TAILS ET BILLETS<\/a><\/p>\n<p>&nbsp;<\/p>\n<figure id=\"attachment_58639\" aria-describedby=\"caption-attachment-58639\" style=\"width: 1024px\" class=\"wp-caption aligncenter\"><img decoding=\"async\" loading=\"lazy\" class=\"size-full wp-image-58639\" src=\"https:\/\/www.ludwig-van.com\/montreal\/wp-content\/uploads\/sites\/3\/2019\/02\/Naggar-Tremblay_Rose_photo_Brent_Calis_WEB.jpg\" alt=\"Rose Naggar-Tremblay. mezzo-soprano. (Photo : Brent Calis)\" width=\"1024\" height=\"682\" srcset=\"https:\/\/www.ludwig-van.com\/montreal\/wp-content\/uploads\/sites\/3\/2019\/02\/Naggar-Tremblay_Rose_photo_Brent_Calis_WEB.jpg 1024w, https:\/\/www.ludwig-van.com\/montreal\/wp-content\/uploads\/sites\/3\/2019\/02\/Naggar-Tremblay_Rose_photo_Brent_Calis_WEB-300x200.jpg 300w, https:\/\/www.ludwig-van.com\/montreal\/wp-content\/uploads\/sites\/3\/2019\/02\/Naggar-Tremblay_Rose_photo_Brent_Calis_WEB-768x512.jpg 768w\" sizes=\"(max-width: 1024px) 100vw, 1024px\" \/><figcaption id=\"caption-attachment-58639\" class=\"wp-caption-text\">Rose Naggar-Tremblay. mezzo-soprano. (Photo : Brent Calis)<\/figcaption><\/figure>\n<h3>Rose Naggar-Tremblay et Julien LeBlanc en r\u00e9cital<\/h3>\n<p>La <strong>Chapelle historique du Bon-Pasteur<\/strong> pr\u00e9sente cette \u00e9toile montante du monde lyrique au Qu\u00e9bec qu\u2019est la mezzo soprano <strong>Rose Naggar-Tremblay<\/strong>. Polyvalente, originale et cr\u00e9ative, elle sera accompagn\u00e9e de Julien Leblanc au piano dans une programmation vari\u00e9e.<\/p>\n<p>LE 30 OCTOBRE, 19 H 30, SALLE PAUL-DESMARAIS\u00a0 <a href=\"https:\/\/lepointdevente.com\/billets\/dwv241030001\" target=\"_blank\" rel=\"noopener\">D\u00c9TAILS ET BILLETS<\/a><\/p>\n<p>&nbsp;<\/p>\n<figure id=\"attachment_60962\" aria-describedby=\"caption-attachment-60962\" style=\"width: 1024px\" class=\"wp-caption aligncenter\"><img decoding=\"async\" loading=\"lazy\" class=\"size-full wp-image-60962\" src=\"https:\/\/www.ludwig-van.com\/montreal\/wp-content\/uploads\/sites\/3\/2017\/09\/6-oct-Magali-Simard-Galdes-cre\u0301dit-Brent-Calis.jpg\" alt=\"Magali Simard-Galdes\" width=\"1024\" height=\"731\" srcset=\"https:\/\/www.ludwig-van.com\/montreal\/wp-content\/uploads\/sites\/3\/2017\/09\/6-oct-Magali-Simard-Galdes-cre\u0301dit-Brent-Calis.jpg 1024w, https:\/\/www.ludwig-van.com\/montreal\/wp-content\/uploads\/sites\/3\/2017\/09\/6-oct-Magali-Simard-Galdes-cre\u0301dit-Brent-Calis-300x214.jpg 300w, https:\/\/www.ludwig-van.com\/montreal\/wp-content\/uploads\/sites\/3\/2017\/09\/6-oct-Magali-Simard-Galdes-cre\u0301dit-Brent-Calis-768x548.jpg 768w\" sizes=\"(max-width: 1024px) 100vw, 1024px\" \/><figcaption id=\"caption-attachment-60962\" class=\"wp-caption-text\">Magali Gald\u00e8s-Simard, soprano. (Photo : Brent Calis)<\/figcaption><\/figure>\n<p><em>Harmonies oubli\u00e9es<\/em> : Schubert et ses contemporains<\/p>\n<p>Venez entendre les lieders de Schubert comme \u00e0 son \u00e9poque gr\u00e2ce \u00e0 <strong>Magali Simard-Gald\u00e8s<\/strong>, soprano, <strong>Simon Poirier<\/strong>, cor naturel, et <strong>Olivier Godin<\/strong>, pianoforte et piano \u00c9rard. Profitez-en \u00e9galement pour d\u00e9couvrir quelques tr\u00e9sors m\u00e9connus de ses contemporains. Une \u0153uvre command\u00e9e par la Salle Bourgie au compositeur Sandeep Bhagwati, <i>\u2026Von Ferne\u2026<\/i>, sera \u00e9galement pr\u00e9sent\u00e9e en premi\u00e8re mondiale.<\/p>\n<p>LE 2 NOVEMBRE, 19 H 30, SALLE BOURGIE\u00a0 <a href=\"https:\/\/www.mbam.qc.ca\/fr\/activites\/harmonies-oubliees\/\" target=\"_blank\" rel=\"noopener\">D\u00c9TAILS ET BILLETS<\/a><\/p>\n<p>&nbsp;<\/p>\n<figure id=\"attachment_84645\" aria-describedby=\"caption-attachment-84645\" style=\"width: 1200px\" class=\"wp-caption aligncenter\"><img decoding=\"async\" loading=\"lazy\" class=\"size-full wp-image-84645\" src=\"https:\/\/www.ludwig-van.com\/montreal\/wp-content\/uploads\/sites\/3\/2024\/10\/OlivierLatry_\u00a9AntoineSaito.jpg\" alt=\"Olivier Latry \u00e0 l'orgue Pierre-B\u00e9ique de la Maison symphonique. (Photo : Antoine Saito)\" width=\"1200\" height=\"800\" srcset=\"https:\/\/www.ludwig-van.com\/montreal\/wp-content\/uploads\/sites\/3\/2024\/10\/OlivierLatry_\u00a9AntoineSaito.jpg 1200w, https:\/\/www.ludwig-van.com\/montreal\/wp-content\/uploads\/sites\/3\/2024\/10\/OlivierLatry_\u00a9AntoineSaito-300x200.jpg 300w, https:\/\/www.ludwig-van.com\/montreal\/wp-content\/uploads\/sites\/3\/2024\/10\/OlivierLatry_\u00a9AntoineSaito-1024x683.jpg 1024w, https:\/\/www.ludwig-van.com\/montreal\/wp-content\/uploads\/sites\/3\/2024\/10\/OlivierLatry_\u00a9AntoineSaito-768x512.jpg 768w\" sizes=\"(max-width: 1200px) 100vw, 1200px\" \/><figcaption id=\"caption-attachment-84645\" class=\"wp-caption-text\">Olivier Latry \u00e0 l&rsquo;orgue Pierre-B\u00e9ique de la Maison symphonique. (Photo : Antoine Saito)<\/figcaption><\/figure>\n<h3>\u00c0 Qu\u00e9bec : De Notre-Dame de Paris \u00e0 Notre-Dame de Qu\u00e9bec avec Olivier Latry<\/h3>\n<p>Dans le cadre des F\u00eates du 350<sup>e <\/sup>anniversaire de l\u2019\u00c9glise catholique de Qu\u00e9bec, le Dioc\u00e8se de Qu\u00e9bec, en collaboration avec le <strong>Concours international d\u2019orgue du Canada<\/strong> et des <strong>Amis de l\u2019orgue de Qu\u00e9bec<\/strong>, pr\u00e9sente <strong>Olivier Latry<\/strong>, l\u2019un des organiste titulaire de Notre-Dame de Paris et organiste \u00e9m\u00e9rite de l&rsquo;OSM. Il y pr\u00e9sentera des cr\u00e9ations des ses pr\u00e9d\u00e9cesseurs organistes \u00e0 Notre-Dame de Paris, Louis Vierne et Pierre Cochereau, de m\u00eame que d\u2019autres \u0153uvres plus connues tel que des extraits du <i>Carnaval des animaux<\/i> de Saint-Sa\u00ebns. Ce concert cl\u00f4turera le Grand festival d\u2019orgue 2024 du Concours international d\u2019orgue du Canada.<\/p>\n<p>LE 2 NOVEMBRE, 19 H 30, BASILIQUE-CATH\u00c9DRALE NOTRE-DAME DE QU\u00c9BEC\u00a0 <a href=\"https:\/\/www.zeffy.com\/fr-CA\/ticketing\/c435f66b-2fb4-40e8-8b87-c8aad9a639b3\" target=\"_blank\" rel=\"noopener\">D\u00c9TAILS ET BILLETS<\/a><\/p>\n<h2><em>Inscrivez-vous \u00e0 notre infolettre! La musique classique et l\u2019op\u00e9ra en 5 minutes, chaque jour<\/em> \u00a0<a href=\"https:\/\/ludwig-van.us9.list-manage.com\/subscribe?u=4f785cb3f9058f2393ccad035&amp;id=b9b160c032\" target=\"_blank\" rel=\"noopener noreferrer\">ICI<\/a><\/h2>\n","protected":false},"excerpt":{"rendered":"<p>Les feuilles color\u00e9es d\u2019octobre tombent de plus en plus, laissant tranquillement place aux paysages tristounets de novembre. Combattez donc la d\u00e9pression saisonni\u00e8re et retrouvez sourire et \u00e9nergie gr\u00e2ce \u00e0 la musique! &nbsp; Concert Gala des Prix Azrieli Organis\u00e9 tous les deux ans, le Concours Azrieli r\u00e9compense l\u2019excellence, l\u2019engagement et la cr\u00e9ativit\u00e9 artistique. Ce concert vous [&hellip;]<\/p>\n","protected":false},"author":1,"featured_media":84648,"comment_status":"open","ping_status":"open","sticky":false,"template":"","format":"standard","meta":{"om_disable_all_campaigns":false,"jetpack_post_was_ever_published":false},"categories":[42107,10994],"tags":[42106,42276,18011,11882,42121,2542],"yst_prominent_words":[9878,9863,18022,13120,12250,26052,9877,21882,13123,12252,26053,11700,11696,13116,26063,13118],"acf":[],"jetpack_featured_media_url":"https:\/\/www.ludwig-van.com\/montreal\/wp-content\/uploads\/sites\/3\/2024\/10\/Copie-de-CONCERTS.jpg","jetpack_sharing_enabled":true,"jetpack_shortlink":"https:\/\/wp.me\/p9bdYt-m1e","amp_enabled":true,"_links":{"self":[{"href":"https:\/\/www.ludwig-van.com\/montreal\/wp-json\/wp\/v2\/posts\/84644"}],"collection":[{"href":"https:\/\/www.ludwig-van.com\/montreal\/wp-json\/wp\/v2\/posts"}],"about":[{"href":"https:\/\/www.ludwig-van.com\/montreal\/wp-json\/wp\/v2\/types\/post"}],"author":[{"embeddable":true,"href":"https:\/\/www.ludwig-van.com\/montreal\/wp-json\/wp\/v2\/users\/1"}],"replies":[{"embeddable":true,"href":"https:\/\/www.ludwig-van.com\/montreal\/wp-json\/wp\/v2\/comments?post=84644"}],"version-history":[{"count":5,"href":"https:\/\/www.ludwig-van.com\/montreal\/wp-json\/wp\/v2\/posts\/84644\/revisions"}],"predecessor-version":[{"id":84657,"href":"https:\/\/www.ludwig-van.com\/montreal\/wp-json\/wp\/v2\/posts\/84644\/revisions\/84657"}],"wp:featuredmedia":[{"embeddable":true,"href":"https:\/\/www.ludwig-van.com\/montreal\/wp-json\/wp\/v2\/media\/84648"}],"wp:attachment":[{"href":"https:\/\/www.ludwig-van.com\/montreal\/wp-json\/wp\/v2\/media?parent=84644"}],"wp:term":[{"taxonomy":"category","embeddable":true,"href":"https:\/\/www.ludwig-van.com\/montreal\/wp-json\/wp\/v2\/categories?post=84644"},{"taxonomy":"post_tag","embeddable":true,"href":"https:\/\/www.ludwig-van.com\/montreal\/wp-json\/wp\/v2\/tags?post=84644"},{"taxonomy":"yst_prominent_words","embeddable":true,"href":"https:\/\/www.ludwig-van.com\/montreal\/wp-json\/wp\/v2\/yst_prominent_words?post=84644"}],"curies":[{"name":"wp","href":"https:\/\/api.w.org\/{rel}","templated":true}]}}