{"id":84552,"date":"2024-10-23T15:30:34","date_gmt":"2024-10-23T19:30:34","guid":{"rendered":"https:\/\/www.ludwig-van.com\/montreal\/?p=84552"},"modified":"2024-10-24T08:00:02","modified_gmt":"2024-10-24T12:00:02","slug":"nouvelle-le-cioc-annonce-ses-quatre-finalistes","status":"publish","type":"post","link":"https:\/\/www.ludwig-van.com\/montreal\/2024\/10\/23\/nouvelle-le-cioc-annonce-ses-quatre-finalistes\/","title":{"rendered":"NOUVELLE | Le CIOC annonce ses quatre finalistes"},"content":{"rendered":"<p><img decoding=\"async\" loading=\"lazy\" class=\"aligncenter size-full wp-image-84555\" src=\"https:\/\/www.ludwig-van.com\/montreal\/wp-content\/uploads\/sites\/3\/2024\/10\/Copie-de-NOUVELLE104.jpg\" alt=\"CIOC\" width=\"1200\" height=\"628\" srcset=\"https:\/\/www.ludwig-van.com\/montreal\/wp-content\/uploads\/sites\/3\/2024\/10\/Copie-de-NOUVELLE104.jpg 1200w, https:\/\/www.ludwig-van.com\/montreal\/wp-content\/uploads\/sites\/3\/2024\/10\/Copie-de-NOUVELLE104-300x157.jpg 300w, https:\/\/www.ludwig-van.com\/montreal\/wp-content\/uploads\/sites\/3\/2024\/10\/Copie-de-NOUVELLE104-1024x536.jpg 1024w, https:\/\/www.ludwig-van.com\/montreal\/wp-content\/uploads\/sites\/3\/2024\/10\/Copie-de-NOUVELLE104-768x402.jpg 768w\" sizes=\"(max-width: 1200px) 100vw, 1200px\" \/><\/p>\n<p>Les \u00e9preuves de demi-finales du <strong>Concours international d&rsquo;orgue du Canada<\/strong>, qui a d\u00e9but\u00e9 le 17 octobre, sont maintenant compl\u00e9t\u00e9es et les quatre finalistes ont \u00e9t\u00e9 s\u00e9lectionn\u00e9\u00b7e\u00b7s. Il s&rsquo;agit d&rsquo;<strong>Alma Bettencourt<\/strong> (France), <strong>M\u00e9lodie Michel<\/strong> (France), <strong>Johannes Skoog<\/strong> (Su\u00e8de) et <strong>Henry Webb<\/strong> (Montr\u00e9al).<\/p>\n<p>La finale aura lieu en deux s\u00e9ances ce vendredi 25 octobre \u00e0 la Maison symphonique, une \u00e0 15 h 30 et une \u00e0 19 h. Chaque organiste interpr\u00e9tera un r\u00e9cital libre de 50 minutes.<\/p>\n<p>Le jury pr\u00e9sid\u00e9 par <strong>Jean-Willy Kunz<\/strong> et compos\u00e9 de <strong>Kevin Bowyer<\/strong> (Royaume-Uni), <strong>Isabelle Demers<\/strong> (Canada), <strong>Hans-Ola Ericsson<\/strong> (Su\u00e8de), <strong>Bernard Foccroulle<\/strong> (Belgique), <strong>Marnie Giesbrecht<\/strong> (Canada), <strong>David Hurd<\/strong> (\u00c9tats-Unis), <strong>Olivier Latry<\/strong> (France) et <strong>Kimberly Marshall<\/strong> (\u00c9tats-Unis) attribuera les premier, deuxi\u00e8me et troisi\u00e8me prix, ainsi que le prix Gaston-Litaize. Le prix Bach G\u00e9rard-Coulombe pour la meilleure interpr\u00e9tation des \u0153uvres de Bach a d\u00e9j\u00e0 \u00e9t\u00e9 attribu\u00e9 \u00e0 Johannes Skoog.<\/p>\n<p>Les prix Richard-Bradshaw (prix du public), No\u00ebl-Spinelli (meilleur programme) et Raymond-Daveluy (meilleure interpr\u00e9tation d&rsquo;une \u0153uvre canadienne) seront remis lors du concert gala le dimanche 27 octobre \u00e0 l&rsquo;\u00e9glise des Saints-Anges de Lachine. Ce concert gala donnera l&rsquo;occasion au public de r\u00e9entendre les laur\u00e9at\u00b7e\u00b7s des trois premiers prix. L&rsquo;admission au concert est gratuite, mais le public est invit\u00e9 \u00e0 se procurer des billets pour la r\u00e9ception post-concert au cours de laquelle il aura l&rsquo;occasion de rencontrer le jury et les concurrent\u00b7e\u00b7s.<\/p>\n<p>LE 25 OCTOBRE, 15 H 30 ET 19 H, MAISON SYMPHONIQUE <a href=\"https:\/\/placedesarts.com\/fr\/evenement\/concours-international-dorgue-du-canada\" target=\"_blank\" rel=\"noopener\">D\u00c9TAILS ET BILLETS<\/a><\/p>\n<h2><em>Inscrivez-vous \u00e0 notre infolettre! La musique classique et l\u2019op\u00e9ra en 5 minutes, chaque jour<\/em> \u00a0<a href=\"https:\/\/ludwig-van.us9.list-manage.com\/subscribe?u=4f785cb3f9058f2393ccad035&amp;id=b9b160c032\" target=\"_blank\" rel=\"noopener noreferrer\">ICI\u00a0<\/a><\/h2>\n","protected":false},"excerpt":{"rendered":"<p>Les \u00e9preuves de demi-finales du Concours international d&rsquo;orgue du Canada, qui a d\u00e9but\u00e9 le 17 octobre, sont maintenant compl\u00e9t\u00e9es et les quatre finalistes ont \u00e9t\u00e9 s\u00e9lectionn\u00e9\u00b7e\u00b7s.<\/p>\n","protected":false},"author":55,"featured_media":84555,"comment_status":"open","ping_status":"open","sticky":false,"template":"","format":"standard","meta":{"om_disable_all_campaigns":false,"jetpack_post_was_ever_published":false},"categories":[42107,10992],"tags":[42106,12947],"yst_prominent_words":[11223,15751,19985,11151,9878,10118,13569,9958,7070,7202,14060,11379,9877,11231,9869,31868,11219,9857,7595],"acf":[],"jetpack_featured_media_url":"https:\/\/www.ludwig-van.com\/montreal\/wp-content\/uploads\/sites\/3\/2024\/10\/Copie-de-NOUVELLE104.jpg","jetpack_sharing_enabled":true,"jetpack_shortlink":"https:\/\/wp.me\/p9bdYt-lZK","amp_enabled":true,"_links":{"self":[{"href":"https:\/\/www.ludwig-van.com\/montreal\/wp-json\/wp\/v2\/posts\/84552"}],"collection":[{"href":"https:\/\/www.ludwig-van.com\/montreal\/wp-json\/wp\/v2\/posts"}],"about":[{"href":"https:\/\/www.ludwig-van.com\/montreal\/wp-json\/wp\/v2\/types\/post"}],"author":[{"embeddable":true,"href":"https:\/\/www.ludwig-van.com\/montreal\/wp-json\/wp\/v2\/users\/55"}],"replies":[{"embeddable":true,"href":"https:\/\/www.ludwig-van.com\/montreal\/wp-json\/wp\/v2\/comments?post=84552"}],"version-history":[{"count":7,"href":"https:\/\/www.ludwig-van.com\/montreal\/wp-json\/wp\/v2\/posts\/84552\/revisions"}],"predecessor-version":[{"id":84565,"href":"https:\/\/www.ludwig-van.com\/montreal\/wp-json\/wp\/v2\/posts\/84552\/revisions\/84565"}],"wp:featuredmedia":[{"embeddable":true,"href":"https:\/\/www.ludwig-van.com\/montreal\/wp-json\/wp\/v2\/media\/84555"}],"wp:attachment":[{"href":"https:\/\/www.ludwig-van.com\/montreal\/wp-json\/wp\/v2\/media?parent=84552"}],"wp:term":[{"taxonomy":"category","embeddable":true,"href":"https:\/\/www.ludwig-van.com\/montreal\/wp-json\/wp\/v2\/categories?post=84552"},{"taxonomy":"post_tag","embeddable":true,"href":"https:\/\/www.ludwig-van.com\/montreal\/wp-json\/wp\/v2\/tags?post=84552"},{"taxonomy":"yst_prominent_words","embeddable":true,"href":"https:\/\/www.ludwig-van.com\/montreal\/wp-json\/wp\/v2\/yst_prominent_words?post=84552"}],"curies":[{"name":"wp","href":"https:\/\/api.w.org\/{rel}","templated":true}]}}