{"id":84501,"date":"2024-10-21T01:19:43","date_gmt":"2024-10-21T05:19:43","guid":{"rendered":"https:\/\/www.ludwig-van.com\/montreal\/?p=84501"},"modified":"2024-10-21T20:00:02","modified_gmt":"2024-10-22T00:00:02","slug":"choix-de-la-redaction-une-ptite-derniere-soiree-terrasse-concert-pendant-quil-fait-beau","status":"publish","type":"post","link":"https:\/\/www.ludwig-van.com\/montreal\/2024\/10\/21\/choix-de-la-redaction-une-ptite-derniere-soiree-terrasse-concert-pendant-quil-fait-beau\/","title":{"rendered":"CHOIX DE LA R\u00c9DACTION | Une p&rsquo;tite derni\u00e8re soir\u00e9e terrasse + concert pendant qu&rsquo;il fait beau?"},"content":{"rendered":"<figure id=\"attachment_84507\" aria-describedby=\"caption-attachment-84507\" style=\"width: 1200px\" class=\"wp-caption aligncenter\"><img decoding=\"async\" loading=\"lazy\" class=\"size-full wp-image-84507\" src=\"https:\/\/www.ludwig-van.com\/montreal\/wp-content\/uploads\/sites\/3\/2024\/10\/Copie-de-CONCERTS46.jpg\" alt=\"\" width=\"1200\" height=\"628\" srcset=\"https:\/\/www.ludwig-van.com\/montreal\/wp-content\/uploads\/sites\/3\/2024\/10\/Copie-de-CONCERTS46.jpg 1200w, https:\/\/www.ludwig-van.com\/montreal\/wp-content\/uploads\/sites\/3\/2024\/10\/Copie-de-CONCERTS46-300x157.jpg 300w, https:\/\/www.ludwig-van.com\/montreal\/wp-content\/uploads\/sites\/3\/2024\/10\/Copie-de-CONCERTS46-1024x536.jpg 1024w, https:\/\/www.ludwig-van.com\/montreal\/wp-content\/uploads\/sites\/3\/2024\/10\/Copie-de-CONCERTS46-768x402.jpg 768w\" sizes=\"(max-width: 1200px) 100vw, 1200px\" \/><figcaption id=\"caption-attachment-84507\" class=\"wp-caption-text\">Quatuor Molinari (Photo : courtoisie)); Quasar (Photo : courtoisie); CIOC<\/figcaption><\/figure>\n<p>Les couleurs flamboyantes d\u2019octobre seront mises en valeur cette semaine puisqu\u2019on annonce du soleil et des temp\u00e9ratures plus que confortables pour ce temps-ci de l\u2019ann\u00e9e. Profitez-en pour aller prendre un dernier verre en terrasse avant d\u2019assister \u00e0 l\u2019un des concerts de cette semaine et, pourquoi pas, pour ensuite prendre une marche qui prolongera la sensation de bien-\u00eatre procur\u00e9e par la musique!<\/p>\n<p>&nbsp;<\/p>\n<figure id=\"attachment_54024\" aria-describedby=\"caption-attachment-54024\" style=\"width: 1024px\" class=\"wp-caption aligncenter\"><img decoding=\"async\" loading=\"lazy\" class=\"size-full wp-image-54024\" src=\"https:\/\/www.ludwig-van.com\/montreal\/wp-content\/uploads\/sites\/3\/2018\/05\/2018_Molinari5474_web.jpg\" alt=\"Quatuor Molinari\" width=\"1024\" height=\"683\" srcset=\"https:\/\/www.ludwig-van.com\/montreal\/wp-content\/uploads\/sites\/3\/2018\/05\/2018_Molinari5474_web.jpg 1024w, https:\/\/www.ludwig-van.com\/montreal\/wp-content\/uploads\/sites\/3\/2018\/05\/2018_Molinari5474_web-300x200.jpg 300w, https:\/\/www.ludwig-van.com\/montreal\/wp-content\/uploads\/sites\/3\/2018\/05\/2018_Molinari5474_web-768x512.jpg 768w\" sizes=\"(max-width: 1024px) 100vw, 1024px\" \/><figcaption id=\"caption-attachment-54024\" class=\"wp-caption-text\">Le Quatuor Molinari. (Photo : courtoisie du Quatuor Molinari)<\/figcaption><\/figure>\n<h3>Molinari : de la peinture \u00e0 la musique<\/h3>\n<p>Accompagn\u00e9 de la soprano <strong>Odile Portugais<\/strong>, le <strong>Quatuor Molinari<\/strong> souligne les 20 ans du d\u00e9c\u00e8s de Guido Molinari en interpr\u00e9tant des \u0153uvres inspir\u00e9es de ses toiles et sculptures ainsi qu\u2019une \u0153uvre de son compositeur pr\u00e9f\u00e9r\u00e9, Anton Webern. Une causerie pr\u00e9-concert est offerte \u00e0 18 h 30.<\/p>\n<p>LE 22 OCTOBRE, 19 H 30, SALLE BOURGIE\u00a0<a href=\"https:\/\/www.mbam.qc.ca\/fr\/activites\/molinari-de-la-peinture-a-la-musique\/\" target=\"_blank\" rel=\"noopener\"> D\u00c9TAILS ET BILLETS<\/a><\/p>\n<p>&nbsp;<\/p>\n<figure id=\"attachment_52694\" aria-describedby=\"caption-attachment-52694\" style=\"width: 1024px\" class=\"wp-caption aligncenter\"><img decoding=\"async\" loading=\"lazy\" class=\"size-full wp-image-52694\" src=\"https:\/\/www.ludwig-van.com\/montreal\/wp-content\/uploads\/sites\/3\/2018\/03\/CarolineLizotte-ostr.jpg\" alt=\"Caroline Lizotte (Photo courtoisie)\" width=\"1024\" height=\"559\" srcset=\"https:\/\/www.ludwig-van.com\/montreal\/wp-content\/uploads\/sites\/3\/2018\/03\/CarolineLizotte-ostr.jpg 1024w, https:\/\/www.ludwig-van.com\/montreal\/wp-content\/uploads\/sites\/3\/2018\/03\/CarolineLizotte-ostr-300x164.jpg 300w, https:\/\/www.ludwig-van.com\/montreal\/wp-content\/uploads\/sites\/3\/2018\/03\/CarolineLizotte-ostr-768x419.jpg 768w\" sizes=\"(max-width: 1024px) 100vw, 1024px\" \/><figcaption id=\"caption-attachment-52694\" class=\"wp-caption-text\">Caroline Lizotte (Photo courtoisie)<\/figcaption><\/figure>\n<h3>Lizotte joue Lizotte<\/h3>\n<p>La harpiste et compositrice <strong>Caroline Lizotte<\/strong>, sacr\u00e9e compositrice de l\u2019ann\u00e9e au 26e Gala des Prix Opus, pr\u00e9sente quatre de ses compositions interpr\u00e9t\u00e9es par elle-m\u00eame. Elle sera rejointe par la violoniste <strong>Caroline Ch\u00e9had\u00e9<\/strong> pour cr\u00e9er sa <i>Partita, op.52 <\/i>pour violon et harpe. Une occasion parfaite pour d\u00e9couvrir ou red\u00e9couvrir la harpe et ses multiples facettes.<\/p>\n<p>LE 23 OCTOBRE, 19 H 30, SALLE PAUL-DESMARAIS\u00a0 <a href=\"https:\/\/lepointdevente.com\/billets\/dwv241023001\" target=\"_blank\" rel=\"noopener\">D\u00c9TAILS ET BILLETS<\/a><\/p>\n<p>&nbsp;<\/p>\n<figure id=\"attachment_84502\" aria-describedby=\"caption-attachment-84502\" style=\"width: 1200px\" class=\"wp-caption aligncenter\"><img decoding=\"async\" loading=\"lazy\" class=\"size-full wp-image-84502\" src=\"https:\/\/www.ludwig-van.com\/montreal\/wp-content\/uploads\/sites\/3\/2024\/10\/Hendrick-de-Clareck-Denijs-van-Alsloot_Les-quatre-elements-dans-le-jardin-dEden_Fondation-Phoebus-Anvers-Belgique.jpg\" alt=\"Hendrick de Clerck (vers 1560-1630), Denijs van Alsloot (vers 1570-vers 1627), Les quatre \u00e9l\u00e9ments dans le jardin d'Eden. (c Fondation Phoebus, Anvers, Belgique\" width=\"1200\" height=\"951\" srcset=\"https:\/\/www.ludwig-van.com\/montreal\/wp-content\/uploads\/sites\/3\/2024\/10\/Hendrick-de-Clareck-Denijs-van-Alsloot_Les-quatre-elements-dans-le-jardin-dEden_Fondation-Phoebus-Anvers-Belgique.jpg 1200w, https:\/\/www.ludwig-van.com\/montreal\/wp-content\/uploads\/sites\/3\/2024\/10\/Hendrick-de-Clareck-Denijs-van-Alsloot_Les-quatre-elements-dans-le-jardin-dEden_Fondation-Phoebus-Anvers-Belgique-300x238.jpg 300w, https:\/\/www.ludwig-van.com\/montreal\/wp-content\/uploads\/sites\/3\/2024\/10\/Hendrick-de-Clareck-Denijs-van-Alsloot_Les-quatre-elements-dans-le-jardin-dEden_Fondation-Phoebus-Anvers-Belgique-1024x812.jpg 1024w, https:\/\/www.ludwig-van.com\/montreal\/wp-content\/uploads\/sites\/3\/2024\/10\/Hendrick-de-Clareck-Denijs-van-Alsloot_Les-quatre-elements-dans-le-jardin-dEden_Fondation-Phoebus-Anvers-Belgique-768x609.jpg 768w\" sizes=\"(max-width: 1200px) 100vw, 1200px\" \/><figcaption id=\"caption-attachment-84502\" class=\"wp-caption-text\">Hendrick de Clerck (vers 1560-1630), Denijs van Alsloot (vers 1570-vers 1627), Les quatre \u00e9l\u00e9ments dans le jardin d&rsquo;Eden. (c Fondation Phoebus, Anvers, Belgique)<\/figcaption><\/figure>\n<h3>Musique flamande au temps de Rubens<\/h3>\n<p>En lien avec l\u2019exposition <i>Vice, vertu, d\u00e9sir, folie : trois si\u00e8cles de chefs-d\u2019\u0153uvres flamands<\/i>, la Salle Bourgie re\u00e7oit l\u2019ensemble de musique baroque <strong>Musica Pacifica<\/strong>. Gr\u00e2ce \u00e0 une vari\u00e9t\u00e9 d\u2019oeuvres du XVIIe si\u00e8cle, cet ensemble compos\u00e9 pour l&rsquo;occasion de <strong>Judith Linsenber<\/strong>g, fl\u00fbte et direction, <strong>Sallynee Amawat<\/strong>, violon baroque, <strong>Alexa Haynes-Pilon<\/strong>, violoncelle et viole de gambe et <strong>Hank Knox<\/strong>, clavecin, vous fera voyager dans le Si\u00e8cle d\u2019or des Provinces-Unies.<\/p>\n<p>LE 23 OCTOBRE, 19 H 30, SALLE BOURGIE\u00a0 <a href=\"https:\/\/www.mbam.qc.ca\/fr\/activites\/musica-pacifica-musique-flamande-au-temps-de-rubens\/\" target=\"_blank\" rel=\"noopener\">D\u00c9TAILS ET BILLETS<\/a><\/p>\n<p>&nbsp;<\/p>\n<figure id=\"attachment_84504\" aria-describedby=\"caption-attachment-84504\" style=\"width: 1200px\" class=\"wp-caption aligncenter\"><img decoding=\"async\" loading=\"lazy\" class=\"size-full wp-image-84504\" src=\"https:\/\/www.ludwig-van.com\/montreal\/wp-content\/uploads\/sites\/3\/2024\/10\/Quasar_Vilnius2024.jpg\" alt=\"Quasar. (Photo : courtoisie)\" width=\"1200\" height=\"801\" srcset=\"https:\/\/www.ludwig-van.com\/montreal\/wp-content\/uploads\/sites\/3\/2024\/10\/Quasar_Vilnius2024.jpg 1200w, https:\/\/www.ludwig-van.com\/montreal\/wp-content\/uploads\/sites\/3\/2024\/10\/Quasar_Vilnius2024-300x200.jpg 300w, https:\/\/www.ludwig-van.com\/montreal\/wp-content\/uploads\/sites\/3\/2024\/10\/Quasar_Vilnius2024-1024x684.jpg 1024w, https:\/\/www.ludwig-van.com\/montreal\/wp-content\/uploads\/sites\/3\/2024\/10\/Quasar_Vilnius2024-768x513.jpg 768w\" sizes=\"(max-width: 1200px) 100vw, 1200px\" \/><figcaption id=\"caption-attachment-84504\" class=\"wp-caption-text\">Quasar. (Photo : courtoisie)<\/figcaption><\/figure>\n<h3>Quasar &#8211; Saxoctet<\/h3>\n<p>Le quatuor de saxophones <strong>Quasar<\/strong> souligne son 30<sup>e<\/sup> anniversaire en s\u2019unissant au <strong>Stockholm Saxophone Quartet<\/strong>. Apr\u00e8s la r\u00e9ussite de leur collaboration de 2019 et 2021, les huit saxophonistes se retrouvent avec un nouveau programme qui vient d&rsquo;\u00eatre pr\u00e9sent\u00e9 en Su\u00e8de.<\/p>\n<p>LE 24 OCTOBRE, 19 H 30, SALLE BOURGIE\u00a0 <a href=\"https:\/\/www.mbam.qc.ca\/fr\/activites\/quasar---saxoctet-1\/\" target=\"_blank\" rel=\"noopener\">D\u00c9TAILS ET BILLETS<\/a><\/p>\n<p>&nbsp;<\/p>\n<figure id=\"attachment_76530\" aria-describedby=\"caption-attachment-76530\" style=\"width: 1200px\" class=\"wp-caption aligncenter\"><img decoding=\"async\" loading=\"lazy\" class=\"size-full wp-image-76530\" src=\"https:\/\/www.ludwig-van.com\/montreal\/wp-content\/uploads\/sites\/3\/2023\/06\/Alain-Trudel-Brott-music-Festival.jpg\" alt=\"Alain Trudel, tromboniste et chef d'orchestre (Photo: Brott Music Festival)\" width=\"1200\" height=\"801\" \/><figcaption id=\"caption-attachment-76530\" class=\"wp-caption-text\">Alain Trudel, tromboniste et chef d&rsquo;orchestre (Photo : Brott Music Festival)<\/figcaption><\/figure>\n<h3>\u00c0 Trois-Rivi\u00e8res : La musique de l\u2019amour<\/h3>\n<p>L\u2019<strong>OSTR<\/strong> pr\u00e9sente la <i>Symphonie n<sup>o<\/sup> 4 en mi mineur<\/i> de Johannes Brahms o\u00f9 chaque mouvement est une histoire d\u2019amour unique. En ouverture, une autre forme d\u2019amour, un hommage au professeur de piano Alberto Guerrero compos\u00e9 par le canadien R. Murray Schafer. \u00c9galement au programme, le ou la laur\u00e9at\u00b7e du tout premier <strong>Concours international de piano de Sorel-Tracy<\/strong> qui interpr\u00e9tera un concerto pour piano et orchestre. Il s&rsquo;agit du dernier concert de l&rsquo;orchestre \u00e0 la Salle Antonio-Thompson, puisque celle-ci sera ferm\u00e9e pour r\u00e9novations durant une longue p\u00e9riode.<\/p>\n<p>LE 25 OCTOBRE, 19 H 30, SALLE J.-ANTONIO-THOMPSON\u00a0 <a href=\"https:\/\/ostr.ca\/programmation\/grands-concerts\/la-musique-de-lamour\/\" target=\"_blank\" rel=\"noopener\">D\u00c9TAILS ET BILLETS<\/a><\/p>\n<p>&nbsp;<\/p>\n<h3><img decoding=\"async\" loading=\"lazy\" class=\"aligncenter size-full wp-image-84503\" src=\"https:\/\/www.ludwig-van.com\/montreal\/wp-content\/uploads\/sites\/3\/2024\/10\/Opera-de-Quebec_Le-Comte-Ory.png\" alt=\"\" width=\"1200\" height=\"676\" srcset=\"https:\/\/www.ludwig-van.com\/montreal\/wp-content\/uploads\/sites\/3\/2024\/10\/Opera-de-Quebec_Le-Comte-Ory.png 1200w, https:\/\/www.ludwig-van.com\/montreal\/wp-content\/uploads\/sites\/3\/2024\/10\/Opera-de-Quebec_Le-Comte-Ory-300x169.png 300w, https:\/\/www.ludwig-van.com\/montreal\/wp-content\/uploads\/sites\/3\/2024\/10\/Opera-de-Quebec_Le-Comte-Ory-1024x577.png 1024w, https:\/\/www.ludwig-van.com\/montreal\/wp-content\/uploads\/sites\/3\/2024\/10\/Opera-de-Quebec_Le-Comte-Ory-768x433.png 768w\" sizes=\"(max-width: 1200px) 100vw, 1200px\" \/><\/h3>\n<h3>\u00c0 l&rsquo;Op\u00e9ra de Qu\u00e9bec :<em> Le Comte Ory<\/em><\/h3>\n<p>Apr\u00e8s l\u2019<strong>Op\u00e9ra de Montr\u00e9al<\/strong> qui a pr\u00e9sent\u00e9 <em>Le <\/em><i>Barbier de S\u00e9ville<\/i> il y a quelques semaines, voil\u00e0 que l\u2019<strong>Op\u00e9ra de Qu\u00e9bec<\/strong> se lance \u00e0 son tour dans l\u2019aventure Rossini avec <em>Le <\/em><i>Comte Ory<\/i>. Cet op\u00e9ra dont l&rsquo;histoire se d\u00e9roule au Moyen-\u00c2ge encha\u00eene les subtils sous-entendus grivois. Il est mis en sc\u00e8ne par <strong>Jean-Romain Vesperini<\/strong>, responsable \u00e9galement de la mise en sc\u00e8ne \u00ab\u00a0glamour des ann\u00e9es 80\u00a0\u00bb de la r\u00e9cente production de La vie parisienne \u00e0 l&rsquo;Op\u00e9ra de Qu\u00e9bec. Sous la baguette de <strong>Laurent Campellone<\/strong>, l\u2019<strong>Orchestre symphonique de Qu\u00e9bec<\/strong> accompagnera les solistes et le Ch\u0153ur de l\u2019<strong>Op\u00e9ra de Qu\u00e9bec<\/strong>. La premi\u00e8re est pr\u00e9sent\u00e9e ce samedi 26 octobre, mais si vous la ratez, vous pourrez vous reprendre lors des repr\u00e9sentations de la semaine prochaine.<\/p>\n<p>LE 26 OCTOBRE, 19 H 30, GRAND TH\u00c9\u00c2TRE\u00a0<a href=\"https:\/\/operadequebec.com\/quoi-faire\/comte-ory-programmation-opera-quebec\/\" target=\"_blank\" rel=\"noopener\"> D\u00c9TAILS ET BILLETS<\/a><\/p>\n<p>&nbsp;<\/p>\n<figure id=\"attachment_76813\" aria-describedby=\"caption-attachment-76813\" style=\"width: 1200px\" class=\"wp-caption aligncenter\"><img decoding=\"async\" loading=\"lazy\" class=\"size-full wp-image-76813\" src=\"https:\/\/www.ludwig-van.com\/montreal\/wp-content\/uploads\/sites\/3\/2023\/07\/Adam-Johnson-photo-OSM-1200.jpg\" alt=\"Adam Johnson, chef d'orchestre. (Photo: courtoisie de l'OSM)\" width=\"1200\" height=\"800\" \/><figcaption id=\"caption-attachment-76813\" class=\"wp-caption-text\">Adam Johnson, chef d&rsquo;orchestre. (Photo : courtoisie de l&rsquo;OSM)<\/figcaption><\/figure>\n<h3>En famille \u00e0 l\u2019OSM : <em>Les cr\u00e9atures fantastiques<\/em><\/h3>\n<p>Avec l&rsquo;Halloween qui approche, l\u2019<strong>OSM<\/strong>, dirig\u00e9 par <strong>Adam Johnson<\/strong>, se met en mode famille pour pr\u00e9senter un concert sous le th\u00e8me des cr\u00e9atures fantastiques avec la participation de la com\u00e9dienne <strong>M\u00e9lanie Chouinard<\/strong> et de la danseuse <strong>Amandine Garrido<\/strong>. Les dragons, gargouilles et oiseaux de feu imagin\u00e9s par Debussy, Stravinsky et Sierra prendront vie sous vos yeux gr\u00e2ce aux illustrations r\u00e9alis\u00e9es en direct par <strong>Fr\u00e9d\u00e9ric Ellis<\/strong>.<\/p>\n<p>LE 27 OCTOBRE, 14 H, MAISON SYMPHONIQUE\u00a0 <a href=\"https:\/\/www.osm.ca\/fr\/concert\/les-creatures-fantastiques\/\" target=\"_blank\" rel=\"noopener\">D\u00c9TAILS ET BILLETS<\/a><\/p>\n<p>&nbsp;<\/p>\n<figure id=\"attachment_49070\" aria-describedby=\"caption-attachment-49070\" style=\"width: 1024px\" class=\"wp-caption aligncenter\"><img decoding=\"async\" loading=\"lazy\" class=\"wp-image-49070 size-full\" src=\"https:\/\/www.ludwig-van.com\/montreal\/wp-content\/uploads\/sites\/3\/2017\/10\/Julien-B\u00e9langer_cr_Fran\u00e7oisGoupil.jpg\" alt=\"Julien B\u00e9langer, timbalier solo de l\u2019OM, \u00e9tait soliste pour cette cr\u00e9ation du Concerto pour marimba et orchestre de Jos\u00e9 Evangelista, d\u00e9montrant doigt\u00e9 et musicalit\u00e9. (Cr\u00e9dit: Fran\u00e7ois Goupil)\" width=\"1024\" height=\"624\" srcset=\"https:\/\/www.ludwig-van.com\/montreal\/wp-content\/uploads\/sites\/3\/2017\/10\/Julien-B\u00e9langer_cr_Fran\u00e7oisGoupil.jpg 1024w, https:\/\/www.ludwig-van.com\/montreal\/wp-content\/uploads\/sites\/3\/2017\/10\/Julien-B\u00e9langer_cr_Fran\u00e7oisGoupil-300x183.jpg 300w, https:\/\/www.ludwig-van.com\/montreal\/wp-content\/uploads\/sites\/3\/2017\/10\/Julien-B\u00e9langer_cr_Fran\u00e7oisGoupil-768x468.jpg 768w\" sizes=\"(max-width: 1024px) 100vw, 1024px\" \/><figcaption id=\"caption-attachment-49070\" class=\"wp-caption-text\">Julien B\u00e9langer, timbalier solo de l\u2019OM, participera au concert-famille La sorci\u00e8re m\u00e9lomane. (Cr\u00e9dit : Fran\u00e7ois Goupil)<\/figcaption><\/figure>\n<h3>En famille \u00e0 l\u2019OM : <em>La sorci\u00e8re m\u00e9lomane<\/em><\/h3>\n<p>L\u2019<strong>Orchestre M\u00e9tropolitain<\/strong> souligne \u00e9galement l&rsquo;Halloween avec un concert famille o\u00f9 percussions et cuivres feront frissonner le jeune public. La com\u00e9dienne <strong>Val\u00e9rie Blais<\/strong> prendra le r\u00f4le de la sorci\u00e8re Kiki qui pr\u00e9pare sa grande f\u00eate d\u2019Halloween en cuisinant des muffins \u00e0 la vase de mar\u00e9cage, en organisant des jeux et, \u00e9videmment, en choisissant la musique qui fera tressaillir ses invit\u00e9s.<\/p>\n<p>LE 27 OCTOBRE, 14 H 30, SALLE BOURGIE\u00a0 <a href=\"https:\/\/orchestremetropolitain.com\/fr\/concerts\/la-sorciere-melomane\/?show_date_id=7909\" target=\"_blank\" rel=\"noopener\">D\u00c9TAILS ET BILLETS<\/a><\/p>\n<h3><\/h3>\n<figure id=\"attachment_62169\" aria-describedby=\"caption-attachment-62169\" style=\"width: 1200px\" class=\"wp-caption aligncenter\"><img decoding=\"async\" loading=\"lazy\" class=\"size-full wp-image-62169\" src=\"https:\/\/www.ludwig-van.com\/montreal\/wp-content\/uploads\/sites\/3\/2019\/10\/Orgue-Immacul\u00e9e-Conception-3.jpg\" alt=\"Orgue de l'\u00c9glise Immacul\u00e9e-Conception, Montr\u00e9al, Qc. (Photo: courtoisie du CIOC)\" width=\"1200\" height=\"628\" srcset=\"https:\/\/www.ludwig-van.com\/montreal\/wp-content\/uploads\/sites\/3\/2019\/10\/Orgue-Immacul\u00e9e-Conception-3.jpg 1200w, https:\/\/www.ludwig-van.com\/montreal\/wp-content\/uploads\/sites\/3\/2019\/10\/Orgue-Immacul\u00e9e-Conception-3-300x157.jpg 300w, https:\/\/www.ludwig-van.com\/montreal\/wp-content\/uploads\/sites\/3\/2019\/10\/Orgue-Immacul\u00e9e-Conception-3-768x402.jpg 768w, https:\/\/www.ludwig-van.com\/montreal\/wp-content\/uploads\/sites\/3\/2019\/10\/Orgue-Immacul\u00e9e-Conception-3-1024x536.jpg 1024w\" sizes=\"(max-width: 1200px) 100vw, 1200px\" \/><figcaption id=\"caption-attachment-62169\" class=\"wp-caption-text\">L&rsquo;orgue de l&rsquo;\u00c9glise Immacul\u00e9e-Conception, Montr\u00e9al, Qc. (Photo : courtoisie du CIOC)<\/figcaption><\/figure>\n<h3>Concours international d\u2019orgue du Canada<\/h3>\n<p>Le CIOC se poursuit cette semaine avec la partie 2 des demi-finales ainsi que la grande finale de vendredi et le concert gala de samedi. Plusieurs concerts d\u2019orgue font \u00e9galement partie de la programmation que vous pouvez consulter ici. <a href=\"https:\/\/ciocm.org\/fr\/a-venir\/\">https:\/\/ciocm.org\/fr\/a-venir\/<\/a><\/p>\n<p><strong>\u00c9PREUVES DE DEMI-FINALES<br \/>\n<\/strong><\/p>\n<p>Session A, Interpr\u00e8tes : Daniel Minnick, Johannes Skoog et Leendert Verduijn<\/p>\n<p>LE 21 OCTOBRE, 14 H, \u00c9GLISE ST-JEAN-BAPTISTE<\/p>\n<p>Session B, Interpr\u00e8tes : Henry Webb et Magdalena Moser<\/p>\n<p>LE 21 OCTOBRE, 18 H 30, \u00c9GLISE ST-JEAN-BAPTISTE<\/p>\n<p>Session C, Interpr\u00e8tes : Alma Bettencourt et Samuel Gaskin<\/p>\n<p>LE 22 OCTOBRE, 14 H, \u00c9GLISE ST-JEAN-BAPTISTE<\/p>\n<p>Session D et annonce des finalistes, Interpr\u00e8tes : Abraham Ross et M\u00e9lodie Michel<\/p>\n<p>LE 22 OCTOBRE, 18 H 30, \u00c9GLISE ST-JEAN-BAPTISTE<\/p>\n<p><strong>\u00c9PREUVE FINALE<br \/>\n<\/strong><\/p>\n<p>SESSIONS A ET B<\/p>\n<p>LE 25 OCTOBRE, 15 H 30 ET 19 H, MAISON SYMPHONIQUE\u00a0 <a href=\"https:\/\/www.osm.ca\/fr\/concert\/cioc\/\" target=\"_blank\" rel=\"noopener\">D\u00c9TAILS ET BILLETS<\/a><\/p>\n<p><strong>CONCERTS<\/strong><\/p>\n<p>Bernard Foccroulle &#8211; Dialogues entre compositions d\u2019hier et d\u2019aujourd\u2019hui<\/p>\n<p>LE 23 OCTOBRE, 19 H 30, \u00c9GLISE DE L\u2019IMMACUL\u00c9E-CONCEPTION\u00a0<a href=\"https:\/\/www.zeffy.com\/ticketing\/b84e314d-7195-4f57-bcac-df17bae87907\" target=\"_blank\" rel=\"noopener\"> D\u00c9TAILS ET BILLETS<\/a><\/p>\n<p>Duo Majoya &#8211; La grande suite canadienne<\/p>\n<p>LE 24 OCTOBRE, 19 H 30, CHURCH OF ST-ANDREW AND ST-PAUL\u00a0 <a href=\"https:\/\/www.zeffy.com\/ticketing\/7b23ac50-8216-48ef-80f3-694e65b3238d\" target=\"_blank\" rel=\"noopener\">D\u00c9TAILS ET BILLETS<\/a><\/p>\n<p>Christian Lane (S\u00e9rie des r\u00e9citals-midi d\u2019orgue de McGill)<\/p>\n<p>LE 25 OCTOBRE, 12 H 30, SALLE REDPATH<\/p>\n<p>Hans-Ola Ericsson &#8211; Le Livre du St-Sacrement de Messiaen<\/p>\n<p>LE 26 OCTOBRE, 15 H 30, ORATOIRE ST-JOSEPH\u00a0 <a href=\"https:\/\/www.zeffy.com\/ticketing\/2b2af430-73e1-4ab1-a57f-846720970196\" target=\"_blank\" rel=\"noopener\">D\u00c9TAILS ET BILLETS<\/a><\/p>\n<p>Kimberly Marshall &#8211; Cycles dans le temps<\/p>\n<p>LE 27 OCTOBRE, 15 H, CHAPELLE DES PR\u00caTRES DE SAINT-SULPICE\u00a0 <a href=\"https:\/\/www.zeffy.com\/ticketing\/7a83865a-5f1b-4934-b9e2-9c1588dbc219\" target=\"_blank\" rel=\"noopener\">D\u00c9TAILS ET BILLETS<\/a><\/p>\n<p><strong>CONCERT GALA<\/strong><\/p>\n<p>Le concert est gratuit, mais vous pouvez participer \u00e0 la r\u00e9ception post-gala en vous procurant des billets ici.<\/p>\n<p><a href=\"https:\/\/www.zeffy.com\/ticketing\/9b04c13a-2e44-402e-8f0d-1a1c04d034d4\">https:\/\/www.zeffy.com\/ticketing\/9b04c13a-2e44-402e-8f0d-1a1c04d034d4<\/a><\/p>\n<p>LE 27 OCTOBRE, 19 H, \u00c9GLISE SAINTS-ANGES DE LACHINE<\/p>\n<h2><em>Inscrivez-vous \u00e0 notre infolettre! La musique classique et l\u2019op\u00e9ra en 5 minutes, chaque jour<\/em> <a href=\"https:\/\/ludwig-van.us9.list-manage.com\/subscribe?u=4f785cb3f9058f2393ccad035&amp;id=b9b160c032\" target=\"_blank\" rel=\"noopener noreferrer\">ICI<\/a><\/h2>\n","protected":false},"excerpt":{"rendered":"<p>Les couleurs flamboyantes d\u2019octobre seront mises en valeur cette semaine puisqu\u2019on annonce du soleil et des temp\u00e9ratures plus que confortables pour ce temps-ci de l\u2019ann\u00e9e. Profitez-en pour aller prendre un dernier verre en terrasse avant d\u2019assister \u00e0 l\u2019un des concerts de cette semaine et, pourquoi pas, pour ensuite prendre une marche qui prolongera la sensation de bien-\u00eatre procur\u00e9e par la musique!<\/p>\n","protected":false},"author":1,"featured_media":84507,"comment_status":"open","ping_status":"open","sticky":false,"template":"","format":"standard","meta":{"om_disable_all_campaigns":false,"jetpack_post_was_ever_published":false},"categories":[42107,10994],"tags":[42106,10985,11137],"yst_prominent_words":[9878,9863,13120,13117,33504,31965,26052,9877,13123,13119,33503,11696,13116,13118,31964],"acf":[],"jetpack_featured_media_url":"https:\/\/www.ludwig-van.com\/montreal\/wp-content\/uploads\/sites\/3\/2024\/10\/Copie-de-CONCERTS46.jpg","jetpack_sharing_enabled":true,"jetpack_shortlink":"https:\/\/wp.me\/p9bdYt-lYV","amp_enabled":true,"_links":{"self":[{"href":"https:\/\/www.ludwig-van.com\/montreal\/wp-json\/wp\/v2\/posts\/84501"}],"collection":[{"href":"https:\/\/www.ludwig-van.com\/montreal\/wp-json\/wp\/v2\/posts"}],"about":[{"href":"https:\/\/www.ludwig-van.com\/montreal\/wp-json\/wp\/v2\/types\/post"}],"author":[{"embeddable":true,"href":"https:\/\/www.ludwig-van.com\/montreal\/wp-json\/wp\/v2\/users\/1"}],"replies":[{"embeddable":true,"href":"https:\/\/www.ludwig-van.com\/montreal\/wp-json\/wp\/v2\/comments?post=84501"}],"version-history":[{"count":12,"href":"https:\/\/www.ludwig-van.com\/montreal\/wp-json\/wp\/v2\/posts\/84501\/revisions"}],"predecessor-version":[{"id":84526,"href":"https:\/\/www.ludwig-van.com\/montreal\/wp-json\/wp\/v2\/posts\/84501\/revisions\/84526"}],"wp:featuredmedia":[{"embeddable":true,"href":"https:\/\/www.ludwig-van.com\/montreal\/wp-json\/wp\/v2\/media\/84507"}],"wp:attachment":[{"href":"https:\/\/www.ludwig-van.com\/montreal\/wp-json\/wp\/v2\/media?parent=84501"}],"wp:term":[{"taxonomy":"category","embeddable":true,"href":"https:\/\/www.ludwig-van.com\/montreal\/wp-json\/wp\/v2\/categories?post=84501"},{"taxonomy":"post_tag","embeddable":true,"href":"https:\/\/www.ludwig-van.com\/montreal\/wp-json\/wp\/v2\/tags?post=84501"},{"taxonomy":"yst_prominent_words","embeddable":true,"href":"https:\/\/www.ludwig-van.com\/montreal\/wp-json\/wp\/v2\/yst_prominent_words?post=84501"}],"curies":[{"name":"wp","href":"https:\/\/api.w.org\/{rel}","templated":true}]}}