{"id":84464,"date":"2024-10-18T17:21:26","date_gmt":"2024-10-18T21:21:26","guid":{"rendered":"https:\/\/www.ludwig-van.com\/montreal\/?p=84464"},"modified":"2024-10-19T14:00:05","modified_gmt":"2024-10-19T18:00:05","slug":"critique-le-smam-celebre-royalement-et-en-bonne-compagnie-le-lancement-de-sa-50e-saison","status":"publish","type":"post","link":"https:\/\/www.ludwig-van.com\/montreal\/2024\/10\/18\/critique-le-smam-celebre-royalement-et-en-bonne-compagnie-le-lancement-de-sa-50e-saison\/","title":{"rendered":"CRITIQUE | Le SMAM c\u00e9l\u00e8bre royalement et en bonne compagnie le lancement de sa 50e saison"},"content":{"rendered":"<figure id=\"attachment_84467\" aria-describedby=\"caption-attachment-84467\" style=\"width: 1200px\" class=\"wp-caption aligncenter\"><img decoding=\"async\" loading=\"lazy\" class=\"size-full wp-image-84467\" src=\"https:\/\/www.ludwig-van.com\/montreal\/wp-content\/uploads\/sites\/3\/2024\/10\/Copie-de-CRITIQUE49.jpg\" alt=\"Le SMAM c\u00e9l\u00e9brait en compagnie d'Arion le lancement de sa 50e saison \u00e0 la Maison symphonique. (Photo : Annie \u00c9thier)\" width=\"1200\" height=\"628\" srcset=\"https:\/\/www.ludwig-van.com\/montreal\/wp-content\/uploads\/sites\/3\/2024\/10\/Copie-de-CRITIQUE49.jpg 1200w, https:\/\/www.ludwig-van.com\/montreal\/wp-content\/uploads\/sites\/3\/2024\/10\/Copie-de-CRITIQUE49-300x157.jpg 300w, https:\/\/www.ludwig-van.com\/montreal\/wp-content\/uploads\/sites\/3\/2024\/10\/Copie-de-CRITIQUE49-1024x536.jpg 1024w, https:\/\/www.ludwig-van.com\/montreal\/wp-content\/uploads\/sites\/3\/2024\/10\/Copie-de-CRITIQUE49-768x402.jpg 768w\" sizes=\"(max-width: 1200px) 100vw, 1200px\" \/><figcaption id=\"caption-attachment-84467\" class=\"wp-caption-text\">Le SMAM c\u00e9l\u00e9brait en compagnie d&rsquo;Arion le lancement de sa 50<sup>e<\/sup> saison \u00e0 la Maison symphonique. (Photo : Annie \u00c9thier)<\/figcaption><\/figure>\n<p>Samedi soir dernier se r\u00e9unissaient sur la sc\u00e8ne de la Maison symphonique les effectifs vocaux du <strong>Studio de musique ancienne de Montr\u00e9al<\/strong> et ceux instrumentaux d&rsquo;<strong>Arion Orchestre Baroque<\/strong> pour un concert festif c\u00e9l\u00e9brant le 50<sup>e<\/sup> anniversaire du premier. Le programme \u00e9tait constitu\u00e9 de pi\u00e8ces compos\u00e9es pour le couronnement de divers monarques britanniques par des compositeurs du XVI<sup>e<\/sup> au XVIII<sup>e<\/sup> si\u00e8cle, Handel occupant une place de choix parmi ceux-ci.<\/p>\n<p>\u00c0 tout seigneur tout honneur : il revenait sans aucun doute au majestueux <em>Zadok the Priest<\/em> de Handel, chant\u00e9 \u00e0 toutes les coronations \u00e0 Westminster Abbey depuis celle de George II, de donner le ton \u00e0 cette soir\u00e9e.\u00a0 Les arp\u00e8ges coulants de l&rsquo;introduction ont d\u00e9but\u00e9 de fa\u00e7on l\u00e9g\u00e8rement confuse, mais se sont plac\u00e9s pour pr\u00e9parer l&rsquo;entr\u00e9e sonore du ch\u0153ur. Les quatre pupitres de voix ont impressionn\u00e9 par leur l\u00e9g\u00e8ret\u00e9 agile dans les vocalises exigeantes.<\/p>\n<p>La suite de la premi\u00e8re partie accordait la part belle aux voix admirablement fondues du <strong>SMAM<\/strong> dirig\u00e9 par <strong>Andrew McAnerney<\/strong> dans des \u0153uvres <em>a cappella<\/em> de William Byrd et de Thomas Weelkes. Les Amen finaux se d\u00e9marquaient particuli\u00e8rement par le regain d&rsquo;\u00e9nergie qui leur \u00e9tait insuffl\u00e9 et par des accords concluants aux harmonies parfaitement calibr\u00e9es.<\/p>\n<p>Les instrumentistes d&rsquo;<strong>Arion<\/strong> se sont de nouveau joints au ch\u0153ur pour interpr\u00e9ter trois <em>anthems<\/em> de William Boyce, ceux-ci pour le couronnement de George III, et un autre des <em>anthems<\/em> de Handel, <em>My heart is inditing<\/em>. Dans ces \u0153uvres, comme dans toutes les autres o\u00f9 ils \u00e9taient sollicit\u00e9s, les trompettistes baroques <strong>Roman Golavonov<\/strong>, <strong>Simon Tremblay<\/strong> et <strong>Francis Pigeon<\/strong> ont sublim\u00e9 les difficult\u00e9s inh\u00e9rentes \u00e0 cet instrument r\u00e9calcitrant pour adroitement ajouter leur timbre cuivr\u00e9 aux couleurs orchestrales. De m\u00eame, soulignons la qualit\u00e9 du continuo fourni avec finesse et la bonne dose de pr\u00e9sence par <strong>Andrea Stewart<\/strong> au violoncelle et <strong>Dominic Girard<\/strong> \u00e0 la contrebasse.<\/p>\n<p>Au retour de l&rsquo;entracte, apr\u00e8s une introduction conviviale et humoristique aux instruments baroques et un petit mot gliss\u00e9 en passant sur la condition de musicien\u00b7ne autonome, <strong>Mathieu Lussier<\/strong> a pris la direction d&rsquo;<strong>Arion<\/strong>, incluant cette fois les cors absents de la premi\u00e8re partie, pour offrir une joyeuse ex\u00e9cution de la <em>Music for the Royal<\/em> <em>Fireworks<\/em>. Les forces combin\u00e9es des deux ensembles se sont rejointes une derni\u00e8re fois pour conclure par les deux derniers <em>coronation anthems<\/em> de Handel, <em>Let thy hand be strengthened<\/em> et <em>The King shall rejoice<\/em>.<\/p>\n<p>Chaque ensemble sonnait \u00e0 son meilleur lorsque dirig\u00e9 par son chef attitr\u00e9 : dans la premi\u00e8re partie, les voix du <strong>SMAM<\/strong> r\u00e9pondaient avec une homog\u00e9n\u00e9it\u00e9 admirablement \u00e9quilibr\u00e9e aux grandes lignes signal\u00e9es par la gestuelle fluide mais peu diff\u00e9renci\u00e9e d&rsquo;<strong>Andrew McAnerney,<\/strong> tandis que dans la deuxi\u00e8me partie, les instrumentistes d&rsquo;<strong>Arion<\/strong> jouaient avec des attaques claires, \u00e9nergis\u00e9\u00b7e\u00b7s par la battue dynamique mais plus morcel\u00e9e de <strong>Mathieu Lussier<\/strong>.<\/p>\n<p>Pour le <strong>SMAM<\/strong>, les c\u00e9l\u00e9brations se poursuivront tout au long de la saison, le prochain rendez-vous ayant lieu le 17 novembre prochain \u00e0 la Salle Bourgie pour un programme intitul\u00e9 <em>H\u00e9ritages polyphoniques<\/em>.<\/p>\n<h2><em>Inscrivez-vous \u00e0 notre infolettre! La musique classique et l\u2019op\u00e9ra en 5 minutes, chaque jour<\/em> <a href=\"https:\/\/ludwig-van.us9.list-manage.com\/subscribe?u=4f785cb3f9058f2393ccad035&amp;id=b9b160c032\" target=\"_blank\" rel=\"noopener noreferrer\">ICI<\/a><\/h2>\n","protected":false},"excerpt":{"rendered":"<p>Samedi soir dernier se r\u00e9unissaient sur la sc\u00e8ne de la Maison symphonique les effectifs vocaux du Studio de musique ancienne de Montr\u00e9al et ceux instrumentaux d&rsquo;Arion Orchestre Baroque pour un concert festif c\u00e9l\u00e9brant le 50e anniversaire du premier. Le programme \u00e9tait constitu\u00e9 de pi\u00e8ces compos\u00e9es pour le couronnement de divers monarques britanniques par des compositeurs du XVIe au XVIIIe si\u00e8cle, Handel occupant une place de choix parmi ceux-ci.<\/p>\n","protected":false},"author":55,"featured_media":84467,"comment_status":"open","ping_status":"open","sticky":false,"template":"","format":"standard","meta":{"om_disable_all_campaigns":false,"jetpack_post_was_ever_published":false},"categories":[42107,52],"tags":[42106,361,28803],"yst_prominent_words":[10500,23200,15458,34892,11691,11442,9869,10304,11593,9323,24802,10546,24654,10019,9971],"acf":[],"jetpack_featured_media_url":"https:\/\/www.ludwig-van.com\/montreal\/wp-content\/uploads\/sites\/3\/2024\/10\/Copie-de-CRITIQUE49.jpg","jetpack_sharing_enabled":true,"jetpack_shortlink":"https:\/\/wp.me\/p9bdYt-lYk","amp_enabled":true,"_links":{"self":[{"href":"https:\/\/www.ludwig-van.com\/montreal\/wp-json\/wp\/v2\/posts\/84464"}],"collection":[{"href":"https:\/\/www.ludwig-van.com\/montreal\/wp-json\/wp\/v2\/posts"}],"about":[{"href":"https:\/\/www.ludwig-van.com\/montreal\/wp-json\/wp\/v2\/types\/post"}],"author":[{"embeddable":true,"href":"https:\/\/www.ludwig-van.com\/montreal\/wp-json\/wp\/v2\/users\/55"}],"replies":[{"embeddable":true,"href":"https:\/\/www.ludwig-van.com\/montreal\/wp-json\/wp\/v2\/comments?post=84464"}],"version-history":[{"count":12,"href":"https:\/\/www.ludwig-van.com\/montreal\/wp-json\/wp\/v2\/posts\/84464\/revisions"}],"predecessor-version":[{"id":84482,"href":"https:\/\/www.ludwig-van.com\/montreal\/wp-json\/wp\/v2\/posts\/84464\/revisions\/84482"}],"wp:featuredmedia":[{"embeddable":true,"href":"https:\/\/www.ludwig-van.com\/montreal\/wp-json\/wp\/v2\/media\/84467"}],"wp:attachment":[{"href":"https:\/\/www.ludwig-van.com\/montreal\/wp-json\/wp\/v2\/media?parent=84464"}],"wp:term":[{"taxonomy":"category","embeddable":true,"href":"https:\/\/www.ludwig-van.com\/montreal\/wp-json\/wp\/v2\/categories?post=84464"},{"taxonomy":"post_tag","embeddable":true,"href":"https:\/\/www.ludwig-van.com\/montreal\/wp-json\/wp\/v2\/tags?post=84464"},{"taxonomy":"yst_prominent_words","embeddable":true,"href":"https:\/\/www.ludwig-van.com\/montreal\/wp-json\/wp\/v2\/yst_prominent_words?post=84464"}],"curies":[{"name":"wp","href":"https:\/\/api.w.org\/{rel}","templated":true}]}}