{"id":84264,"date":"2024-10-09T16:04:41","date_gmt":"2024-10-09T20:04:41","guid":{"rendered":"https:\/\/www.ludwig-van.com\/montreal\/?p=84264"},"modified":"2024-10-10T14:00:04","modified_gmt":"2024-10-10T18:00:04","slug":"critique-12","status":"publish","type":"post","link":"https:\/\/www.ludwig-van.com\/montreal\/2024\/10\/09\/critique-12\/","title":{"rendered":"CRITIQUE | Humour l\u00e9ger et trag\u00e9die surnaturelle avec l&rsquo;OCM et l&rsquo;Atelier lyrique"},"content":{"rendered":"<figure id=\"attachment_84276\" aria-describedby=\"caption-attachment-84276\" style=\"width: 1200px\" class=\"wp-caption aligncenter\"><img decoding=\"async\" loading=\"lazy\" class=\"size-full wp-image-84276\" src=\"https:\/\/www.ludwig-van.com\/montreal\/wp-content\/uploads\/sites\/3\/2024\/10\/Copie-de-CRITIQUE45.jpg\" alt=\"Vespone (Angelo Moretti) d\u00e9voile que c'\u00e9tait lui se cachant sous les habits du Capitaine Tempesta, sous le regard triomphant de Serpina (Sophie Naubert) et celui, confus, d'Uberto (Jamal Al Titi). (Photo : Tam Photography)\" width=\"1200\" height=\"628\" srcset=\"https:\/\/www.ludwig-van.com\/montreal\/wp-content\/uploads\/sites\/3\/2024\/10\/Copie-de-CRITIQUE45.jpg 1200w, https:\/\/www.ludwig-van.com\/montreal\/wp-content\/uploads\/sites\/3\/2024\/10\/Copie-de-CRITIQUE45-300x157.jpg 300w, https:\/\/www.ludwig-van.com\/montreal\/wp-content\/uploads\/sites\/3\/2024\/10\/Copie-de-CRITIQUE45-1024x536.jpg 1024w, https:\/\/www.ludwig-van.com\/montreal\/wp-content\/uploads\/sites\/3\/2024\/10\/Copie-de-CRITIQUE45-768x402.jpg 768w\" sizes=\"(max-width: 1200px) 100vw, 1200px\" \/><figcaption id=\"caption-attachment-84276\" class=\"wp-caption-text\">Vespone (Angelo Moretti) d\u00e9voile que c&rsquo;\u00e9tait lui se cachant sous les habits du Capitaine Tempesta, sous le regard triomphant de Serpina (Sophie Naubert) et celui, confus, d&rsquo;Uberto (Jamal Al Titi). (Photo : Tam Photography)<\/figcaption><\/figure>\n<p>L&rsquo;<strong>Orchestre Classique de Montr\u00e9al<\/strong> et l&rsquo;<strong>Atelier lyrique de l&rsquo;Op\u00e9ra de Montr\u00e9al<\/strong> pr\u00e9sentaient hier soir \u00e0 la salle Pierre-Mercure deux courts op\u00e9ras de chambre d&rsquo;atmosph\u00e8re compl\u00e8tement oppos\u00e9es, <em>La serva padrona<\/em> de Pergolesi et <em>The Medium<\/em> de Menotti.<\/p>\n<h3><em>La serva padrona<\/em><\/h3>\n<p>Cette histoire comique racontant les manigances d&rsquo;une servante \u00e9mancip\u00e9e pour se faire \u00e9pouser par son patron a \u00e9t\u00e9 jou\u00e9e et chant\u00e9e avec une d\u00e9lectation \u00e9vidente par ses deux interpr\u00e8tes principaux <strong>Sophie Naubert<\/strong> et<strong> Jamal Al Titi<\/strong>, soutenus par la pr\u00e9sence color\u00e9e d&rsquo;<strong>Angelo Moretti<\/strong> dans le r\u00f4le muet du serviteur complice.<\/p>\n<p><strong>Al Titi<\/strong> en particulier a su exploiter les r\u00e9actions comiques de son personnage Uberto sans tomber dans le cabotinage ou la caricature. Dot\u00e9 d&rsquo;une voix admirablement chaude et agile, le baryton d&rsquo;origine bi\u00e9lorusse se joue des difficult\u00e9s pos\u00e9es par des airs comme \u00ab Son imbrogliato \u00bb , dont le caract\u00e8re <em>agitato<\/em> exprime le va-et-vient int\u00e9rieur dans lequel se d\u00e9bat Uberto.<\/p>\n<p>&nbsp;<\/p>\n<figure id=\"attachment_84275\" aria-describedby=\"caption-attachment-84275\" style=\"width: 1200px\" class=\"wp-caption aligncenter\"><img decoding=\"async\" loading=\"lazy\" class=\"size-full wp-image-84275\" src=\"https:\/\/www.ludwig-van.com\/montreal\/wp-content\/uploads\/sites\/3\/2024\/10\/TheServantandtheClairvoyant-OCM-Pergolesi_duo_TamPhotography-7.jpg\" alt=\"Uberto (Jamal Al Titi) se fait prendre par les manigances de Serpina (Sophie Naubert). (Photo : Tam Photography)\" width=\"1200\" height=\"798\" srcset=\"https:\/\/www.ludwig-van.com\/montreal\/wp-content\/uploads\/sites\/3\/2024\/10\/TheServantandtheClairvoyant-OCM-Pergolesi_duo_TamPhotography-7.jpg 1200w, https:\/\/www.ludwig-van.com\/montreal\/wp-content\/uploads\/sites\/3\/2024\/10\/TheServantandtheClairvoyant-OCM-Pergolesi_duo_TamPhotography-7-300x200.jpg 300w, https:\/\/www.ludwig-van.com\/montreal\/wp-content\/uploads\/sites\/3\/2024\/10\/TheServantandtheClairvoyant-OCM-Pergolesi_duo_TamPhotography-7-1024x681.jpg 1024w, https:\/\/www.ludwig-van.com\/montreal\/wp-content\/uploads\/sites\/3\/2024\/10\/TheServantandtheClairvoyant-OCM-Pergolesi_duo_TamPhotography-7-768x511.jpg 768w\" sizes=\"(max-width: 1200px) 100vw, 1200px\" \/><figcaption id=\"caption-attachment-84275\" class=\"wp-caption-text\">Uberto (Jamal Al Titi) se fait prendre par les manigances de Serpina (Sophie Naubert). (Photo : Tam Photography)<\/figcaption><\/figure>\n<p><strong>Sophie Naubert<\/strong> fait aussi excellente impression vocalement en Serpina. Sa voix gagne encore en couleurs et en timbres dans les registres sup\u00e9rieurs. L&rsquo;impertinence inlassable de son personnage le rendait un peu unidimensionnel, d&rsquo;autant plus que la chanteuse se rabattait souvent sur les m\u00eames mimiques. Le duo o\u00f9 Serpina pr\u00e9tend vouloir \u00e9pouser un capitaine militaire lui donnait enfin l&rsquo;occasion de varier un peu son registre de jeu, alternant entre les implorations exag\u00e9r\u00e9es et les apart\u00e9s moqueurs.<\/p>\n<p><strong>Fran\u00e7ois Racine<\/strong> a cr\u00e9\u00e9 une mise en sc\u00e8ne effervescente et ludique, exploitant adroitement la largeur de l&rsquo;avant-sc\u00e8ne mise \u00e0 sa disposition sans que l&rsquo;absence de profondeur ne soit ressenti comme un manque (l&rsquo;orchestre \u00e9tait install\u00e9 dans le fond de la sc\u00e8ne, privant les solistes de cet espace pour le jeu).<\/p>\n<h3><em>The Medium<\/em><\/h3>\n<p>Avec cet op\u00e9ra de Menotti, on se d\u00e9place dans un univers sombre empreint de surnaturel. Le drame en deux actes a plus d&rsquo;un point en commun avec <em>The Turn of the Screw<\/em> de Benjamin Britten (le Menotti pr\u00e9c\u00e8de en fait le Britten de dix ans) : une unit\u00e9 en vase clos form\u00e9e de deux enfants et d&rsquo;une adulte, une situation relativement anodine glissant progressivement vers un d\u00e9nouement tragique \u00e0 travers l&#8217;emprise croissante du surnaturel, l&#8217;emploi de chansons enfantines pour accentuer le contraste entre l&rsquo;innocence et la menace.<\/p>\n<p>&nbsp;<\/p>\n<figure id=\"attachment_84273\" aria-describedby=\"caption-attachment-84273\" style=\"width: 1200px\" class=\"wp-caption aligncenter\"><img decoding=\"async\" loading=\"lazy\" class=\"size-full wp-image-84273\" src=\"https:\/\/www.ludwig-van.com\/montreal\/wp-content\/uploads\/sites\/3\/2024\/10\/the-Medium_seance-OCM-TamPhotography-58.jpg\" alt=\"Mme et m. Gobineau (Chelsea Kolic et Mikelis Rogers), \u00e0 gauche, et mme Nolan (Justine Ledoux), \u00e0 droite, sont les clients cr\u00e9dules de la fausse medium Baba (Camila Montefusco). (Photo : Tam Photography)\" width=\"1200\" height=\"798\" srcset=\"https:\/\/www.ludwig-van.com\/montreal\/wp-content\/uploads\/sites\/3\/2024\/10\/the-Medium_seance-OCM-TamPhotography-58.jpg 1200w, https:\/\/www.ludwig-van.com\/montreal\/wp-content\/uploads\/sites\/3\/2024\/10\/the-Medium_seance-OCM-TamPhotography-58-300x200.jpg 300w, https:\/\/www.ludwig-van.com\/montreal\/wp-content\/uploads\/sites\/3\/2024\/10\/the-Medium_seance-OCM-TamPhotography-58-1024x681.jpg 1024w, https:\/\/www.ludwig-van.com\/montreal\/wp-content\/uploads\/sites\/3\/2024\/10\/the-Medium_seance-OCM-TamPhotography-58-768x511.jpg 768w\" sizes=\"(max-width: 1200px) 100vw, 1200px\" \/><figcaption id=\"caption-attachment-84273\" class=\"wp-caption-text\">Mme et m. Gobineau (Chelsea Kolic et Mikelis Rogers), \u00e0 gauche, et mme Nolan (Justine Ledoux), \u00e0 droite, sont les clients cr\u00e9dules de la fausse medium Baba (Camila Montefusco). (Photo : Tam Photography)<\/figcaption><\/figure>\n<p>Mieux connu pour <em>Amahl and the Night Visitors<\/em> et <em>The Consul<\/em>, Menotti fait preuve de doigt\u00e9 dans l&rsquo;orchestration et dans l&rsquo;agencement des instruments de l&rsquo;orchestre de chambre, form\u00e9 du quintette de cordes, d&rsquo;un sextuor de vents, de deux pianos et de percussion.<\/p>\n<p>La prestation fougueuse de <strong>Camila Montefusco<\/strong> dans le r\u00f4le titre confirme l&rsquo;impression favorable recueillie lors du concert d&rsquo;ouverture de l&rsquo;<strong>Atelier lyrique<\/strong>. La jeune chanteuse amplifie le pouvoir \u00e9motif de sa voix magnifiquement timbr\u00e9e par la qualit\u00e9 de sa pr\u00e9sence sc\u00e9nique et le naturel de son jeu. \u00c9chevel\u00e9e, elle donne libre cours \u00e0 la col\u00e8re disjonct\u00e9e et l\u00e9tale de la medium prise \u00e0 son propre jeu, sans jamais perdre le contr\u00f4le de sa voix.<\/p>\n<p>&nbsp;<\/p>\n<figure id=\"attachment_84274\" aria-describedby=\"caption-attachment-84274\" style=\"width: 1200px\" class=\"wp-caption aligncenter\"><img decoding=\"async\" loading=\"lazy\" class=\"size-full wp-image-84274\" src=\"https:\/\/www.ludwig-van.com\/montreal\/wp-content\/uploads\/sites\/3\/2024\/10\/The-Medium_Bridget-Esler-et-Ian-Sabourin_OCM-TamPhotography-84.jpg\" alt=\"Monica (Bridget Esler) pr\u00eate sa voix aux sentiments de Toby (Ian Sabourin). (Photo : Tam Photography)\" width=\"1200\" height=\"798\" srcset=\"https:\/\/www.ludwig-van.com\/montreal\/wp-content\/uploads\/sites\/3\/2024\/10\/The-Medium_Bridget-Esler-et-Ian-Sabourin_OCM-TamPhotography-84.jpg 1200w, https:\/\/www.ludwig-van.com\/montreal\/wp-content\/uploads\/sites\/3\/2024\/10\/The-Medium_Bridget-Esler-et-Ian-Sabourin_OCM-TamPhotography-84-300x200.jpg 300w, https:\/\/www.ludwig-van.com\/montreal\/wp-content\/uploads\/sites\/3\/2024\/10\/The-Medium_Bridget-Esler-et-Ian-Sabourin_OCM-TamPhotography-84-1024x681.jpg 1024w, https:\/\/www.ludwig-van.com\/montreal\/wp-content\/uploads\/sites\/3\/2024\/10\/The-Medium_Bridget-Esler-et-Ian-Sabourin_OCM-TamPhotography-84-768x511.jpg 768w\" sizes=\"(max-width: 1200px) 100vw, 1200px\" \/><figcaption id=\"caption-attachment-84274\" class=\"wp-caption-text\">Monica (Bridget Esler) pr\u00eate sa voix aux sentiments de Toby (Ian Sabourin). (Photo : Tam Photography)<\/figcaption><\/figure>\n<p><strong>Bridget Esler<\/strong> est plus sto\u00efque dans le r\u00f4le de sa fille Monica, mais s&rsquo;anime dans ses interactions compatissantes avec l&rsquo;orphelin muet Toby (<strong>Ian<\/strong> <strong>Sabourin<\/strong>, volontairement maladroit). Sa voix charnelle a un peu trop de corps pour les interventions fantomatiques des fausses s\u00e9ances organis\u00e9es par sa m\u00e8re. D&rsquo;une certaine fa\u00e7on, cela peut accentuer l&rsquo;absurdit\u00e9 de la foi in\u00e9branlable des clients M. et Mme Gobineau (<strong>Mikelis<\/strong> <strong>Rogers<\/strong> et <strong>Chelsea Kolic<\/strong>, bien assortis dans leurs r\u00f4les de parents \u00e9plor\u00e9s) et Mme Nolan (<strong>Justine Ledoux<\/strong>, touchante).<\/p>\n<h3>Chef et orchestre<\/h3>\n<p>La gestuelle de direction de<strong> Simon Rivard<\/strong> est caract\u00e9ris\u00e9e par un mouvement soutenu donnant de la substance au son. Contrairement \u00e0 d&rsquo;autres chefs, l&rsquo;espace entre les temps est toujours habit\u00e9, ce qui lui donne un meilleur contr\u00f4le sur ce qui \u00e9mane de l&rsquo;orchestre. <strong>Rivard<\/strong> a manifestement confiance en ses instrumentistes : adepte de longues lignes, il n&rsquo;h\u00e9site pas \u00e0 abandonner les temps pour caresser l&rsquo;air d&rsquo;un long geste, m\u00eame dans des passages o\u00f9 ce choix est de prime abord surprenant.<\/p>\n<p>L&rsquo;orchestre a bien g\u00e9r\u00e9 le changement de style entre l&rsquo;intermezzo baroque l\u00e9ger et humoristique, et l&rsquo;op\u00e9ra dramatique du d\u00e9but du XX<sup>e <\/sup>si\u00e8cle. Si les cordes graves de la basse continue \u00e9taient par moment l\u00e9g\u00e8rement trop pr\u00e9sentes dans le Pergolesi, au contraire les cordes aigues ont manqu\u00e9 de substance au d\u00e9but du Menotti, chose qui s&rsquo;est r\u00e9tablie avec bonheur par la suite. L&rsquo;ajout des cuivres dans le Menotti y rendait l&rsquo;\u00e9quilibre avec les voix plus pr\u00e9caire que dans le Pergolesi.<\/p>\n<p>Une soir\u00e9e tr\u00e8s r\u00e9ussie confirmant la pertinence de cette collaboration OCM \/ Atelier lyrique.<\/p>\n<h2><em>Inscrivez-vous \u00e0 notre infolettre! La musique classique et l\u2019op\u00e9ra en 5 minutes, chaque jour<\/em> <a href=\"https:\/\/ludwig-van.us9.list-manage.com\/subscribe?u=4f785cb3f9058f2393ccad035&amp;id=b9b160c032\" target=\"_blank\" rel=\"noopener noreferrer\">ICI<\/a><\/h2>\n","protected":false},"excerpt":{"rendered":"<p>L&rsquo;Orchestre Classique de Montr\u00e9al et l&rsquo;Atelier lyrique de l&rsquo;Op\u00e9ra de Montr\u00e9al pr\u00e9sentaient hier soir \u00e0 la salle Pierre-Mercure deux courts op\u00e9ras de chambre d&rsquo;atmosph\u00e8re compl\u00e8tement oppos\u00e9es, La serva padrona de Pergolesi et The Medium de Menotti.<\/p>\n","protected":false},"author":55,"featured_media":84276,"comment_status":"open","ping_status":"open","sticky":false,"template":"","format":"standard","meta":{"om_disable_all_campaigns":false,"jetpack_post_was_ever_published":false},"categories":[42107,52,1],"tags":[42106,6108,34470,38749],"yst_prominent_words":[17589,31897,37735,37736],"acf":[],"jetpack_featured_media_url":"https:\/\/www.ludwig-van.com\/montreal\/wp-content\/uploads\/sites\/3\/2024\/10\/Copie-de-CRITIQUE45.jpg","jetpack_sharing_enabled":true,"jetpack_shortlink":"https:\/\/wp.me\/p9bdYt-lV6","amp_enabled":true,"_links":{"self":[{"href":"https:\/\/www.ludwig-van.com\/montreal\/wp-json\/wp\/v2\/posts\/84264"}],"collection":[{"href":"https:\/\/www.ludwig-van.com\/montreal\/wp-json\/wp\/v2\/posts"}],"about":[{"href":"https:\/\/www.ludwig-van.com\/montreal\/wp-json\/wp\/v2\/types\/post"}],"author":[{"embeddable":true,"href":"https:\/\/www.ludwig-van.com\/montreal\/wp-json\/wp\/v2\/users\/55"}],"replies":[{"embeddable":true,"href":"https:\/\/www.ludwig-van.com\/montreal\/wp-json\/wp\/v2\/comments?post=84264"}],"version-history":[{"count":11,"href":"https:\/\/www.ludwig-van.com\/montreal\/wp-json\/wp\/v2\/posts\/84264\/revisions"}],"predecessor-version":[{"id":84289,"href":"https:\/\/www.ludwig-van.com\/montreal\/wp-json\/wp\/v2\/posts\/84264\/revisions\/84289"}],"wp:featuredmedia":[{"embeddable":true,"href":"https:\/\/www.ludwig-van.com\/montreal\/wp-json\/wp\/v2\/media\/84276"}],"wp:attachment":[{"href":"https:\/\/www.ludwig-van.com\/montreal\/wp-json\/wp\/v2\/media?parent=84264"}],"wp:term":[{"taxonomy":"category","embeddable":true,"href":"https:\/\/www.ludwig-van.com\/montreal\/wp-json\/wp\/v2\/categories?post=84264"},{"taxonomy":"post_tag","embeddable":true,"href":"https:\/\/www.ludwig-van.com\/montreal\/wp-json\/wp\/v2\/tags?post=84264"},{"taxonomy":"yst_prominent_words","embeddable":true,"href":"https:\/\/www.ludwig-van.com\/montreal\/wp-json\/wp\/v2\/yst_prominent_words?post=84264"}],"curies":[{"name":"wp","href":"https:\/\/api.w.org\/{rel}","templated":true}]}}