{"id":84210,"date":"2024-10-07T11:03:30","date_gmt":"2024-10-07T15:03:30","guid":{"rendered":"https:\/\/www.ludwig-van.com\/montreal\/?p=84210"},"modified":"2024-10-07T11:03:30","modified_gmt":"2024-10-07T15:03:30","slug":"choix-de-la-redaction-29","status":"publish","type":"post","link":"https:\/\/www.ludwig-van.com\/montreal\/2024\/10\/07\/choix-de-la-redaction-29\/","title":{"rendered":"CHOIX DE LA R\u00c9DACTION | Jordi Savall en visite pour un soir, et autres d\u00e9lectations auditives"},"content":{"rendered":"<figure id=\"attachment_84230\" aria-describedby=\"caption-attachment-84230\" style=\"width: 1200px\" class=\"wp-caption aligncenter\"><img decoding=\"async\" loading=\"lazy\" class=\"size-full wp-image-84230\" src=\"https:\/\/www.ludwig-van.com\/montreal\/wp-content\/uploads\/sites\/3\/2024\/10\/Copie-de-CONCERTS44.jpg\" alt=\"Jordi Savall (Photo : Herv\u00e9 Pouyfourcat); SMAM (Photo : Annie \u00c9thier); Violons du Roy et Bernard Labadie (Photo : Simon Paradis)\" width=\"1200\" height=\"628\" srcset=\"https:\/\/www.ludwig-van.com\/montreal\/wp-content\/uploads\/sites\/3\/2024\/10\/Copie-de-CONCERTS44.jpg 1200w, https:\/\/www.ludwig-van.com\/montreal\/wp-content\/uploads\/sites\/3\/2024\/10\/Copie-de-CONCERTS44-300x157.jpg 300w, https:\/\/www.ludwig-van.com\/montreal\/wp-content\/uploads\/sites\/3\/2024\/10\/Copie-de-CONCERTS44-1024x536.jpg 1024w, https:\/\/www.ludwig-van.com\/montreal\/wp-content\/uploads\/sites\/3\/2024\/10\/Copie-de-CONCERTS44-768x402.jpg 768w\" sizes=\"(max-width: 1200px) 100vw, 1200px\" \/><figcaption id=\"caption-attachment-84230\" class=\"wp-caption-text\">Jordi Savall (Photo : Herv\u00e9 Pouyfourcat); SMAM (Photo : Annie \u00c9thier); Violons du Roy et Bernard Labadie (Photo : Simon Paradis)<\/figcaption><\/figure>\n<p>La semaine commence avec le passage \u00e0 Montr\u00e9al du grand ma\u00eetre de la viole de gambe, et se poursuit avec de la musique inspir\u00e9e de la po\u00e9sie autochtone, des op\u00e9ras de chambre, un concert \u00e9voquant les oiseaux et un autre l&rsquo;univers majestueux de la royaut\u00e9, sans oublier la pr\u00e9sentation des <i>Variations Enigma<\/i> d\u2019Edward Elgar et la rarement pr\u00e9sent\u00e9e <i>Concord Sonata<\/i> de Charles Ives. Une fois de plus, il y en a vraiment pour tous les go\u00fbts! De plus, Qu\u00e9bec et Trois-Rivi\u00e8res s\u2019invitent dans cette semaine tr\u00e8s vari\u00e9e.<\/p>\n<p>&nbsp;<\/p>\n<figure id=\"attachment_73473\" aria-describedby=\"caption-attachment-73473\" style=\"width: 1200px\" class=\"wp-caption aligncenter\"><img decoding=\"async\" loading=\"lazy\" class=\"size-full wp-image-73473\" src=\"https:\/\/www.ludwig-van.com\/montreal\/wp-content\/uploads\/sites\/3\/2022\/10\/Jordi-Savall-cr-Herve-Pouyfourcat.jpg\" alt=\"Jordi Savall (Photo : Herv\u00e9 Pouyfourcat)\" width=\"1200\" height=\"800\" \/><figcaption id=\"caption-attachment-73473\" class=\"wp-caption-text\">Jordi Savall (Photo : Herv\u00e9 Pouyfourcat)<\/figcaption><\/figure>\n<h3>Jordi Savall : <em>Les larmes et le feu des Muses\u00a0<\/em><\/h3>\n<p>Le gambiste et chef d\u2019orchestre <strong>Jordi Savall<\/strong> pr\u00e9sente un programme centr\u00e9 sur Monteverdi accompagn\u00e9 d\u2019une formation de onze musicien\u00b7ne\u00b7s, dont cinq chanteurs\u00b7euses de <strong>La Capella reial de Catalunya<\/strong> et six instrumentistes de l\u2019ensemble <strong>Hysp\u00e8rion XXI<\/strong>. <a href=\"https:\/\/www.ludwig-van.com\/montreal\/2024\/10\/04\/entrevue-le-feu-et-les-larmes-de-jordi-savall\/\" target=\"_blank\" rel=\"noopener\">En entrevue avec Ludwig van Montr\u00e9al<\/a> pour parler de ce concert, <strong>Jordi Savall<\/strong> s&rsquo;est livr\u00e9 candidement et g\u00e9n\u00e9reusement.<\/p>\n<p>LE 7 OCTOBRE, 19 h 30 , MAISON SYMPHONIQUE\u00a0 <a href=\"https:\/\/app.cyberimpact.com\/newsletter-view-online?ct=vxoXzX9wzMaB58wMBtfw20FrahLkVuTF28lyN-HRvnf3f3HiDpTRX_bA1_2t4kMlARNT83ifKcEUrZys0RpOnETUC0-chjhLnYqRvtjv8PRbuynfLvkqtb4l1n4kRWng\" target=\"_blank\" rel=\"noopener\">D\u00c9TAILS ET BILLETS<\/a><\/p>\n<p>&nbsp;<\/p>\n<figure id=\"attachment_82234\" aria-describedby=\"caption-attachment-82234\" style=\"width: 1200px\" class=\"wp-caption aligncenter\"><img decoding=\"async\" loading=\"lazy\" class=\"size-full wp-image-82234\" src=\"https:\/\/www.ludwig-van.com\/montreal\/wp-content\/uploads\/sites\/3\/2024\/06\/Simon-Rivard_cropped_1200.jpg\" alt=\"Simon Rivad (Photo : Tam Lan Truong)\" width=\"1200\" height=\"903\" srcset=\"https:\/\/www.ludwig-van.com\/montreal\/wp-content\/uploads\/sites\/3\/2024\/06\/Simon-Rivard_cropped_1200.jpg 1200w, https:\/\/www.ludwig-van.com\/montreal\/wp-content\/uploads\/sites\/3\/2024\/06\/Simon-Rivard_cropped_1200-300x226.jpg 300w, https:\/\/www.ludwig-van.com\/montreal\/wp-content\/uploads\/sites\/3\/2024\/06\/Simon-Rivard_cropped_1200-1024x771.jpg 1024w, https:\/\/www.ludwig-van.com\/montreal\/wp-content\/uploads\/sites\/3\/2024\/06\/Simon-Rivard_cropped_1200-768x578.jpg 768w\" sizes=\"(max-width: 1200px) 100vw, 1200px\" \/><figcaption id=\"caption-attachment-82234\" class=\"wp-caption-text\">Simon Rivad (Photo : Tam Lan Truong)<\/figcaption><\/figure>\n<h3>OCM : <em>La servante et la clairvoyante<\/em><\/h3>\n<p>Dirig\u00e9s par <strong>Simon Rivard,<\/strong> l\u2019<strong>Orchestre classique de Montr\u00e9al<\/strong> et les \u00e9toiles montantes de l\u2019<strong>Atelier lyrique de l\u2019Op\u00e9ra de Montr\u00e9al<\/strong> interpr\u00e9teront deux op\u00e9ras de chambre \u00e0 l\u2019ambiance totalement oppos\u00e9e. Le premier, <i>La Serva Padrona<\/i> de Giovanni Battista Pergolesi, est un interlude l\u00e9ger et comique rempli de malentendus et de faux-semblants. Le deuxi\u00e8me, <i>The Medium<\/i>, op\u00e9ra en un acte de Gian Carlo Menotti, raconte quant \u00e0 lui une histoire de meurtre et de chaos.<\/p>\n<p>LE 8 OCTOBRE, 19 h 30, SALLE PIERRE-MERCURE\u00a0 <a href=\"https:\/\/orchestre.ca\/la-servante-et-la-clairvoyante\/\" target=\"_blank\" rel=\"noopener\">D\u00c9TAILS ET BILLETS<\/a><\/p>\n<p>&nbsp;<\/p>\n<figure id=\"attachment_84227\" aria-describedby=\"caption-attachment-84227\" style=\"width: 1024px\" class=\"wp-caption aligncenter\"><img decoding=\"async\" loading=\"lazy\" class=\"size-full wp-image-84227\" src=\"https:\/\/www.ludwig-van.com\/montreal\/wp-content\/uploads\/sites\/3\/2024\/10\/Luc-Beause\u0301jour_photo-Annie-Ethier-full-portrait_cropped.jpg\" alt=\"Luc Beaus\u00e9jour (Photo : Annie \u00c9thier)\" width=\"1024\" height=\"805\" srcset=\"https:\/\/www.ludwig-van.com\/montreal\/wp-content\/uploads\/sites\/3\/2024\/10\/Luc-Beause\u0301jour_photo-Annie-Ethier-full-portrait_cropped.jpg 1024w, https:\/\/www.ludwig-van.com\/montreal\/wp-content\/uploads\/sites\/3\/2024\/10\/Luc-Beause\u0301jour_photo-Annie-Ethier-full-portrait_cropped-300x236.jpg 300w, https:\/\/www.ludwig-van.com\/montreal\/wp-content\/uploads\/sites\/3\/2024\/10\/Luc-Beause\u0301jour_photo-Annie-Ethier-full-portrait_cropped-768x604.jpg 768w\" sizes=\"(max-width: 1024px) 100vw, 1024px\" \/><figcaption id=\"caption-attachment-84227\" class=\"wp-caption-text\">Luc Beaus\u00e9jour (Photo : Annie \u00c9thier)<\/figcaption><\/figure>\n<h3>Luc Beaus\u00e9jour et <em>Le rappel des oiseaux<\/em><\/h3>\n<p>En lien avec l\u2019exposition <a href=\"https:\/\/www.mbam.qc.ca\/fr\/expositions\/vertu-vice-desir-folie\/\"><i>Vice, vertu, d\u00e9sir, folie : trois si\u00e8cles de chefs-d\u2019\u0153uvre flamands<\/i><\/a>, Arte Musica et la Salle Bourgie pr\u00e9sentent <strong>Luc<\/strong> <strong>Beaus\u00e9jour\u00a0<\/strong>au clavecin dans <em>Le rappel des oiseaux<\/em>. \u00c0 l\u2019occasion de la restauration du clavecin Keith Hill de la Salle Bourgie, il nous propose un programme ayant pour th\u00e8me les oiseaux, chaque \u0153uvre musicale ayant pour titre le nom d\u2019un de ces animaux ail\u00e9s.<\/p>\n<p>LE 9 OCTOBRE, 19 H 30, SALLE BOURGIE\u00a0 <a href=\"https:\/\/www.mbam.qc.ca\/fr\/activites\/luc-beausejour-clavecin-le-rappel-des-oiseaux\/\" target=\"_blank\" rel=\"noopener\">D\u00c9TAILS ET BILLETS<\/a><\/p>\n<p>&nbsp;<\/p>\n<figure id=\"attachment_49570\" aria-describedby=\"caption-attachment-49570\" style=\"width: 1024px\" class=\"wp-caption aligncenter\"><img decoding=\"async\" loading=\"lazy\" class=\"size-full wp-image-49570\" src=\"https:\/\/www.ludwig-van.com\/montreal\/wp-content\/uploads\/sites\/3\/2017\/11\/Karen_Gomyo-Gabrielle-Revere.jpg\" alt=\"Karen Gomyo joue depuis seize ans sur un Stradivarius de 1703, le Aurora, exFoulis, qu\u2019un riche philanthrope a achet\u00e9 pour elle. (Cr\u00e9dit: Gabrielle Revere)\" width=\"1024\" height=\"900\" srcset=\"https:\/\/www.ludwig-van.com\/montreal\/wp-content\/uploads\/sites\/3\/2017\/11\/Karen_Gomyo-Gabrielle-Revere.jpg 1024w, https:\/\/www.ludwig-van.com\/montreal\/wp-content\/uploads\/sites\/3\/2017\/11\/Karen_Gomyo-Gabrielle-Revere-300x264.jpg 300w, https:\/\/www.ludwig-van.com\/montreal\/wp-content\/uploads\/sites\/3\/2017\/11\/Karen_Gomyo-Gabrielle-Revere-768x675.jpg 768w\" sizes=\"(max-width: 1024px) 100vw, 1024px\" \/><figcaption id=\"caption-attachment-49570\" class=\"wp-caption-text\">Karen Gomyo, violoniste. (Cr\u00e9dit : Gabrielle Revere)<\/figcaption><\/figure>\n<h3>OSM : Les myst\u00e9rieuses <em>Variations Enigma<\/em> d\u2019Elgar<\/h3>\n<p>L\u2019<strong>OSM<\/strong>, dirig\u00e9 pour l\u2019occasion par <strong>John Storg\u00e5rds<\/strong>, pr\u00e9sente le Concerto pour violon en la mineur, op.53 de Dvo\u0159\u00e1k interpr\u00e9t\u00e9 par la violoniste <strong>Karen Gomyo<\/strong>, ainsi que les <em>Variations Enigma <\/em>d\u2019Edward Elgar. Pour compl\u00e9ter la programmation du 9 octobre, l\u2019ouverture du <em>Songe d\u2019une nuit d\u2019\u00e9t\u00e9<\/em> de Mendelssohn et <em>A Village Romeo and Juliet<\/em> de Frederick Delius seront jou\u00e9s, alors que le concert du 10 octobre sera pr\u00e9sent\u00e9 sans le Mendelssohn.<\/p>\n<p>LE 9 OCTOBRE, 19 H 30,\u00a0 MAISON SYMPHONIQUE\u00a0 D\u00c9TAILS ET BILLETS<\/p>\n<p>PROGRAMME \u00c9COURT\u00c9 LE 10 OCTOBRE, 10 H 30, MAISON SYMPHONIQUE\u00a0 D\u00c9TAILS ET BILLETS<\/p>\n<p>&nbsp;<\/p>\n<p><a href=\"https:\/\/www.osm.ca\/fr\/concert\/les-mysterieuses-variations-enigma-delgar\/\">https:\/\/www.osm.ca\/fr\/concert\/les-mysterieuses-variations-enigma-delgar\/<\/a><\/p>\n<p>&nbsp;<\/p>\n<p><img decoding=\"async\" loading=\"lazy\" class=\"aligncenter size-full wp-image-83701\" src=\"https:\/\/www.ludwig-van.com\/montreal\/wp-content\/uploads\/sites\/3\/2024\/09\/Elisabeth-St-Gelais-Musique-Nouvelle-Poesie-Autochtone-Jeunesses-Musicales-Canada.png\" alt=\"\" width=\"1200\" height=\"421\" srcset=\"https:\/\/www.ludwig-van.com\/montreal\/wp-content\/uploads\/sites\/3\/2024\/09\/Elisabeth-St-Gelais-Musique-Nouvelle-Poesie-Autochtone-Jeunesses-Musicales-Canada.png 1200w, https:\/\/www.ludwig-van.com\/montreal\/wp-content\/uploads\/sites\/3\/2024\/09\/Elisabeth-St-Gelais-Musique-Nouvelle-Poesie-Autochtone-Jeunesses-Musicales-Canada-300x105.png 300w, https:\/\/www.ludwig-van.com\/montreal\/wp-content\/uploads\/sites\/3\/2024\/09\/Elisabeth-St-Gelais-Musique-Nouvelle-Poesie-Autochtone-Jeunesses-Musicales-Canada-1024x359.png 1024w, https:\/\/www.ludwig-van.com\/montreal\/wp-content\/uploads\/sites\/3\/2024\/09\/Elisabeth-St-Gelais-Musique-Nouvelle-Poesie-Autochtone-Jeunesses-Musicales-Canada-768x269.png 768w\" sizes=\"(max-width: 1200px) 100vw, 1200px\" \/><\/p>\n<h3>Musique nouvelle et po\u00e9sie autochtone<\/h3>\n<p><strong>\u00c9lisabeth St-Gelais<\/strong>, soprano, accompagn\u00e9e de ses collaborateurs <strong>Philippe Brochu-Pelletier<\/strong>, saxophoniste jazz, et<strong> Julien Sagot<\/strong>, percussionniste membre du groupe <strong>Karkwa<\/strong>, proposent un programme o\u00f9 l\u2019improvisation sera au rendez-vous, mais qui incluera \u00e9galement une toute nouvelle cr\u00e9ation sur le th\u00e8me d\u2019<i>Innushkeu <\/i>(femme innue). Cette \u0153uvre, arrang\u00e9e par <strong>\u00c9lisabeth St-Gelais<\/strong> elle-m\u00eame, est inspir\u00e9e des po\u00e8mes de <strong>Jos\u00e9phine Bacon<\/strong>, tir\u00e9s de son recueil <i>Uiesh<\/i> (quelque part).<\/p>\n<p>LE 10 OCTOBRE, 19 H, SALLE JOSEPH-ROULEAU\u00a0 <a href=\"https:\/\/www.jmcanada.ca\/fr\/concerts\/elisabeth-st-gelais-musique-nouvelle-poesie-autochtone\/\" target=\"_blank\" rel=\"noopener\">D\u00c9TAILS ET BILLETS<\/a><\/p>\n<p>&nbsp;<\/p>\n<figure id=\"attachment_82732\" aria-describedby=\"caption-attachment-82732\" style=\"width: 1200px\" class=\"wp-caption aligncenter\"><img decoding=\"async\" loading=\"lazy\" class=\"size-full wp-image-82732\" src=\"https:\/\/www.ludwig-van.com\/montreal\/wp-content\/uploads\/sites\/3\/2024\/07\/Violons-du-Roy-et-Bernard-Labadie-au-FestLanaudiere_20240707_Big-Jaw.jpg\" alt=\"Les VIolons du Roy sous la direction du chef fondateur Bernard Labadie lors de leur premier passage au Festival de Lanaudi\u00e8re le 7 juillet dernier. (Photo : Simon Paradis)\" width=\"1200\" height=\"800\" srcset=\"https:\/\/www.ludwig-van.com\/montreal\/wp-content\/uploads\/sites\/3\/2024\/07\/Violons-du-Roy-et-Bernard-Labadie-au-FestLanaudiere_20240707_Big-Jaw.jpg 1200w, https:\/\/www.ludwig-van.com\/montreal\/wp-content\/uploads\/sites\/3\/2024\/07\/Violons-du-Roy-et-Bernard-Labadie-au-FestLanaudiere_20240707_Big-Jaw-300x200.jpg 300w, https:\/\/www.ludwig-van.com\/montreal\/wp-content\/uploads\/sites\/3\/2024\/07\/Violons-du-Roy-et-Bernard-Labadie-au-FestLanaudiere_20240707_Big-Jaw-1024x683.jpg 1024w, https:\/\/www.ludwig-van.com\/montreal\/wp-content\/uploads\/sites\/3\/2024\/07\/Violons-du-Roy-et-Bernard-Labadie-au-FestLanaudiere_20240707_Big-Jaw-768x512.jpg 768w\" sizes=\"(max-width: 1200px) 100vw, 1200px\" \/><figcaption id=\"caption-attachment-82732\" class=\"wp-caption-text\">Les Violons du Roy sous la direction du chef fondateur Bernard Labadie lors de leur premier passage au Festival de Lanaudi\u00e8re le 7 juillet dernier. (Photo : Simon Paradis)<\/figcaption><\/figure>\n<h3>Les Violons du Roy re\u00e7oivent Hugh Cutting : <em>Une voix pour Bach<\/em><\/h3>\n<p>En cette ann\u00e9e de c\u00e9l\u00e9bration des 40 ans de l\u2019orchestre, les <strong>Violons du Roy<\/strong> et leur chef fondateur <strong>Bernard Labadie<\/strong> s\u2019associent \u00e0 <strong>Hugh Cutting<\/strong>, jeune contre-t\u00e9nor anglais nomm\u00e9 \u00abBBC New Generation Artist\u00bb en 2022. <strong>Cutting<\/strong> faisait partie \u00e0 l&rsquo;\u00e9t\u00e9 2023 de la distribution de l&rsquo;op\u00e9ra <em>Partenope<\/em> pr\u00e9sent\u00e9 par <strong>Les Arts florissants<\/strong> au Festival de Lanaudi\u00e8re. Le programme comprend deux cantates de Bach, ainsi que deux concertos grossos de Handel. Notez que la repr\u00e9sentation du 11 octobre \u00e0 Montr\u00e9al est compl\u00e8te, mais que le m\u00eame programme est pr\u00e9sent\u00e9 \u00e0 Qu\u00e9bec le 10 et 12 octobre.<\/p>\n<p>\u00c0 QU\u00c9BEC LE 10 OCTOBRE, 14 H ET LE 12 OCTOBRE, 19 H 30, SALLE RAOUL-JOBIN\u00a0<a href=\"https:\/\/palaismontcalm.ca\/concert-spectacle-quebec\/hugh-cutting-une-voix-pour-bach-12-octobre-2024\/\" target=\"_blank\" rel=\"noopener\"> D\u00c9TAILS ET BILLETS<\/a><\/p>\n<p>\u00c0 MONTR\u00c9AL LE 11 OCTOBRE, 19 h 30, SALLE BOURGIE\u00a0 COMPLET<\/p>\n<h3><\/h3>\n<figure id=\"attachment_84228\" aria-describedby=\"caption-attachment-84228\" style=\"width: 1200px\" class=\"wp-caption aligncenter\"><img decoding=\"async\" loading=\"lazy\" class=\"size-full wp-image-84228\" src=\"https:\/\/www.ludwig-van.com\/montreal\/wp-content\/uploads\/sites\/3\/2024\/10\/PHOTO_SMAM_credit_Annie_Ethier_1200.jpg\" alt=\"Le Studio de musique ancienne de Montr\u00e9al (SMAM). (Photo : Annie \u00c9thier)\" width=\"1200\" height=\"738\" srcset=\"https:\/\/www.ludwig-van.com\/montreal\/wp-content\/uploads\/sites\/3\/2024\/10\/PHOTO_SMAM_credit_Annie_Ethier_1200.jpg 1200w, https:\/\/www.ludwig-van.com\/montreal\/wp-content\/uploads\/sites\/3\/2024\/10\/PHOTO_SMAM_credit_Annie_Ethier_1200-300x185.jpg 300w, https:\/\/www.ludwig-van.com\/montreal\/wp-content\/uploads\/sites\/3\/2024\/10\/PHOTO_SMAM_credit_Annie_Ethier_1200-1024x630.jpg 1024w, https:\/\/www.ludwig-van.com\/montreal\/wp-content\/uploads\/sites\/3\/2024\/10\/PHOTO_SMAM_credit_Annie_Ethier_1200-768x472.jpg 768w\" sizes=\"(max-width: 1200px) 100vw, 1200px\" \/><figcaption id=\"caption-attachment-84228\" class=\"wp-caption-text\">Le Studio de musique ancienne de Montr\u00e9al (SMAM). (Photo : Annie \u00c9thier)<\/figcaption><\/figure>\n<h3>SMAM \/ Arion : <em>Fastes Royaux<\/em><\/h3>\n<p>En collaboration avec <strong>Arion Orchestre Baroque<\/strong>, le <strong>Studio de musique ancienne de Montr\u00e9al<\/strong> (<strong>SMAM<\/strong>) lance en grand les c\u00e9l\u00e9brations de son cinquanti\u00e8me anniversaire par un concert sur le th\u00e8me de la royaut\u00e9 \u00e0 la Maison symphonique. La <i>Music for the Royal Fireworks<\/i> de Handel ainsi que plusieurs anthems sont au programme.<\/p>\n<p>LE 12 OCTOBRE, 19 H 30 , MAISON SYMPHONIQUE\u00a0 <a href=\"https:\/\/smamontreal.ca\/fastes_royaux\/\" target=\"_blank\" rel=\"noopener\">D\u00c9TAILS ET BILLETS<\/a><\/p>\n<p>&nbsp;<\/p>\n<figure id=\"attachment_84229\" aria-describedby=\"caption-attachment-84229\" style=\"width: 1024px\" class=\"wp-caption aligncenter\"><img decoding=\"async\" loading=\"lazy\" class=\"size-full wp-image-84229\" src=\"https:\/\/www.ludwig-van.com\/montreal\/wp-content\/uploads\/sites\/3\/2024\/10\/LouiseBessette_Robert-Etcheverry_cropped.jpg\" alt=\"Louise Bessette (Photo : Robert Etcheverry)\" width=\"1024\" height=\"626\" srcset=\"https:\/\/www.ludwig-van.com\/montreal\/wp-content\/uploads\/sites\/3\/2024\/10\/LouiseBessette_Robert-Etcheverry_cropped.jpg 1024w, https:\/\/www.ludwig-van.com\/montreal\/wp-content\/uploads\/sites\/3\/2024\/10\/LouiseBessette_Robert-Etcheverry_cropped-300x183.jpg 300w, https:\/\/www.ludwig-van.com\/montreal\/wp-content\/uploads\/sites\/3\/2024\/10\/LouiseBessette_Robert-Etcheverry_cropped-768x470.jpg 768w\" sizes=\"(max-width: 1024px) 100vw, 1024px\" \/><figcaption id=\"caption-attachment-84229\" class=\"wp-caption-text\">Louise Bessette (Photo : Robert Etcheverry)<\/figcaption><\/figure>\n<h3>Louise Bessette : <em>Hommage \u00e0 Charles Ives<\/em><\/h3>\n<p>La pianiste qu\u00e9b\u00e9coise <strong>Louise Bessette<\/strong> rend hommage au compositeur am\u00e9ricain du XXe si\u00e8cle Charles Ives en interpr\u00e9tant sa c\u00e9l\u00e8bre <i>Concord Sonata. <\/i>D\u2019ailleurs, une conf\u00e9rence au sujet de cette \u0153uvre rarement jou\u00e9e devant public sera pr\u00e9sent\u00e9e le m\u00eame jour \u00e0 16h30. \u00c9galement au programme de la soir\u00e9e, la musique du compositeur am\u00e9ricain Edward MacDowell.<\/p>\n<p>LE 12 OCTOBRE, 19 H 30, SALLE BOURGIE\u00a0 <a href=\"https:\/\/www.mbam.qc.ca\/fr\/activites\/louise-bessette-piano-hommage-a-charles-ives\/\" target=\"_blank\" rel=\"noopener\">D\u00c9TAILS ET BILLETS<\/a><\/p>\n<p>&nbsp;<\/p>\n<figure id=\"attachment_66928\" aria-describedby=\"caption-attachment-66928\" style=\"width: 1200px\" class=\"wp-caption aligncenter\"><img decoding=\"async\" loading=\"lazy\" class=\"size-full wp-image-66928\" src=\"https:\/\/www.ludwig-van.com\/montreal\/wp-content\/uploads\/sites\/3\/2021\/06\/Trio-de-lile-1200.jpg\" alt=\"\" width=\"1200\" height=\"800\" \/><figcaption id=\"caption-attachment-66928\" class=\"wp-caption-text\">Le Trio de l&rsquo;\u00cele. (Photo : courtoisie du CMC)<\/figcaption><\/figure>\n<h3><em>Origines<\/em> avec le Trio de l\u2019\u00cele<\/h3>\n<p>Le <strong>Trio de l\u2019\u00cele<\/strong>, compos\u00e9 d&rsquo;<strong>Uliana Drugova<\/strong> au violon, de <strong>Patil Harboyan<\/strong> au piano et de <strong>Dominique Beaus\u00e9jour-Ostiguy<\/strong> au violoncelle,\u00a0 propose un voyage au c\u0153ur de ses racines musicales.<\/p>\n<p>LE 13 OCTOBRE, 11 H, CHAPELLE DES URSULINES DE TROIS-RIVI\u00c8RES\u00a0 <a href=\"https:\/\/ostr.ca\/programmation\/matinees-en-musique\/origines-avec-le-trio-de-lile\/\" target=\"_blank\" rel=\"noopener\">D\u00c9TAILS ET BILLETS<\/a><\/p>\n<h2><em>Inscrivez-vous \u00e0 notre infolettre! La musique classique et l\u2019op\u00e9ra en 5 minutes, chaque jour<\/em> <a href=\"https:\/\/ludwig-van.us9.list-manage.com\/subscribe?u=4f785cb3f9058f2393ccad035&amp;id=b9b160c032\" target=\"_blank\" rel=\"noopener noreferrer\">ICI<\/a><\/h2>\n","protected":false},"excerpt":{"rendered":"<p>La semaine commence avec le passage \u00e0 Montr\u00e9al du grand ma\u00eetre de la viole de gambe, et se poursuit avec de la musique inspir\u00e9e de la po\u00e9sie autochtone, des op\u00e9ras de chambre, un concert \u00e9voquant les oiseaux et un autre l&rsquo;univers majestueux de la royaut\u00e9, sans oublier la pr\u00e9sentation des Variations Enigma d\u2019Edward Elgar et la rarement pr\u00e9sent\u00e9e Concord Sonata de Charles Ives. Une fois de plus, il y en a vraiment pour tous les go\u00fbts! De plus, Qu\u00e9bec et Trois-Rivi\u00e8res s\u2019invitent dans cette semaine tr\u00e8s vari\u00e9e.<\/p>\n","protected":false},"author":1,"featured_media":84230,"comment_status":"open","ping_status":"open","sticky":false,"template":"","format":"standard","meta":{"om_disable_all_campaigns":false,"jetpack_post_was_ever_published":false},"categories":[42107,10994],"tags":[42106,2047,11137],"yst_prominent_words":[9863,16845,18022,13120,13117,26052,11448,21882,13123,13119,26053,11696,13116,26063,13118,26054],"acf":[],"jetpack_featured_media_url":"https:\/\/www.ludwig-van.com\/montreal\/wp-content\/uploads\/sites\/3\/2024\/10\/Copie-de-CONCERTS44.jpg","jetpack_sharing_enabled":true,"jetpack_shortlink":"https:\/\/wp.me\/p9bdYt-lUe","amp_enabled":true,"_links":{"self":[{"href":"https:\/\/www.ludwig-van.com\/montreal\/wp-json\/wp\/v2\/posts\/84210"}],"collection":[{"href":"https:\/\/www.ludwig-van.com\/montreal\/wp-json\/wp\/v2\/posts"}],"about":[{"href":"https:\/\/www.ludwig-van.com\/montreal\/wp-json\/wp\/v2\/types\/post"}],"author":[{"embeddable":true,"href":"https:\/\/www.ludwig-van.com\/montreal\/wp-json\/wp\/v2\/users\/1"}],"replies":[{"embeddable":true,"href":"https:\/\/www.ludwig-van.com\/montreal\/wp-json\/wp\/v2\/comments?post=84210"}],"version-history":[{"count":3,"href":"https:\/\/www.ludwig-van.com\/montreal\/wp-json\/wp\/v2\/posts\/84210\/revisions"}],"predecessor-version":[{"id":84233,"href":"https:\/\/www.ludwig-van.com\/montreal\/wp-json\/wp\/v2\/posts\/84210\/revisions\/84233"}],"wp:featuredmedia":[{"embeddable":true,"href":"https:\/\/www.ludwig-van.com\/montreal\/wp-json\/wp\/v2\/media\/84230"}],"wp:attachment":[{"href":"https:\/\/www.ludwig-van.com\/montreal\/wp-json\/wp\/v2\/media?parent=84210"}],"wp:term":[{"taxonomy":"category","embeddable":true,"href":"https:\/\/www.ludwig-van.com\/montreal\/wp-json\/wp\/v2\/categories?post=84210"},{"taxonomy":"post_tag","embeddable":true,"href":"https:\/\/www.ludwig-van.com\/montreal\/wp-json\/wp\/v2\/tags?post=84210"},{"taxonomy":"yst_prominent_words","embeddable":true,"href":"https:\/\/www.ludwig-van.com\/montreal\/wp-json\/wp\/v2\/yst_prominent_words?post=84210"}],"curies":[{"name":"wp","href":"https:\/\/api.w.org\/{rel}","templated":true}]}}