{"id":84118,"date":"2024-09-30T12:32:12","date_gmt":"2024-09-30T16:32:12","guid":{"rendered":"https:\/\/www.ludwig-van.com\/montreal\/?p=84118"},"modified":"2024-09-30T14:00:02","modified_gmt":"2024-09-30T18:00:02","slug":"choix-de-la-redaction-28","status":"publish","type":"post","link":"https:\/\/www.ludwig-van.com\/montreal\/2024\/09\/30\/choix-de-la-redaction-28\/","title":{"rendered":"CHOIX DE LA R\u00c9DACTION | Octobre fait ses d\u00e9buts musicaux"},"content":{"rendered":"<figure id=\"attachment_84123\" aria-describedby=\"caption-attachment-84123\" style=\"width: 1200px\" class=\"wp-caption aligncenter\"><img decoding=\"async\" loading=\"lazy\" class=\"size-full wp-image-84123\" src=\"https:\/\/www.ludwig-van.com\/montreal\/wp-content\/uploads\/sites\/3\/2024\/09\/Copie-de-CONCERTS43.jpg\" alt=\"Rachel Fenlon (Photo : courtoisie de la Salle Bourgie); Tania Miller (Photo : courtoisie de l'artiste); Artistes des Id\u00e9es heureuses (Photo : courtoisie Les Id\u00e9es heureuses)\" width=\"1200\" height=\"628\" srcset=\"https:\/\/www.ludwig-van.com\/montreal\/wp-content\/uploads\/sites\/3\/2024\/09\/Copie-de-CONCERTS43.jpg 1200w, https:\/\/www.ludwig-van.com\/montreal\/wp-content\/uploads\/sites\/3\/2024\/09\/Copie-de-CONCERTS43-300x157.jpg 300w, https:\/\/www.ludwig-van.com\/montreal\/wp-content\/uploads\/sites\/3\/2024\/09\/Copie-de-CONCERTS43-1024x536.jpg 1024w, https:\/\/www.ludwig-van.com\/montreal\/wp-content\/uploads\/sites\/3\/2024\/09\/Copie-de-CONCERTS43-768x402.jpg 768w\" sizes=\"(max-width: 1200px) 100vw, 1200px\" \/><figcaption id=\"caption-attachment-84123\" class=\"wp-caption-text\">Rachel Fenlon (Photo : courtoisie de la Salle Bourgie); Tania Miller (Photo : courtoisie de l&rsquo;artiste); Artistes des Id\u00e9es heureuses (Photo : courtoisie Les Id\u00e9es heureuses)<\/figcaption><\/figure>\n<p>Apr\u00e8s un d\u00e9but de semaine dans l&rsquo;univers de<strong> France Beaudoin<\/strong>, et une plong\u00e9e dans l&rsquo;\u00e9mouvante Cinqui\u00e8me symphonie de Tcha\u00efkovski avec l&rsquo;<strong>Orchestre du Conservatoire de musique de Montr\u00e9al<\/strong>, la musique de chambre sera \u00e0 l\u2019honneur : c\u2019est l\u2019occasion de d\u00e9couvrir de nouveaux artistes ou de savourer la musique de ceux que l\u2019on admire d\u00e9j\u00e0, dans des contextes plus intimes!<\/p>\n<p>&nbsp;<\/p>\n<figure id=\"attachment_77864\" aria-describedby=\"caption-attachment-77864\" style=\"width: 1200px\" class=\"wp-caption aligncenter\"><img decoding=\"async\" loading=\"lazy\" class=\"size-full wp-image-77864\" src=\"https:\/\/www.ludwig-van.com\/montreal\/wp-content\/uploads\/sites\/3\/2023\/09\/OSM-credit-Gabriel-Fournier-1200.jpg\" alt=\"L'Orchestre symphonique de Montr\u00e9al part en tourn\u00e9e europ\u00e9enne en novembre 2024. (Photo : Gabriel Fournier)\" width=\"1200\" height=\"800\" srcset=\"https:\/\/www.ludwig-van.com\/montreal\/wp-content\/uploads\/sites\/3\/2023\/09\/OSM-credit-Gabriel-Fournier-1200.jpg 1200w, https:\/\/www.ludwig-van.com\/montreal\/wp-content\/uploads\/sites\/3\/2023\/09\/OSM-credit-Gabriel-Fournier-1200-300x200.jpg 300w, https:\/\/www.ludwig-van.com\/montreal\/wp-content\/uploads\/sites\/3\/2023\/09\/OSM-credit-Gabriel-Fournier-1200-1024x683.jpg 1024w, https:\/\/www.ludwig-van.com\/montreal\/wp-content\/uploads\/sites\/3\/2023\/09\/OSM-credit-Gabriel-Fournier-1200-768x512.jpg 768w\" sizes=\"(max-width: 1200px) 100vw, 1200px\" \/><figcaption id=\"caption-attachment-77864\" class=\"wp-caption-text\">L&rsquo;OSM \u00e0 la Maison symphonique (Photo : Gabriel Fournier)<\/figcaption><\/figure>\n<h3>Dans l&rsquo;univers de France Beaudoin avec l\u2019OSM<\/h3>\n<p>L\u2019animatrice bien connue <strong>France Beaudoin<\/strong> sera sur sc\u00e8ne avec l\u2019<strong>OSM<\/strong>, dirig\u00e9 pour l\u2019occasion par <strong>Thomas Le Duc-Moreau<\/strong>. Musicien\u00b7ne\u00b7s, choristes et plusieurs invit\u00e9\u00b7e\u00b7s interpr\u00e9teront les chansons significatives choisies par l\u2019animatrice, nous faisant ainsi entrer dans son univers.<\/p>\n<p>LE 1, 2 ET 3 OCTOBRE, 20 H, MAISON SYMPHONIQUE\u00a0 <a href=\"https:\/\/www.osm.ca\/fr\/concert\/france-beaudoin-avec-losm-en-direct-de-la-maison-symphonique\/\" target=\"_blank\" rel=\"noopener\">D\u00c9TAILS ET BILLETS<\/a><\/p>\n<p>&nbsp;<\/p>\n<figure id=\"attachment_67636\" aria-describedby=\"caption-attachment-67636\" style=\"width: 900px\" class=\"wp-caption aligncenter\"><img decoding=\"async\" loading=\"lazy\" class=\"size-full wp-image-67636\" src=\"https:\/\/www.ludwig-van.com\/montreal\/wp-content\/uploads\/sites\/3\/2021\/09\/24-nov-Christophe-Gauthier.jpg\" alt=\"Christophe Gauthier, claveciniste. (Photo : courtoisie)\" width=\"900\" height=\"672\" \/><figcaption id=\"caption-attachment-67636\" class=\"wp-caption-text\">Christophe Gauthier, claveciniste. (Photo : courtoisie)<\/figcaption><\/figure>\n<h3>Clavecin \u00e0 quatre mains<\/h3>\n<p>Un rare r\u00e9cital \u00e0 quatre mains par deux clavecinistes d\u2019exception, <strong>Elizaveta Miller<\/strong> et <strong>Christophe Gauthier<\/strong>, sur le clavecin Kirkman de 1772. Au programme : Mozart, Bach et Charles Burney.<\/p>\n<p>LE 2 OCTOBRE, 19 H 30, SALLE PAUL-DESMARAIS\u00a0 <a href=\"https:\/\/montreal.ca\/evenements\/clavecin-4-mains-70653\" target=\"_blank\" rel=\"noopener\">D\u00c9TAILS ET BILLETS<\/a><\/p>\n<p>&nbsp;<\/p>\n<figure id=\"attachment_66160\" aria-describedby=\"caption-attachment-66160\" style=\"width: 650px\" class=\"wp-caption aligncenter\"><img decoding=\"async\" loading=\"lazy\" class=\"size-full wp-image-66160\" src=\"https:\/\/www.ludwig-van.com\/montreal\/wp-content\/uploads\/sites\/3\/2021\/03\/Astor_Piazzolla-domaine-public.jpg\" alt=\"\" width=\"650\" height=\"831\" srcset=\"https:\/\/www.ludwig-van.com\/montreal\/wp-content\/uploads\/sites\/3\/2021\/03\/Astor_Piazzolla-domaine-public.jpg 650w, https:\/\/www.ludwig-van.com\/montreal\/wp-content\/uploads\/sites\/3\/2021\/03\/Astor_Piazzolla-domaine-public-235x300.jpg 235w\" sizes=\"(max-width: 650px) 100vw, 650px\" \/><figcaption id=\"caption-attachment-66160\" class=\"wp-caption-text\">Astor Piazzolla. (Photo : domaine public)<\/figcaption><\/figure>\n<h3>L\u2019univers d\u2019Astor<\/h3>\n<p>Issus de la musique classique, du jazz et de la musique latine, les musicien\u00b7ne\u00b7s <strong>Benjamin Deschamps<\/strong> (saxophone), <strong>Nadia Monczak<\/strong> (violon), <strong>Hugo Larenas<\/strong> (guitare), <strong>Jean-F\u00e9lix Mailloux<\/strong> (contrebasse) et l\u2019<strong>Ensemble Mistral<\/strong> vous pr\u00e9sentent un programme ax\u00e9 sur la vie et l\u2019oeuvre d\u2019Astor Piazzolla.<\/p>\n<p>LE 4 OCTOBRE, 19 H 30, SALLE PAUL-DESMARAIS\u00a0 <a href=\"https:\/\/montreal.ca\/evenements\/lunivers-dastor-70654\" target=\"_blank\" rel=\"noopener\">D\u00c9TAILS ET BILLETS<\/a><\/p>\n<p>&nbsp;<\/p>\n<figure id=\"attachment_83357\" aria-describedby=\"caption-attachment-83357\" style=\"width: 1200px\" class=\"wp-caption aligncenter\"><img decoding=\"async\" loading=\"lazy\" class=\"size-full wp-image-83357\" src=\"https:\/\/www.ludwig-van.com\/montreal\/wp-content\/uploads\/sites\/3\/2024\/08\/Rachel-Fenlon_Michelle-Koebke_1200.png\" alt=\"Rachel Fenlon, soprano et pianiste. (Photo : Michelle Koebke)\" width=\"1200\" height=\"800\" srcset=\"https:\/\/www.ludwig-van.com\/montreal\/wp-content\/uploads\/sites\/3\/2024\/08\/Rachel-Fenlon_Michelle-Koebke_1200.png 1200w, https:\/\/www.ludwig-van.com\/montreal\/wp-content\/uploads\/sites\/3\/2024\/08\/Rachel-Fenlon_Michelle-Koebke_1200-300x200.png 300w, https:\/\/www.ludwig-van.com\/montreal\/wp-content\/uploads\/sites\/3\/2024\/08\/Rachel-Fenlon_Michelle-Koebke_1200-1024x683.png 1024w, https:\/\/www.ludwig-van.com\/montreal\/wp-content\/uploads\/sites\/3\/2024\/08\/Rachel-Fenlon_Michelle-Koebke_1200-768x512.png 768w\" sizes=\"(max-width: 1200px) 100vw, 1200px\" \/><figcaption id=\"caption-attachment-83357\" class=\"wp-caption-text\">Rachel Fenlon, soprano et pianiste. (Photo : Michelle Koebke)<\/figcaption><\/figure>\n<h3>Le lied, de Schubert \u00e0 Britten<\/h3>\n<p>L&rsquo;int\u00e9grale des lieder de Schubert entam\u00e9e la semaine derni\u00e8re \u00e0 la Salle Bourgie se poursuit en nous plongeant directement dans les fa\u00e7ons de faire des Schubertiades : tel que le faisait Schubert \u00e0 son \u00e9poque, la soprano <strong>Rachel Fenlon<\/strong> s\u2019accompagne elle-m\u00eame au piano alors qu\u2019elle chante les lieder du compositeur romantique. \u00c9galement au programme, des chants traditionnels arrang\u00e9s par Benjamin Britten.<\/p>\n<p>LE 4 OCTOBRE, 19 H 30, SALLE BOURGIE\u00a0 <a href=\"https:\/\/www.mbam.qc.ca\/fr\/activites\/rachel-fenlon-chanteuse-et-pianiste\/\" target=\"_blank\" rel=\"noopener\">D\u00c9TAILS ET BILLETS<\/a><\/p>\n<p>&nbsp;<\/p>\n<figure id=\"attachment_49346\" aria-describedby=\"caption-attachment-49346\" style=\"width: 1024px\" class=\"wp-caption aligncenter\"><img decoding=\"async\" loading=\"lazy\" class=\"size-full wp-image-49346\" src=\"https:\/\/www.ludwig-van.com\/montreal\/wp-content\/uploads\/sites\/3\/2017\/10\/carousel-5-Tania-Miller.jpg\" alt=\"Tania Miller (Photo courtesy of the artist)\" width=\"1024\" height=\"700\" srcset=\"https:\/\/www.ludwig-van.com\/montreal\/wp-content\/uploads\/sites\/3\/2017\/10\/carousel-5-Tania-Miller.jpg 1024w, https:\/\/www.ludwig-van.com\/montreal\/wp-content\/uploads\/sites\/3\/2017\/10\/carousel-5-Tania-Miller-300x205.jpg 300w, https:\/\/www.ludwig-van.com\/montreal\/wp-content\/uploads\/sites\/3\/2017\/10\/carousel-5-Tania-Miller-768x525.jpg 768w\" sizes=\"(max-width: 1024px) 100vw, 1024px\" \/><figcaption id=\"caption-attachment-49346\" class=\"wp-caption-text\">Tania Miller (Photo : courtoisie de l&rsquo;artiste)<\/figcaption><\/figure>\n<h3>L\u2019\u00e9mouvante Cinqui\u00e8me symphonie de Tcha\u00efkovski<\/h3>\n<p>L\u2019<strong>Orchestre symphonique du Conservatoire de musique de Montr\u00e9al<\/strong>, sous la direction de la cheffe invit\u00e9e <strong>Tania Miller<\/strong>, vous invite \u00e0 la Maison symphonique pour entendre la Symphonie n<sup>o<\/sup> 5 en mi mineur de Tcha\u00efkovski. En premi\u00e8re partie, l\u2019orchestre vous pr\u00e9sentera l\u2019Ouverture de <em>La fl\u00fbte enchant\u00e9e<\/em> de Mozart, <em>Oiseaux du Paradis II<\/em> d\u2019Andrea Tarrodi et le <em>Concerto pour violon <\/em>de Jean Sibelius, interpr\u00e9t\u00e9 par la soliste <strong>Jianyue Zhang<\/strong>.<\/p>\n<p>LE 5 OCTOBRE, 19 H 30, MAISON SYMPHONIQUE\u00a0 <a href=\"https:\/\/placedesarts.com\/fr\/evenement\/lemouvante-cinquieme-symphonie-de-tchaikovski\" target=\"_blank\" rel=\"noopener\">D\u00c9TAILS ET BILLETS<\/a><\/p>\n<p>&nbsp;<\/p>\n<p><img decoding=\"async\" loading=\"lazy\" class=\"aligncenter size-full wp-image-83582\" src=\"https:\/\/www.ludwig-van.com\/montreal\/wp-content\/uploads\/sites\/3\/2024\/09\/Les-Idees-heureuses-2024-2025_Concert-1.jpg\" alt=\"\" width=\"1200\" height=\"603\" srcset=\"https:\/\/www.ludwig-van.com\/montreal\/wp-content\/uploads\/sites\/3\/2024\/09\/Les-Idees-heureuses-2024-2025_Concert-1.jpg 1200w, https:\/\/www.ludwig-van.com\/montreal\/wp-content\/uploads\/sites\/3\/2024\/09\/Les-Idees-heureuses-2024-2025_Concert-1-300x151.jpg 300w, https:\/\/www.ludwig-van.com\/montreal\/wp-content\/uploads\/sites\/3\/2024\/09\/Les-Idees-heureuses-2024-2025_Concert-1-1024x515.jpg 1024w, https:\/\/www.ludwig-van.com\/montreal\/wp-content\/uploads\/sites\/3\/2024\/09\/Les-Idees-heureuses-2024-2025_Concert-1-768x386.jpg 768w\" sizes=\"(max-width: 1200px) 100vw, 1200px\" \/><\/p>\n<h3>Chaconnes et chocolat : d\u00e9lectations anglaises<\/h3>\n<p>Pour sa quatri\u00e8me \u00e9dition, la s\u00e9rie Chaconnes et chocolat vous plonge dans le r\u00e9pertoire de l\u2019Angleterre des XVIIe et XVIIIe si\u00e8cle. L\u2019ensemble <strong>Les Id\u00e9es heureuses<\/strong>, accompagn\u00e9 de quatre chanteurs de la rel\u00e8ve, vous interpr\u00e9teront des \u0153uvres de Purcell, Handel, Croft, Eccles, Blow ainsi que du compositeur contemporain montr\u00e9alais <strong>Jean-Fran\u00e7ois Daignault<\/strong>.<\/p>\n<p>LE 6 SEPTEMBRE, 14 H 30, SALLE BOURGIE\u00a0<a href=\"https:\/\/www.mbam.qc.ca\/fr\/activites\/les-idees-heureuses---chaconnes-et-chocolat-delectations-anglaises\/\" target=\"_blank\" rel=\"noopener\"> D\u00c9TAILS ET BILLETS<\/a><\/p>\n<p>&nbsp;<\/p>\n<figure id=\"attachment_56091\" aria-describedby=\"caption-attachment-56091\" style=\"width: 1022px\" class=\"wp-caption aligncenter\"><img decoding=\"async\" loading=\"lazy\" class=\"size-full wp-image-56091\" src=\"https:\/\/www.ludwig-van.com\/montreal\/wp-content\/uploads\/sites\/3\/2017\/09\/JMC_le-piano-des-mathieu_credit-donald-robitaille-osa.jpg\" alt=\"les pianistes Rosemarie Duval-Laplante et Jean-Michel Dub\u00e9\" width=\"1022\" height=\"700\" srcset=\"https:\/\/www.ludwig-van.com\/montreal\/wp-content\/uploads\/sites\/3\/2017\/09\/JMC_le-piano-des-mathieu_credit-donald-robitaille-osa.jpg 1022w, https:\/\/www.ludwig-van.com\/montreal\/wp-content\/uploads\/sites\/3\/2017\/09\/JMC_le-piano-des-mathieu_credit-donald-robitaille-osa-300x205.jpg 300w, https:\/\/www.ludwig-van.com\/montreal\/wp-content\/uploads\/sites\/3\/2017\/09\/JMC_le-piano-des-mathieu_credit-donald-robitaille-osa-768x526.jpg 768w\" sizes=\"(max-width: 1022px) 100vw, 1022px\" \/><figcaption id=\"caption-attachment-56091\" class=\"wp-caption-text\">Jean-Michel Dub\u00e9 et Rosemarie Duval. (Cr\u00e9dit : Donald Robitaille)<\/figcaption><\/figure>\n<h3>\u00c0 Qu\u00e9bec : Quand Ravel rencontre Gershwin<\/h3>\n<p>Le duo compos\u00e9 de <strong>Rosemarie Duval-Laplante<\/strong> et de <strong>Jean-Michel Dub\u00e9<\/strong> pr\u00e9sente des \u0153uvres de Faur\u00e9, Ravel et Gershwin \u00e9crites pour piano \u00e0 quatre mains, ainsi que des arrangements. Pianiste invit\u00e9 de la soir\u00e9e, <strong>Samuel Blanchette-Gagnon<\/strong>, a \u00e9t\u00e9 nomm\u00e9 l\u2019un des 30 jeunes musicien\u00b7ne\u00b7s \u00e0 surveiller par la CBC. Il interpr\u00e9tera les <em>Variations<\/em> op. 8 de Jacques H\u00e9tu.<\/p>\n<p>LE 6 OCTOBRE, 14 H 30, CATH\u00c9DRALE HOLY TRINITY\u00a0 <a href=\"https:\/\/lepointdevente.com\/billets\/dwv241006001\" target=\"_blank\" rel=\"noopener\">D\u00c9TAILS ET BILLETS<\/a><\/p>\n<p>&nbsp;<\/p>\n<figure id=\"attachment_84122\" aria-describedby=\"caption-attachment-84122\" style=\"width: 1200px\" class=\"wp-caption aligncenter\"><img decoding=\"async\" loading=\"lazy\" class=\"size-full wp-image-84122\" src=\"https:\/\/www.ludwig-van.com\/montreal\/wp-content\/uploads\/sites\/3\/2024\/09\/Stephane-Fontaine_Louise-Leblanc_1200.png\" alt=\"St\u00e9phane Fontaine, clarinette. (Photo : Louise Leblanc)\" width=\"1200\" height=\"866\" srcset=\"https:\/\/www.ludwig-van.com\/montreal\/wp-content\/uploads\/sites\/3\/2024\/09\/Stephane-Fontaine_Louise-Leblanc_1200.png 1200w, https:\/\/www.ludwig-van.com\/montreal\/wp-content\/uploads\/sites\/3\/2024\/09\/Stephane-Fontaine_Louise-Leblanc_1200-300x217.png 300w, https:\/\/www.ludwig-van.com\/montreal\/wp-content\/uploads\/sites\/3\/2024\/09\/Stephane-Fontaine_Louise-Leblanc_1200-1024x739.png 1024w, https:\/\/www.ludwig-van.com\/montreal\/wp-content\/uploads\/sites\/3\/2024\/09\/Stephane-Fontaine_Louise-Leblanc_1200-768x554.png 768w\" sizes=\"(max-width: 1200px) 100vw, 1200px\" \/><figcaption id=\"caption-attachment-84122\" class=\"wp-caption-text\">St\u00e9phane Fontaine, clarinette. (Photo : Louise Leblanc)<\/figcaption><\/figure>\n<h3>R\u00e9cital clarinette et piano<\/h3>\n<p>Saisissez la chance d\u2019entendre le premier clarinettiste de l\u2019<strong>OSQ<\/strong>, <strong>St\u00e9phane Fontaine<\/strong>, dans ce concert pr\u00e9sent\u00e9 pour une derni\u00e8re fois. En compagnie de <strong>Fran\u00e7ois Zeitouni<\/strong> au piano, le clarinettiste vous interpr\u00e8tera des \u0153uvres de Johannes Brahms, Jacques H\u00e9tu, Camille Saint-Sa\u00ebns et de Takashi Yoshimatsu.<\/p>\n<p>LE 6 OCTOBRE, 15 H, SALLE PAUL-DESMARAIS\u00a0 <a href=\"https:\/\/montreal.ca\/evenements\/recital-clarinette-et-piano-70655\" target=\"_blank\" rel=\"noopener\">D\u00c9TAILS ET BILLETS<\/a><\/p>\n<h2><em>Inscrivez-vous \u00e0 notre infolettre! La musique classique et l\u2019op\u00e9ra en 5 minutes, chaque jour<\/em> <a href=\"https:\/\/ludwig-van.us9.list-manage.com\/subscribe?u=4f785cb3f9058f2393ccad035&amp;id=b9b160c032\" target=\"_blank\" rel=\"noopener noreferrer\">ICI<\/a><\/h2>\n","protected":false},"excerpt":{"rendered":"<p>Apr\u00e8s un d\u00e9but de semaine dans l&rsquo;univers de France Beaudoin, et une plong\u00e9e dans l&rsquo;\u00e9mouvante Cinqui\u00e8me symphonie de Tcha\u00efkovski avec l&rsquo;Orchestre du Conservatoire de musique, la musique de chambre sera \u00e0 l\u2019honneur : c\u2019est l\u2019occasion de d\u00e9couvrir de nouveaux artistes ou de savourer la musique de ceux que l\u2019on admire d\u00e9j\u00e0, dans des contextes plus intimes!<\/p>\n","protected":false},"author":1,"featured_media":84123,"comment_status":"open","ping_status":"open","sticky":false,"template":"","format":"standard","meta":{"om_disable_all_campaigns":false,"jetpack_post_was_ever_published":false},"categories":[42107,10994],"tags":[42106,10985,2047],"yst_prominent_words":[9863,13120,26052,13123,33503,26053,11696,13116,13118,31964],"acf":[],"jetpack_featured_media_url":"https:\/\/www.ludwig-van.com\/montreal\/wp-content\/uploads\/sites\/3\/2024\/09\/Copie-de-CONCERTS43.jpg","jetpack_sharing_enabled":true,"jetpack_shortlink":"https:\/\/wp.me\/p9bdYt-lSK","amp_enabled":true,"_links":{"self":[{"href":"https:\/\/www.ludwig-van.com\/montreal\/wp-json\/wp\/v2\/posts\/84118"}],"collection":[{"href":"https:\/\/www.ludwig-van.com\/montreal\/wp-json\/wp\/v2\/posts"}],"about":[{"href":"https:\/\/www.ludwig-van.com\/montreal\/wp-json\/wp\/v2\/types\/post"}],"author":[{"embeddable":true,"href":"https:\/\/www.ludwig-van.com\/montreal\/wp-json\/wp\/v2\/users\/1"}],"replies":[{"embeddable":true,"href":"https:\/\/www.ludwig-van.com\/montreal\/wp-json\/wp\/v2\/comments?post=84118"}],"version-history":[{"count":4,"href":"https:\/\/www.ludwig-van.com\/montreal\/wp-json\/wp\/v2\/posts\/84118\/revisions"}],"predecessor-version":[{"id":84131,"href":"https:\/\/www.ludwig-van.com\/montreal\/wp-json\/wp\/v2\/posts\/84118\/revisions\/84131"}],"wp:featuredmedia":[{"embeddable":true,"href":"https:\/\/www.ludwig-van.com\/montreal\/wp-json\/wp\/v2\/media\/84123"}],"wp:attachment":[{"href":"https:\/\/www.ludwig-van.com\/montreal\/wp-json\/wp\/v2\/media?parent=84118"}],"wp:term":[{"taxonomy":"category","embeddable":true,"href":"https:\/\/www.ludwig-van.com\/montreal\/wp-json\/wp\/v2\/categories?post=84118"},{"taxonomy":"post_tag","embeddable":true,"href":"https:\/\/www.ludwig-van.com\/montreal\/wp-json\/wp\/v2\/tags?post=84118"},{"taxonomy":"yst_prominent_words","embeddable":true,"href":"https:\/\/www.ludwig-van.com\/montreal\/wp-json\/wp\/v2\/yst_prominent_words?post=84118"}],"curies":[{"name":"wp","href":"https:\/\/api.w.org\/{rel}","templated":true}]}}