{"id":84041,"date":"2024-09-25T05:38:29","date_gmt":"2024-09-25T09:38:29","guid":{"rendered":"https:\/\/www.ludwig-van.com\/montreal\/?p=84041"},"modified":"2024-09-26T14:00:05","modified_gmt":"2024-09-26T18:00:05","slug":"dossier-2","status":"publish","type":"post","link":"https:\/\/www.ludwig-van.com\/montreal\/2024\/09\/25\/dossier-2\/","title":{"rendered":"NOUVELLE | Un Barbier de S\u00e9ville fait pour divertir \u00e0 l&rsquo;Op\u00e9ra de Montr\u00e9al"},"content":{"rendered":"<figure id=\"attachment_84061\" aria-describedby=\"caption-attachment-84061\" style=\"width: 1200px\" class=\"wp-caption aligncenter\"><img decoding=\"async\" loading=\"lazy\" class=\"size-full wp-image-84061\" src=\"https:\/\/www.ludwig-van.com\/montreal\/wp-content\/uploads\/sites\/3\/2024\/09\/Copie-de-NOUVELLE97.jpg\" alt=\"Pascale Spinney (Rosina) et Alasdair Kent (Comte Almaviva) dans un moment fantaisiste de la mise en sc\u00e8ne de Joan Font lors de la pr\u00e9sentation aux m\u00e9dias. (Photo : B\u00e9atrice Cadrin)\" width=\"1200\" height=\"628\" srcset=\"https:\/\/www.ludwig-van.com\/montreal\/wp-content\/uploads\/sites\/3\/2024\/09\/Copie-de-NOUVELLE97.jpg 1200w, https:\/\/www.ludwig-van.com\/montreal\/wp-content\/uploads\/sites\/3\/2024\/09\/Copie-de-NOUVELLE97-300x157.jpg 300w, https:\/\/www.ludwig-van.com\/montreal\/wp-content\/uploads\/sites\/3\/2024\/09\/Copie-de-NOUVELLE97-1024x536.jpg 1024w, https:\/\/www.ludwig-van.com\/montreal\/wp-content\/uploads\/sites\/3\/2024\/09\/Copie-de-NOUVELLE97-768x402.jpg 768w\" sizes=\"(max-width: 1200px) 100vw, 1200px\" \/><figcaption id=\"caption-attachment-84061\" class=\"wp-caption-text\">Pascale Spinney (Rosina) et Alasdair Kent (Comte Almaviva) dans un moment fantaisiste de la mise en sc\u00e8ne de Joan Font lors de la pr\u00e9sentation aux m\u00e9dias. (Photo : B\u00e9atrice Cadrin)<\/figcaption><\/figure>\n<p>\u00c0 partir du samedi 28 septembre et \u00e0 diverses dates jusqu&rsquo;au 6 octobre, l&rsquo;<strong>Op\u00e9ra de Montr\u00e9al<\/strong> pr\u00e9sente son premier op\u00e9ra de la saison, l&rsquo;irr\u00e9sistible et p\u00e9tillant <em>Barbier de S\u00e9ville<\/em> de Rossini, dans une mise en sc\u00e8ne color\u00e9e de <strong>Joan Font<\/strong> qui a fait ses preuves entre autres \u00e0 la Canadian Opera Comedy et au Houston Grand Opera.<\/p>\n<p>On le sait, l&rsquo;histoire du <em>Barbier de S\u00e9ville<\/em> pr\u00e9c\u00e8de celle des <em>Noces de Figaro<\/em>, justement pr\u00e9sent\u00e9 avec grand succ\u00e8s \u00e0 l&rsquo;Op\u00e9ra de Montr\u00e9al la saison derni\u00e8re. C&rsquo;est cette chronologie \u00e0 rebours, pr\u00e9sentant une version plus jeune des personnages rencontr\u00e9s dans les <em>Noces<\/em>, qui a donn\u00e9 l&rsquo;id\u00e9e \u00e0 l&rsquo;<strong>Op\u00e9ra de Montr\u00e9al<\/strong> de donner \u00e0 sa saison actuelle le th\u00e8me de la jeunesse. La mise en sc\u00e8ne de <strong>Joan Font<\/strong> et de sa compagnie <strong>Els<\/strong> <strong>Comedians<\/strong> refl\u00e8te cet esprit juv\u00e9nile et all\u00e8gre, accentuant le comique du livret par des accessoires surdimensionn\u00e9s et des chor\u00e9graphies rod\u00e9es au quart de tour. Les spectateurs\u00b7rices y retrouveront les couleurs vives qui avaient contribu\u00e9 \u00e0 l&rsquo;aspect visuel m\u00e9morable de la production de<em> La Cenerentola<\/em> mise en sc\u00e8ne par la m\u00eame \u00e9quipe en 2017.<\/p>\n<p>&nbsp;<\/p>\n<figure id=\"attachment_84063\" aria-describedby=\"caption-attachment-84063\" style=\"width: 1200px\" class=\"wp-caption aligncenter\"><img decoding=\"async\" loading=\"lazy\" class=\"size-full wp-image-84063\" src=\"https:\/\/www.ludwig-van.com\/montreal\/wp-content\/uploads\/sites\/3\/2024\/09\/Barbier-de-Seville_Pascale-Spinney-et-Hugo-Laporte_Thibault-Caron.jpg\" alt=\"Pascale Spinney (Rosina) et Hugo Laporte (Figaro). (Photo : Thibault Caron)\" width=\"1200\" height=\"800\" srcset=\"https:\/\/www.ludwig-van.com\/montreal\/wp-content\/uploads\/sites\/3\/2024\/09\/Barbier-de-Seville_Pascale-Spinney-et-Hugo-Laporte_Thibault-Caron.jpg 1200w, https:\/\/www.ludwig-van.com\/montreal\/wp-content\/uploads\/sites\/3\/2024\/09\/Barbier-de-Seville_Pascale-Spinney-et-Hugo-Laporte_Thibault-Caron-300x200.jpg 300w, https:\/\/www.ludwig-van.com\/montreal\/wp-content\/uploads\/sites\/3\/2024\/09\/Barbier-de-Seville_Pascale-Spinney-et-Hugo-Laporte_Thibault-Caron-1024x683.jpg 1024w, https:\/\/www.ludwig-van.com\/montreal\/wp-content\/uploads\/sites\/3\/2024\/09\/Barbier-de-Seville_Pascale-Spinney-et-Hugo-Laporte_Thibault-Caron-768x512.jpg 768w\" sizes=\"(max-width: 1200px) 100vw, 1200px\" \/><figcaption id=\"caption-attachment-84063\" class=\"wp-caption-text\">Pascale Spinney (Rosina) et Hugo Laporte (Figaro). (Photo : Thibault Caron)<\/figcaption><\/figure>\n<p>Selon <strong>Pascale Spinney<\/strong>, qui interpr\u00e8te Rosina, la plasticit\u00e9 et la pr\u00e9cision de la mise en place cr\u00e9ent un espace au sein duquel chaque personnage doit \u00eatre pleinement habit\u00e9 et enti\u00e8rement pr\u00e9sent, sans aucune distraction. <strong>Hugo Laporte<\/strong>, l&rsquo;indispensable Figaro, pr\u00e9cise que les metteurs en sc\u00e8ne et complices de longue date <strong>Joan Font<\/strong> et <strong>Xevi Dorca<\/strong> restent ouverts \u00e0 la contribution qu&rsquo;apporte chaque soliste \u00e0 travers sa personnalit\u00e9 individuelle. <strong>Gianluca Margheri<\/strong>, dont c&rsquo;est la prise de r\u00f4le en tant que Basilio et la premi\u00e8re apparition \u00e0 Montr\u00e9al, rappelle (dans un excellent fran\u00e7ais) que la mise en sc\u00e8ne, tout en \u00e9tant r\u00e9gl\u00e9e comme le m\u00e9canisme d&rsquo;une horloge, a pour but premier d&rsquo;amuser et de divertir le public. Il promet un moment tr\u00e8s int\u00e9ressant lors de l&rsquo;air de Basilio \u00ab\u00a0La Calunnia\u00a0\u00bb (La calomnie), faisant un rapprochement avec les <em>fake news<\/em>.<\/p>\n<p>Dans la fosse, l&rsquo;<strong>Orchestre M\u00e9tropolitain<\/strong> sera dirig\u00e9 par le chef espagnol <strong>Pedro Halffter<\/strong>, r\u00e9invit\u00e9 apr\u00e8s son succ\u00e8s dans <em>Madame Butterfly <\/em>en mai 2023.<\/p>\n<p>28 SEPTEMBRE, 1 ET 3 OCTOBRE, 19 H 30; 6 OCTOBRE, 14 H, SALLE WILFRID-PELLETIER <a href=\"https:\/\/www.operademontreal.com\/programmation\/le-barbier-de-seville\" target=\"_blank\" rel=\"noopener\">D\u00c9TAILS ET BILLETS<\/a><\/p>\n","protected":false},"excerpt":{"rendered":"<p>\u00c0 partir du samedi 28 septembre et \u00e0 diverses dates jusqu&rsquo;au 6 octobre, l&rsquo;Op\u00e9ra de Montr\u00e9al pr\u00e9sente son premier op\u00e9ra de la saison, l&rsquo;irr\u00e9sistible et p\u00e9tillant Barbier de S\u00e9ville de Rossini, dans une mise en sc\u00e8ne color\u00e9e de Joan Font qui a fait ses preuves entre autres \u00e0 la Canadian Opera Comedy et au Houston Grand Opera.<\/p>\n","protected":false},"author":55,"featured_media":84061,"comment_status":"open","ping_status":"open","sticky":false,"template":"","format":"standard","meta":{"om_disable_all_campaigns":false,"jetpack_post_was_ever_published":false},"categories":[42107,10956],"tags":[42106,2498],"yst_prominent_words":[15515,25975,34445,41295,41272,7498,13157,11152,11145,7694,29830,11219,6886,11161,10721,10546,10541,10554,41296],"acf":[],"jetpack_featured_media_url":"https:\/\/www.ludwig-van.com\/montreal\/wp-content\/uploads\/sites\/3\/2024\/09\/Copie-de-NOUVELLE97.jpg","jetpack_sharing_enabled":true,"jetpack_shortlink":"https:\/\/wp.me\/p9bdYt-lRv","amp_enabled":true,"_links":{"self":[{"href":"https:\/\/www.ludwig-van.com\/montreal\/wp-json\/wp\/v2\/posts\/84041"}],"collection":[{"href":"https:\/\/www.ludwig-van.com\/montreal\/wp-json\/wp\/v2\/posts"}],"about":[{"href":"https:\/\/www.ludwig-van.com\/montreal\/wp-json\/wp\/v2\/types\/post"}],"author":[{"embeddable":true,"href":"https:\/\/www.ludwig-van.com\/montreal\/wp-json\/wp\/v2\/users\/55"}],"replies":[{"embeddable":true,"href":"https:\/\/www.ludwig-van.com\/montreal\/wp-json\/wp\/v2\/comments?post=84041"}],"version-history":[{"count":13,"href":"https:\/\/www.ludwig-van.com\/montreal\/wp-json\/wp\/v2\/posts\/84041\/revisions"}],"predecessor-version":[{"id":84079,"href":"https:\/\/www.ludwig-van.com\/montreal\/wp-json\/wp\/v2\/posts\/84041\/revisions\/84079"}],"wp:featuredmedia":[{"embeddable":true,"href":"https:\/\/www.ludwig-van.com\/montreal\/wp-json\/wp\/v2\/media\/84061"}],"wp:attachment":[{"href":"https:\/\/www.ludwig-van.com\/montreal\/wp-json\/wp\/v2\/media?parent=84041"}],"wp:term":[{"taxonomy":"category","embeddable":true,"href":"https:\/\/www.ludwig-van.com\/montreal\/wp-json\/wp\/v2\/categories?post=84041"},{"taxonomy":"post_tag","embeddable":true,"href":"https:\/\/www.ludwig-van.com\/montreal\/wp-json\/wp\/v2\/tags?post=84041"},{"taxonomy":"yst_prominent_words","embeddable":true,"href":"https:\/\/www.ludwig-van.com\/montreal\/wp-json\/wp\/v2\/yst_prominent_words?post=84041"}],"curies":[{"name":"wp","href":"https:\/\/api.w.org\/{rel}","templated":true}]}}