{"id":84017,"date":"2024-09-23T11:03:32","date_gmt":"2024-09-23T15:03:32","guid":{"rendered":"https:\/\/www.ludwig-van.com\/montreal\/?p=84017"},"modified":"2024-09-23T16:14:13","modified_gmt":"2024-09-23T20:14:13","slug":"choix-de-la-redaction-du-reve-de-la-virtuosite-et-de-la-danse-en-cette-semaine-du-23-septembre","status":"publish","type":"post","link":"https:\/\/www.ludwig-van.com\/montreal\/2024\/09\/23\/choix-de-la-redaction-du-reve-de-la-virtuosite-et-de-la-danse-en-cette-semaine-du-23-septembre\/","title":{"rendered":"CHOIX DE LA R\u00c9DACTION | Du r\u00eave, de la virtuosit\u00e9 et de la danse en cette semaine du 23 septembre"},"content":{"rendered":"<figure id=\"attachment_84021\" aria-describedby=\"caption-attachment-84021\" style=\"width: 1200px\" class=\"wp-caption aligncenter\"><img decoding=\"async\" loading=\"lazy\" class=\"wp-image-84021 size-full\" src=\"https:\/\/www.ludwig-van.com\/montreal\/wp-content\/uploads\/sites\/3\/2024\/09\/Copie-de-CONCERTS42.jpg\" alt=\"Pascale Spinney et Alasdair Kent (Photo : B\u00e9atrice Cadrin); Ema Nikolowski (Photo : courtoisie); George Li (Photo : Simon Fowler)\" width=\"1200\" height=\"628\" srcset=\"https:\/\/www.ludwig-van.com\/montreal\/wp-content\/uploads\/sites\/3\/2024\/09\/Copie-de-CONCERTS42.jpg 1200w, https:\/\/www.ludwig-van.com\/montreal\/wp-content\/uploads\/sites\/3\/2024\/09\/Copie-de-CONCERTS42-300x157.jpg 300w, https:\/\/www.ludwig-van.com\/montreal\/wp-content\/uploads\/sites\/3\/2024\/09\/Copie-de-CONCERTS42-1024x536.jpg 1024w, https:\/\/www.ludwig-van.com\/montreal\/wp-content\/uploads\/sites\/3\/2024\/09\/Copie-de-CONCERTS42-768x402.jpg 768w\" sizes=\"(max-width: 1200px) 100vw, 1200px\" \/><figcaption id=\"caption-attachment-84021\" class=\"wp-caption-text\">Pascale Spinney et Alasdair Kent (Photo : B\u00e9atrice Cadrin); Ema Nikolovska (Photo : courtoisie); George Li (Photo : Simon Fowler)<\/figcaption><\/figure>\n<p><em><strong>Il y en a pour tous les go\u00fbts cette semaine! Du Schubert, une finale de comp\u00e9tition, un jeune pianiste prodige, de l\u2019op\u00e9ra, un concert-spectacle de musique et de danse, et j\u2019en passe! On ne sait quoi choisir!<\/strong><\/em><\/p>\n<p>&nbsp;<\/p>\n<figure id=\"attachment_78752\" aria-describedby=\"caption-attachment-78752\" style=\"width: 1200px\" class=\"wp-caption aligncenter\"><img decoding=\"async\" loading=\"lazy\" class=\"size-full wp-image-78752\" src=\"https:\/\/www.ludwig-van.com\/montreal\/wp-content\/uploads\/sites\/3\/2023\/11\/Ema-Nikolovska.png\" alt=\"La chanteuse Ema Nikolovska\" width=\"1200\" height=\"900\" srcset=\"https:\/\/www.ludwig-van.com\/montreal\/wp-content\/uploads\/sites\/3\/2023\/11\/Ema-Nikolovska.png 1200w, https:\/\/www.ludwig-van.com\/montreal\/wp-content\/uploads\/sites\/3\/2023\/11\/Ema-Nikolovska-300x225.png 300w, https:\/\/www.ludwig-van.com\/montreal\/wp-content\/uploads\/sites\/3\/2023\/11\/Ema-Nikolovska-1024x768.png 1024w, https:\/\/www.ludwig-van.com\/montreal\/wp-content\/uploads\/sites\/3\/2023\/11\/Ema-Nikolovska-768x576.png 768w\" sizes=\"(max-width: 1200px) 100vw, 1200px\" \/><figcaption id=\"caption-attachment-78752\" class=\"wp-caption-text\">Ema Nikolovska<\/figcaption><\/figure>\n<h3>D\u00e9but de l&rsquo;int\u00e9grale des lieder de Schubert<\/h3>\n<p>Pour son concert d&rsquo;ouverture de saison, la <strong>Salle Bourgie<\/strong> vous convie \u00e0 assister au tout premier concert de l\u2019int\u00e9grale des lieder de Schubert, en compagnie de l\u2019<strong>Orchestre de l\u2019Agora<\/strong>\u00a0dirig\u00e9 par\u00a0<strong>Nicolas Ellis<\/strong>. Avec la mezzo-soprano <strong>Ema<\/strong> <strong>Nikolovska<\/strong>, voyagez dans l\u2019imaginaire du compositeur \u00e0 l\u2019aide des orchestrations de Berlioz, Webern, Reger, Ian Cusson ainsi que des extraits des symphonies de Schubert.<\/p>\n<p>LE 25 SEPTEMBRE, 19 H 30, SALLE BOURGIE\u00a0 <a href=\"https:\/\/www.mbam.qc.ca\/fr\/activites\/orchestre-de-l-agora-schubert-le-reve\/\" target=\"_blank\" rel=\"noopener\">D\u00c9TAILS ET BILLETS<\/a><\/p>\n<p>&nbsp;<\/p>\n<p><img decoding=\"async\" loading=\"lazy\" class=\"aligncenter size-full wp-image-83710\" src=\"https:\/\/www.ludwig-van.com\/montreal\/wp-content\/uploads\/sites\/3\/2024\/09\/Finale-Et-Devoilement-Du-Nouveau-Prix-Peter-Mendell-Jeunesses-Musicales-Canada.png\" alt=\"\" width=\"1200\" height=\"421\" srcset=\"https:\/\/www.ludwig-van.com\/montreal\/wp-content\/uploads\/sites\/3\/2024\/09\/Finale-Et-Devoilement-Du-Nouveau-Prix-Peter-Mendell-Jeunesses-Musicales-Canada.png 1200w, https:\/\/www.ludwig-van.com\/montreal\/wp-content\/uploads\/sites\/3\/2024\/09\/Finale-Et-Devoilement-Du-Nouveau-Prix-Peter-Mendell-Jeunesses-Musicales-Canada-300x105.png 300w, https:\/\/www.ludwig-van.com\/montreal\/wp-content\/uploads\/sites\/3\/2024\/09\/Finale-Et-Devoilement-Du-Nouveau-Prix-Peter-Mendell-Jeunesses-Musicales-Canada-1024x359.png 1024w, https:\/\/www.ludwig-van.com\/montreal\/wp-content\/uploads\/sites\/3\/2024\/09\/Finale-Et-Devoilement-Du-Nouveau-Prix-Peter-Mendell-Jeunesses-Musicales-Canada-768x269.png 768w\" sizes=\"(max-width: 1200px) 100vw, 1200px\" \/><\/p>\n<h3>Finale et d\u00e9voilement du nouveau Prix Peter-Mendell<\/h3>\n<p>En collaboration avec le <strong>Concours de musique du Canada<\/strong>, les <strong>Jeunesses Musicales Canada<\/strong>\u00a0 pr\u00e9sentent ce concert o\u00f9 trois finalistes se produiront devant public et tenteront de mettre la main sur le premier prix d\u2019une valeur de 5 000 $. Ce sera \u00e9galement l\u2019occasion de d\u00e9voiler la nouvelle formule du Prix Peter-Mendell.<\/p>\n<p>LE 27 SEPTEMBRE, 18 H, SALLE JOSEPH-ROULEAU\u00a0 <a href=\"https:\/\/www.jmcanada.ca\/fr\/75e-anniversaire-2\/finale-et-devoilement-du-nouveau-prix-peter-mendell\/\" target=\"_blank\" rel=\"noopener\">D\u00c9TAILS ET BILLETS<\/a><\/p>\n<h3><\/h3>\n<figure id=\"attachment_74111\" aria-describedby=\"caption-attachment-74111\" style=\"width: 1200px\" class=\"wp-caption aligncenter\"><img decoding=\"async\" loading=\"lazy\" class=\"size-full wp-image-74111\" src=\"https:\/\/www.ludwig-van.com\/montreal\/wp-content\/uploads\/sites\/3\/2022\/11\/Anna-Burden.png\" alt=\"La violoncelliste Anna Burden se joindra \u00e0 Andrew Wan et Olivier Thouin, Victor Fournelle-Blain et Fran\u00e7ois Zeitouni pour un concert de musique de chambre de Faur\u00e9. (Photo : courtoisie)\" width=\"1200\" height=\"800\" \/><figcaption id=\"caption-attachment-74111\" class=\"wp-caption-text\">La violoncelliste Anna Burden. (Photo : courtoisie)<\/figcaption><\/figure>\n<h3>Le romantisme transfigur\u00e9<\/h3>\n<p>Des cordistes de l\u2019<strong>OSM<\/strong> (<strong>Olivier Thouin<\/strong> et <strong>Jean-S\u00e9bastien Roy<\/strong>, violons; <strong>Victor Fournelle-Blain<\/strong> et <strong>Sofia Gentile<\/strong>, altos; <strong>Anna Burden<\/strong> et <strong>Sylvain Murray<\/strong>, violoncelles) se r\u00e9unissent sur la sc\u00e8ne de la salle Bourgie pour interpr\u00e9ter <i>Verkl\u00e4rte Nacht<\/i> de Schoenberg, la m\u00eame \u0153uvre qui a \u00e9t\u00e9 <a href=\"https:\/\/www.ludwig-van.com\/montreal\/2024\/04\/30\/critique-classique-maria-joao-pires-sensuel-schoenberg\/\" target=\"_blank\" rel=\"noopener\">enregistr\u00e9e en concert par l&rsquo;<\/a>orchestre entier en avril dernier et dont l&rsquo;album para\u00eetra dans quelques semaines. Lors du concert de musique de chambre de vendredi, les m\u00e9lomanes auront \u00e9galement l&rsquo;occasion de d\u00e9couvrir le Quintette en la mineur de Johanna M\u00fcller-Hermann, compositrice tr\u00e8s c\u00e9l\u00e8bre au tournant du si\u00e8cle dernier.<\/p>\n<p>LE 27 SEPTEMBRE, 18 H 30, SALLE BOURGIE\u00a0 <a href=\"https:\/\/www.mbam.qc.ca\/fr\/activites\/le-romantisme-transfigure\/\" target=\"_blank\" rel=\"noopener\">D\u00c9TAILS ET BILLETS<\/a><\/p>\n<p>&nbsp;<\/p>\n<figure id=\"attachment_57449\" aria-describedby=\"caption-attachment-57449\" style=\"width: 1024px\" class=\"wp-caption aligncenter\"><img decoding=\"async\" loading=\"lazy\" class=\"size-full wp-image-57449\" src=\"https:\/\/www.ludwig-van.com\/montreal\/wp-content\/uploads\/sites\/3\/2018\/11\/Caroline-Bleau-WEB.jpg\" alt=\"La soprano Caroline Bleau continue sur la belle lanc\u00e9e d\u2019Another Brick in the Wall en campant une Freia tr\u00e8s cr\u00e9dible et bien en voix. (Photo: Yves Renaud)\" width=\"1024\" height=\"683\" srcset=\"https:\/\/www.ludwig-van.com\/montreal\/wp-content\/uploads\/sites\/3\/2018\/11\/Caroline-Bleau-WEB.jpg 1024w, https:\/\/www.ludwig-van.com\/montreal\/wp-content\/uploads\/sites\/3\/2018\/11\/Caroline-Bleau-WEB-300x200.jpg 300w, https:\/\/www.ludwig-van.com\/montreal\/wp-content\/uploads\/sites\/3\/2018\/11\/Caroline-Bleau-WEB-768x512.jpg 768w\" sizes=\"(max-width: 1024px) 100vw, 1024px\" \/><figcaption id=\"caption-attachment-57449\" class=\"wp-caption-text\">La soprano Caroline Bleau, ici en Freia dans Das Rheingold \u00e0 l&rsquo;Op\u00e9ra de Montr\u00e9al. (Photo : Yves Renaud)<\/figcaption><\/figure>\n<h3>France immortelle<\/h3>\n<p>Rejoignez <strong>Caroline Bleau<\/strong>, soprano, et <strong>Dominique Lupien<\/strong>, pianiste, dans cet hommage \u00e0 la France. Au programme, de grandes chansons de Faur\u00e9, Massenet, Duparc, Piaf et bien d\u2019autres.<\/p>\n<p>LE 28 SEPTEMBRE, 20 H, \u00c9GLISE DE ST-VIATEUR\u00a0 <a href=\"https:\/\/my.weezevent.com\/france-immortel\" target=\"_blank\" rel=\"noopener\">D\u00c9TAILS ET BILLETS<\/a><\/p>\n<p>&nbsp;<\/p>\n<figure id=\"attachment_84020\" aria-describedby=\"caption-attachment-84020\" style=\"width: 1200px\" class=\"wp-caption aligncenter\"><img decoding=\"async\" loading=\"lazy\" class=\"size-full wp-image-84020\" src=\"https:\/\/www.ludwig-van.com\/montreal\/wp-content\/uploads\/sites\/3\/2024\/09\/Barbier-de-Seville_Pascale-Spinney-et-Alasdair-Kent_Beatrice-Cadrin.jpg\" alt=\"Pascale Spinney (Rosina) et Alasdair Kent (Comte Almaviva) lors de la pr\u00e9sentation aux m\u00e9dias le 18 septembre 2024. (Photo : B\u00e9atrice Cadrin)\" width=\"1200\" height=\"737\" srcset=\"https:\/\/www.ludwig-van.com\/montreal\/wp-content\/uploads\/sites\/3\/2024\/09\/Barbier-de-Seville_Pascale-Spinney-et-Alasdair-Kent_Beatrice-Cadrin.jpg 1200w, https:\/\/www.ludwig-van.com\/montreal\/wp-content\/uploads\/sites\/3\/2024\/09\/Barbier-de-Seville_Pascale-Spinney-et-Alasdair-Kent_Beatrice-Cadrin-300x184.jpg 300w, https:\/\/www.ludwig-van.com\/montreal\/wp-content\/uploads\/sites\/3\/2024\/09\/Barbier-de-Seville_Pascale-Spinney-et-Alasdair-Kent_Beatrice-Cadrin-1024x629.jpg 1024w, https:\/\/www.ludwig-van.com\/montreal\/wp-content\/uploads\/sites\/3\/2024\/09\/Barbier-de-Seville_Pascale-Spinney-et-Alasdair-Kent_Beatrice-Cadrin-768x472.jpg 768w\" sizes=\"(max-width: 1200px) 100vw, 1200px\" \/><figcaption id=\"caption-attachment-84020\" class=\"wp-caption-text\">Pascale Spinney (Rosina) et Alasdair Kent (Comte Almaviva) lors de la pr\u00e9sentation aux m\u00e9dias le 18 septembre 2024. (Photo : B\u00e9atrice Cadrin)<\/figcaption><\/figure>\n<h3>Le Barbier de S\u00e9ville<\/h3>\n<p>Pr\u00e9sent\u00e9 le 28 septembre, ainsi que les 1er, 3 et 6 octobre, par l\u2019Op\u00e9ra de Montr\u00e9al, ce chef-d\u2019\u0153uvre de Rossini est une critique de la hi\u00e9rarchie sociale du XVIIIe si\u00e8cle, pr\u00e9sent\u00e9 ici dans la mise en sc\u00e8ne fantaisiste et color\u00e9e de Joan Font et Xevi Dorca. Pour cet op\u00e9ra truff\u00e9 d\u2019action et de m\u00e9lodies m\u00e9morables, les artistes de l\u2019Op\u00e9ra de Montr\u00e9al seront accompagn\u00e9 de l\u2019Orchestre M\u00e9tropolitain, dirig\u00e9 pour l\u2019occasion par le chef espagnol Pedro Halffter.<\/p>\n<p>LE 28 SEPTEMBRE, 19 H 30, SALLE WILFRID-PELLETIER\u00a0 <a href=\"https:\/\/www.operademontreal.com\/programmation\/le-barbier-de-seville\" target=\"_blank\" rel=\"noopener\">D\u00c9TAILS ET BILLETS<\/a><\/p>\n<p>&nbsp;<\/p>\n<figure id=\"attachment_76194\" aria-describedby=\"caption-attachment-76194\" style=\"width: 1200px\" class=\"wp-caption aligncenter\"><img decoding=\"async\" loading=\"lazy\" class=\"size-full wp-image-76194\" src=\"https:\/\/www.ludwig-van.com\/montreal\/wp-content\/uploads\/sites\/3\/2023\/05\/Noemie-Raymond-Friset-cr.jpg\" alt=\"No\u00e9mie Raymond-Friset, violoncelliste. (Photo: courtoisie)\" width=\"1200\" height=\"798\" \/><figcaption id=\"caption-attachment-76194\" class=\"wp-caption-text\">No\u00e9mie Raymond-Friset, violoncelliste. (Photo : courtoisie)<\/figcaption><\/figure>\n<h3>Dialogues en ouverture de saison de la Chapelle historique du Bon-Pasteur<\/h3>\n<p>Pour inaugurer sa 36<sup>e <\/sup>saison, la <strong>Chapelle historique du Bon-Pasteur<\/strong> vous pr\u00e9sente le premier de ses 22 concerts gratuits (avec billet), <i>Dialogues<\/i>. <strong>No\u00e9mie Raymond-Friset<\/strong>, violoncelliste, et <strong>Zhenni Li-Cohen<\/strong>, pianiste, mettent en dialogue deux sonates majeures, l\u2019une d\u2019un homme, Rachmaninov, l\u2019autre d\u2019une femme, Rebecca Clarke. Encore cette saison, le <strong>Centre canadien d\u2019architecture<\/strong> ouvre g\u00e9n\u00e9reusement les portes de son th\u00e9\u00e2tre \u00e0 la Chapelle afin que cette derni\u00e8re puisse continuer de pr\u00e9senter des concerts en attendant la reconstruction que tous souhaitent voir se produire.<\/p>\n<p>LE 29 SEPTEMBRE, 15 H, TH\u00c9\u00c2TRE PAUL-DESMARAIS\u00a0 <a href=\"https:\/\/montreal.ca\/evenements\/dialogues-70649\" target=\"_blank\" rel=\"noopener\">D\u00c9TAILS ET BILLETS<\/a><\/p>\n<p>&nbsp;<\/p>\n<figure id=\"attachment_83206\" aria-describedby=\"caption-attachment-83206\" style=\"width: 1200px\" class=\"wp-caption aligncenter\"><img decoding=\"async\" loading=\"lazy\" class=\"size-full wp-image-83206\" src=\"https:\/\/www.ludwig-van.com\/montreal\/wp-content\/uploads\/sites\/3\/2017\/12\/GeorgeLi-pianist3-photocreditSimonFowler_1200.jpg\" alt=\"George Li (Photo : Simon Fowler)\" width=\"1200\" height=\"800\" srcset=\"https:\/\/www.ludwig-van.com\/montreal\/wp-content\/uploads\/sites\/3\/2017\/12\/GeorgeLi-pianist3-photocreditSimonFowler_1200.jpg 1200w, https:\/\/www.ludwig-van.com\/montreal\/wp-content\/uploads\/sites\/3\/2017\/12\/GeorgeLi-pianist3-photocreditSimonFowler_1200-300x200.jpg 300w, https:\/\/www.ludwig-van.com\/montreal\/wp-content\/uploads\/sites\/3\/2017\/12\/GeorgeLi-pianist3-photocreditSimonFowler_1200-1024x683.jpg 1024w, https:\/\/www.ludwig-van.com\/montreal\/wp-content\/uploads\/sites\/3\/2017\/12\/GeorgeLi-pianist3-photocreditSimonFowler_1200-768x512.jpg 768w\" sizes=\"(max-width: 1200px) 100vw, 1200px\" \/><figcaption id=\"caption-attachment-83206\" class=\"wp-caption-text\">George Li (Photo : Simon Fowler)<\/figcaption><\/figure>\n<h3>George Li au LMMC<\/h3>\n<p>C\u2019est un programme d\u2019inspiration dans\u00e9e qu\u2019interpr\u00e8tera <strong>George Li<\/strong>, pr\u00e9sent\u00e9 par <strong>LMMC<\/strong>. Pianiste prodige s\u2019\u00e9tant produit d\u00e8s l\u2019\u00e2ge de 11 ans au Carnegie Hall, <strong>George Li<\/strong> ne cesse de s\u2019attirer des \u00e9loges. Il parcourt les salles les plus reconnues d\u2019Europe, d\u2019Asie et d\u2019Am\u00e9rique du Nord et s\u2019illustre en remportant de prestigieuses comp\u00e9titions t\u00f4t dans sa carri\u00e8re. Rappelons que cette ann\u00e9e, les concerts du <strong>Ladies\u2019 Morning Musical Club<\/strong> ont lieu \u00e0 la salle Oscar-Peterson.<\/p>\n<p>LE 29 SEPTEMBRE, 15 H 30, SALLE OSCAR-PETERSON\u00a0 <a href=\"https:\/\/www.lmmc.ca\/fr\/george-li-1\" target=\"_blank\" rel=\"noopener\">D\u00c9TAILS ET BILLETS<\/a><\/p>\n<p>&nbsp;<\/p>\n<p><img decoding=\"async\" loading=\"lazy\" class=\"aligncenter size-full wp-image-83927\" src=\"https:\/\/www.ludwig-van.com\/montreal\/wp-content\/uploads\/sites\/3\/2024\/09\/De-la-pavane-au-swing-fond-blanc.jpg\" alt=\"\" width=\"1200\" height=\"711\" srcset=\"https:\/\/www.ludwig-van.com\/montreal\/wp-content\/uploads\/sites\/3\/2024\/09\/De-la-pavane-au-swing-fond-blanc.jpg 1200w, https:\/\/www.ludwig-van.com\/montreal\/wp-content\/uploads\/sites\/3\/2024\/09\/De-la-pavane-au-swing-fond-blanc-300x178.jpg 300w, https:\/\/www.ludwig-van.com\/montreal\/wp-content\/uploads\/sites\/3\/2024\/09\/De-la-pavane-au-swing-fond-blanc-1024x607.jpg 1024w, https:\/\/www.ludwig-van.com\/montreal\/wp-content\/uploads\/sites\/3\/2024\/09\/De-la-pavane-au-swing-fond-blanc-768x455.jpg 768w\" sizes=\"(max-width: 1200px) 100vw, 1200px\" \/><\/p>\n<h3>De la pavane au swing<\/h3>\n<p>Spectacle de musique et de danse retra\u00e7ant la transformation des danses de couple de la Renaissance \u00e0 l\u2019entre-deux-guerres, cette nouvelle version de <i>De la pavane au swing<\/i> pr\u00e9sente danse, musique et mode \u00e0 travers cinq si\u00e8cles d\u2019histoire. Six musiciens et deux danseurs vous convient \u00e0 ce concert-spectacle dont la premi\u00e8re mouture a \u00e9t\u00e9 finaliste des prix Opus dans la cat\u00e9gorie Concert de l\u2019ann\u00e9e &#8211; musiques m\u00e9di\u00e9vales, de la Renaissance et Baroque.<\/p>\n<p>LE 29 SEPTEMBRE, 15 H 30, TH\u00c9\u00c2TRE ROUGE DU CONSERVATOIRE DE MUSIQUE\u00a0 <a href=\"https:\/\/boreades.tuxedobillet.com\/main\/de-la-pavane-au-swing\" target=\"_blank\" rel=\"noopener\">D\u00c9TAILS ET BILLETS<\/a><\/p>\n<h2><em>Inscrivez-vous \u00e0 notre infolettre! La musique classique et l\u2019op\u00e9ra en 5 minutes, chaque jour<\/em> <a href=\"https:\/\/ludwig-van.us9.list-manage.com\/subscribe?u=4f785cb3f9058f2393ccad035&amp;id=b9b160c032\" target=\"_blank\" rel=\"noopener noreferrer\">ICI<\/a><\/h2>\n","protected":false},"excerpt":{"rendered":"<p>Il y en a pour tous les go\u00fbts cette semaine! Du Schubert, une finale de comp\u00e9tition, un jeune pianiste prodige, de l\u2019op\u00e9ra, un concert-spectacle de musique et de danse, et j\u2019en passe! On ne sait quoi choisir!<\/p>\n","protected":false},"author":1,"featured_media":84021,"comment_status":"open","ping_status":"open","sticky":false,"template":"","format":"standard","meta":{"om_disable_all_campaigns":false,"jetpack_post_was_ever_published":false},"categories":[42107,10994],"tags":[42106,11958,12745,2498,2542,11137],"yst_prominent_words":[13120,33504,31965,26052,13123,13119,33503,31964,19984,19982,26016,26019],"acf":[],"jetpack_featured_media_url":"https:\/\/www.ludwig-van.com\/montreal\/wp-content\/uploads\/sites\/3\/2024\/09\/Copie-de-CONCERTS42.jpg","jetpack_sharing_enabled":true,"jetpack_shortlink":"https:\/\/wp.me\/p9bdYt-lR7","amp_enabled":true,"_links":{"self":[{"href":"https:\/\/www.ludwig-van.com\/montreal\/wp-json\/wp\/v2\/posts\/84017"}],"collection":[{"href":"https:\/\/www.ludwig-van.com\/montreal\/wp-json\/wp\/v2\/posts"}],"about":[{"href":"https:\/\/www.ludwig-van.com\/montreal\/wp-json\/wp\/v2\/types\/post"}],"author":[{"embeddable":true,"href":"https:\/\/www.ludwig-van.com\/montreal\/wp-json\/wp\/v2\/users\/1"}],"replies":[{"embeddable":true,"href":"https:\/\/www.ludwig-van.com\/montreal\/wp-json\/wp\/v2\/comments?post=84017"}],"version-history":[{"count":2,"href":"https:\/\/www.ludwig-van.com\/montreal\/wp-json\/wp\/v2\/posts\/84017\/revisions"}],"predecessor-version":[{"id":84034,"href":"https:\/\/www.ludwig-van.com\/montreal\/wp-json\/wp\/v2\/posts\/84017\/revisions\/84034"}],"wp:featuredmedia":[{"embeddable":true,"href":"https:\/\/www.ludwig-van.com\/montreal\/wp-json\/wp\/v2\/media\/84021"}],"wp:attachment":[{"href":"https:\/\/www.ludwig-van.com\/montreal\/wp-json\/wp\/v2\/media?parent=84017"}],"wp:term":[{"taxonomy":"category","embeddable":true,"href":"https:\/\/www.ludwig-van.com\/montreal\/wp-json\/wp\/v2\/categories?post=84017"},{"taxonomy":"post_tag","embeddable":true,"href":"https:\/\/www.ludwig-van.com\/montreal\/wp-json\/wp\/v2\/tags?post=84017"},{"taxonomy":"yst_prominent_words","embeddable":true,"href":"https:\/\/www.ludwig-van.com\/montreal\/wp-json\/wp\/v2\/yst_prominent_words?post=84017"}],"curies":[{"name":"wp","href":"https:\/\/api.w.org\/{rel}","templated":true}]}}