{"id":83936,"date":"2024-10-04T12:09:41","date_gmt":"2024-10-04T16:09:41","guid":{"rendered":"https:\/\/www.ludwig-van.com\/montreal\/?p=83936"},"modified":"2024-10-04T15:13:57","modified_gmt":"2024-10-04T19:13:57","slug":"entrevue-le-feu-et-les-larmes-de-jordi-savall","status":"publish","type":"post","link":"https:\/\/www.ludwig-van.com\/montreal\/2024\/10\/04\/entrevue-le-feu-et-les-larmes-de-jordi-savall\/","title":{"rendered":"ENTRETIEN | Les larmes et le feu de Jordi Savall"},"content":{"rendered":"<figure id=\"attachment_84192\" aria-describedby=\"caption-attachment-84192\" style=\"width: 1200px\" class=\"wp-caption aligncenter\"><img decoding=\"async\" loading=\"lazy\" class=\"size-full wp-image-84192\" src=\"https:\/\/www.ludwig-van.com\/montreal\/wp-content\/uploads\/sites\/3\/2024\/10\/Copie-de-ENTREVUE11.jpg\" alt=\"Jordi Savall sera en concert avec son ensemble Hysp\u00e8rion XXI et La Capelle Reial de Catalunya les 6 et 7 octobre \u00e0 Qu\u00e9bec et Montr\u00e9al. (Photo : Herv\u00e9 Pouyfourcat)\" width=\"1200\" height=\"628\" srcset=\"https:\/\/www.ludwig-van.com\/montreal\/wp-content\/uploads\/sites\/3\/2024\/10\/Copie-de-ENTREVUE11.jpg 1200w, https:\/\/www.ludwig-van.com\/montreal\/wp-content\/uploads\/sites\/3\/2024\/10\/Copie-de-ENTREVUE11-300x157.jpg 300w, https:\/\/www.ludwig-van.com\/montreal\/wp-content\/uploads\/sites\/3\/2024\/10\/Copie-de-ENTREVUE11-1024x536.jpg 1024w, https:\/\/www.ludwig-van.com\/montreal\/wp-content\/uploads\/sites\/3\/2024\/10\/Copie-de-ENTREVUE11-768x402.jpg 768w\" sizes=\"(max-width: 1200px) 100vw, 1200px\" \/><figcaption id=\"caption-attachment-84192\" class=\"wp-caption-text\">Jordi Savall sera en concert avec son ensemble Hysp\u00e8rion XXI et La Capelle Reial de Catalunya les 6 et 7 octobre \u00e0 Qu\u00e9bec et Montr\u00e9al. (Photo : Herv\u00e9 Pouyfourcat)<\/figcaption><\/figure>\n<p>\u00c0 83 ans, le gambiste et chef d&rsquo;orchestre <strong>Jordi Savall<\/strong> continue de parcourir le monde avec ses programmes m\u00e9ticuleusement recherch\u00e9s : <em>Les larmes et le feu des Muses<\/em>, le programme qu&rsquo;il vient pr\u00e9senter \u00e0 Qu\u00e9bec et \u00e0 Montr\u00e9al les 6 et 7 octobre, sera pr\u00e9sent\u00e9 29 fois dans plus de dix pays.<\/p>\n<p>L&rsquo;id\u00e9e de ce programme centr\u00e9 autour de Monteverdi, un des plus grands compositeurs de tous les temps selon <strong>Savall<\/strong>, est n\u00e9e \u00e0 partir d&rsquo;une contemplation des diff\u00e9rentes <em>lachrymae<\/em> de la s\u00e9rie <em>Seven Teares<\/em> de John Dowland. Dowland lui-m\u00eame souligne dans la d\u00e9dicace de l&rsquo;\u0153uvre que les larmes ne sont pas que signes de tristesse, mais sont parfois provoqu\u00e9es par la joie. De m\u00eame, <strong>Savall<\/strong> juxtapose dans son programme la passion et la joie &#8211; le feu &#8211; \u00e0 la m\u00e9lancolie et au deuil &#8211; les larmes.<\/p>\n<p>Le musicien catalan a collig\u00e9 des \u0153uvres de Monteverdi, Scheidt, Holborne, Dowland et de Gorzanis dans le style <em>nuove musiche.\u00a0<\/em>Ce langage plus expressif initi\u00e9 par Caccini en 1602 accorde une importance primordiale \u00e0 la parole, par opposition au contrepoint sophistiqu\u00e9 dont les multiples voix enchev\u00eatr\u00e9es embrouillent le texte. Cette clarification du texte est appuy\u00e9e par une mise en musique s&rsquo;attardant \u00e0 chaque nuance de chaque parole, dont la version \u00e0 5 voix de <em>Lamento d&rsquo;Ariana<\/em> de Monteverdi, incluse dans le programme, est un exemple achev\u00e9.<\/p>\n<p>Pour ce programme, <strong>Jordi Savall<\/strong> sera \u00e0 la t\u00eate d&rsquo;une formation de onze musicien\u00b7ne\u00b7s, dont cinq chanteurs\u00b7euses de <strong>La Capella reial de Catalunya<\/strong> et six instrumentistes de l&rsquo;ensemble <strong>Hysp\u00e8rion XXI<\/strong>, qui c\u00e9l\u00e8bre cette ann\u00e9e son cinquanti\u00e8me anniversaire.<\/p>\n<h3>Entre espoir et consternation<\/h3>\n<p>Le musicien avoue vaciller lui-m\u00eame entre les larmes et le feu, boulevers\u00e9 par le sentiment que le monde contemporain perd tout id\u00e9al d&rsquo;humanit\u00e9. Les guerres en Ukraine et au Moyen Orient le troublent profond\u00e9ment, et il s&rsquo;inqui\u00e8te de l&rsquo;\u00e9tat des jeunes g\u00e9n\u00e9rations, dont il per\u00e7oit la d\u00e9tresse provoqu\u00e9e par la prolif\u00e9ration de contenu n\u00e9gatif sur les r\u00e9seaux sociaux. \u00ab Nous avons plus que jamais besoin de choses qui nous \u00e9l\u00e8vent. L&rsquo;humain est \u00e0 son meilleur quand il \u00e9l\u00e8ve son c\u00f4t\u00e9 spirituel, et la musique est le meilleur moyen qui soit de vivre richement cette dimension qui nous fait monter vers le ciel. \u00bb C&rsquo;est dans la musique que lui-m\u00eame puise espoir : \u00ab La grande force de la musique est de nous gu\u00e9rir. \u00bb<\/p>\n<p>Malgr\u00e9 tout, l&rsquo;octog\u00e9naire se dit heureux dans son m\u00e9tier. \u00ab Je suis tout \u00e0 la fois convaincu d&rsquo;avoir fait quelque chose de valeur, et d\u00e9prim\u00e9 de ne pas pouvoir aider plus, \u00bb admet-il. Il est conscient de ses limitations \u00e0 l&rsquo;instrument apport\u00e9es par l&rsquo;\u00e2ge. C&rsquo;est d&rsquo;ailleurs pourquoi il dirige de plus en plus. Heureusement, il per\u00e7oit volontiers les avantages de l&rsquo;\u00e2ge : \u00ab Il y a un chemin \u00e0 faire entre jouer tr\u00e8s vite et tr\u00e8s fort, et la profondeur qui vient avec l&rsquo;\u00e2ge. \u00bb<\/p>\n<p>Li\u00e9e \u00e0 ce sentiment de vouloir faire plus est l&rsquo;obligation qu&rsquo;il ressent de transmettre son exp\u00e9rience. D&rsquo;ailleurs, il est tr\u00e8s heureux de constater la vitalit\u00e9 de la rel\u00e8ve en viole de gambe. Il a \u00e9galement instaur\u00e9 l&rsquo;Acad\u00e9mie professionnelle du Concert des Nations (Youth Orchestra and Chorus Professional Academy), dont les jeunes stagiaires s\u00e9lectionn\u00e9\u00b7e\u00b7s par voie d&rsquo;audition participent \u00e0 deux ou trois projets annuels sous sa direction. \u00ab L&rsquo;atmosph\u00e8re est extraordinaire. Nous passons deux semaines sur chaque programme pour prendre le temps d&rsquo;aller aux sources. Les jeunes sont tr\u00e8s enthousiastes. \u00bb<\/p>\n<h3>Inqui\u00e9tude<\/h3>\n<p>Le v\u00e9t\u00e9ran du circuit des concerts s&rsquo;inqui\u00e8te par ailleurs de l&rsquo;avenir des organismes artistiques, sentant le mod\u00e8le des subventions en danger. \u00ab Les conditions actuelles sont une lutte constante &#8211; mais dans la vie, il faut toujours lutter. \u00bb<\/p>\n<p>C&rsquo;est \u00e0 notre profit comme public que Jordi Savall n&rsquo;ait jamais baiss\u00e9 les bras devant la lutte et qu&rsquo;il continue de nous offrir sa musique porteuse d&rsquo;espoir et de gu\u00e9rison.<\/p>\n<p>LE 6 OCTOBRE, 16 H, PALAIS MONTCALM; LE 7 OCTOBRE, 19 H 30, MAISON SYMPHONIQUE <a href=\"https:\/\/app.cyberimpact.com\/newsletter-view-online?ct=vxoXzX9wzMaB58wMBtfw20FrahLkVuTF28lyN-HRvnf3f3HiDpTRX_bA1_2t4kMlARNT83ifKcEUrZys0RpOnETUC0-chjhLnYqRvtjv8PRbuynfLvkqtb4l1n4kRWng\" target=\"_blank\" rel=\"noopener\">D\u00c9TAILS ET BILLETS<\/a><\/p>\n<h2><em>Inscrivez-vous \u00e0 notre infolettre! La musique classique et l\u2019op\u00e9ra en 5 minutes, chaque jour<\/em> <a href=\"https:\/\/ludwig-van.us9.list-manage.com\/subscribe?u=4f785cb3f9058f2393ccad035&amp;id=b9b160c032\" target=\"_blank\" rel=\"noopener noreferrer\">ICI<\/a><\/h2>\n","protected":false},"excerpt":{"rendered":"<p>\u00c0 83 ans, le gambiste et chef d&rsquo;orchestre Jordi Savall continue de parcourir le monde avec ses programmes m\u00e9ticuleusement recherch\u00e9s : Les larmes et le feu des Muses, le programme qu&rsquo;il vient pr\u00e9senter \u00e0 Qu\u00e9bec et \u00e0 Montr\u00e9al les 6 et 7 octobre, sera pr\u00e9sent\u00e9 29 fois dans plus de dix pays.<\/p>\n","protected":false},"author":55,"featured_media":84192,"comment_status":"open","ping_status":"open","sticky":false,"template":"","format":"standard","meta":{"om_disable_all_campaigns":false,"jetpack_post_was_ever_published":false},"categories":[42107,10998],"tags":[42106,14717],"yst_prominent_words":[20804,9842,29569,14643,10478,11447,11441,32165,26195,10065,9811,11219,8313,9841,11444],"acf":[],"jetpack_featured_media_url":"https:\/\/www.ludwig-van.com\/montreal\/wp-content\/uploads\/sites\/3\/2024\/10\/Copie-de-ENTREVUE11.jpg","jetpack_sharing_enabled":true,"jetpack_shortlink":"https:\/\/wp.me\/p9bdYt-lPO","amp_enabled":true,"_links":{"self":[{"href":"https:\/\/www.ludwig-van.com\/montreal\/wp-json\/wp\/v2\/posts\/83936"}],"collection":[{"href":"https:\/\/www.ludwig-van.com\/montreal\/wp-json\/wp\/v2\/posts"}],"about":[{"href":"https:\/\/www.ludwig-van.com\/montreal\/wp-json\/wp\/v2\/types\/post"}],"author":[{"embeddable":true,"href":"https:\/\/www.ludwig-van.com\/montreal\/wp-json\/wp\/v2\/users\/55"}],"replies":[{"embeddable":true,"href":"https:\/\/www.ludwig-van.com\/montreal\/wp-json\/wp\/v2\/comments?post=83936"}],"version-history":[{"count":5,"href":"https:\/\/www.ludwig-van.com\/montreal\/wp-json\/wp\/v2\/posts\/83936\/revisions"}],"predecessor-version":[{"id":84198,"href":"https:\/\/www.ludwig-van.com\/montreal\/wp-json\/wp\/v2\/posts\/83936\/revisions\/84198"}],"wp:featuredmedia":[{"embeddable":true,"href":"https:\/\/www.ludwig-van.com\/montreal\/wp-json\/wp\/v2\/media\/84192"}],"wp:attachment":[{"href":"https:\/\/www.ludwig-van.com\/montreal\/wp-json\/wp\/v2\/media?parent=83936"}],"wp:term":[{"taxonomy":"category","embeddable":true,"href":"https:\/\/www.ludwig-van.com\/montreal\/wp-json\/wp\/v2\/categories?post=83936"},{"taxonomy":"post_tag","embeddable":true,"href":"https:\/\/www.ludwig-van.com\/montreal\/wp-json\/wp\/v2\/tags?post=83936"},{"taxonomy":"yst_prominent_words","embeddable":true,"href":"https:\/\/www.ludwig-van.com\/montreal\/wp-json\/wp\/v2\/yst_prominent_words?post=83936"}],"curies":[{"name":"wp","href":"https:\/\/api.w.org\/{rel}","templated":true}]}}