{"id":83903,"date":"2024-09-16T17:40:53","date_gmt":"2024-09-16T21:40:53","guid":{"rendered":"https:\/\/www.ludwig-van.com\/montreal\/?p=83903"},"modified":"2024-09-17T08:00:03","modified_gmt":"2024-09-17T12:00:03","slug":"choix-de-la-redaction-de-bruckner-et-berlioz-aux-beatles","status":"publish","type":"post","link":"https:\/\/www.ludwig-van.com\/montreal\/2024\/09\/16\/choix-de-la-redaction-de-bruckner-et-berlioz-aux-beatles\/","title":{"rendered":"CHOIX DE LA R\u00c9DACTION | De Bruckner et Berlioz aux Beatles"},"content":{"rendered":"<figure id=\"attachment_83912\" aria-describedby=\"caption-attachment-83912\" style=\"width: 1200px\" class=\"wp-caption aligncenter\"><img decoding=\"async\" loading=\"lazy\" class=\"size-full wp-image-83912\" src=\"https:\/\/www.ludwig-van.com\/montreal\/wp-content\/uploads\/sites\/3\/2024\/09\/Copie-de-CONCERTS41.jpg\" alt=\"Yannick N\u00e9zet-S\u00e9guin et l'OM (Photo : Fran\u00e7ois Goupil); Daniil Trifonov (Photo : Dario Acosta); St\u00e9phanie Pothier (Photo : Pierre-\u00c9tienne Bergeron)\" width=\"1200\" height=\"628\" srcset=\"https:\/\/www.ludwig-van.com\/montreal\/wp-content\/uploads\/sites\/3\/2024\/09\/Copie-de-CONCERTS41.jpg 1200w, https:\/\/www.ludwig-van.com\/montreal\/wp-content\/uploads\/sites\/3\/2024\/09\/Copie-de-CONCERTS41-300x157.jpg 300w, https:\/\/www.ludwig-van.com\/montreal\/wp-content\/uploads\/sites\/3\/2024\/09\/Copie-de-CONCERTS41-1024x536.jpg 1024w, https:\/\/www.ludwig-van.com\/montreal\/wp-content\/uploads\/sites\/3\/2024\/09\/Copie-de-CONCERTS41-768x402.jpg 768w\" sizes=\"(max-width: 1200px) 100vw, 1200px\" \/><figcaption id=\"caption-attachment-83912\" class=\"wp-caption-text\">Yannick N\u00e9zet-S\u00e9guin et l&rsquo;OM (Photo : Fran\u00e7ois Goupil); Daniil Trifonov (Photo : Dario Acosta); St\u00e9phanie Pothier (Photo : Pierre-\u00c9tienne Bergeron)<\/figcaption><\/figure>\n<p><em><strong>\u00c7a bouge de plus en plus! La rentr\u00e9e culturelle se poursuit cette semaine avec l\u2019ouverture de saison de l\u2019OM et de l\u2019OSQ. Mais l\u2019OSM et les JMC ne c\u00e8dent pas leur place aussi facilement!<\/strong><\/em><\/p>\n<p>&nbsp;<\/p>\n<figure id=\"attachment_83911\" aria-describedby=\"caption-attachment-83911\" style=\"width: 1200px\" class=\"wp-caption aligncenter\"><img decoding=\"async\" loading=\"lazy\" class=\"size-full wp-image-83911\" src=\"https:\/\/www.ludwig-van.com\/montreal\/wp-content\/uploads\/sites\/3\/2024\/09\/Trifonov_Dario-Acosta.jpg\" alt=\"Daniil Trifonov (Photo : Dario Acosta)\" width=\"1200\" height=\"675\" srcset=\"https:\/\/www.ludwig-van.com\/montreal\/wp-content\/uploads\/sites\/3\/2024\/09\/Trifonov_Dario-Acosta.jpg 1200w, https:\/\/www.ludwig-van.com\/montreal\/wp-content\/uploads\/sites\/3\/2024\/09\/Trifonov_Dario-Acosta-300x169.jpg 300w, https:\/\/www.ludwig-van.com\/montreal\/wp-content\/uploads\/sites\/3\/2024\/09\/Trifonov_Dario-Acosta-1024x576.jpg 1024w, https:\/\/www.ludwig-van.com\/montreal\/wp-content\/uploads\/sites\/3\/2024\/09\/Trifonov_Dario-Acosta-768x432.jpg 768w\" sizes=\"(max-width: 1200px) 100vw, 1200px\" \/><figcaption id=\"caption-attachment-83911\" class=\"wp-caption-text\">Daniil Trifonov (Photo : Dario Acosta)<\/figcaption><\/figure>\n<h3>L\u2019OSM et Daniil Trifonov<\/h3>\n<p>\u00c0 l&rsquo;<strong>OSM<\/strong>, deux soir\u00e9es avec des programmations l\u00e9g\u00e8rement diff\u00e9rentes sont au menu cette semaine. Les \u00e9l\u00e9ments communs sont une commande de l\u2019<strong>OSM<\/strong> au compositeur <strong>Michael Oesterle<\/strong> en ouverture et la <i>Symphonie Fantastique<\/i> de Berlioz en deuxi\u00e8me partie, mais le concerto changera d\u2019un soir \u00e0 l\u2019autre. Le 18 septembre, vous pourrez y entendre le Concerto pour piano en la mineur, op.54 de Schumann alors que le 19, il s&rsquo;agira plut\u00f4t du Concerto pour piano no 1 en do majeur, op.15 de Beethoven. Dans les deux cas, le soliste sera <strong>Daniil Trifonov<\/strong>. Ces concerts seront l\u2019occasion pour l\u2019<strong>OSM<\/strong> d\u2019\u00e9treiner dans la symphonie deux des nouvelles cloches orchestrales dont il vient de faire l&rsquo;acquisition, mais aussi de pr\u00e9senter \u00ab\u00a0\u00e0 la maison\u00a0\u00bb l\u2019un des programmes qu\u2019il am\u00e8nera en tourn\u00e9e en Europe en novembre.<\/p>\n<p>LE 18 SEPTEMBRE, 19 H 30, MAISON SYMPHONIQUE\u00a0 <a href=\"https:\/\/www.osm.ca\/fr\/concert\/la-fantastique-symphonie-de-berlioz\/\" target=\"_blank\" rel=\"noopener\">D\u00c9TAILS ET BILLETS<\/a><\/p>\n<p>LE 19 SEPTEMBRE, 19 H 30, MAISON SYMPHONIQUE\u00a0 <a href=\"https:\/\/www.osm.ca\/fr\/concert\/payare-dirige-berlioz-et-beethoven\/\" target=\"_blank\" rel=\"noopener\">D\u00c9TAILS ET BILLETS<\/a><\/p>\n<p>PROGRAMME \u00c9COURT\u00c9 SANS SOLISTE LE 19 SEPTEMBRE, 10 H 30, MAISON SYMPHONIQUE\u00a0 <a href=\"https:\/\/www.osm.ca\/fr\/concert\/la-fantastique-symphonie-de-berlioz\/\" target=\"_blank\" rel=\"noopener\">D\u00c9TAILS ET BILLETS<\/a><\/p>\n<p>&nbsp;<\/p>\n<figure id=\"attachment_74596\" aria-describedby=\"caption-attachment-74596\" style=\"width: 1200px\" class=\"wp-caption aligncenter\"><img decoding=\"async\" loading=\"lazy\" class=\"size-full wp-image-74596\" src=\"https:\/\/www.ludwig-van.com\/montreal\/wp-content\/uploads\/sites\/3\/2023\/01\/Schuldt_Clemens_c_Marco_Borggreve.jpg\" alt=\"Clemens Schuldt, chef d'orchestre (Photo : Marco Broggreve)\" width=\"1200\" height=\"800\" \/><figcaption id=\"caption-attachment-74596\" class=\"wp-caption-text\">Clemens Schuldt, directeur musical de l&rsquo;OSQ (Photo : Marco Broggreve)<\/figcaption><\/figure>\n<h3>Ouverture de la saison de l\u2019OSQ<\/h3>\n<p>Sous la direction de <strong>Clemens Schuldt<\/strong>, l\u2019<strong>OSQ<\/strong> ouvre sa saison avec Dvo\u0159\u00e1k, Prokofiev et Tcha\u00efkovski. L&rsquo;invit\u00e9 de la soir\u00e9e est le pianiste qu\u00e9b\u00e9cois <strong>Bruce Liu<\/strong>, dont la carri\u00e8re s&rsquo;est d\u00e9velopp\u00e9e \u00e0 un rythme effr\u00e9n\u00e9 depuis sa victoire au Concours international de piano Fr\u00e9d\u00e9ric-Chopin en 2021. Il est le premier des quatre pianistes qu\u00e9b\u00e9cois qui partageront la sc\u00e8ne avec l\u2019OSQ cette saison.<\/p>\n<p>LE 18 SEPTEMBRE, 20 H; PROGRAMME \u00c9COURT\u00c9 LE 19 SEPTEMBRE, 10 H 30, GRAND TH\u00c9\u00c2TRE DE QU\u00c9BEC\u00a0 <a href=\"https:\/\/www.osq.org\/concerts\/pathetique-de-tchaikovski\/\" target=\"_blank\" rel=\"noopener\">D\u00c9TAILS ET BILLETS<\/a><\/p>\n<p>&nbsp;<\/p>\n<p><img decoding=\"async\" loading=\"lazy\" class=\"aligncenter size-full wp-image-83717\" src=\"https:\/\/www.ludwig-van.com\/montreal\/wp-content\/uploads\/sites\/3\/2024\/09\/La-Voix-Humaine-Poulenc-Jeunesses-Musicales-Canada.png\" alt=\"\" width=\"1200\" height=\"421\" srcset=\"https:\/\/www.ludwig-van.com\/montreal\/wp-content\/uploads\/sites\/3\/2024\/09\/La-Voix-Humaine-Poulenc-Jeunesses-Musicales-Canada.png 1200w, https:\/\/www.ludwig-van.com\/montreal\/wp-content\/uploads\/sites\/3\/2024\/09\/La-Voix-Humaine-Poulenc-Jeunesses-Musicales-Canada-300x105.png 300w, https:\/\/www.ludwig-van.com\/montreal\/wp-content\/uploads\/sites\/3\/2024\/09\/La-Voix-Humaine-Poulenc-Jeunesses-Musicales-Canada-1024x359.png 1024w, https:\/\/www.ludwig-van.com\/montreal\/wp-content\/uploads\/sites\/3\/2024\/09\/La-Voix-Humaine-Poulenc-Jeunesses-Musicales-Canada-768x269.png 768w\" sizes=\"(max-width: 1200px) 100vw, 1200px\" \/><\/p>\n<h3>La voix humaine de Poulenc &amp; Je chante la nuit et autres m\u00e9lodies<\/h3>\n<p>Si <a href=\"https:\/\/www.ludwig-van.com\/montreal\/2024\/07\/30\/critique-festival-dopera-de-quebec-bravo-aux-talents-locaux\/\" target=\"_blank\" rel=\"noopener\">notre critique de ce programme pr\u00e9sent\u00e9 au Festival d&rsquo;op\u00e9ra de Qu\u00e9bec<\/a> vous a mis l&rsquo;eau \u00e0 la bouche, vous aurez l&rsquo;occasion de l&rsquo;entendre ce 19 septembre. Dans ce programme double contrastant, le baryton <strong>Olivier Bergeron<\/strong> pr\u00e9sente en premi\u00e8re partie une s\u00e9lection de m\u00e9lodies fran\u00e7aises l\u00e9g\u00e8res, qui laisseront la place au drame de<i> La voix humaine<\/i> de Poulenc en deuxi\u00e8me partie, interpr\u00e9t\u00e9 par <strong>Lucie St-Martin<\/strong>, soprano.<\/p>\n<p>LE 19 SEPTEMBRE, 19 H 30, AUDITORIUM DES ARCHIVES NATIONALES DU QU\u00c9BEC <a href=\"https:\/\/www.jmcanada.ca\/fr\/concerts\/la-voix-humaine-de-poulenc-et-histoires-naturelles-de-ravel\/\" target=\"_blank\" rel=\"noopener\">D\u00c9TAILS ET BILLETS<\/a><\/p>\n<h3><\/h3>\n<figure id=\"attachment_81618\" aria-describedby=\"caption-attachment-81618\" style=\"width: 1200px\" class=\"wp-caption aligncenter\"><img decoding=\"async\" loading=\"lazy\" class=\"size-full wp-image-81618\" src=\"https:\/\/www.ludwig-van.com\/montreal\/wp-content\/uploads\/sites\/3\/2024\/05\/MusicattheMovies-TamPhotography-59.jpg\" alt=\"Francis Choini\u00e8re et l'orchestre FILMharmonique (Photo : Tam Photography)\" width=\"1200\" height=\"675\" srcset=\"https:\/\/www.ludwig-van.com\/montreal\/wp-content\/uploads\/sites\/3\/2024\/05\/MusicattheMovies-TamPhotography-59.jpg 1200w, https:\/\/www.ludwig-van.com\/montreal\/wp-content\/uploads\/sites\/3\/2024\/05\/MusicattheMovies-TamPhotography-59-300x169.jpg 300w, https:\/\/www.ludwig-van.com\/montreal\/wp-content\/uploads\/sites\/3\/2024\/05\/MusicattheMovies-TamPhotography-59-1024x576.jpg 1024w, https:\/\/www.ludwig-van.com\/montreal\/wp-content\/uploads\/sites\/3\/2024\/05\/MusicattheMovies-TamPhotography-59-768x432.jpg 768w\" sizes=\"(max-width: 1200px) 100vw, 1200px\" \/><figcaption id=\"caption-attachment-81618\" class=\"wp-caption-text\">Francis Choini\u00e8re et l&rsquo;orchestre FILMharmonique (Photo : Tam Photography)<\/figcaption><\/figure>\n<h3>The Beatles &#8211; Hommage symphonique<\/h3>\n<p>Pour c\u00e9l\u00e9brer le 60e anniversaire de la premi\u00e8re tourn\u00e9e nord-am\u00e9ricaine des Beatles, rendez vous \u00e0 Qu\u00e9bec o\u00f9 l\u2019<strong>Orchestre FILMharmonique<\/strong>, accompagn\u00e9 du groupe consacr\u00e9 aux Beatles le <strong>Classical Mystery Tou<\/strong>r, pr\u00e9sentent tous les plus grands succ\u00e8s du c\u00e9l\u00e8bre groupe. Remontez le temps et allez entendre vos chansons pr\u00e9f\u00e9r\u00e9es telles qu\u2019elles ont \u00e9t\u00e9 enregistr\u00e9es \u00e0 l\u2019\u00e9poque.<\/p>\n<p>LE 20 ET 22 SEPTEMBRE, 15 H ET 20 H, SALLE RAOUL-JOBIN\u00a0 <a href=\"https:\/\/www.palaismontcalm.ca\/concert-spectacle-quebec\/the-beatles-hommage-symphonique-22-septembre-2024\/\" target=\"_blank\" rel=\"noopener\">D\u00c9TAILS ET BILLETS<\/a><\/p>\n<p>&nbsp;<\/p>\n<figure id=\"attachment_83914\" aria-describedby=\"caption-attachment-83914\" style=\"width: 1200px\" class=\"wp-caption aligncenter\"><img decoding=\"async\" loading=\"lazy\" class=\"size-full wp-image-83914\" src=\"https:\/\/www.ludwig-van.com\/montreal\/wp-content\/uploads\/sites\/3\/2024\/09\/PCMR_courtoisie.jpg\" alt=\"Les Petits chanteurs du Mont-Royal invitent le public \u00e0 leur journ\u00e9e Portes ouvertes. (Photo : courtoisie des PCMR)\" width=\"1200\" height=\"940\" srcset=\"https:\/\/www.ludwig-van.com\/montreal\/wp-content\/uploads\/sites\/3\/2024\/09\/PCMR_courtoisie.jpg 1200w, https:\/\/www.ludwig-van.com\/montreal\/wp-content\/uploads\/sites\/3\/2024\/09\/PCMR_courtoisie-300x235.jpg 300w, https:\/\/www.ludwig-van.com\/montreal\/wp-content\/uploads\/sites\/3\/2024\/09\/PCMR_courtoisie-1024x802.jpg 1024w, https:\/\/www.ludwig-van.com\/montreal\/wp-content\/uploads\/sites\/3\/2024\/09\/PCMR_courtoisie-768x602.jpg 768w\" sizes=\"(max-width: 1200px) 100vw, 1200px\" \/><figcaption id=\"caption-attachment-83914\" class=\"wp-caption-text\">Les Petits chanteurs du Mont-Royal invitent le public \u00e0 leur journ\u00e9e Portes ouvertes. (Photo : courtoisie des PCMR)<\/figcaption><\/figure>\n<h3>Portes ouvertes de la Ma\u00eetrise des Petits Chanteurs du Mont-Royal<\/h3>\n<p>Tous et toutes sont invit\u00e9\u00b7e\u00b7s \u00e0 profiter de la journ\u00e9e portes ouvertes de la <strong>Ma\u00eetrise des Petits Chanteurs du Mont-Royal<\/strong> pour assister \u00e0 un atelier vocal, \u00e0 un atelier de rythme et mouvements, \u00e0 une r\u00e9p\u00e9tition de ch\u0153ur, pour visiter les lieux ainsi que pour rencontrer le directeur artistique et musical et la directrice g\u00e9n\u00e9rale. Notez que les auditions pour la rentr\u00e9e scolaire 2025 ont lieu jusqu\u2019au 31 octobre. Pour y inscrire votre gar\u00e7on (3e primaire \u00e0 5e secondaire), veuillez remplir le <a href=\"https:\/\/forms.office.com\/pages\/responsepage.aspx?id=0bLmbDdGI0qsfSVDuUeXH9SOx1JBRJlOpbUH8RU4uTBUMFhQVE9DVkM4MTdOSjFHS0oxNUMzSks2NS4u\"><b>Formulaire d\u2019audition<\/b><\/a><b>. <\/b><\/p>\n<p>LE 21 SEPTEMBRE, 10 H, MA\u00ceTRISE DES PETITS CHANTEURS<\/p>\n<h3><\/h3>\n<figure id=\"attachment_83428\" aria-describedby=\"caption-attachment-83428\" style=\"width: 1138px\" class=\"wp-caption aligncenter\"><img decoding=\"async\" loading=\"lazy\" class=\"size-full wp-image-83428\" src=\"https:\/\/www.ludwig-van.com\/montreal\/wp-content\/uploads\/sites\/3\/2024\/08\/Confluents_Stephanie-Pothier.png\" alt=\"L'exposition Confluents par St\u00e9phanie Pothier et Julien-Robert. (Photo : site web des artistes)\" width=\"1138\" height=\"762\" srcset=\"https:\/\/www.ludwig-van.com\/montreal\/wp-content\/uploads\/sites\/3\/2024\/08\/Confluents_Stephanie-Pothier.png 1138w, https:\/\/www.ludwig-van.com\/montreal\/wp-content\/uploads\/sites\/3\/2024\/08\/Confluents_Stephanie-Pothier-300x201.png 300w, https:\/\/www.ludwig-van.com\/montreal\/wp-content\/uploads\/sites\/3\/2024\/08\/Confluents_Stephanie-Pothier-1024x686.png 1024w, https:\/\/www.ludwig-van.com\/montreal\/wp-content\/uploads\/sites\/3\/2024\/08\/Confluents_Stephanie-Pothier-768x514.png 768w\" sizes=\"(max-width: 1138px) 100vw, 1138px\" \/><figcaption id=\"caption-attachment-83428\" class=\"wp-caption-text\">L&rsquo;exposition Confluents par St\u00e9phanie Pothier et Julien-Robert constitue le volet visuel du projet De la mer aux nuages. (Photo : site web des artistes)<\/figcaption><\/figure>\n<h3>De la mer aux nuages<\/h3>\n<p><strong>St\u00e9phanie Pothier<\/strong>, mezzo-soprano, vous convie \u00e0 son concert multim\u00e9dia ayant pour th\u00e8me le fleuve Saint-Laurent et la protection de l\u2019eau et de l\u2019environnement. Cette exp\u00e9rience vid\u00e9o-musique se d\u00e9cline sur des \u0153uvres pour voix et piano de Debussy, Ravel et Berlioz, mais \u00e9galement sur une composition originale du compositeur montr\u00e9alais <strong>Julien-Robert<\/strong>. Ce concert sera \u00e9galement pr\u00e9sent\u00e9 dans d\u2019autres lieux le 24 septembre et le 9 novembre.<\/p>\n<p>LE 21 SEPTEMBRE, 19 H 30, MAISON DE LA CULTURE DE POINTE-AUX-TREMBLES\u00a0 <a href=\"https:\/\/www.stephaniepothier.com\/clairobscur\/concert-de-la-mer-aux-nuages\/\" target=\"_blank\" rel=\"noopener\">D\u00c9TAILS ET BILLETS<\/a><\/p>\n<p>&nbsp;<\/p>\n<figure id=\"attachment_62262\" aria-describedby=\"caption-attachment-62262\" style=\"width: 1200px\" class=\"wp-caption aligncenter\"><img decoding=\"async\" loading=\"lazy\" class=\"size-full wp-image-62262\" src=\"https:\/\/www.ludwig-van.com\/montreal\/wp-content\/uploads\/sites\/3\/2019\/10\/redim_JF-Lapointe.jpg\" alt=\"Le baryton Jean-Fran\u00e7ois Lapointe, directeur artistique de l'Op\u00e9ra de Qu\u00e9bec, fait partie des artistes contribuant \u00e0 la soir\u00e9e Reconnaissance des JMC. (Photo : courtoisie)\" width=\"1200\" height=\"857\" srcset=\"https:\/\/www.ludwig-van.com\/montreal\/wp-content\/uploads\/sites\/3\/2019\/10\/redim_JF-Lapointe.jpg 1200w, https:\/\/www.ludwig-van.com\/montreal\/wp-content\/uploads\/sites\/3\/2019\/10\/redim_JF-Lapointe-300x214.jpg 300w, https:\/\/www.ludwig-van.com\/montreal\/wp-content\/uploads\/sites\/3\/2019\/10\/redim_JF-Lapointe-768x548.jpg 768w, https:\/\/www.ludwig-van.com\/montreal\/wp-content\/uploads\/sites\/3\/2019\/10\/redim_JF-Lapointe-1024x731.jpg 1024w\" sizes=\"(max-width: 1200px) 100vw, 1200px\" \/><figcaption id=\"caption-attachment-62262\" class=\"wp-caption-text\">Le baryton Jean-Fran\u00e7ois Lapointe, directeur artistique de l&rsquo;Op\u00e9ra de Qu\u00e9bec, fait partie des artistes contribuant \u00e0 la soir\u00e9e Reconnaissance des JMC. (Photo : courtoisie)<\/figcaption><\/figure>\n<h3>Soir\u00e9e reconnaissance des Jeunesses Musicales Canada<\/h3>\n<p>Dans le cadre des festivit\u00e9s de leur 75e anniversaire, les <strong>JMC<\/strong> pr\u00e9sentent une soir\u00e9e hommage aux pr\u00e9sidents\u00b7e\u00b7s et administrateurs\u00b7trices y ayant travaill\u00e9 au fil des ans. <strong>Jean-Fran\u00e7ois Lapointe<\/strong> (baryton), <strong>Chantale Dionne<\/strong> (soprano), <strong>Vincent Boilard<\/strong> (hautbois), <strong>Lorraine Desmarais<\/strong> (piano) et <strong>Esther Gonthier<\/strong> (piano) y interpr\u00e9teront des duos in\u00e9dits et des collaborations \u00e9clat\u00e9es.<\/p>\n<p>LE 21 SEPTEMBRE, 19 H 30, SALLE GILLES-LEFEBVRE\u00a0 <a href=\"https:\/\/www.jmcanada.ca\/fr\/75e-anniversaire-2\/soiree-reconnaissance\/\" target=\"_blank\" rel=\"noopener\">D\u00c9TAILS ET BILLETS<\/a><\/p>\n<p>&nbsp;<\/p>\n<figure id=\"attachment_77932\" aria-describedby=\"caption-attachment-77932\" style=\"width: 1200px\" class=\"wp-caption aligncenter\"><img decoding=\"async\" loading=\"lazy\" class=\"size-full wp-image-77932\" src=\"https:\/\/www.ludwig-van.com\/montreal\/wp-content\/uploads\/sites\/3\/2023\/09\/Orchestre-Metropolitain-Yannick-cr-Francois-Goupil.jpg\" alt=\"L'Orchestre M\u00e9tropolitain et Yannick N\u00e9zet-S\u00e9guin c\u00e9l\u00e8brent en 2024-2025 leur 25e saison ensemble. (Photo: Fran\u00e7ois Goupil)\" width=\"1200\" height=\"800\" srcset=\"https:\/\/www.ludwig-van.com\/montreal\/wp-content\/uploads\/sites\/3\/2023\/09\/Orchestre-Metropolitain-Yannick-cr-Francois-Goupil.jpg 1200w, https:\/\/www.ludwig-van.com\/montreal\/wp-content\/uploads\/sites\/3\/2023\/09\/Orchestre-Metropolitain-Yannick-cr-Francois-Goupil-300x200.jpg 300w, https:\/\/www.ludwig-van.com\/montreal\/wp-content\/uploads\/sites\/3\/2023\/09\/Orchestre-Metropolitain-Yannick-cr-Francois-Goupil-1024x683.jpg 1024w, https:\/\/www.ludwig-van.com\/montreal\/wp-content\/uploads\/sites\/3\/2023\/09\/Orchestre-Metropolitain-Yannick-cr-Francois-Goupil-768x512.jpg 768w\" sizes=\"(max-width: 1200px) 100vw, 1200px\" \/><figcaption id=\"caption-attachment-77932\" class=\"wp-caption-text\">L&rsquo;Orchestre M\u00e9tropolitain et Yannick N\u00e9zet-S\u00e9guin c\u00e9l\u00e8brent en 2024-2025 leur 25e saison ensemble. (Photo : Fran\u00e7ois Goupil)<\/figcaption><\/figure>\n<h3>Figures l\u00e9gendaires<\/h3>\n<p>C\u2019est au tour de l\u2019<strong>Orchestre M\u00e9tropolitain<\/strong> et de son chef <strong>Yannick N\u00e9zet-S\u00e9guin<\/strong> d\u2019entamer leur saison. Comme le veut leur tradition, les premi\u00e8res notes de la saison seront celles d\u2019un compositeur autochtone, <strong>Andrew Balfour<\/strong>, qui a \u00e9t\u00e9 en nomination pour le prix Juno du meilleur album classique en 2023. La soir\u00e9e se poursuivra avec la Symphonie no 9 de Bruckner et se conclura, \u00e0 la suggestion m\u00eame du compositeur, par son c\u00e9l\u00e8bre Te Deum.<\/p>\n<p>LE 22 SEPTEMBRE, 15 H, MAISON SYMPHONIQUE DE MONTR\u00c9AL\u00a0 <a href=\"https:\/\/orchestremetropolitain.com\/fr\/concerts\/figures-legendaires\/?show_date_id=7297\" target=\"_blank\" rel=\"noopener\">D\u00c9TAILS ET BILLETS<\/a><\/p>\n<div dir=\"auto\">\n<h2><em>Inscrivez-vous \u00e0 notre infolettre! La musique classique et l\u2019op\u00e9ra en 5 minutes, chaque jour<\/em> <a href=\"https:\/\/ludwig-van.us9.list-manage.com\/subscribe?u=4f785cb3f9058f2393ccad035&amp;id=b9b160c032\" target=\"_blank\" rel=\"noopener noreferrer\">ICI<\/a><\/h2>\n<\/div>\n","protected":false},"excerpt":{"rendered":"<p>\u00c7a bouge de plus en plus! La rentr\u00e9e culturelle se poursuit cette semaine avec l\u2019ouverture de saison de l\u2019OM et de l\u2019OSQ. Mais l\u2019OSM et les JMC ne c\u00e8dent pas leur place aussi facilement!<\/p>\n","protected":false},"author":1,"featured_media":83912,"comment_status":"open","ping_status":"open","sticky":false,"template":"","format":"standard","meta":{"om_disable_all_campaigns":false,"jetpack_post_was_ever_published":false},"categories":[42107,10994],"tags":[42106,11958,42165,2542],"yst_prominent_words":[9863,16845,18022,26052,9877,11449,11448,21882,26053,26017,26016,26054],"acf":[],"jetpack_featured_media_url":"https:\/\/www.ludwig-van.com\/montreal\/wp-content\/uploads\/sites\/3\/2024\/09\/Copie-de-CONCERTS41.jpg","jetpack_sharing_enabled":true,"jetpack_shortlink":"https:\/\/wp.me\/p9bdYt-lPh","amp_enabled":true,"_links":{"self":[{"href":"https:\/\/www.ludwig-van.com\/montreal\/wp-json\/wp\/v2\/posts\/83903"}],"collection":[{"href":"https:\/\/www.ludwig-van.com\/montreal\/wp-json\/wp\/v2\/posts"}],"about":[{"href":"https:\/\/www.ludwig-van.com\/montreal\/wp-json\/wp\/v2\/types\/post"}],"author":[{"embeddable":true,"href":"https:\/\/www.ludwig-van.com\/montreal\/wp-json\/wp\/v2\/users\/1"}],"replies":[{"embeddable":true,"href":"https:\/\/www.ludwig-van.com\/montreal\/wp-json\/wp\/v2\/comments?post=83903"}],"version-history":[{"count":9,"href":"https:\/\/www.ludwig-van.com\/montreal\/wp-json\/wp\/v2\/posts\/83903\/revisions"}],"predecessor-version":[{"id":83924,"href":"https:\/\/www.ludwig-van.com\/montreal\/wp-json\/wp\/v2\/posts\/83903\/revisions\/83924"}],"wp:featuredmedia":[{"embeddable":true,"href":"https:\/\/www.ludwig-van.com\/montreal\/wp-json\/wp\/v2\/media\/83912"}],"wp:attachment":[{"href":"https:\/\/www.ludwig-van.com\/montreal\/wp-json\/wp\/v2\/media?parent=83903"}],"wp:term":[{"taxonomy":"category","embeddable":true,"href":"https:\/\/www.ludwig-van.com\/montreal\/wp-json\/wp\/v2\/categories?post=83903"},{"taxonomy":"post_tag","embeddable":true,"href":"https:\/\/www.ludwig-van.com\/montreal\/wp-json\/wp\/v2\/tags?post=83903"},{"taxonomy":"yst_prominent_words","embeddable":true,"href":"https:\/\/www.ludwig-van.com\/montreal\/wp-json\/wp\/v2\/yst_prominent_words?post=83903"}],"curies":[{"name":"wp","href":"https:\/\/api.w.org\/{rel}","templated":true}]}}